{"id":4897,"date":"2023-10-23T14:41:58","date_gmt":"2023-10-23T12:41:58","guid":{"rendered":"https:\/\/www.brenne-au-coeur.com\/?p=4897"},"modified":"2023-10-23T14:41:58","modified_gmt":"2023-10-23T12:41:58","slug":"lesprit-olympique-brille-dans-les-ehpad","status":"publish","type":"post","link":"https:\/\/www.brenne-au-coeur.com\/index.php\/2023\/10\/23\/lesprit-olympique-brille-dans-les-ehpad\/ehpad\/4897\/","title":{"rendered":"L\u2019esprit olympique brille dans les EHPAD"},"content":{"rendered":"<figure id=\"attachment_4898\" aria-describedby=\"caption-attachment-4898\" style=\"width: 360px\" class=\"wp-caption alignleft\"><a href=\"https:\/\/www.brenne-au-coeur.com\/wp-content\/uploads\/2023\/10\/IMG_20231011_103822.resized.jpg\" rel=\"lightbox[4897]\"><img loading=\"lazy\" decoding=\"async\" class=\"wp-image-4898\" src=\"https:\/\/www.brenne-au-coeur.com\/wp-content\/uploads\/2023\/10\/IMG_20231011_103822.resized-300x225.jpg\" alt=\"\" width=\"360\" height=\"270\" srcset=\"https:\/\/www.brenne-au-coeur.com\/wp-content\/uploads\/2023\/10\/IMG_20231011_103822.resized-300x225.jpg 300w, https:\/\/www.brenne-au-coeur.com\/wp-content\/uploads\/2023\/10\/IMG_20231011_103822.resized-150x113.jpg 150w, https:\/\/www.brenne-au-coeur.com\/wp-content\/uploads\/2023\/10\/IMG_20231011_103822.resized.jpg 461w\" sizes=\"auto, (max-width: 360px) 100vw, 360px\" \/><\/a><figcaption id=\"caption-attachment-4898\" class=\"wp-caption-text\">\u00a0Les tireurs se pr\u00e9parent devant le public<\/figcaption><\/figure>\n<p><span style=\"font-size: large;\">Mercredi 11 octobre, les EHPAD de Buzan\u00e7ais, Clion, Chatillon et M\u00e9zi\u00e8res-en-Brenne ont particip\u00e9 \u00e0 une rencontre sportive. Toute la journ\u00e9e, des \u00e9quipes compos\u00e9es de r\u00e9sidents et de membres du personnel se sont affront\u00e9es dans le cadre d\u2019un concours de tir au pistolet et \u00e0 la carabine (version laser).<\/span><\/p>\n<p><span style=\"font-size: large;\">\u00ab<i>\u00a0<\/i><i>Je d\u00e9clare ouverts les premiers jeux olympiques des EHPAD, 2023\u00a0<\/i>\u00bb La traditionnelle formule a lanc\u00e9 la comp\u00e9tition, sous la pr\u00e9sidence de Mme Pointet directrice des EHPAD et de M Frontera, pr\u00e9sident du Comit\u00e9 D\u00e9partemental de Tir de l\u2019Indre. La phrase solennelle a retenti dans une ambiance survolt\u00e9e. Les groupes de supporters donnant de la voix pour encourager leurs repr\u00e9sentants. Il faut dire que tout le monde \u00e9tait bien pr\u00e9par\u00e9 pour faire de cette journ\u00e9e, un beau moment amical et festif. Depuis plusieurs semaines, r\u00e9sidents, personnels et b\u00e9n\u00e9voles se sont activ\u00e9s autour des animatrices. R\u00e9alisations des banderoles et pancartes, entra\u00eenement des comp\u00e9titeurs. D\u00e8s le d\u00e9but de la comp\u00e9tition, les aficionados de chaque EHPAD se pr\u00e9sentaient par\u00e9s de leur propre couleur. Le bleu pour Buzan\u00e7ais, le rouge pour Clion, le jaune pour Ch\u00e2tillon et le vert pour M\u00e9zi\u00e8res. Quatre couleurs tir\u00e9es des anneaux olympiques, compl\u00e9t\u00e9 par le noir, rev\u00eatu par les animatrices. Esprit olympique oblige, \u00e0 chacun sa mascotte. Buzan\u00e7ais disposait de son Superman, Clion de son \u00e9cureuil, Ch\u00e2tillon de son\u00a0 lion et M\u00e9zi\u00e8res de sa tortue. Et ce n&rsquo;est pas tout. Le soutien d\u2019une \u00e9quipe exigeant son hymne, les comp\u00e9titeurs et leur public entonn\u00e8rent tour \u00e0 tour, leur chanson f\u00e9tiche. <\/span><\/p>\n<p>&nbsp;<\/p>\n<div class=\"nv-iframe-embed\"><div class=\"lyte-wrapper fourthree\" title=\"Comp&eacute;tition de tir, EHPAD mercredi 11 octobre 2023\" style=\"width:420px;max-width:100%;margin:5px auto;\"><div class=\"lyMe hidef\" id=\"WYL_AwYAvocYX5o\" itemprop=\"video\" itemscope itemtype=\"https:\/\/schema.org\/VideoObject\"><div><meta itemprop=\"thumbnailUrl\" content=\"https:\/\/www.brenne-au-coeur.com\/wp-content\/plugins\/wp-youtube-lyte\/lyteCache.php?origThumbUrl=https%3A%2F%2Fi.ytimg.com%2Fvi%2FAwYAvocYX5o%2Fmaxresdefault.jpg\" \/><meta itemprop=\"embedURL\" content=\"https:\/\/www.youtube.com\/embed\/AwYAvocYX5o\" \/><meta itemprop=\"duration\" content=\"PT1M28S\" \/><meta itemprop=\"uploadDate\" content=\"2023-10-23T12:21:29Z\" \/><\/div><div id=\"lyte_AwYAvocYX5o\" data-src=\"https:\/\/www.brenne-au-coeur.com\/wp-content\/plugins\/wp-youtube-lyte\/lyteCache.php?origThumbUrl=https%3A%2F%2Fi.ytimg.com%2Fvi%2FAwYAvocYX5o%2Fmaxresdefault.jpg\" class=\"pL\"><div class=\"tC\"><div class=\"tT\" itemprop=\"name\">Comp\u00e9tition de tir, EHPAD mercredi 11 octobre 2023<\/div><\/div><div class=\"play\"><\/div><div class=\"ctrl\"><div class=\"Lctrl\"><\/div><div class=\"Rctrl\"><\/div><\/div><\/div><noscript><a href=\"https:\/\/youtu.be\/AwYAvocYX5o\" rel=\"nofollow\"><img loading=\"lazy\" decoding=\"async\" src=\"https:\/\/www.brenne-au-coeur.com\/wp-content\/plugins\/wp-youtube-lyte\/lyteCache.php?origThumbUrl=https%3A%2F%2Fi.ytimg.com%2Fvi%2FAwYAvocYX5o%2F0.jpg\" alt=\"Comp&eacute;tition de tir, EHPAD mercredi 11 octobre 2023\" width=\"420\" height=\"295\" \/><br \/>Lire cette vid\u00e9o sur YouTube<\/a><\/noscript><meta itemprop=\"description\" content=\"Comp\u00e9tition de tir, EHPAD mercredi 11 octobre 2023\"><\/div><\/div><div class=\"lL\" style=\"max-width:100%;width:420px;margin:5px auto;\"><\/div><\/div>\n<p>&nbsp;<\/p>\n<p>&nbsp;<\/p>\n<figure id=\"attachment_4899\" aria-describedby=\"caption-attachment-4899\" style=\"width: 225px\" class=\"wp-caption alignright\"><a href=\"https:\/\/www.brenne-au-coeur.com\/wp-content\/uploads\/2023\/10\/IMG_20231011_114832.resized.jpg\" rel=\"lightbox[4897]\"><img loading=\"lazy\" decoding=\"async\" class=\"wp-image-4899 size-medium\" src=\"https:\/\/www.brenne-au-coeur.com\/wp-content\/uploads\/2023\/10\/IMG_20231011_114832.resized-225x300.jpg\" alt=\"\" width=\"225\" height=\"300\" srcset=\"https:\/\/www.brenne-au-coeur.com\/wp-content\/uploads\/2023\/10\/IMG_20231011_114832.resized-225x300.jpg 225w, https:\/\/www.brenne-au-coeur.com\/wp-content\/uploads\/2023\/10\/IMG_20231011_114832.resized-113x150.jpg 113w, https:\/\/www.brenne-au-coeur.com\/wp-content\/uploads\/2023\/10\/IMG_20231011_114832.resized.jpg 346w\" sizes=\"auto, (max-width: 225px) 100vw, 225px\" \/><\/a><figcaption id=\"caption-attachment-4899\" class=\"wp-caption-text\">\u00a0Les r\u00e9compenses apr\u00e8s la s\u00e9ance du matin.<\/figcaption><\/figure>\n<p><span style=\"font-size: large;\">Quelques jours apr\u00e8s l\u2019\u00e9v\u00e9nement, les r\u00e9sidents de M\u00e9zi\u00e8res sont encore sous le charme de cette belle initiative. Mireille et Ginette expriment le sentiment partag\u00e9 par tous les participants. \u00ab\u00a0<i>C\u2019\u00e9tait une tr\u00e8s belle journ\u00e9e. Tout \u00e9tait bien organis\u00e9<\/i>\u00a0\u00bb ont-elles d\u00e9clar\u00e9 avec un large sourire. Un plaisir renforc\u00e9 par le go\u00fbt agr\u00e9able de la victoire puisque c\u2019est l\u2019\u00e9quipe de M\u00e9zi\u00e8res qui remporta la comp\u00e9tition. <\/span><\/p>\n<p><span style=\"font-size: large;\">Au-del\u00e0 du r\u00e9sultat, ce fut une r\u00e9ussite totale pour une premi\u00e8re animation rassemblant les quatre EHPAD d\u00e9pendant d\u2019une m\u00eame direction. Les personnes pr\u00e9sentes se sont ainsi retrouv\u00e9es autour d\u2019une activit\u00e9 et d\u2019un repas pris en commun. <\/span><\/p>\n<p><span style=\"font-size: large;\">De quoi donner des id\u00e9es. \u00ab\u00a0<i>Nous avons v\u00e9cu un vrai moment de bonheur, des choses inoubliables, se r\u00e9jouit Marie-Line, animatrice \u00e0 M\u00e9zi\u00e8res. J\u2019aimerais que d\u2019autres projets \u00e0 caract\u00e8re sportif, regroupant les \u00e9tablissements, se r\u00e9alisent \u00e0 l\u2019avenir<\/i>\u00a0\u00bb.<\/span><\/p>\n<p><span style=\"font-size: large;\">Et pourquoi pas d\u00e8s 2024. Ann\u00e9e olympique \u00e0 Paris.<\/span><\/p>\n","protected":false},"excerpt":{"rendered":"<p>Mercredi 11 octobre, les EHPAD de Buzan\u00e7ais, Clion, Chatillon et M\u00e9zi\u00e8res-en-Brenne ont particip\u00e9 \u00e0 une rencontre sportive. Toute la journ\u00e9e, des \u00e9quipes compos\u00e9es de r\u00e9sidents et de membres du personnel se sont affront\u00e9es dans le cadre d\u2019un concours de tir au pistolet et \u00e0 la carabine (version laser). \u00ab\u00a0Je d\u00e9clare ouverts les premiers jeux olympiques&hellip;&nbsp;<a href=\"https:\/\/www.brenne-au-coeur.com\/index.php\/2023\/10\/23\/lesprit-olympique-brille-dans-les-ehpad\/ehpad\/4897\/\" rel=\"bookmark\">Lire la suite&nbsp;&raquo;<span class=\"screen-reader-text\">L\u2019esprit olympique brille dans les EHPAD<\/span><\/a><\/p>\n","protected":false},"author":1,"featured_media":4900,"comment_status":"open","ping_status":"open","sticky":false,"template":"","format":"standard","meta":{"rop_custom_images_group":[],"rop_custom_messages_group":[],"rop_publish_now":"initial","rop_publish_now_accounts":[],"rop_publish_now_history":[],"rop_publish_now_status":"pending","_monsterinsights_skip_tracking":false,"_monsterinsights_sitenote_active":false,"_monsterinsights_sitenote_note":"","_monsterinsights_sitenote_category":0,"neve_meta_sidebar":"","neve_meta_container":"","neve_meta_enable_content_width":"off","neve_meta_content_width":70,"neve_meta_title_alignment":"","neve_meta_author_avatar":"","neve_post_elements_order":"","neve_meta_disable_header":"","neve_meta_disable_footer":"","neve_meta_disable_title":"","_jetpack_memberships_contains_paid_content":false,"footnotes":"","jetpack_publicize_message":"","jetpack_publicize_feature_enabled":true,"jetpack_social_post_already_shared":true,"jetpack_social_options":{"image_generator_settings":{"template":"highway","default_image_id":0,"font":"","enabled":false},"version":2}},"categories":[97],"tags":[71,55],"class_list":["post-4897","post","type-post","status-publish","format-standard","has-post-thumbnail","hentry","category-ehpad","tag-animation","tag-jeux"],"aioseo_notices":[],"jetpack_publicize_connections":[],"jetpack_featured_media_url":"https:\/\/www.brenne-au-coeur.com\/wp-content\/uploads\/2023\/10\/ehpad-jo.jpg","jetpack-related-posts":[],"jetpack_sharing_enabled":true,"_links":{"self":[{"href":"https:\/\/www.brenne-au-coeur.com\/index.php\/wp-json\/wp\/v2\/posts\/4897","targetHints":{"allow":["GET"]}}],"collection":[{"href":"https:\/\/www.brenne-au-coeur.com\/index.php\/wp-json\/wp\/v2\/posts"}],"about":[{"href":"https:\/\/www.brenne-au-coeur.com\/index.php\/wp-json\/wp\/v2\/types\/post"}],"author":[{"embeddable":true,"href":"https:\/\/www.brenne-au-coeur.com\/index.php\/wp-json\/wp\/v2\/users\/1"}],"replies":[{"embeddable":true,"href":"https:\/\/www.brenne-au-coeur.com\/index.php\/wp-json\/wp\/v2\/comments?post=4897"}],"version-history":[{"count":1,"href":"https:\/\/www.brenne-au-coeur.com\/index.php\/wp-json\/wp\/v2\/posts\/4897\/revisions"}],"predecessor-version":[{"id":4901,"href":"https:\/\/www.brenne-au-coeur.com\/index.php\/wp-json\/wp\/v2\/posts\/4897\/revisions\/4901"}],"wp:featuredmedia":[{"embeddable":true,"href":"https:\/\/www.brenne-au-coeur.com\/index.php\/wp-json\/wp\/v2\/media\/4900"}],"wp:attachment":[{"href":"https:\/\/www.brenne-au-coeur.com\/index.php\/wp-json\/wp\/v2\/media?parent=4897"}],"wp:term":[{"taxonomy":"category","embeddable":true,"href":"https:\/\/www.brenne-au-coeur.com\/index.php\/wp-json\/wp\/v2\/categories?post=4897"},{"taxonomy":"post_tag","embeddable":true,"href":"https:\/\/www.brenne-au-coeur.com\/index.php\/wp-json\/wp\/v2\/tags?post=4897"}],"curies":[{"name":"wp","href":"https:\/\/api.w.org\/{rel}","templated":true}]}}