{"id":4878,"date":"2023-10-19T18:51:38","date_gmt":"2023-10-19T16:51:38","guid":{"rendered":"https:\/\/www.brenne-au-coeur.com\/?p=4878"},"modified":"2023-10-19T18:51:38","modified_gmt":"2023-10-19T16:51:38","slug":"vies-ordinaires-et-grandes-destinees","status":"publish","type":"post","link":"https:\/\/www.brenne-au-coeur.com\/index.php\/2023\/10\/19\/vies-ordinaires-et-grandes-destinees\/communes\/mezieres-en-brenne\/4878\/","title":{"rendered":"Vies ordinaires et grandes destin\u00e9es"},"content":{"rendered":"<p align=\"left\"><span style=\"font-family: Liberation Serif, serif;\"><span style=\"font-size: large;\">La s\u00e9lection des livres, propos\u00e9e par le club de lecture de M\u00e9zi\u00e8res-en-Brenne,pour le mois d\u2019octobre, fait la part belle aux histoires relatant des existences \u00e0 priori banales. Le quotidien d\u2019un m\u00e9cano, la vie \u00e0 la campagne, l\u2019histoire de ces ma\u00e7ons originaires de la Creuse. D\u2019autres ouvrages relatent des destin\u00e9es qui basculent dans l\u2019extra-ordinaire. Tel le parcours d\u2019un enfant, futur ambassadeur, de cette fille de milieu modeste, adoub\u00e9e par un grand philosophe ou bien celui d\u2019un c\u00e9l\u00e8bre G\u00e9n\u00e9ral dont la vie est associ\u00e9e aux bouleversements du monde du si\u00e8cle dernier. Ce monde o\u00f9 les in\u00e9galit\u00e9s demeurent et nous laissent entrevoir des lendemains dangereux, a fait l\u2019objet de deux bouquins pr\u00e9sent\u00e9s lors de la r\u00e9union. Un vaste choix qui permet selon les go\u00fbts de chacun, d\u2019y trouver son bonheur.<\/span><\/span><\/p>\n<p><span style=\"font-family: Liberation Serif, serif;\"><span style=\"font-size: large;\"><span style=\"color: #000000;\"><b><a href=\"https:\/\/www.brenne-au-coeur.com\/wp-content\/uploads\/2023\/10\/jeune-fille-et-philosohe.jpg\" rel=\"lightbox[4878]\"><img loading=\"lazy\" decoding=\"async\" class=\"alignleft wp-image-4890 size-medium\" src=\"https:\/\/www.brenne-au-coeur.com\/wp-content\/uploads\/2023\/10\/jeune-fille-et-philosohe-193x300.jpg\" alt=\"\" width=\"193\" height=\"300\" srcset=\"https:\/\/www.brenne-au-coeur.com\/wp-content\/uploads\/2023\/10\/jeune-fille-et-philosohe-193x300.jpg 193w, https:\/\/www.brenne-au-coeur.com\/wp-content\/uploads\/2023\/10\/jeune-fille-et-philosohe-96x150.jpg 96w, https:\/\/www.brenne-au-coeur.com\/wp-content\/uploads\/2023\/10\/jeune-fille-et-philosohe.jpg 210w\" sizes=\"auto, (max-width: 193px) 100vw, 193px\" \/><\/a>La jeune fille et le philosophe.<\/b><\/span> <\/span><\/span><\/p>\n<p><span style=\"font-family: Liberation Serif, serif;\"><span style=\"font-size: large;\"><i>Fr\u00e9d\u00e9ric Lenormand.<b> <\/b><\/i><\/span><\/span><\/p>\n<p>&nbsp;<\/p>\n<p><span style=\"font-family: Liberation Serif, serif;\"><span style=\"font-size: large;\">\u00ab\u00a0Une rencontre trait\u00e9e sur un ton l\u00e9ger. Elle donne l\u2019occasion au lecteur de c\u00f4toyer un Voltaire truculent\u00a0\u00bb explique Philippe<\/span><\/span><\/p>\n<p><span style=\"font-family: Liberation Serif, serif;\"><span style=\"font-size: large;\">Fontenelle, neveu de Corneille, va mourir. Dans une famille pratiquement illettr\u00e9e, on trouve une h\u00e9riti\u00e8re en la personne de Marie Corneille. De co\u00efncidences en encha\u00eenements, la jeune fille est accueillie \u00e0 Ferney, o\u00f9 le philosophe le plus pris\u00e9 de son si\u00e8cle se fait un honneur d&rsquo;en faire la jeune fille id\u00e9ale selon ses confr\u00e8res. Lorsque le vieux Voltaire, malicieux et excentrique \u00e0 l&rsquo;image des h\u00e9ros de ses contes, se trouve confront\u00e9 \u00e0 un esprit qu&rsquo;il a lib\u00e9r\u00e9, rien ne va plus. Satirique, la plume de Fr\u00e9d\u00e9ric Lenormand sait aussi se montrer affectueuse dans ce roman b\u00e2ti sur une histoire vraie. Une lecture piquante et savoureuse, \u00e0 la hauteur du grand esprit cabotin qu&rsquo;il met en sc\u00e8ne.<br \/>\nEn 1760, Marie, arri\u00e8re-petite-ni\u00e8ce de Corneille est accueillie \u00e0 Ferney par Voltaire, au sommet de sa verve et de sa gloire. Le philosophe, vieillard hypocondriaque, bouillonnant et gesticulant, d\u00e9cide de faire de l&rsquo;adolescente, la jeune fille \u00ab\u00a0id\u00e9ale\u00a0\u00bb. Il lui enseigne donc l&rsquo;orthographe, la grammaire, l&rsquo;art de la lilote et du raisonnement. Oui, mais voil\u00e0&nbsp;! la belle n&rsquo;est pas sotte, lit Rousseau &#8211; l&rsquo;ennemi jur\u00e9 de Voltaire &#8211; en cachette et n&rsquo;en fait qu&rsquo;a sa t\u00eate. <\/span><\/span><\/p>\n<p><span style=\"font-family: Liberation Serif, serif;\"><span style=\"font-size: large;\">2001. Editeur\u00a0: Fayard. 366 pages.<\/span><\/span><\/p>\n<p><span style=\"font-family: Liberation Serif, serif;\"><span style=\"font-size: large;\"><span style=\"color: #000000;\"><b><a href=\"https:\/\/www.brenne-au-coeur.com\/wp-content\/uploads\/2023\/10\/mecano.jpg\" rel=\"lightbox[4878]\"><img loading=\"lazy\" decoding=\"async\" class=\"alignright wp-image-4889 size-full\" src=\"https:\/\/www.brenne-au-coeur.com\/wp-content\/uploads\/2023\/10\/mecano.jpg\" alt=\"\" width=\"195\" height=\"285\" srcset=\"https:\/\/www.brenne-au-coeur.com\/wp-content\/uploads\/2023\/10\/mecano.jpg 195w, https:\/\/www.brenne-au-coeur.com\/wp-content\/uploads\/2023\/10\/mecano-103x150.jpg 103w\" sizes=\"auto, (max-width: 195px) 100vw, 195px\" \/><\/a>M\u00e9cano.<\/b><\/span> <\/span><\/span><\/p>\n<p><span style=\"font-family: Liberation Serif, serif;\"><span style=\"font-size: large;\"><i>Mattia Filice. <\/i><\/span><\/span><\/p>\n<p><span style=\"font-family: Liberation Serif, serif;\"><span style=\"font-size: large;\">\u00ab\u00a0C\u2019est une plong\u00e9e dans l\u2019univers des conducteurs de train.Les m\u00e9canos selon le terme professionnel. L\u2019\u00e9criture de Mattia Filice apporte une dimension po\u00e9tique surprenante\u00a0\u00bb<\/span><\/span><\/p>\n<p><span style=\"font-family: Liberation Serif, serif;\"><span style=\"font-size: large;\">\u00ab&nbsp;J&rsquo;ai, d&rsquo;une certaine mani\u00e8re, tent\u00e9 de dresser le portrait d&rsquo;un h\u00e9ros d&rsquo;une mythologie qu&rsquo;il nous reste encore \u00e0 \u00e9crire&nbsp;\u00bb, explique l&rsquo;auteur de ce premier roman, r\u00e9dig\u00e9 \u00e0 la fois en prose et en vers. Le narrateur p\u00e9n\u00e8tre, presque par hasard, dans un monde qu&rsquo;il m\u00e9conna\u00eet, le monde ferroviaire. Nous le suivons dans un v\u00e9ritable parcours initiatique&nbsp;: une formation pour devenir \u00ab&nbsp;m\u00e9cano&nbsp;\u00bb, conducteur de train. Il fait la d\u00e9couverte du train progressivement, de l&rsquo;int\u00e9rieur, dans les entrailles de la machine jusqu&rsquo;\u00e0 la t\u00eate, la cabine de pilotage. C&rsquo;est un monde technique et po\u00e9tique, avec ses lois et ses codes, sa langue, ses \u00e9preuves et ses prouesses souvent anonymes, ses compagnons et ses tra\u00eetres, ses dangers. On roule \u00e0 deux cents kilom\u00e8tres \u00e0 l&rsquo;heure, avec la peur de commettre une erreur, mais aussi avec un sentiment d&rsquo;\u00e9vasion, de l\u00e9g\u00e8ret\u00e9, sous l&#8217;emprise de centaines de tonnes.<br \/>\nLe roman de Mattia Filice \u00e9pouse le rythme et le paysage ferroviaires, transmute l&rsquo;univers industriel du train, des machines et des gares en prouesse romanesque, dans une \u00e9criture d\u00e9tourn\u00e9e, qui emprunte autant \u00e0 la langue technique qu&rsquo;\u00e0 la po\u00e9sie \u00e9pique. Mais c&rsquo;est aussi un apprentissage social, la d\u00e9couverte du monde du travail, et parfois la rencontre de vies bris\u00e9es.<br \/>\nUn \u00e9tonnant roman de formation, intime et collectif, o\u00f9 les plans de chemin de fer, les faisceaux des voies, d\u00e9cident de nos mouvements comme de nos destins, o\u00f9 se distinguent et se croisent vers et prose. <\/span><\/span><\/p>\n<p><span style=\"font-family: Liberation Serif, serif;\"><span style=\"font-size: large;\">Premier roman. 2023. Editeur POL 356 pages.<\/span><\/span><\/p>\n<p><span style=\"font-family: Liberation Serif, serif;\"><span style=\"font-size: large;\"><span style=\"color: #000000;\"><b><a href=\"https:\/\/www.brenne-au-coeur.com\/wp-content\/uploads\/2023\/10\/CVT_Ne-sous-une-bonne-etoile_2234.jpg\" rel=\"lightbox[4878]\"><img loading=\"lazy\" decoding=\"async\" class=\"alignleft wp-image-4879 size-medium\" src=\"https:\/\/www.brenne-au-coeur.com\/wp-content\/uploads\/2023\/10\/CVT_Ne-sous-une-bonne-etoile_2234-185x300.jpg\" alt=\"\" width=\"185\" height=\"300\" srcset=\"https:\/\/www.brenne-au-coeur.com\/wp-content\/uploads\/2023\/10\/CVT_Ne-sous-une-bonne-etoile_2234-185x300.jpg 185w, https:\/\/www.brenne-au-coeur.com\/wp-content\/uploads\/2023\/10\/CVT_Ne-sous-une-bonne-etoile_2234-93x150.jpg 93w, https:\/\/www.brenne-au-coeur.com\/wp-content\/uploads\/2023\/10\/CVT_Ne-sous-une-bonne-etoile_2234.jpg 210w\" sizes=\"auto, (max-width: 185px) 100vw, 185px\" \/><\/a>N\u00e9 sous une bonne \u00e9toile.<\/b><\/span> <\/span><\/span><\/p>\n<p><span style=\"font-family: Liberation Serif, serif;\"><span style=\"font-size: large;\"><i>Aur\u00e9lie Valognes.<\/i> <\/span><\/span><\/p>\n<p><span style=\"font-family: Liberation Serif, serif;\"><span style=\"font-size: large;\">Pour Jean,\u00a0 \u00ab\u00a0N\u00e9 sous une bonne \u00e9toile et M\u00e9m\u00e9 dans les orties, c\u2019est passionnant. Des histoires qui racontent la vie normale de gens normaux. Des choses qui peuvent arriver \u00e0 n\u2019importe qui. C\u2019est tr\u00e8s bien \u00e9crit.\u00a0\u00bb<\/span><\/span><\/p>\n<p><span style=\"font-family: Liberation Serif, serif;\"><span style=\"font-size: large;\">A l&rsquo;\u00e9cole, il y a les bons \u00e9l\u00e8ves mod\u00e8les&#8230; et il y a Gustave.<br \/>\nDepuis son radiateur au fond de la salle, cet \u00e9ternel r\u00eaveur scrute avec curiosit\u00e9 les oiseaux dans la cour ou les aiguilles de la pendule qui prennent un malin plaisir \u00e0 ralentir chaque jour. Il aimerait rapporter des notes presque parfaites \u00e0 sa m\u00e8re, mais ce sont surtout les convocations du directeur qu&rsquo;il collectionne pendant les cours. Pourtant, Gustave travaille avec acharnement durant tous les soirs. II passe plus de temps sur ses devoirs que la plupart de ses camarades, mais contrairement \u00e0 Jos\u00e9phine, sa grande s\u0153ur pimb\u00eache et premi\u00e8re de classe, cela ne rentre pas dans l&rsquo;ordre. Pire, certains professeurs commencent \u00e0 le prendre en grippe et \u00e0 le croire fain\u00e9ant.<br \/>\nParfois, il suffit d&rsquo;un rien pour qu&rsquo;une vie bascule du bon c\u00f4t\u00e9&#8230; Un roman universel, vibrant d&rsquo;humour croustillant et d&rsquo;\u00e9motion constante. <\/span><\/span><\/p>\n<p><span style=\"font-family: Liberation Serif, serif;\"><span style=\"font-size: large;\">Roman. 2020. Editeur\u00a0: Livre de poche. 327 pages. <span style=\"color: #000000;\">Livre de la M\u00e9diath\u00e8que de la Brenne.<\/span><\/span><\/span><\/p>\n<p><span style=\"font-family: Liberation Serif, serif;\"><span style=\"font-size: large;\"><span style=\"color: #000000;\"><b><a href=\"https:\/\/www.brenne-au-coeur.com\/wp-content\/uploads\/2023\/10\/CVT_Meme-dans-les-orties_2968.jpg\" rel=\"lightbox[4878]\"><img loading=\"lazy\" decoding=\"async\" class=\"alignright wp-image-4880 size-medium\" src=\"https:\/\/www.brenne-au-coeur.com\/wp-content\/uploads\/2023\/10\/CVT_Meme-dans-les-orties_2968-185x300.jpg\" alt=\"\" width=\"185\" height=\"300\" srcset=\"https:\/\/www.brenne-au-coeur.com\/wp-content\/uploads\/2023\/10\/CVT_Meme-dans-les-orties_2968-185x300.jpg 185w, https:\/\/www.brenne-au-coeur.com\/wp-content\/uploads\/2023\/10\/CVT_Meme-dans-les-orties_2968-93x150.jpg 93w, https:\/\/www.brenne-au-coeur.com\/wp-content\/uploads\/2023\/10\/CVT_Meme-dans-les-orties_2968.jpg 210w\" sizes=\"auto, (max-width: 185px) 100vw, 185px\" \/><\/a>M\u00e9m\u00e9 dans les orties.<\/b><\/span><i><b> <\/b><\/i><\/span><\/span><\/p>\n<p><span style=\"font-family: Liberation Serif, serif;\"><span style=\"font-size: large;\"><i>Aur\u00e9lie Valognes.<\/i><b> <\/b><\/span><\/span><\/p>\n<p><span style=\"font-family: Liberation Serif, serif;\"><span style=\"font-size: large;\">Ferdinand Brun, 83 ans, solitaire, bougon, acari\u00e2tre &#8211; certains diraient&nbsp;: seul, aigri, m\u00e9chant -, s&rsquo;ennuie \u00e0 ne pas mourir. Son unique passe-temps&nbsp;? \u00c9viter une armada de voisines aux cheveux couleur p\u00eache, lavande ou abricot. Son plus grand plaisir&nbsp;? Rendre ch\u00e8vre la concierge, Mme Suarez, qui joue les petits chefs dans la r\u00e9sidence. Mais lorsque sa chienne prend la poudre d&rsquo;escampette, le vieil homme perd d\u00e9finitivement go\u00fbt \u00e0 la vie&#8230; jusqu&rsquo;au jour o\u00f9 une fillette pr\u00e9coce et une mamie geek de 92 ans forcent litt\u00e9ralement sa porte, et son c\u0153ur. Un livre dr\u00f4le et rafra\u00eechissant, bon pour le moral, et une v\u00e9ritable cure de bonne humeur&nbsp;! <\/span><\/span><\/p>\n<p><span style=\"font-family: Liberation Serif, serif;\"><span style=\"font-size: large;\">Roman. 2016. Editeur\u00a0: Michel Lafon. 281 pages. <span style=\"color: #000000;\">Livre de la M\u00e9diath\u00e8que de Tournon Saint <\/span><span style=\"color: #000000;\">M<\/span><span style=\"color: #000000;\">artin.<\/span><\/span><\/span><\/p>\n<p><span style=\"font-family: Liberation Serif, serif;\"><span style=\"font-size: large;\"><span style=\"color: #000000;\"><b><a href=\"https:\/\/www.brenne-au-coeur.com\/wp-content\/uploads\/2023\/10\/CVT_cvt_De-Gaulle-a-la-plage_7532.jpg\" rel=\"lightbox[4878]\"><img loading=\"lazy\" decoding=\"async\" class=\"alignleft wp-image-4888 size-full\" src=\"https:\/\/www.brenne-au-coeur.com\/wp-content\/uploads\/2023\/10\/CVT_cvt_De-Gaulle-a-la-plage_7532.jpg\" alt=\"\" width=\"195\" height=\"256\" srcset=\"https:\/\/www.brenne-au-coeur.com\/wp-content\/uploads\/2023\/10\/CVT_cvt_De-Gaulle-a-la-plage_7532.jpg 195w, https:\/\/www.brenne-au-coeur.com\/wp-content\/uploads\/2023\/10\/CVT_cvt_De-Gaulle-a-la-plage_7532-114x150.jpg 114w\" sizes=\"auto, (max-width: 195px) 100vw, 195px\" \/><\/a>D<\/b><\/span><span style=\"color: #000000;\"><b>e<\/b><\/span><span style=\"color: #000000;\"><b> Gaulle \u00e0 la plage.<\/b><\/span><b> <\/b><\/span><\/span><\/p>\n<p><span style=\"font-family: Liberation Serif, serif;\"><span style=\"font-size: large;\"><i>Jean Garrigues.<\/i> <\/span><\/span><\/p>\n<p>&nbsp;<\/p>\n<p><span style=\"font-family: Liberation Serif, serif;\"><span style=\"font-size: large;\">\u00ab\u00a0C\u2019est un livre court mais complet, sur la vie de de Gaulle. J\u2019y ai appris beaucoup de choses int\u00e9ressantes\u00a0\u00bb a comment\u00e9 Gilles.<\/span><\/span><\/p>\n<p><span style=\"font-family: Liberation Serif, serif;\"><span style=\"font-size: large;\"><b>Pourquoi le g\u00e9n\u00e9ral de Gaulle est-il le h\u00e9ros des Fran\u00e7ais. <\/b> <\/span><\/span><\/p>\n<p><span style=\"font-family: Liberation Serif, serif;\"><span style=\"font-size: large;\">Pendant trente ans, de son appel du 18\u00a0juin 1940 \u00e0 sa mort en 1970, le g\u00e9n\u00e9ral de Gaulle a imprim\u00e9 sa marque sur l&rsquo;histoire de la France et sur l&rsquo;histoire du monde, l&rsquo;installant aux c\u00f4t\u00e9s des Churchill, Roosevelt, Staline ou Mao Zedong, parmi les Grands du XX<sup>e<\/sup>\u00a0si\u00e8cle. Par deux fois sauveur des Fran\u00e7ais, p\u00e8re fondateur de la Cinqui\u00e8me R\u00e9publique, il a profond\u00e9ment marqu\u00e9 les g\u00e9n\u00e9rations qui l&rsquo;ont connu, celles qui ont travers\u00e9 les deux guerres mondiales et la d\u00e9colonisation. Mais il fait aussi r\u00e9f\u00e9rence aujourd&rsquo;hui, depuis qu&rsquo;il est devenu le mod\u00e8le incontest\u00e9 de l&rsquo;homme d&rsquo;\u00c9tat, une sorte d&rsquo;ic\u00f4ne de la vie politique fran\u00e7aise, un symbole de courage, de fermet\u00e9, d&rsquo;autorit\u00e9, d&rsquo;honn\u00eatet\u00e9 et de grandeur. Raconter l&rsquo;histoire du g\u00e9n\u00e9ral de Gaulle, c&rsquo;est donc raconter l&rsquo;histoire du XX<sup>e<\/sup>\u00a0si\u00e8cle, mais c&rsquo;est aussi plonger dans les eaux les plus profondes de notre inconscient collectif et de nos mythologies politiques, dans ce temp\u00e9rament bonapartiste dont il fut l&rsquo;expression la plus noble et qui nous pousse irr\u00e9sistiblement vers l&rsquo;h\u00e9ro\u00efsme de nos hommes providentiels.<\/span><\/span><\/p>\n<p><span style=\"font-family: Liberation Serif, serif;\"><span style=\"font-size: large;\">La Procure.<\/span><\/span><\/p>\n<p><span style=\"font-family: Liberation Serif, serif;\"><span style=\"font-size: large;\">Histoire. 2020. Editeur\u00a0: Dunod.<\/span><\/span><\/p>\n<p><span style=\"font-family: Liberation Serif, serif;\"><span style=\"font-size: large;\">281 pages. <span style=\"color: #000000;\">Livre de la M\u00e9diath\u00e8que de M\u00e9zi\u00e8res.<\/span><\/span><\/span><\/p>\n<p><span style=\"font-family: Liberation Serif, serif;\"><span style=\"font-size: large;\"><span style=\"color: #000000;\"><b><a href=\"https:\/\/www.brenne-au-coeur.com\/wp-content\/uploads\/2023\/10\/CVT_Un-clafoutis-aux-tomates-cerises_4048.jpg\" rel=\"lightbox[4878]\"><img loading=\"lazy\" decoding=\"async\" class=\"alignright wp-image-4881 size-medium\" src=\"https:\/\/www.brenne-au-coeur.com\/wp-content\/uploads\/2023\/10\/CVT_Un-clafoutis-aux-tomates-cerises_4048-180x300.jpg\" alt=\"\" width=\"180\" height=\"300\" srcset=\"https:\/\/www.brenne-au-coeur.com\/wp-content\/uploads\/2023\/10\/CVT_Un-clafoutis-aux-tomates-cerises_4048-180x300.jpg 180w, https:\/\/www.brenne-au-coeur.com\/wp-content\/uploads\/2023\/10\/CVT_Un-clafoutis-aux-tomates-cerises_4048-90x150.jpg 90w, https:\/\/www.brenne-au-coeur.com\/wp-content\/uploads\/2023\/10\/CVT_Un-clafoutis-aux-tomates-cerises_4048.jpg 240w\" sizes=\"auto, (max-width: 180px) 100vw, 180px\" \/><\/a>Un clafoutis aux tomates cerises<\/b><\/span><span style=\"color: #000000;\"><b>.<\/b><\/span><\/span><\/span><\/p>\n<p><span style=\"font-family: Liberation Serif, serif;\"><span style=\"font-size: large;\"><i>V\u00e9ronique de Bure.<\/i><b> <\/b><\/span><\/span><\/p>\n<p><span style=\"font-family: Liberation Serif, serif;\"><span style=\"font-size: large;\">D\u2019apr\u00e8s Isabelle, \u00ab\u00a0c\u2019est sans pr\u00e9tention. C\u2019est \u00e9crit simplement,mais passionnant par la description du quotidien, de la vie de tous les jours \u00e0 la campagne\u00a0\u00bb<\/span><\/span><\/p>\n<p><span style=\"font-family: Liberation Serif, serif;\"><span style=\"font-size: large;\">\u00ab\u00a0A nos \u00e2ges, nous sommes comme de vieux arbres. Le beau temps nous ranime doucement, nous reverdissons un peu, m\u00eame si un peu moins chaque ann\u00e9e. Et la douceur des jours nous donne une illusion d&rsquo;\u00e9ternit\u00e9\u00a0\u00bb. Au soir de sa vie, Jeanne, quatre-vingt-dix ans, d\u00e9cide d&rsquo;\u00e9crire son journal intime. Sur une ann\u00e9e, du premier jour du printemps au dernier jour de l&rsquo;hiver, d&rsquo;\u00e9v\u00e9nements minuscules en r\u00e9flexions d\u00e9sopilantes, elle consigne ses humeurs, ses souvenirs, sa petite vie de Parisienne exil\u00e9e depuis plus de soixante ans dans l&rsquo;Allier, dans sa maison pos\u00e9e au milieu des pr\u00e9s, des bois et des vaches. Un clafoutis aux tomates cerise, le plus joli roman sur le grand \u00e2ge qui soit, traite sans fard du temps qui passe et dresse le portrait d&rsquo;une femme qui nous donne envie de vieillir. <\/span><\/span><\/p>\n<p><span style=\"font-family: Liberation Serif, serif;\"><span style=\"font-size: large;\">Coup de coeur. 2018. Editeur\u00a0: Flammarion.. 384 pages.<\/span><\/span><\/p>\n<p><span style=\"font-family: Liberation Serif, serif;\"><span style=\"font-size: large;\"><span style=\"color: #000000;\"><b><a href=\"https:\/\/www.brenne-au-coeur.com\/wp-content\/uploads\/2023\/10\/CVT_Pour-rien-au-monde_5537.jpg\" rel=\"lightbox[4878]\"><img loading=\"lazy\" decoding=\"async\" class=\"alignleft wp-image-4882 size-medium\" src=\"https:\/\/www.brenne-au-coeur.com\/wp-content\/uploads\/2023\/10\/CVT_Pour-rien-au-monde_5537-186x300.jpg\" alt=\"\" width=\"186\" height=\"300\" srcset=\"https:\/\/www.brenne-au-coeur.com\/wp-content\/uploads\/2023\/10\/CVT_Pour-rien-au-monde_5537-186x300.jpg 186w, https:\/\/www.brenne-au-coeur.com\/wp-content\/uploads\/2023\/10\/CVT_Pour-rien-au-monde_5537-93x150.jpg 93w, https:\/\/www.brenne-au-coeur.com\/wp-content\/uploads\/2023\/10\/CVT_Pour-rien-au-monde_5537.jpg 250w\" sizes=\"auto, (max-width: 186px) 100vw, 186px\" \/><\/a>Pour rien au monde.<\/b><\/span> <\/span><\/span><\/p>\n<p><span style=\"font-family: Liberation Serif, serif;\"><span style=\"font-size: large;\"><i>Ken Follett.<\/i> <\/span><\/span><\/p>\n<p><span style=\"font-family: Liberation Serif, serif;\"><span style=\"font-size: large;\">\u00ab\u00a0Ce livre d\u2019anticipation alerte sur les dangers qui nous guettent, a montr\u00e9 Chantal, entrem\u00eal\u00e9s de romances pour all\u00e9ger l\u2019histoire. Il fait r\u00e9fl\u00e9chir. C\u2019est un peu long,les relations personnelles peu cr\u00e9dibles. \u00c7a m\u2019a quand m\u00eame bien plu\u00a0\u00bb<\/span><\/span><\/p>\n<p><span style=\"font-family: Liberation Serif, serif;\"><span style=\"font-size: large;\">Thriller d&rsquo;espionnage,\u00a0 de politique fiction imagin\u00e9 par Ken Follett suite aux recherches qu&rsquo;il a faites pour l&rsquo;\u00e9criture de sa trilogie \u00a0\u00bb Le Si\u00e8cle \u00ab\u00a0. En effet, il a d\u00e9couvert que les dirigeants qui ont particip\u00e9 \u00e0 la 1\u00e8re guerre mondiale avaient avou\u00e9 s&rsquo;\u00eatre laiss\u00e9 entra\u00eener dans un engrenage qui ne pouvait d\u00e9boucher que sur une guerre.\u00a0<\/span><\/span><\/p>\n<p><span style=\"font-family: Liberation Serif, serif;\"><span style=\"font-size: large;\">Fort de ce constat, il a b\u00e2ti ce roman d&rsquo;anticipation qui d\u00e9bouche sur une probable 3\u00e8me guerre mondiale nucl\u00e9aire.\u00a0<\/span><\/span><\/p>\n<p><span style=\"font-family: Liberation Serif, serif;\"><span style=\"font-size: large;\">Trois th\u00e8mes principaux, tr\u00e8s\u00a0 actuels, sont d\u00e9velopp\u00e9s&nbsp;:<\/span><\/span><\/p>\n<p><span style=\"font-family: Liberation Serif, serif;\"><span style=\"font-size: large;\">&#8211; la lutte contre le terrorisme islamique au Sahel\u00a0<\/span><\/span><\/p>\n<p><span style=\"font-family: Liberation Serif, serif;\"><span style=\"font-size: large;\">&#8211; la difficult\u00e9 de gouverner pour la 1\u00e8re femme pr\u00e9sidente des \u00c9tats Unis<\/span><\/span><\/p>\n<p><span style=\"font-family: Liberation Serif, serif;\"><span style=\"font-size: large;\">&#8211; la mont\u00e9e en puissance de la Chine et le r\u00f4le de ses espions.<\/span><\/span><\/p>\n<p><span style=\"font-family: Liberation Serif, serif;\"><span style=\"font-size: large;\">Il met en sc\u00e8ne une multitude de personnages, dont les destins vont se croiser (la pr\u00e9sidente des \u00c9tats Unis, 1 agent de renseignement cor\u00e9en, une migrante tchadienne, des agents de la CIA, un ministre chinois).<\/span><\/span><\/p>\n<p><span style=\"font-family: Liberation Serif, serif;\"><span style=\"font-size: large;\">C&rsquo;est une fiction qui alerte sur les dangers qui nous entourent. Il d\u00e9crit l&rsquo;escalade vers une in\u00e9luctable guerre nucl\u00e9aire.<\/span><\/span><\/p>\n<p><span style=\"font-family: Liberation Serif, serif;\"><span style=\"font-size: large;\">Pour donner un peu de l\u00e9g\u00e8ret\u00e9 \u00e0 cette sinistre fiction, il y ins\u00e9re plusieurs romances. Mais elles sont peu r\u00e9alistes avec des personnages caricaturaux.<\/span><\/span><\/p>\n<p><span style=\"font-family: Liberation Serif, serif;\"><span style=\"font-size: large;\">En conclusion, un roman qui fait r\u00e9fl\u00e9chir sur le pouvoir des dirigeants de ce monde, sur tous les dangers actuels, mais c&rsquo;est un peu long et parfois pas vraiment cr\u00e9dible.<\/span><\/span><\/p>\n<p><span style=\"font-family: Liberation Serif, serif;\"><span style=\"font-size: large;\">Roman. 2023. Editeur\u00a0: Livre de poche. 18 pages. <span style=\"color: #000000;\">Livre \u00e0 la BDI, sorti\u00a0:Villedieu, Niherne.<\/span><\/span><\/span><\/p>\n<p><span style=\"font-family: Liberation Serif, serif;\"><span style=\"font-size: large;\"><span style=\"color: #000000;\"><b><a href=\"https:\/\/www.brenne-au-coeur.com\/wp-content\/uploads\/2023\/10\/CVT_Rapt-de-nuit_351.jpg\" rel=\"lightbox[4878]\"><img loading=\"lazy\" decoding=\"async\" class=\"alignright wp-image-4887 size-medium\" src=\"https:\/\/www.brenne-au-coeur.com\/wp-content\/uploads\/2023\/10\/CVT_Rapt-de-nuit_351-185x300.jpg\" alt=\"\" width=\"185\" height=\"300\" srcset=\"https:\/\/www.brenne-au-coeur.com\/wp-content\/uploads\/2023\/10\/CVT_Rapt-de-nuit_351-185x300.jpg 185w, https:\/\/www.brenne-au-coeur.com\/wp-content\/uploads\/2023\/10\/CVT_Rapt-de-nuit_351-93x150.jpg 93w, https:\/\/www.brenne-au-coeur.com\/wp-content\/uploads\/2023\/10\/CVT_Rapt-de-nuit_351.jpg 250w\" sizes=\"auto, (max-width: 185px) 100vw, 185px\" \/><\/a>R<\/b><\/span><span style=\"color: #000000;\"><b>apt de nuit.<\/b><\/span> <\/span><\/span><\/p>\n<p><span style=\"font-family: Liberation Serif, serif;\"><span style=\"font-size: large;\"><i>Patricia Macdonald.<\/i> <\/span><\/span><\/p>\n<p><span style=\"font-family: Liberation Serif, serif;\"><span style=\"font-size: large;\">Tess a 9 ans lorsque sa s\u0153ur a\u00een\u00e9e Phoebe est enlev\u00e9e, viol\u00e9e et \u00e9trangl\u00e9e. Sur son t\u00e9moignage, le coupable est imm\u00e9diatement arr\u00eat\u00e9, jug\u00e9, puis ex\u00e9cut\u00e9. Vingt ans plus tard, un test r\u00e9v\u00e8le que son ADN n&rsquo;est pas celui retrouv\u00e9 sur Phoebe. Traumatis\u00e9e \u00e0 l&rsquo;id\u00e9e d&rsquo;avoir pu faire condamner un innocent, Tess d\u00e9cide de faire toute la lumi\u00e8re sur cette affaire. Au risque de revivre le cauchemar qui a boulevers\u00e9 sa vie et passer pour le suspect principal du meurtre de sa s\u0153ur&#8230;<br \/>\nPatricia Mac Donald d\u00e9ploie tout son talent pour distiller doute et ambigu\u00eft\u00e9, au fil d&rsquo;un suspense psychologique oppressant, hant\u00e9 par les drames et les secrets de famille <\/span><\/span><\/p>\n<p><span style=\"font-family: Liberation Serif, serif;\"><span style=\"font-size: large;\">Roman. 2023. Editeur\u00a0: Livre de poche. 18 pages. <span style=\"color: #000000;\">Livre \u00e0 la BDI, sorti\u00a0:Villedieu, Niherne.<\/span><\/span><\/span><\/p>\n<p><span style=\"color: #000000;\"><span style=\"font-family: Liberation Serif, serif;\"><span style=\"font-size: large;\"><b><a href=\"https:\/\/www.brenne-au-coeur.com\/wp-content\/uploads\/2023\/10\/CVT_Moka_5745.jpg\" rel=\"lightbox[4878]\"><img loading=\"lazy\" decoding=\"async\" class=\"alignleft wp-image-4883 size-medium\" src=\"https:\/\/www.brenne-au-coeur.com\/wp-content\/uploads\/2023\/10\/CVT_Moka_5745-185x300.jpg\" alt=\"\" width=\"185\" height=\"300\" srcset=\"https:\/\/www.brenne-au-coeur.com\/wp-content\/uploads\/2023\/10\/CVT_Moka_5745-185x300.jpg 185w, https:\/\/www.brenne-au-coeur.com\/wp-content\/uploads\/2023\/10\/CVT_Moka_5745-93x150.jpg 93w, https:\/\/www.brenne-au-coeur.com\/wp-content\/uploads\/2023\/10\/CVT_Moka_5745.jpg 210w\" sizes=\"auto, (max-width: 185px) 100vw, 185px\" \/><\/a>Moka.<\/b><\/span><\/span><\/span><\/p>\n<p><span style=\"font-family: Liberation Serif, serif;\"><span style=\"font-size: large;\"><i>T<\/i><i>atiana de Rosnay.<\/i> <\/span><\/span><\/p>\n<p><span style=\"font-family: Liberation Serif, serif;\"><span style=\"font-size: large;\">\u00ab\u00a0Un bon suspens psychologique sur fond de vengeance\u00a0\u00bb a estim\u00e9 Martine<\/span><\/span><\/p>\n<p><span style=\"font-family: Liberation Serif, serif;\"><span style=\"font-size: large;\">Justine m\u00e8ne une petite vie tranquille entre son mari, ses deux enfants et son boulot de traductrice free-lance. Mais un mercredi apr\u00e8s-midi, tout bascule. Un chauffard renverse son fils en plein Paris, et prend la fuite, \u00e0 bord d\u2019une berline couleur moka. Malcolm sombre dans le coma, l\u2019enqu\u00eate pi\u00e9tine\u2026 Seule contre tous \u2013 ou presque, Justine veut d\u00e9couvrir la v\u00e9rit\u00e9. Jusqu\u2019au bout. Et \u00e0 n\u2019importe quel prix. <\/span><\/span><\/p>\n<p><span style=\"font-family: Liberation Serif, serif;\"><span style=\"font-size: large;\">Roman. 2009. Editeur\u00a0: Livre de poche. 281 pages.<\/span><\/span><\/p>\n<p><span style=\"font-family: Liberation Serif, serif;\"><span style=\"font-size: large;\"><span style=\"color: #000000;\"><b>Fin de monde et petits fours.<\/b><\/span><i><b> <\/b><\/i><\/span><\/span><\/p>\n<p><span style=\"font-family: Liberation Serif, serif;\"><span style=\"font-size: large;\"><i>Edouard Morena.<\/i> <\/span><\/span><\/p>\n<p><span style=\"font-family: Liberation Serif, serif;\"><span style=\"font-size: large;\">Pour Martine, \u00ab\u00a0cet ouvrage est tr\u00e8s int\u00e9ressant, mais pas toujours facile \u00e0 lire\u00a0\u00bb<\/span><\/span><\/p>\n<p><span style=\"font-family: Liberation Serif, serif;\"><span style=\"font-size: large;\">\u00c0 l\u2019heure de l\u2019urgence climatique, les ultra-riches ont mauvaise presse. Des trajets Paris-Londres en jets priv\u00e9s de Bernard Arnault au tourisme spatial de Jeff Bezos, les modes de vie carbonif\u00e8res des \u00e9lites \u00e9conomiques sont de plus en plus point\u00e9s du doigt. Les actions symboliques, les rapports et les articles de presse se multiplient pour d\u00e9noncer leur escapisme. \u00c0 l\u2019image de ces milliardaires qui, en pleine crise Covid, envoyaient des selfies depuis leurs ranchs en Patagonie ou leurs \u00eeles priv\u00e9es aux Cara\u00efbes, les ultra-riches sont accus\u00e9s de fuir leurs responsabilit\u00e9s.<br \/>\nOr, loin d\u2019\u00eatre des observateurs passifs et d\u00e9tach\u00e9s ou des preppers haut de gamme, les \u00e9lites \u00e9conomiques sont des acteurs cl\u00e9s du d\u00e9bat climatique international. Elles sont les promoteurs acharn\u00e9s du capitalisme vert, un projet politique taill\u00e9 sur mesure et qui garantit leurs int\u00e9r\u00eats de classe dans un monde en surchauffe.<br \/>\nCe livre est le premier \u00e0 en exposer non pas uniquement les mots d\u2019ordre (qui sont d\u00e9j\u00e0 assez connus), mais les ressorts, et en particulier les r\u00e9seaux d\u2019acteurs (ONG, fondations, think-tanks, cabinets de conseil et autres lobbyistes) qui, au cours des vingt derni\u00e8res ann\u00e9es, ont impos\u00e9 le capitalisme vert \u2013 et les \u00e9lites qui le soutiennent \u2013 comme unique issue \u00ab&nbsp;r\u00e9aliste&nbsp;\u00bb face \u00e0 la crise climatique en cours. <\/span><\/span><\/p>\n<p><span style=\"font-family: Liberation Serif, serif;\"><span style=\"font-size: large;\">Essai. 2023. Editeur\u00a0: La D\u00e9couverte. 156 pages.<\/span><\/span><\/p>\n<p><span style=\"font-family: Liberation Serif, serif;\"><span style=\"font-size: large;\"><span style=\"color: #000000;\"><b><a href=\"https:\/\/www.brenne-au-coeur.com\/wp-content\/uploads\/2023\/10\/CVT_Le-voyageur-des-Bois-den-Haut_3801.jpg\" rel=\"lightbox[4878]\"><img loading=\"lazy\" decoding=\"async\" class=\"alignright wp-image-4884 size-medium\" src=\"https:\/\/www.brenne-au-coeur.com\/wp-content\/uploads\/2023\/10\/CVT_Le-voyageur-des-Bois-den-Haut_3801-187x300.jpg\" alt=\"\" width=\"187\" height=\"300\" srcset=\"https:\/\/www.brenne-au-coeur.com\/wp-content\/uploads\/2023\/10\/CVT_Le-voyageur-des-Bois-den-Haut_3801-187x300.jpg 187w, https:\/\/www.brenne-au-coeur.com\/wp-content\/uploads\/2023\/10\/CVT_Le-voyageur-des-Bois-den-Haut_3801-93x150.jpg 93w, https:\/\/www.brenne-au-coeur.com\/wp-content\/uploads\/2023\/10\/CVT_Le-voyageur-des-Bois-den-Haut_3801.jpg 250w\" sizes=\"auto, (max-width: 187px) 100vw, 187px\" \/><\/a>Le voyageur des Bois d\u2019en haut.<\/b><\/span> <\/span><\/span><\/p>\n<p><span style=\"font-family: Liberation Serif, serif;\"><span style=\"font-size: large;\"><i>Jean-Guy Soumy.<\/i><b> <\/b><\/span><\/span><\/p>\n<p><span style=\"font-family: Liberation Serif, serif;\"><span style=\"font-size: large;\">\u00ab\u00a0Un beau roman, a expliqu\u00e9 Bernadette, bien \u00e9crit qui traite de la situation des ma\u00e7ons de la Creuse\u00a0\u00bb<\/span><\/span><\/p>\n<p><span style=\"font-family: Liberation Serif, serif;\"><span style=\"font-size: large;\">Dans <i>Le Voyageur des bois d\u2019en-haut<\/i>, Jean-Guy Soumy s\u2019int\u00e9resse aux \u00ab&nbsp;Ma\u00e7ons de la Creuse&nbsp;\u00bb du 19e si\u00e8cle. Le personnage principal est l\u2019un d\u2019eux. Un adolescent de 16 ans, Camille, qui fait preuve d\u2019une incroyable maturit\u00e9 pour suivre les traces de son p\u00e8re disparu.\u00a0 <\/span><\/span><\/p>\n<p><span style=\"font-family: Liberation Serif, serif;\"><span style=\"font-size: large;\">C\u2019est une \u00e9migration saisonni\u00e8re qui a marqu\u00e9 de nombreuses g\u00e9n\u00e9rations de Limousins. Celle des <\/span><\/span><strong><span style=\"font-family: Liberation Serif, serif;\"><span style=\"font-size: large;\">\u00ab&nbsp;<\/span><\/span><\/strong><strong><span style=\"font-family: Liberation Serif, serif;\"><span style=\"font-size: large;\">ma\u00e7ons de la Creuse <\/span><\/span><\/strong><strong><span style=\"font-family: Liberation Serif, serif;\"><span style=\"font-size: large;\">\u00bb<\/span><\/span><\/strong><span style=\"font-family: Liberation Serif, serif;\"><span style=\"font-size: large;\">, qui s\u2019est \u00e9tal\u00e9e tout au long des 19e et 20e si\u00e8cles. D\u00e8s la fin de l\u2019hiver, des hommes quittaient le Limousin pour rejoindre \u00e0 pied\u00a0les grandes villes de France. Ils y travaillaient en tant que ma\u00e7on, tailleur de pierre ou encore couvreur jusqu\u2019au d\u00e9but de l\u2019hiver suivant.\u00a0<\/span><\/span><\/p>\n<p><span style=\"font-family: Liberation Serif, serif;\"><span style=\"font-size: large;\">Jean-Guy Soumy s\u2019est pench\u00e9 sur ce ph\u00e9nom\u00e8ne migratoire. Son dernier livre, <\/span><\/span><strong><span style=\"font-family: Liberation Serif, serif;\"><span style=\"font-size: large;\">L<\/span><\/span><\/strong><em><span style=\"font-family: Liberation Serif, serif;\"><span style=\"font-size: large;\">e Voyageur des bois d\u2019en-haut<\/span><\/span><\/em><span style=\"font-family: Liberation Serif, serif;\"><span style=\"font-size: large;\">, plonge le lecteur dans les ann\u00e9es 1860. Les lieux fr\u00e9quent\u00e9s, les habitudes de ces populations y sont d\u00e9crites avec pr\u00e9cision. Des d\u00e9tails rendent le roman tr\u00e8s informatif.<\/span><\/span><\/p>\n<p><span style=\"font-family: Liberation Serif, serif;\"><span style=\"font-size: large;\">Le Populaire du Centre.<\/span><\/span><\/p>\n<p><span style=\"font-family: Liberation Serif, serif;\"><span style=\"font-size: large;\">Roman historique. 2019. Editeur\u00a0: Presses de la cit\u00e9. 304 pages. <span style=\"color: #000000;\">Livre de la BDI, large vision, pr\u00e9sent \u00e0 la M\u00e9diath\u00e8que de M\u00e9zi\u00e8res.<\/span><\/span><\/span><\/p>\n<p><span style=\"font-family: Liberation Serif, serif;\"><span style=\"font-size: large;\"><span style=\"color: #000000;\"><b><a href=\"https:\/\/www.brenne-au-coeur.com\/wp-content\/uploads\/2023\/10\/la-folle-avoine.jpg\" rel=\"lightbox[4878]\"><img loading=\"lazy\" decoding=\"async\" class=\"alignleft wp-image-4885 size-medium\" src=\"https:\/\/www.brenne-au-coeur.com\/wp-content\/uploads\/2023\/10\/la-folle-avoine-181x300.jpg\" alt=\"\" width=\"181\" height=\"300\" srcset=\"https:\/\/www.brenne-au-coeur.com\/wp-content\/uploads\/2023\/10\/la-folle-avoine-181x300.jpg 181w, https:\/\/www.brenne-au-coeur.com\/wp-content\/uploads\/2023\/10\/la-folle-avoine-91x150.jpg 91w, https:\/\/www.brenne-au-coeur.com\/wp-content\/uploads\/2023\/10\/la-folle-avoine.jpg 210w\" sizes=\"auto, (max-width: 181px) 100vw, 181px\" \/><\/a>La folle avoine<\/b><\/span><span style=\"color: #c9211e;\"><i><b>. <\/b><\/i><\/span><\/span><\/span><\/p>\n<p><span style=\"font-family: Liberation Serif, serif;\"><span style=\"font-size: large;\"><i>Guy Georgy<\/i><b>.<\/b><\/span><\/span><\/p>\n<p><span style=\"font-family: Liberation Serif, serif;\"><span style=\"font-size: large;\">\u00ab\u00a0Un tr\u00e8s beau livre qui retrace le parcours exceptionnel d\u2019un enfant tr\u00e8s \u00e9veill\u00e9\u00a0\u00bb,<b> <\/b>a comment\u00e9 Michel.<\/span><\/span><\/p>\n<p><span style=\"font-family: Liberation Serif, serif;\"><span style=\"font-size: large;\">Une chaumi\u00e8re de cinq m\u00e8tres de c\u00f4t\u00e9.Trois tirants en fer pour \u00e9viter l\u2019effondrement. C\u2019\u00e9tait la demeure de ma grand-m\u00e8re et grand-p\u00e8re. Quelques arpents de terre, en \u00e9levant un cochon annuel, une dizaine de brebis et quelques volailles. Une cave, un minuscule grenier. La maison dominait la vall\u00e9e de la Dordogne\u2026<\/span><\/span><\/p>\n<p><span style=\"font-family: Liberation Serif, serif;\"><span style=\"font-size: large;\">Ma grand-m\u00e8re \u00e9tait d\u00e9positaire d\u2019un savoir botanique stup\u00e9fiant pour une personne qui ne savait ni lire, ni \u00e9crire ni parler fran\u00e7ais.<\/span><\/span><\/p>\n<p><span style=\"font-family: Liberation Serif, serif;\"><span style=\"font-size: large;\">Elle faisait , de pr\u00e9f\u00e9rence, ses moissons de simples au d\u00e9but de l\u2019\u00e9t\u00e9\u00a0: La douce-am\u00e8re, souveraine pour les an\u00e9miques, la chicor\u00e9e sauvage qui d\u00e9congestionne le foie, le bouillon blanc qui s\u2019emploie contre l\u2019albumine, le millepertuis est un cicatrisant efficace, la verveine sauvage dissipe les oed\u00e8mes., la mercuriale sert habituellement \u00e0 purger, l\u2019armoise violette, la sabine, la rue et le persil sont des abortifs puissants\u2026<\/span><\/span><\/p>\n<p><span style=\"font-family: Liberation Serif, serif;\"><span style=\"font-size: large;\">le mois d\u2019avril arriva comme une giboul\u00e9e et l\u2019on me conduisit enfin \u00e0 l\u2019\u00e9cole. J\u2019avais une bonne ann\u00e9e de retard sur mes condisciples. L\u2019instituteur s\u2019attaqua tout de suite au probl\u00e8me du fran\u00e7ais. Il \u00e9tait de la r\u00e9gion et parlait bien le patois. Il pouvait donc m\u2019enseigner sans peine. Je savais d\u00e9j\u00e0, gr\u00e2ce aux le\u00e7ons de ma tante quelques lettres de l\u2019alphabet.<\/span><\/span><\/p>\n<p><span style=\"font-family: Liberation Serif, serif;\"><span style=\"font-size: large;\">A la fin du mois de juin, je lisais l\u2019alphabet, je savais compter jusqu\u2019\u00e0 mille\u2026<\/span><\/span><\/p>\n<p><span style=\"font-family: Liberation Serif, serif;\"><span style=\"font-size: large;\">Si je me suis attard\u00e9 sur mes souvenirs d\u2019enfant de choeur, c\u2019est parce qu\u2019ils ont contribu\u00e9 grandement \u00e0 ma formation et \u00e0 l\u2019\u00e9veil de ma sensibilit\u00e9. Pour un enfant priv\u00e9 de tendresse maternelle et d\u2019autorit\u00e9 paternelle, condamn\u00e9 par la pauvret\u00e9, l\u2019\u00e9glise \u00e9tait une porte ouverte sur la vie sociale, un observatoire privil\u00e9gi\u00e9 pour la connaissance de l\u2019homme. Je remercie l\u2019abb\u00e9 Arnouil de m\u2019avoir confi\u00e9 toutes ces t\u00e2ches\u2026<\/span><\/span><\/p>\n<p><span style=\"font-family: Liberation Serif, serif;\"><span style=\"font-size: large;\">Je dois, \u00e0 la m\u00e9moire d\u2019Abel Marad\u00e8me, ma\u00eetre de l\u2019enseignement du premier degr\u00e9, la base de mon savoir, mon attachement ind\u00e9fectible \u00e0 la r\u00e9publique, mon affection pour les classes laborieuses et le monde rural et le culte des vertus humaines&#8230; <\/span><\/span><\/p>\n<p><span style=\"font-family: Liberation Serif, serif;\"><span style=\"font-size: large;\">1993. T\u00e9moignage. Editeur\u00a0: J\u2019ai lu. 316 pages. <span style=\"color: #000000;\">Livre \u00e0 la Maison M\u00e9dicale.<\/span><\/span><\/span><\/p>\n<p><em>Les r\u00e9sum\u00e9s sont extraits du site Bab\u00e9lio<\/em><\/p>\n<p>&nbsp;<\/p>\n","protected":false},"excerpt":{"rendered":"<p>La s\u00e9lection des livres, propos\u00e9e par le club de lecture de M\u00e9zi\u00e8res-en-Brenne,pour le mois d\u2019octobre, fait la part belle aux histoires relatant des existences \u00e0 priori banales. Le quotidien d\u2019un m\u00e9cano, la vie \u00e0 la campagne, l\u2019histoire de ces ma\u00e7ons originaires de la Creuse. D\u2019autres ouvrages relatent des destin\u00e9es qui basculent dans l\u2019extra-ordinaire. Tel le&hellip;&nbsp;<a href=\"https:\/\/www.brenne-au-coeur.com\/index.php\/2023\/10\/19\/vies-ordinaires-et-grandes-destinees\/communes\/mezieres-en-brenne\/4878\/\" rel=\"bookmark\">Lire la suite&nbsp;&raquo;<span class=\"screen-reader-text\">Vies ordinaires et grandes destin\u00e9es<\/span><\/a><\/p>\n","protected":false},"author":1,"featured_media":4884,"comment_status":"open","ping_status":"open","sticky":false,"template":"","format":"standard","meta":{"rop_custom_images_group":[],"rop_custom_messages_group":[],"rop_publish_now":"initial","rop_publish_now_accounts":[],"rop_publish_now_history":[],"rop_publish_now_status":"pending","_monsterinsights_skip_tracking":false,"_monsterinsights_sitenote_active":false,"_monsterinsights_sitenote_note":"","_monsterinsights_sitenote_category":0,"neve_meta_sidebar":"","neve_meta_container":"","neve_meta_enable_content_width":"off","neve_meta_content_width":70,"neve_meta_title_alignment":"","neve_meta_author_avatar":"","neve_post_elements_order":"","neve_meta_disable_header":"","neve_meta_disable_footer":"","neve_meta_disable_title":"","_jetpack_memberships_contains_paid_content":false,"footnotes":"","jetpack_publicize_message":"","jetpack_publicize_feature_enabled":true,"jetpack_social_post_already_shared":true,"jetpack_social_options":{"image_generator_settings":{"template":"highway","default_image_id":0,"font":"","enabled":false},"version":2}},"categories":[12],"tags":[39],"class_list":["post-4878","post","type-post","status-publish","format-standard","has-post-thumbnail","hentry","category-mezieres-en-brenne","tag-litterature"],"aioseo_notices":[],"jetpack_publicize_connections":[],"jetpack_featured_media_url":"https:\/\/www.brenne-au-coeur.com\/wp-content\/uploads\/2023\/10\/CVT_Le-voyageur-des-Bois-den-Haut_3801.jpg","jetpack-related-posts":[],"jetpack_sharing_enabled":true,"_links":{"self":[{"href":"https:\/\/www.brenne-au-coeur.com\/index.php\/wp-json\/wp\/v2\/posts\/4878","targetHints":{"allow":["GET"]}}],"collection":[{"href":"https:\/\/www.brenne-au-coeur.com\/index.php\/wp-json\/wp\/v2\/posts"}],"about":[{"href":"https:\/\/www.brenne-au-coeur.com\/index.php\/wp-json\/wp\/v2\/types\/post"}],"author":[{"embeddable":true,"href":"https:\/\/www.brenne-au-coeur.com\/index.php\/wp-json\/wp\/v2\/users\/1"}],"replies":[{"embeddable":true,"href":"https:\/\/www.brenne-au-coeur.com\/index.php\/wp-json\/wp\/v2\/comments?post=4878"}],"version-history":[{"count":1,"href":"https:\/\/www.brenne-au-coeur.com\/index.php\/wp-json\/wp\/v2\/posts\/4878\/revisions"}],"predecessor-version":[{"id":4891,"href":"https:\/\/www.brenne-au-coeur.com\/index.php\/wp-json\/wp\/v2\/posts\/4878\/revisions\/4891"}],"wp:featuredmedia":[{"embeddable":true,"href":"https:\/\/www.brenne-au-coeur.com\/index.php\/wp-json\/wp\/v2\/media\/4884"}],"wp:attachment":[{"href":"https:\/\/www.brenne-au-coeur.com\/index.php\/wp-json\/wp\/v2\/media?parent=4878"}],"wp:term":[{"taxonomy":"category","embeddable":true,"href":"https:\/\/www.brenne-au-coeur.com\/index.php\/wp-json\/wp\/v2\/categories?post=4878"},{"taxonomy":"post_tag","embeddable":true,"href":"https:\/\/www.brenne-au-coeur.com\/index.php\/wp-json\/wp\/v2\/tags?post=4878"}],"curies":[{"name":"wp","href":"https:\/\/api.w.org\/{rel}","templated":true}]}}