{"id":4842,"date":"2023-10-03T17:58:51","date_gmt":"2023-10-03T15:58:51","guid":{"rendered":"https:\/\/www.brenne-au-coeur.com\/?p=4842"},"modified":"2023-10-03T17:58:51","modified_gmt":"2023-10-03T15:58:51","slug":"gaston-coute-chante-au-grand-aslon","status":"publish","type":"post","link":"https:\/\/www.brenne-au-coeur.com\/index.php\/2023\/10\/03\/gaston-coute-chante-au-grand-aslon\/grand-aslon\/4842\/","title":{"rendered":"Gaston Cout\u00e9 chant\u00e9 au Grand Aslon"},"content":{"rendered":"<figure id=\"attachment_4845\" aria-describedby=\"caption-attachment-4845\" style=\"width: 192px\" class=\"wp-caption alignleft\"><a href=\"https:\/\/www.brenne-au-coeur.com\/wp-content\/uploads\/2023\/10\/coute-5.jpeg\" rel=\"lightbox[4842]\"><img loading=\"lazy\" decoding=\"async\" class=\"wp-image-4845 size-full\" src=\"https:\/\/www.brenne-au-coeur.com\/wp-content\/uploads\/2023\/10\/coute-5.jpeg\" alt=\"\" width=\"192\" height=\"263\" srcset=\"https:\/\/www.brenne-au-coeur.com\/wp-content\/uploads\/2023\/10\/coute-5.jpeg 192w, https:\/\/www.brenne-au-coeur.com\/wp-content\/uploads\/2023\/10\/coute-5-110x150.jpeg 110w\" sizes=\"auto, (max-width: 192px) 100vw, 192px\" \/><\/a><figcaption id=\"caption-attachment-4845\" class=\"wp-caption-text\">Gaston Cout\u00e9. Source&nbsp;: du temps des cerises aux feuilles mortes.<\/figcaption><\/figure>\n<p><span style=\"font-size: large;\">Samedi 14 octobre \u00e0 19h, l\u2019association \u00ab&nbsp;Noces de paroles&nbsp;\u00bb invite les amoureux de la parole et de la po\u00e9sie \u00e0 partager une soir\u00e9e autour de Gaston Cout\u00e9. Les chansons et textes du po\u00e8te libertaire seront interpr\u00e9t\u00e9s par Yves Champigny, accompagn\u00e9 par Fetcha\u00ef Nadji et \u00c9ric Champigny \u00e0 la guitare, Claude Jaussint \u00e0 l\u2019accord\u00e9on diatonique. <\/span><\/p>\n<p><span style=\"font-size: large;\">Le r\u00e9pertoire de Gaston Cout\u00e9 est repris par de nombreux artistes. Ils redonnent \u00e0 cet auteur r\u00e9volt\u00e9, toute sa place dans le patrimoine de la chanson fran\u00e7aise. <\/span><\/p>\n<p><span style=\"font-size: large;\">Le site \u00ab\u00a0dutempsdescerisesauxfeuillesmortes.net lui consacre un article. Brenne au coeur en livre ici quelques extraits.<\/span><\/p>\n<p><span style=\"font-size: large;\">\u00ab\u00a0N\u00e9 \u00e0 Beaugency en 1880, ayant pass\u00e9 sa premi\u00e8re enfance dans le moulin paternel de Meung-sur-Loire, cette petite cit\u00e9 pleine du souvenir de Fran\u00e7ois Villon, Gaston Cout\u00e9 \u00e9tait destin\u00e9 par une famille ambitieuse \u00e0 l&rsquo;administration des Finances nationales. En cons\u00e9quence, il fut confi\u00e9 au lyc\u00e9e d&rsquo;Orl\u00e9ans, mais, rimant et r\u00eavant d&rsquo;autres succ\u00e8s, il partit pour Paris en 1898, avec cent francs en poche\u00a0\u00bb.<\/span><\/p>\n<figure id=\"attachment_4846\" aria-describedby=\"caption-attachment-4846\" style=\"width: 179px\" class=\"wp-caption alignright\"><a href=\"https:\/\/www.brenne-au-coeur.com\/wp-content\/uploads\/2023\/10\/coute-6.jpeg\" rel=\"lightbox[4842]\"><img loading=\"lazy\" decoding=\"async\" class=\"wp-image-4846 size-full\" src=\"https:\/\/www.brenne-au-coeur.com\/wp-content\/uploads\/2023\/10\/coute-6.jpeg\" alt=\"\" width=\"179\" height=\"281\" srcset=\"https:\/\/www.brenne-au-coeur.com\/wp-content\/uploads\/2023\/10\/coute-6.jpeg 179w, https:\/\/www.brenne-au-coeur.com\/wp-content\/uploads\/2023\/10\/coute-6-96x150.jpeg 96w\" sizes=\"auto, (max-width: 179px) 100vw, 179px\" \/><\/a><figcaption id=\"caption-attachment-4846\" class=\"wp-caption-text\">Source&nbsp;: du temps des cerises aux feuilles mortes.<\/figcaption><\/figure>\n<p><span style=\"font-size: large;\">\u00ab\u00a0Admis \u00e0 r\u00e9citer des vers \u00e0 Al Tarlane, il d\u00e9laissa bient\u00f4t ce cabaret, o\u00f9 il se produisait gratuitement, pour l&rsquo;\u00c2ne Rouge dont le patron, plus g\u00e9n\u00e9reux, lui donne en guise de salaire un caf\u00e9-cr\u00e8me quotidien. On ne devine que trop peu ce que fut l&rsquo;existence du pauvre d\u00e9racin\u00e9 r\u00e9duit \u00e0 cette maigre pitance, \u00e0 laquelle s&rsquo;ajoutaient parfois les alcools corrosifs offerts par d&rsquo;aimables spectateurs. Il subsista ainsi, pourtant, pendant un an, cr\u00e9ant \u00ab\u00a0Le champ de naviots\u00a0\u00bb, et tant d&rsquo;\u0153uvres d&rsquo;une facture d\u00e9j\u00e0 puissante, cris de r\u00e9volte d&rsquo;une \u00e2me simple et droite se dressant face \u00e0 la Soci\u00e9t\u00e9 \u00e9go\u00efste et veule pour laquelle \u00ab\u00a0l&rsquo;honneur quient [tient] dans l&rsquo;carr\u00e9 d&rsquo;papier d&rsquo;un billet d&rsquo;mille\u00a0\u00bb.<\/span><\/p>\n<p><span style=\"font-size: large;\">\u00ab\u00a0De l&rsquo;\u00c2ne Rouge, Gaston Cout\u00e9 passa aux Funambules [&#8230;]<\/span><\/p>\n<p><span style=\"font-size: large;\">\u00ab\u00a0S&rsquo;il atteignit la gloire, il ne connut jamais l&rsquo;aisance. C&rsquo;est au point qu&rsquo;un soir, un noctambule qui avait heurt\u00e9 du bout de sa canne un gros tuyau de ciment gisant sur un chantier de la Compagnie du Gaz eut la surprise d&rsquo;en voir sorti Cout\u00e9 mal r\u00e9veill\u00e9. Injuri\u00e9 par celui-ci, l&rsquo;autre s&rsquo;excusa, convia le chansonnier \u00e0 souper et lui loua pour une semaine un g\u00eete plus normal dans un h\u00f4tel de Montmartre.<\/span><\/p>\n<p><span style=\"font-size: large;\">\u00ab\u00a0Le logis qu&rsquo;il appr\u00e9cia le plus fut l&rsquo;arri\u00e8re-boutique d&rsquo;un bougnat, non \u00e0 cause de son confort relatif, mais parce que le local n&rsquo;\u00e9tait s\u00e9par\u00e9 que par l&rsquo;\u00e9paisseur d&rsquo;une porte condamn\u00e9 d&rsquo;un tonneau de vin install\u00e9 dans le d\u00e9bit. [&#8230;]<\/span><\/p>\n<figure id=\"attachment_4843\" aria-describedby=\"caption-attachment-4843\" style=\"width: 183px\" class=\"wp-caption alignleft\"><a href=\"https:\/\/www.brenne-au-coeur.com\/wp-content\/uploads\/2023\/10\/coute-4.jpeg\" rel=\"lightbox[4842]\"><img loading=\"lazy\" decoding=\"async\" class=\"wp-image-4843 size-full\" src=\"https:\/\/www.brenne-au-coeur.com\/wp-content\/uploads\/2023\/10\/coute-4.jpeg\" alt=\"\" width=\"183\" height=\"275\" srcset=\"https:\/\/www.brenne-au-coeur.com\/wp-content\/uploads\/2023\/10\/coute-4.jpeg 183w, https:\/\/www.brenne-au-coeur.com\/wp-content\/uploads\/2023\/10\/coute-4-100x150.jpeg 100w\" sizes=\"auto, (max-width: 183px) 100vw, 183px\" \/><\/a><figcaption id=\"caption-attachment-4843\" class=\"wp-caption-text\">Monument de Gaston Cout\u00e9 \u00e0 Meung-sur-Loire. Wikip\u00e9dia<\/figcaption><\/figure>\n<p><span style=\"font-size: large;\">\u00ab\u00a0Sinc\u00e8re dans ses propos comme dans ses \u0153uvres, Gaston Cout\u00e9 distribuait avec beaucoup trop de g\u00e9n\u00e9rosit\u00e9 les v\u00e9rit\u00e9s d\u00e9sagr\u00e9ables [&#8230;]<\/span><\/p>\n<p><span style=\"font-size: large;\">\u00ab\u00a0Son ind\u00e9pendance, et aussi, h\u00e9las&nbsp;!, son intemp\u00e9rance, faisaient de [lui] un pensionnaire inconstant. C&rsquo;est pourquoi il ne figura pas \u00e0 la place d&rsquo;honneur qui lui revenait sur les programmes de nos cabarets. Bast&nbsp;! Il chantait et cela lui suffisait.<\/span><\/p>\n<p><span style=\"font-size: large;\">\u00ab\u00a0Victime de l&rsquo;alcoolisme, il mourut en 1911, \u00e0 l&rsquo;h\u00f4pital Lariboisi\u00e8re, laissant une \u0153uvre admirable [&#8230;] Son p\u00e8re vint l&rsquo;accompagner \u00e0 sa derni\u00e8re demeure. Rageur et t\u00eatu, le brave meunier n&rsquo;avait pas pardonn\u00e9. Il ne desserra les dents qu&rsquo;au cimeti\u00e8re pour marmoter en jetant la pellet\u00e9e de terre symbolique sur le cercueil de son gars \u00ab\u00a0qui avait mal tourn\u00e9\u00a0\u00bb&nbsp;: \u00ab\u00a0T&rsquo;as voulu y venir \u00e0 Paris, eh ben, t&rsquo;y v&rsquo;l\u00e0 maint&rsquo;nant&nbsp;!\u00a0\u00bb Ce fut l&rsquo;oraison fun\u00e8bre de Gaston Cout\u00e9. Quelle belle chanson elle lui e\u00fbt inspir\u00e9e&nbsp;!\u00a0\u00bb<\/span><\/p>\n<p><span style=\"font-size: large;\"><b>Il est pr\u00e9f\u00e9rable de confirmer votre venue au 06 16 25 66 54. Le mieux et le plus pratique est de laisser un sms, avec votre nom.<\/b><\/span><\/p>\n","protected":false},"excerpt":{"rendered":"<p>Samedi 14 octobre \u00e0 19h, l\u2019association \u00ab&nbsp;Noces de paroles&nbsp;\u00bb invite les amoureux de la parole et de la po\u00e9sie \u00e0 partager une soir\u00e9e autour de Gaston Cout\u00e9. Les chansons et textes du po\u00e8te libertaire seront interpr\u00e9t\u00e9s par Yves Champigny, accompagn\u00e9 par Fetcha\u00ef Nadji et \u00c9ric Champigny \u00e0 la guitare, Claude Jaussint \u00e0 l\u2019accord\u00e9on diatonique. Le&hellip;&nbsp;<a href=\"https:\/\/www.brenne-au-coeur.com\/index.php\/2023\/10\/03\/gaston-coute-chante-au-grand-aslon\/grand-aslon\/4842\/\" rel=\"bookmark\">Lire la suite&nbsp;&raquo;<span class=\"screen-reader-text\">Gaston Cout\u00e9 chant\u00e9 au Grand Aslon<\/span><\/a><\/p>\n","protected":false},"author":1,"featured_media":4844,"comment_status":"open","ping_status":"open","sticky":false,"template":"","format":"standard","meta":{"rop_custom_images_group":[],"rop_custom_messages_group":[],"rop_publish_now":"initial","rop_publish_now_accounts":[],"rop_publish_now_history":[],"rop_publish_now_status":"pending","_monsterinsights_skip_tracking":false,"_monsterinsights_sitenote_active":false,"_monsterinsights_sitenote_note":"","_monsterinsights_sitenote_category":0,"neve_meta_sidebar":"","neve_meta_container":"","neve_meta_enable_content_width":"off","neve_meta_content_width":70,"neve_meta_title_alignment":"","neve_meta_author_avatar":"","neve_post_elements_order":"","neve_meta_disable_header":"","neve_meta_disable_footer":"","neve_meta_disable_title":"","_jetpack_memberships_contains_paid_content":false,"footnotes":"","jetpack_publicize_message":"","jetpack_publicize_feature_enabled":true,"jetpack_social_post_already_shared":true,"jetpack_social_options":{"image_generator_settings":{"template":"highway","default_image_id":0,"font":"","enabled":false},"version":2}},"categories":[99],"tags":[104,61,78],"class_list":["post-4842","post","type-post","status-publish","format-standard","has-post-thumbnail","hentry","category-grand-aslon","tag-chansons","tag-poesie","tag-spectacle"],"aioseo_notices":[],"jetpack_publicize_connections":[],"jetpack_featured_media_url":"https:\/\/www.brenne-au-coeur.com\/wp-content\/uploads\/2023\/10\/14-10-2023-coute.jpeg","jetpack-related-posts":[],"jetpack_sharing_enabled":true,"_links":{"self":[{"href":"https:\/\/www.brenne-au-coeur.com\/index.php\/wp-json\/wp\/v2\/posts\/4842","targetHints":{"allow":["GET"]}}],"collection":[{"href":"https:\/\/www.brenne-au-coeur.com\/index.php\/wp-json\/wp\/v2\/posts"}],"about":[{"href":"https:\/\/www.brenne-au-coeur.com\/index.php\/wp-json\/wp\/v2\/types\/post"}],"author":[{"embeddable":true,"href":"https:\/\/www.brenne-au-coeur.com\/index.php\/wp-json\/wp\/v2\/users\/1"}],"replies":[{"embeddable":true,"href":"https:\/\/www.brenne-au-coeur.com\/index.php\/wp-json\/wp\/v2\/comments?post=4842"}],"version-history":[{"count":1,"href":"https:\/\/www.brenne-au-coeur.com\/index.php\/wp-json\/wp\/v2\/posts\/4842\/revisions"}],"predecessor-version":[{"id":4847,"href":"https:\/\/www.brenne-au-coeur.com\/index.php\/wp-json\/wp\/v2\/posts\/4842\/revisions\/4847"}],"wp:featuredmedia":[{"embeddable":true,"href":"https:\/\/www.brenne-au-coeur.com\/index.php\/wp-json\/wp\/v2\/media\/4844"}],"wp:attachment":[{"href":"https:\/\/www.brenne-au-coeur.com\/index.php\/wp-json\/wp\/v2\/media?parent=4842"}],"wp:term":[{"taxonomy":"category","embeddable":true,"href":"https:\/\/www.brenne-au-coeur.com\/index.php\/wp-json\/wp\/v2\/categories?post=4842"},{"taxonomy":"post_tag","embeddable":true,"href":"https:\/\/www.brenne-au-coeur.com\/index.php\/wp-json\/wp\/v2\/tags?post=4842"}],"curies":[{"name":"wp","href":"https:\/\/api.w.org\/{rel}","templated":true}]}}