{"id":4836,"date":"2023-10-03T17:17:08","date_gmt":"2023-10-03T15:17:08","guid":{"rendered":"https:\/\/www.brenne-au-coeur.com\/?p=4836"},"modified":"2023-10-03T17:17:08","modified_gmt":"2023-10-03T15:17:08","slug":"octobre-rose-pres-de-chez-nous","status":"publish","type":"post","link":"https:\/\/www.brenne-au-coeur.com\/index.php\/2023\/10\/03\/octobre-rose-pres-de-chez-nous\/communes\/martizay\/4836\/","title":{"rendered":"Octobre rose pr\u00e8s de chez nous"},"content":{"rendered":"<figure id=\"attachment_4839\" aria-describedby=\"caption-attachment-4839\" style=\"width: 350px\" class=\"wp-caption alignleft\"><a href=\"https:\/\/www.brenne-au-coeur.com\/wp-content\/uploads\/2023\/10\/octobre-rose-1.jpeg\" rel=\"lightbox[4836]\"><img loading=\"lazy\" decoding=\"async\" class=\"wp-image-4839\" src=\"https:\/\/www.brenne-au-coeur.com\/wp-content\/uploads\/2023\/10\/octobre-rose-1-300x144.jpeg\" alt=\"\" width=\"350\" height=\"168\" srcset=\"https:\/\/www.brenne-au-coeur.com\/wp-content\/uploads\/2023\/10\/octobre-rose-1-300x144.jpeg 300w, https:\/\/www.brenne-au-coeur.com\/wp-content\/uploads\/2023\/10\/octobre-rose-1-150x72.jpeg 150w, https:\/\/www.brenne-au-coeur.com\/wp-content\/uploads\/2023\/10\/octobre-rose-1.jpeg 324w\" sizes=\"auto, (max-width: 350px) 100vw, 350px\" \/><\/a><figcaption id=\"caption-attachment-4839\" class=\"wp-caption-text\">Slogan de la campagne de la ligue contre le cancer.<\/figcaption><\/figure>\n<p><span style=\"font-size: large;\">Martizay, M\u00e9zi\u00e8res-en-Brenne, Douadic, Beaulieu \u2026 En ce mois d\u2019octobre 2023, plusieurs municipalit\u00e9s et associations du Parc de la Brenne, organisent des animations dans le cadre de la campagne \u00ab&nbsp;octobre rose&nbsp;\u00bb Un rendez-vous annuel initi\u00e9 par <a href=\"https:\/\/www.ligue-cancer.net\/\">La ligue contre le cancer,<\/a> qui vise \u00e0 sensibiliser les femmes sur la n\u00e9cessit\u00e9 du d\u00e9pistage. Les b\u00e9n\u00e9fices r\u00e9colt\u00e9s sont destin\u00e9s \u00e0 la recherche. Le site de la Ligue, pr\u00e9sente un dossier complet sur le sujet. <\/span><\/p>\n<p><span style=\"font-size: large;\">\u00c0 Martizay, samedi 7 octobre, avec le soutien du Comit\u00e9 de F\u00eates, une rencontre et atelier rose aura lieu \u00e0 la salle des f\u00eates de 13h30 \u00e0 18h00. \u00c0 14h00, r\u00e9flexologie, 14h30, pilate rose, 15h30, yoga, 16h30 sophrologie. Une urne sera mise \u00e0 disposition pour recueillir les dons enti\u00e8rement revers\u00e9s \u00e0 la Ligue. <i>(renseignements 06 59 52 45 60 \/ 0607 75 70 13). <\/i>Le dimanche 15 octobre, marche rose. Un circuit de 7 km. Inscription \u00e0 9h, salle Monticello. 9H30 \u00e9chauffement anim\u00e9 par Audrey Martin. D\u00e9part \u00e0 10h00. Ravitaillement \u00e0 l\u2019arriv\u00e9e. Tarif\u00a0: 5 \u20ac.<\/span><\/p>\n<p><span style=\"font-size: large;\"><a href=\"https:\/\/www.brenne-au-coeur.com\/wp-content\/uploads\/2023\/10\/Courez-pour-le-Ruban-Rose-2.jpg\" rel=\"lightbox[4836]\"><img loading=\"lazy\" decoding=\"async\" class=\"alignright wp-image-4837 size-medium\" src=\"https:\/\/www.brenne-au-coeur.com\/wp-content\/uploads\/2023\/10\/Courez-pour-le-Ruban-Rose-2-212x300.jpg\" alt=\"\" width=\"212\" height=\"300\" srcset=\"https:\/\/www.brenne-au-coeur.com\/wp-content\/uploads\/2023\/10\/Courez-pour-le-Ruban-Rose-2-212x300.jpg 212w, https:\/\/www.brenne-au-coeur.com\/wp-content\/uploads\/2023\/10\/Courez-pour-le-Ruban-Rose-2-724x1024.jpg 724w, https:\/\/www.brenne-au-coeur.com\/wp-content\/uploads\/2023\/10\/Courez-pour-le-Ruban-Rose-2-106x150.jpg 106w, https:\/\/www.brenne-au-coeur.com\/wp-content\/uploads\/2023\/10\/Courez-pour-le-Ruban-Rose-2-768x1086.jpg 768w, https:\/\/www.brenne-au-coeur.com\/wp-content\/uploads\/2023\/10\/Courez-pour-le-Ruban-Rose-2-1086x1536.jpg 1086w, https:\/\/www.brenne-au-coeur.com\/wp-content\/uploads\/2023\/10\/Courez-pour-le-Ruban-Rose-2-1448x2048.jpg 1448w, https:\/\/www.brenne-au-coeur.com\/wp-content\/uploads\/2023\/10\/Courez-pour-le-Ruban-Rose-2.jpg 1587w\" sizes=\"auto, (max-width: 212px) 100vw, 212px\" \/><\/a>\u00c0 M\u00e9zi\u00e8res-en-Brenne, le samedi 14 octobre aura lieu une brocante et une randonn\u00e9e cyclo route, d\u00e9jeuner puis vente aux ench\u00e8res de tableaux de peintres locaux anim\u00e9e par Fran\u00e7ois de l&rsquo;\u00e9mission \u00ab\u00a0Affaire conclue\u00a0\u00bb. Possibilit\u00e9 de d\u00eener le soir (b\u0153uf bourguignon). Le dimanche la traditionnelle randonn\u00e9e d&rsquo;automne de la Brenne sera suivi d&rsquo;un d\u00e9jeuner puis d&rsquo;une repr\u00e9sentation th\u00e9\u00e2trale par la troupe ARTHE.<\/span><\/p>\n<p><span style=\"font-size: large;\">Brocante: inscription \u00e0 la mairie 02 54 38 04 23, 1\u20ac le m\u00e8tre lin\u00e9aire. Randonn\u00e9e cyclo route: inscription au 02 54 40 84 64. Repas et Randonn\u00e9e de la Brenne: inscription au 02 54 38 12 24 <a href=\"mailto:contact@gite-moulin.fr\">contact@gite-moulin.fr<\/a><\/span><\/p>\n<p><span style=\"font-size: large;\">Tarifs\u00a0: Adulte plein tarif randonn\u00e9e&nbsp;: 5 \u20ac Adulte plein tarif repas&nbsp;: 12 \u20ac. Paiement en esp\u00e8ces.<\/span><\/p>\n<p><span style=\"font-size: large;\">\u00c0 Douadic, dimanche 15 octobre 2023, l\u2019Association Brenne Culture (ABC) propose une randonn\u00e9e. Rendez-vous \u00e0 8h30, salle des associations. Parcours de 10,5 km. Caf\u00e9 au d\u00e9part, ravitaillement sur le parcours, ap\u00e9ritif \u00e0 l&rsquo;arriv\u00e9e. Au profit de la ligue contre le cancer.<\/span><\/p>\n<p><span style=\"font-size: large;\">Inscription \u00e0 partir de 8h30 pour un d\u00e9part \u00e0 9h. Tarifs\u00a0: Adulte plein tarif&nbsp;: 4 \u20ac. Gratuit Moins de 12 ans. Renseignements \/ R\u00e9servation 06 40 97 76 27 <\/span><\/p>\n<p><span style=\"font-size: large;\">Salle des f\u00eates de Beaulieu, dimanche 22 octobre 2023 \u00e0 14h30, concert \u00ab\u00a0Old time music\u00a0\u00bb de Sujo (chant, banjo et guitare) organis\u00e9 avec le soutien de la municipalit\u00e9. Les recettes issues de la vente de boissons et collations propos\u00e9es pour l&rsquo;\u00e9v\u00e8nement seront enti\u00e8rement vers\u00e9es \u00e0 la ligues contre le cancer.<\/span><\/p>\n<p><span style=\"font-size: large;\">Acc\u00e8s gratuit<\/span><\/p>\n","protected":false},"excerpt":{"rendered":"<p>Martizay, M\u00e9zi\u00e8res-en-Brenne, Douadic, Beaulieu \u2026 En ce mois d\u2019octobre 2023, plusieurs municipalit\u00e9s et associations du Parc de la Brenne, organisent des animations dans le cadre de la campagne \u00ab&nbsp;octobre rose&nbsp;\u00bb Un rendez-vous annuel initi\u00e9 par La ligue contre le cancer, qui vise \u00e0 sensibiliser les femmes sur la n\u00e9cessit\u00e9 du d\u00e9pistage. Les b\u00e9n\u00e9fices r\u00e9colt\u00e9s sont&hellip;&nbsp;<a href=\"https:\/\/www.brenne-au-coeur.com\/index.php\/2023\/10\/03\/octobre-rose-pres-de-chez-nous\/communes\/martizay\/4836\/\" rel=\"bookmark\">Lire la suite&nbsp;&raquo;<span class=\"screen-reader-text\">Octobre rose pr\u00e8s de chez nous<\/span><\/a><\/p>\n","protected":false},"author":1,"featured_media":4838,"comment_status":"open","ping_status":"open","sticky":false,"template":"","format":"standard","meta":{"rop_custom_images_group":[],"rop_custom_messages_group":[],"rop_publish_now":"initial","rop_publish_now_accounts":[],"rop_publish_now_history":[],"rop_publish_now_status":"pending","_monsterinsights_skip_tracking":false,"_monsterinsights_sitenote_active":false,"_monsterinsights_sitenote_note":"","_monsterinsights_sitenote_category":0,"neve_meta_sidebar":"","neve_meta_container":"","neve_meta_enable_content_width":"off","neve_meta_content_width":70,"neve_meta_title_alignment":"","neve_meta_author_avatar":"","neve_post_elements_order":"","neve_meta_disable_header":"","neve_meta_disable_footer":"","neve_meta_disable_title":"","_jetpack_memberships_contains_paid_content":false,"footnotes":"","jetpack_publicize_message":"","jetpack_publicize_feature_enabled":true,"jetpack_social_post_already_shared":true,"jetpack_social_options":{"image_generator_settings":{"template":"highway","default_image_id":0,"font":"","enabled":false},"version":2}},"categories":[155,154,11,12],"tags":[31,93,33,77],"class_list":["post-4836","post","type-post","status-publish","format-standard","has-post-thumbnail","hentry","category-beaulieu","category-douadic","category-martizay","category-mezieres-en-brenne","tag-associations","tag-randonnee","tag-rencontres","tag-sante"],"aioseo_notices":[],"jetpack_publicize_connections":[],"jetpack_featured_media_url":"https:\/\/www.brenne-au-coeur.com\/wp-content\/uploads\/2023\/10\/octobre-rose-2.jpeg","jetpack-related-posts":[],"jetpack_sharing_enabled":true,"_links":{"self":[{"href":"https:\/\/www.brenne-au-coeur.com\/index.php\/wp-json\/wp\/v2\/posts\/4836","targetHints":{"allow":["GET"]}}],"collection":[{"href":"https:\/\/www.brenne-au-coeur.com\/index.php\/wp-json\/wp\/v2\/posts"}],"about":[{"href":"https:\/\/www.brenne-au-coeur.com\/index.php\/wp-json\/wp\/v2\/types\/post"}],"author":[{"embeddable":true,"href":"https:\/\/www.brenne-au-coeur.com\/index.php\/wp-json\/wp\/v2\/users\/1"}],"replies":[{"embeddable":true,"href":"https:\/\/www.brenne-au-coeur.com\/index.php\/wp-json\/wp\/v2\/comments?post=4836"}],"version-history":[{"count":1,"href":"https:\/\/www.brenne-au-coeur.com\/index.php\/wp-json\/wp\/v2\/posts\/4836\/revisions"}],"predecessor-version":[{"id":4840,"href":"https:\/\/www.brenne-au-coeur.com\/index.php\/wp-json\/wp\/v2\/posts\/4836\/revisions\/4840"}],"wp:featuredmedia":[{"embeddable":true,"href":"https:\/\/www.brenne-au-coeur.com\/index.php\/wp-json\/wp\/v2\/media\/4838"}],"wp:attachment":[{"href":"https:\/\/www.brenne-au-coeur.com\/index.php\/wp-json\/wp\/v2\/media?parent=4836"}],"wp:term":[{"taxonomy":"category","embeddable":true,"href":"https:\/\/www.brenne-au-coeur.com\/index.php\/wp-json\/wp\/v2\/categories?post=4836"},{"taxonomy":"post_tag","embeddable":true,"href":"https:\/\/www.brenne-au-coeur.com\/index.php\/wp-json\/wp\/v2\/tags?post=4836"}],"curies":[{"name":"wp","href":"https:\/\/api.w.org\/{rel}","templated":true}]}}