{"id":4783,"date":"2023-09-22T18:48:36","date_gmt":"2023-09-22T16:48:36","guid":{"rendered":"https:\/\/www.brenne-au-coeur.com\/?p=4783"},"modified":"2023-09-22T18:50:29","modified_gmt":"2023-09-22T16:50:29","slug":"jean-foursac-itineraire-dun-homme-exemplaire","status":"publish","type":"post","link":"https:\/\/www.brenne-au-coeur.com\/index.php\/2023\/09\/22\/jean-foursac-itineraire-dun-homme-exemplaire\/communes\/mezieres-en-brenne\/4783\/","title":{"rendered":"Jean Foursac\u00a0: itin\u00e9raire d\u2019un homme exemplaire"},"content":{"rendered":"<p><span style=\"font-size: large;\">\u00c0 <\/span><span style=\"font-size: large;\">la fin des ann\u00e9es 1970, le conseil municipal de <\/span><span style=\"font-size: large;\">M\u00e9zi\u00e8res-en-Brenne a nomm\u00e9 son \u00e9cole maternelle\u00a0: Jean Foursac, <\/span><span style=\"font-size: large;\">en hommage au <\/span><span style=\"font-size: large;\">r\u00e9sistant<\/span><span style=\"font-size: large;\"> qu\u2019il a \u00e9t\u00e9. <\/span><span style=\"font-size: large;\">Retour sur sa vie et ses combats.<\/span><\/p>\n<p align=\"justify\"><span style=\"font-size: large;\">Sur son acte de naissance, il est indiqu\u00e9 Jean, <i>Aim\u00e9<\/i>, Arthur. Un second pr\u00e9nom pr\u00e9monitoire comme un hymne \u00e0 la vie qui l\u2019a aim\u00e9 par trois fois dans un destin surprenant. <\/span><\/p>\n<p align=\"justify\"><span style=\"font-size: large;\">Jean est n\u00e9 dans le quartier Saint-Etienne \u00e0 Tours le 23 mai 1914, deux mois avant le d\u00e9but de la Grande Guerre. Ses parents exercent les m\u00e9tiers d\u2019employ\u00e9 de commerce pour Arthur, son p\u00e8re et couturi\u00e8re pour sa m\u00e8re Marie-Louise, en pr\u00e9mices de leur future installation \u00e0 M\u00e9zi\u00e8res-en-Brenne. <\/span><\/p>\n<figure id=\"attachment_4802\" aria-describedby=\"caption-attachment-4802\" style=\"width: 300px\" class=\"wp-caption alignright\"><a href=\"https:\/\/www.brenne-au-coeur.com\/wp-content\/uploads\/2023\/09\/Dilecta0001.jpg\" rel=\"lightbox[4783]\"><img loading=\"lazy\" decoding=\"async\" class=\"wp-image-4802 size-medium\" src=\"https:\/\/www.brenne-au-coeur.com\/wp-content\/uploads\/2023\/09\/Dilecta0001-300x203.jpg\" alt=\"\" width=\"300\" height=\"203\" srcset=\"https:\/\/www.brenne-au-coeur.com\/wp-content\/uploads\/2023\/09\/Dilecta0001-300x203.jpg 300w, https:\/\/www.brenne-au-coeur.com\/wp-content\/uploads\/2023\/09\/Dilecta0001-150x101.jpg 150w, https:\/\/www.brenne-au-coeur.com\/wp-content\/uploads\/2023\/09\/Dilecta0001.jpg 653w\" sizes=\"auto, (max-width: 300px) 100vw, 300px\" \/><\/a><figcaption id=\"caption-attachment-4802\" class=\"wp-caption-text\">source&nbsp;: Publicit\u00e9 congr\u00e8s 1934, Association des Amis du Blanc et de sa r\u00e9gion<\/figcaption><\/figure>\n<p align=\"justify\"><span style=\"font-size: large;\">Pour des raisons ignor\u00e9es, ils cr\u00e9ent un commerce de rouennerie* au 16 rue de l\u2019Ouest (actuel bureau de Th\u00e9lem assurances), \u00e0 partir de 1921, peut-\u00eatre m\u00eame quelques ann\u00e9es auparavant. Fils unique, Jean fr\u00e9quente la toute nouvelle \u00e9cole la\u00efque. Excellent \u00e9l\u00e8ve, il obtient haut la main son certificat d\u2019\u00e9tudes en 1926. Premier du canton, il se voit m\u00eame offrir une bicyclette Dilecta alors fabriqu\u00e9e au Blanc par les \u00e9tablissements Chichery. <a href=\"https:\/\/www.brenne-au-coeur.com\/wp-content\/uploads\/2023\/09\/Foursac-Piet-congres-anciens-combattants-05-1934-scaled.jpg\" rel=\"lightbox[4783]\"><img loading=\"lazy\" decoding=\"async\" class=\"alignleft wp-image-4801\" src=\"https:\/\/www.brenne-au-coeur.com\/wp-content\/uploads\/2023\/09\/Foursac-Piet-congres-anciens-combattants-05-1934-208x300.jpg\" alt=\"\" width=\"171\" height=\"247\" srcset=\"https:\/\/www.brenne-au-coeur.com\/wp-content\/uploads\/2023\/09\/Foursac-Piet-congres-anciens-combattants-05-1934-208x300.jpg 208w, https:\/\/www.brenne-au-coeur.com\/wp-content\/uploads\/2023\/09\/Foursac-Piet-congres-anciens-combattants-05-1934-710x1024.jpg 710w, https:\/\/www.brenne-au-coeur.com\/wp-content\/uploads\/2023\/09\/Foursac-Piet-congres-anciens-combattants-05-1934-104x150.jpg 104w, https:\/\/www.brenne-au-coeur.com\/wp-content\/uploads\/2023\/09\/Foursac-Piet-congres-anciens-combattants-05-1934-768x1107.jpg 768w, https:\/\/www.brenne-au-coeur.com\/wp-content\/uploads\/2023\/09\/Foursac-Piet-congres-anciens-combattants-05-1934-1065x1536.jpg 1065w, https:\/\/www.brenne-au-coeur.com\/wp-content\/uploads\/2023\/09\/Foursac-Piet-congres-anciens-combattants-05-1934-1420x2048.jpg 1420w, https:\/\/www.brenne-au-coeur.com\/wp-content\/uploads\/2023\/09\/Foursac-Piet-congres-anciens-combattants-05-1934-scaled.jpg 1776w\" sizes=\"auto, (max-width: 171px) 100vw, 171px\" \/><\/a><\/span><\/p>\n<p align=\"justify\"><span style=\"font-size: large;\">Apr\u00e8s la poursuite de ses \u00e9tudes au Blanc et au lyc\u00e9e de Ch\u00e2teauroux, une formation de pr\u00e9parateur de pharmacie conduira Jean au fort de Vincennes comme militaire nomm\u00e9\u00a0 \u00ab\u00e9l\u00e8ve officier d\u2019administration de r\u00e9serve du service de sant\u00e9\u00bb, issu de la 22<sup>e<\/sup> section d\u2019infirmiers miliaires qu\u2019il a int\u00e9gr\u00e9e \u00e0 l\u2019\u00e2ge de 20 ans. Fin 1937, apr\u00e8s avoir \u00e9t\u00e9 affect\u00e9 \u00e0 l\u2019h\u00f4pital B\u00e9gin \u00e0 Saint-Mand\u00e9 (94), il est transf\u00e9r\u00e9 de l\u2019arm\u00e9e de Terre \u00e0 celle de l\u2019Air avec le grade de sous-lieutenant, non pas comme personnel de sant\u00e9 mais en tant qu\u2019officier de services administratifs de l\u2019Air. <\/span><\/p>\n<figure id=\"attachment_4800\" aria-describedby=\"caption-attachment-4800\" style=\"width: 300px\" class=\"wp-caption alignright\"><a href=\"https:\/\/www.brenne-au-coeur.com\/wp-content\/uploads\/2023\/09\/Begin.jpg\" rel=\"lightbox[4783]\"><img loading=\"lazy\" decoding=\"async\" class=\"wp-image-4800 size-medium\" src=\"https:\/\/www.brenne-au-coeur.com\/wp-content\/uploads\/2023\/09\/Begin-300x254.jpg\" alt=\"\" width=\"300\" height=\"254\" srcset=\"https:\/\/www.brenne-au-coeur.com\/wp-content\/uploads\/2023\/09\/Begin-300x254.jpg 300w, https:\/\/www.brenne-au-coeur.com\/wp-content\/uploads\/2023\/09\/Begin-150x127.jpg 150w, https:\/\/www.brenne-au-coeur.com\/wp-content\/uploads\/2023\/09\/Begin.jpg 654w\" sizes=\"auto, (max-width: 300px) 100vw, 300px\" \/><\/a><figcaption id=\"caption-attachment-4800\" class=\"wp-caption-text\">source&nbsp;: Delcampe<\/figcaption><\/figure>\n<p align=\"justify\"><span style=\"font-size: large;\">D\u00e9mobilis\u00e9 en ao\u00fbt 1940 de la probable base a\u00e9rienne 745 d\u2019Aulnat, toute proche de Clermont-Ferrand, Jean devient alors pendant quelques mois \u00abinspecteur du centre de d\u00e9mobilis\u00e9s de zone interdite\u00bb situ\u00e9 dans le quartier Gribeauval. Il s\u2019agissait de prendre en charge les nombreux ch\u00f4meurs qui ne pouvaient rentrer dans leurs r\u00e9gions d\u2019origine, annex\u00e9es par l\u2019arm\u00e9e allemande. <\/span><\/p>\n<figure id=\"attachment_4800\" aria-describedby=\"caption-attachment-4800\" style=\"width: 300px\" class=\"wp-caption alignleft\"><a href=\"https:\/\/www.brenne-au-coeur.com\/wp-content\/uploads\/2023\/09\/Begin.jpg\" rel=\"lightbox[4783]\"><img loading=\"lazy\" decoding=\"async\" class=\"wp-image-4800 size-medium\" src=\"https:\/\/www.brenne-au-coeur.com\/wp-content\/uploads\/2023\/09\/Begin-300x254.jpg\" alt=\"\" width=\"300\" height=\"254\" srcset=\"https:\/\/www.brenne-au-coeur.com\/wp-content\/uploads\/2023\/09\/Begin-300x254.jpg 300w, https:\/\/www.brenne-au-coeur.com\/wp-content\/uploads\/2023\/09\/Begin-150x127.jpg 150w, https:\/\/www.brenne-au-coeur.com\/wp-content\/uploads\/2023\/09\/Begin.jpg 654w\" sizes=\"auto, (max-width: 300px) 100vw, 300px\" \/><\/a><figcaption id=\"caption-attachment-4800\" class=\"wp-caption-text\">source&nbsp;: Delcampe<\/figcaption><\/figure>\n<p align=\"justify\"><span style=\"font-size: large;\">Le 21 f\u00e9vrier 1941, en la mairie d\u2019Azay-le-Ferron, Marie-Madeleine Boitard devient Madame Foursac. Claude, leur fils unique, na\u00eetra fin 1943. <\/span><\/p>\n<p align=\"justify\"><span style=\"font-size: large;\">A partir du 25 ao\u00fbt 1941 et pour trois ans environ, Jean est officiellement employ\u00e9 comme civil chef du magasin atelier au service des t\u00e9l\u00e9communications et de la signalisation. Un poste strat\u00e9gique qui marque le d\u00e9but de son entr\u00e9e en R\u00e9sistance, sans appartenir \u00e0 aucune des organisations qui se mettaient alors en place sur tout le territoire. <\/span><\/p>\n<p align=\"justify\"><span style=\"font-size: large;\">Son premier acte de bravoure a consist\u00e9 \u00e0 sortir et \u00e0 camoufler du mat\u00e9riel technique pouvant \u00eatre utilis\u00e9 par des r\u00e9sistants, en d\u00e9pit des nombreux contr\u00f4les effectu\u00e9s par des officiers allemands de la commission d\u2019armistice stationn\u00e9s \u00e0 Royat (63). Le jeune homme r\u00e9it\u00e9rera l\u2019exercice en novembre 1942 en faisant quitter de l\u2019entrep\u00f4t qu\u2019il dirigeait des postes-\u00e9metteurs, des groupes \u00e9lectrog\u00e8nes et<\/span> <span style=\"font-size: large;\">des lampes, au nez et \u00e0 la barbe de l\u2019officier sup\u00e9rieur allemand install\u00e9 dans le bureau attenant au sien et sous les yeux du poste de garde le Luftwaffe. Par ailleurs, les mat\u00e9riels consid\u00e9r\u00e9s par l\u2019occupant comme prises de guerre se voyaient syst\u00e9matiquement sabot\u00e9s\u00a0en catimini\u2026 par les Fran\u00e7ais.<\/span><\/p>\n<p align=\"justify\"><span style=\"font-size: large;\">Jean finit par rejoindre en f\u00e9vrier 1943 le r\u00e9seau S.T.N. Sous les ordres d\u2019Alexandre Courson de la Villeneuve, il est charg\u00e9 de le structurer. Les arrestations massives op\u00e9r\u00e9es par la Gestapo le 1<sup>er<\/sup> juillet 1944 an\u00e9antiront cette organisation. <\/span><\/p>\n<p align=\"justify\"><span style=\"font-size: large;\">Ayant des doutes sur l\u2019activit\u00e9 souterraine de Jean, la Milice l\u2019arr\u00eate dans un premier temps le 3 juin 1944. Il se disculpe au cours de son interrogatoire et est rel\u00e2ch\u00e9. Pas pour longtemps\u00a0! Un mois plus tard, c\u2019est la Gestapo qui vient le chercher dans son bureau. L\u2019\u00e9tau se resserre avec quatre chefs d\u2019accusation\u00a0: <\/span><\/p>\n<p align=\"justify\"><span style=\"font-size: large;\">1 \u2013 mise en place du r\u00e9seau S.T.N., <\/span><\/p>\n<p align=\"justify\"><span style=\"font-size: large;\">2 \u2013 sabotage du r\u00e9seau t\u00e9l\u00e9graphique,<\/span><\/p>\n<p align=\"justify\"><span style=\"font-size: large;\">3 \u2013 camouflage de mat\u00e9riel, <\/span><\/p>\n<p align=\"justify\"><span style=\"font-size: large;\">4 \u2013 participation \u00e0 des parachutages. <\/span><\/p>\n<p align=\"justify\"><span style=\"font-size: large;\">En d\u00e9pit d\u2019un long interrogatoire muscl\u00e9, Jean garde le silence. Il est jet\u00e9 dans une prison militaire \u2026 <\/span><\/p>\n<p align=\"justify\">\u2026 <span style=\"font-size: large;\">Qu\u2019il quitte le 18 juillet pour le camp de Royallieu \u00e0 Compi\u00e8gne (60), l\u2019un des trois principaux camps d\u2019internement nazis sur le sol fran\u00e7ais qui verra passer 54000 r\u00e9sistants, juifs, militants syndicaux et politiques. Le matricule 43568 lui sera attribu\u00e9 \u00e0 son arriv\u00e9e. <\/span><\/p>\n<figure id=\"attachment_4790\" aria-describedby=\"caption-attachment-4790\" style=\"width: 300px\" class=\"wp-caption alignleft\"><a href=\"https:\/\/www.brenne-au-coeur.com\/wp-content\/uploads\/2023\/09\/GOHBYQXUAEY3ZLKNDGMH377JQQ.jpg\" rel=\"lightbox[4783]\"><img loading=\"lazy\" decoding=\"async\" class=\"wp-image-4790 size-medium\" src=\"https:\/\/www.brenne-au-coeur.com\/wp-content\/uploads\/2023\/09\/GOHBYQXUAEY3ZLKNDGMH377JQQ-300x242.jpg\" alt=\"\" width=\"300\" height=\"242\" srcset=\"https:\/\/www.brenne-au-coeur.com\/wp-content\/uploads\/2023\/09\/GOHBYQXUAEY3ZLKNDGMH377JQQ-300x242.jpg 300w, https:\/\/www.brenne-au-coeur.com\/wp-content\/uploads\/2023\/09\/GOHBYQXUAEY3ZLKNDGMH377JQQ-1024x824.jpg 1024w, https:\/\/www.brenne-au-coeur.com\/wp-content\/uploads\/2023\/09\/GOHBYQXUAEY3ZLKNDGMH377JQQ-150x121.jpg 150w, https:\/\/www.brenne-au-coeur.com\/wp-content\/uploads\/2023\/09\/GOHBYQXUAEY3ZLKNDGMH377JQQ-768x618.jpg 768w, https:\/\/www.brenne-au-coeur.com\/wp-content\/uploads\/2023\/09\/GOHBYQXUAEY3ZLKNDGMH377JQQ.jpg 1400w\" sizes=\"auto, (max-width: 300px) 100vw, 300px\" \/><\/a><figcaption id=\"caption-attachment-4790\" class=\"wp-caption-text\">Dessin de Jean Gotko, via site internet le Parsien 20\/11\/2017<\/figcaption><\/figure>\n<figure id=\"attachment_4789\" aria-describedby=\"caption-attachment-4789\" style=\"width: 300px\" class=\"wp-caption alignright\"><a href=\"https:\/\/www.brenne-au-coeur.com\/wp-content\/uploads\/2023\/09\/DPT54YBFRSMQ6B5IBR3ENELMNE.jpg\" rel=\"lightbox[4783]\"><img loading=\"lazy\" decoding=\"async\" class=\"wp-image-4789 size-medium\" src=\"https:\/\/www.brenne-au-coeur.com\/wp-content\/uploads\/2023\/09\/DPT54YBFRSMQ6B5IBR3ENELMNE-300x228.jpg\" alt=\"\" width=\"300\" height=\"228\" srcset=\"https:\/\/www.brenne-au-coeur.com\/wp-content\/uploads\/2023\/09\/DPT54YBFRSMQ6B5IBR3ENELMNE-300x228.jpg 300w, https:\/\/www.brenne-au-coeur.com\/wp-content\/uploads\/2023\/09\/DPT54YBFRSMQ6B5IBR3ENELMNE-1024x777.jpg 1024w, https:\/\/www.brenne-au-coeur.com\/wp-content\/uploads\/2023\/09\/DPT54YBFRSMQ6B5IBR3ENELMNE-150x114.jpg 150w, https:\/\/www.brenne-au-coeur.com\/wp-content\/uploads\/2023\/09\/DPT54YBFRSMQ6B5IBR3ENELMNE-768x583.jpg 768w, https:\/\/www.brenne-au-coeur.com\/wp-content\/uploads\/2023\/09\/DPT54YBFRSMQ6B5IBR3ENELMNE.jpg 1400w\" sizes=\"auto, (max-width: 300px) 100vw, 300px\" \/><\/a><figcaption id=\"caption-attachment-4789\" class=\"wp-caption-text\">Dessin de Jean Gotko, via site internet le Parisien 20\/11\/2017.<\/figcaption><\/figure>\n<p align=\"justify\"><span style=\"font-size: large;\">D\u00e9part dans la soir\u00e9e du 28 juillet pour le camp de concentration de Neuengamme, situ\u00e9 \u00e0 25 km \u00e0 l\u2019est de Hambourg en Allemagne. 1652 hommes sont entass\u00e9s dans des fourgons \u00e0 bestiaux, sans eau, ni nourriture. Le p\u00e9nible voyage de 850km sera ralenti par les bombardements alli\u00e9s et les tentatives d\u2019\u00e9vasion qui se solderont par 4 tu\u00e9s transport\u00e9s dans le train jusqu\u2019au camp. <\/span><\/p>\n<p align=\"justify\"><span style=\"font-size: large;\">Bien que le D\u00e9barquement ait eu lieu depuis deux mois, les autorit\u00e9s du Reich poursuivent les d\u00e9portations pour vider ce centre majeur de d\u00e9tention en zone occup\u00e9e qu\u2019est Royallieu. Ce convoi a \u00e9t\u00e9 l\u2019avant-dernier pr\u00e9c\u00e9dant la fin des hostilit\u00e9s. <\/span><\/p>\n<figure id=\"attachment_4791\" aria-describedby=\"caption-attachment-4791\" style=\"width: 300px\" class=\"wp-caption alignleft\"><a href=\"https:\/\/www.brenne-au-coeur.com\/wp-content\/uploads\/2023\/09\/Source-archives-Arolsen-Document-ID-130598646.jpg\" rel=\"lightbox[4783]\"><img loading=\"lazy\" decoding=\"async\" class=\"wp-image-4791 size-medium\" src=\"https:\/\/www.brenne-au-coeur.com\/wp-content\/uploads\/2023\/09\/Source-archives-Arolsen-Document-ID-130598646-300x174.jpg\" alt=\"\" width=\"300\" height=\"174\" srcset=\"https:\/\/www.brenne-au-coeur.com\/wp-content\/uploads\/2023\/09\/Source-archives-Arolsen-Document-ID-130598646-300x174.jpg 300w, https:\/\/www.brenne-au-coeur.com\/wp-content\/uploads\/2023\/09\/Source-archives-Arolsen-Document-ID-130598646-1024x593.jpg 1024w, https:\/\/www.brenne-au-coeur.com\/wp-content\/uploads\/2023\/09\/Source-archives-Arolsen-Document-ID-130598646-150x87.jpg 150w, https:\/\/www.brenne-au-coeur.com\/wp-content\/uploads\/2023\/09\/Source-archives-Arolsen-Document-ID-130598646-768x445.jpg 768w, https:\/\/www.brenne-au-coeur.com\/wp-content\/uploads\/2023\/09\/Source-archives-Arolsen-Document-ID-130598646.jpg 1407w\" sizes=\"auto, (max-width: 300px) 100vw, 300px\" \/><\/a><figcaption id=\"caption-attachment-4791\" class=\"wp-caption-text\">Traduction de l&rsquo;anglais&nbsp;: \u00ab\u00a0Possession&nbsp;: une montre avec bracelet de cuir,une chevali\u00e8re jaune\u00a0\u00bb. Source&nbsp;:Archives Arolsen document ID 130598646<\/figcaption><\/figure>\n<p align=\"justify\"><span style=\"font-size: large;\">Enfin arriv\u00e9s le 31 juillet, les d\u00e9port\u00e9s sont mis en quarantaine et tri\u00e9s. Main d\u2019\u0153uvre de remplacement bon march\u00e9, ils alimentent en permanence l\u2019\u00e9conomie germanique et soutiennent sa production de guerre. C\u2019est ainsi que les SS avaient organis\u00e9 quelques 80 Kommandos ext\u00e9rieurs dans un rayon de 200km autour de Neuengamme. Les d\u00e9tenus travaillaient \u00e0 la fabrication de munitions, de produits chimiques; d\u2019autres assuraient les d\u00e9blaiements apr\u00e8s les bombardements, r\u00e9paraient les voies de communication, \u2026 <\/span><\/p>\n<p align=\"justify\"><span style=\"font-size: large;\">Jeune, en bonne condition physique, Jean \u2013 matricule 40339 \u2013 se voit transf\u00e9r\u00e9 d\u00e8s le 16 ao\u00fbt au Kommando de la Kriegsmarine \u00e0 Br\u00eame-Osterort pour d\u00e9buter, comme 1000 autres d\u00e9tenus dont la moiti\u00e9 de Fran\u00e7ais, un travail de for\u00e7at dont on devine les terribles conditions. Co\u00fbte que co\u00fbte, n\u00e9cessitant un important travail manuel, l\u2019immense bunker de sous-marins Hornisse devait \u00eatre construit. Peu importait le nombre quotidien de d\u00e9c\u00e8s. Ils \u00e9taient aussit\u00f4t remplac\u00e9s par de nouveaux venus. <\/span><\/p>\n<figure id=\"attachment_4794\" aria-describedby=\"caption-attachment-4794\" style=\"width: 375px\" class=\"wp-caption alignleft\"><a href=\"https:\/\/www.brenne-au-coeur.com\/wp-content\/uploads\/2023\/09\/carte-camp-Source-Amicale-de-Neuengamme-et-de-ses-Kommandos.jpg\" rel=\"lightbox[4783]\"><img loading=\"lazy\" decoding=\"async\" class=\"wp-image-4794\" src=\"https:\/\/www.brenne-au-coeur.com\/wp-content\/uploads\/2023\/09\/carte-camp-Source-Amicale-de-Neuengamme-et-de-ses-Kommandos-300x212.jpg\" alt=\"\" width=\"375\" height=\"265\" srcset=\"https:\/\/www.brenne-au-coeur.com\/wp-content\/uploads\/2023\/09\/carte-camp-Source-Amicale-de-Neuengamme-et-de-ses-Kommandos-300x212.jpg 300w, https:\/\/www.brenne-au-coeur.com\/wp-content\/uploads\/2023\/09\/carte-camp-Source-Amicale-de-Neuengamme-et-de-ses-Kommandos-1024x724.jpg 1024w, https:\/\/www.brenne-au-coeur.com\/wp-content\/uploads\/2023\/09\/carte-camp-Source-Amicale-de-Neuengamme-et-de-ses-Kommandos-150x106.jpg 150w, https:\/\/www.brenne-au-coeur.com\/wp-content\/uploads\/2023\/09\/carte-camp-Source-Amicale-de-Neuengamme-et-de-ses-Kommandos-768x543.jpg 768w, https:\/\/www.brenne-au-coeur.com\/wp-content\/uploads\/2023\/09\/carte-camp-Source-Amicale-de-Neuengamme-et-de-ses-Kommandos-1536x1086.jpg 1536w, https:\/\/www.brenne-au-coeur.com\/wp-content\/uploads\/2023\/09\/carte-camp-Source-Amicale-de-Neuengamme-et-de-ses-Kommandos-2048x1448.jpg 2048w\" sizes=\"auto, (max-width: 375px) 100vw, 375px\" \/><\/a><figcaption id=\"caption-attachment-4794\" class=\"wp-caption-text\">Carte des camps de concentration. Source&nbsp;: Amicale de Neuengamme et de ses kommandos<\/figcaption><\/figure>\n<p><span style=\"font-size: large;\">Chaque matin, les contrema\u00eetres dressaient les listes de num\u00e9ros matricules des d\u00e9tenus r\u00e9partis par groupes de travail. <\/span><\/p>\n<p align=\"justify\"><span style=\"font-size: large;\">R\u00e9guli\u00e8rement et violemment frapp\u00e9, entre autre d\u2019un coup de crosse \u00e0 la t\u00eate, la sant\u00e9 de Jean se d\u00e9t\u00e9riore, accentu\u00e9e par des rations alimentaires en forte diminution, des conditions d\u2019hygi\u00e8ne d\u00e9plorables et un hiver 44\/45 particuli\u00e8rement rigoureux. Il en conservera une surdit\u00e9 partielle, la perte de 16 dents et de nombreux troubles qui l\u2019accompagneront le reste de sa vie. <\/span><\/p>\n<p align=\"justify\"><span style=\"font-size: large;\">Les multiples punitions humiliantes des kapos (pour beaucoup d\u2019anciens criminels allemands) sapaient le moral des hommes accentuant les difficult\u00e9s de survivre, comme en t\u00e9moigne Eug\u00e8ne Moreau\u00a0: \u00abtout ce qu\u2019ils pouvaient trouver de plus inhumain, ils le faisaient afin de nous d\u00e9moraliser. Car, lorsqu\u2019il n\u2019y avait plus de moral, c\u2019\u00e9tait la mort.\u00bb<\/span><\/p>\n<p align=\"justify\"><span style=\"font-size: large;\">Ne pouvant lutter face \u00e0 de telles conditions, seuls 180 Fran\u00e7ais survivront sur les 530 envoy\u00e9s dans ce Kommando. <\/span><\/p>\n<figure id=\"attachment_4797\" aria-describedby=\"caption-attachment-4797\" style=\"width: 300px\" class=\"wp-caption alignright\"><a href=\"https:\/\/www.brenne-au-coeur.com\/wp-content\/uploads\/2023\/09\/camp-Neueugamme-source-Holocaust-museum-united-states.jpg\" rel=\"lightbox[4783]\"><img loading=\"lazy\" decoding=\"async\" class=\"wp-image-4797 size-medium\" src=\"https:\/\/www.brenne-au-coeur.com\/wp-content\/uploads\/2023\/09\/camp-Neueugamme-source-Holocaust-museum-united-states-300x175.jpg\" alt=\"\" width=\"300\" height=\"175\" srcset=\"https:\/\/www.brenne-au-coeur.com\/wp-content\/uploads\/2023\/09\/camp-Neueugamme-source-Holocaust-museum-united-states-300x175.jpg 300w, https:\/\/www.brenne-au-coeur.com\/wp-content\/uploads\/2023\/09\/camp-Neueugamme-source-Holocaust-museum-united-states-150x87.jpg 150w, https:\/\/www.brenne-au-coeur.com\/wp-content\/uploads\/2023\/09\/camp-Neueugamme-source-Holocaust-museum-united-states-768x447.jpg 768w, https:\/\/www.brenne-au-coeur.com\/wp-content\/uploads\/2023\/09\/camp-Neueugamme-source-Holocaust-museum-united-states.jpg 800w\" sizes=\"auto, (max-width: 300px) 100vw, 300px\" \/><\/a><figcaption id=\"caption-attachment-4797\" class=\"wp-caption-text\">Camp de Neuengamme. Source&nbsp;: Holocaust museum United States.<\/figcaption><\/figure>\n<p align=\"justify\"><span style=\"font-size: large;\">Retour au camp de Neuengamme le 15 avril 1945 apr\u00e8s l\u2019arr\u00eat du chantier provoqu\u00e9 par des bombardements alli\u00e9s. Son \u00e9vacuation devient in\u00e9luctable et doit \u00eatre rapidement organis\u00e9e. Que faire de plus de 10\u00a0000 hommes dans un triste \u00e9tat\u00a0? <\/span><\/p>\n<p align=\"justify\"><span style=\"font-size: large;\">Le comte Bassewitz-Behr, chef des SS et de la police \u00e0 Hambourg et le Gauleiter Kaufmann, commissaire du Reich pour l\u2019administration maritime ont l\u2019id\u00e9e de rassembler les d\u00e9tenus sur des navires r\u00e9quisitionn\u00e9s dans le but inavou\u00e9 de les torpiller par la suite, pour respecter les ordres de Himmler qui avait \u00e9dict\u00e9 qu\u2019 \u00abaucun d\u00e9tenu ne doit tomber vivant entre les mains de l\u2019ennemi\u00bb.<\/span><\/p>\n<figure id=\"attachment_4795\" aria-describedby=\"caption-attachment-4795\" style=\"width: 300px\" class=\"wp-caption alignleft\"><a href=\"https:\/\/www.brenne-au-coeur.com\/wp-content\/uploads\/2023\/09\/Cap_Arcona_1.jpg\" rel=\"lightbox[4783]\"><img loading=\"lazy\" decoding=\"async\" class=\"wp-image-4795 size-medium\" src=\"https:\/\/www.brenne-au-coeur.com\/wp-content\/uploads\/2023\/09\/Cap_Arcona_1-300x171.jpg\" alt=\"\" width=\"300\" height=\"171\" srcset=\"https:\/\/www.brenne-au-coeur.com\/wp-content\/uploads\/2023\/09\/Cap_Arcona_1-300x171.jpg 300w, https:\/\/www.brenne-au-coeur.com\/wp-content\/uploads\/2023\/09\/Cap_Arcona_1-1024x585.jpg 1024w, https:\/\/www.brenne-au-coeur.com\/wp-content\/uploads\/2023\/09\/Cap_Arcona_1-150x86.jpg 150w, https:\/\/www.brenne-au-coeur.com\/wp-content\/uploads\/2023\/09\/Cap_Arcona_1-768x439.jpg 768w, https:\/\/www.brenne-au-coeur.com\/wp-content\/uploads\/2023\/09\/Cap_Arcona_1-1536x878.jpg 1536w, https:\/\/www.brenne-au-coeur.com\/wp-content\/uploads\/2023\/09\/Cap_Arcona_1.jpg 1920w\" sizes=\"auto, (max-width: 300px) 100vw, 300px\" \/><\/a><figcaption id=\"caption-attachment-4795\" class=\"wp-caption-text\">Cap Acorna. Source&nbsp;: Inconnue<\/figcaption><\/figure>\n<figure id=\"attachment_4793\" aria-describedby=\"caption-attachment-4793\" style=\"width: 300px\" class=\"wp-caption alignright\"><a href=\"https:\/\/www.brenne-au-coeur.com\/wp-content\/uploads\/2023\/09\/Thielbek.jpg\" rel=\"lightbox[4783]\"><img loading=\"lazy\" decoding=\"async\" class=\"wp-image-4793 size-medium\" src=\"https:\/\/www.brenne-au-coeur.com\/wp-content\/uploads\/2023\/09\/Thielbek-300x153.jpg\" alt=\"\" width=\"300\" height=\"153\" srcset=\"https:\/\/www.brenne-au-coeur.com\/wp-content\/uploads\/2023\/09\/Thielbek-300x153.jpg 300w, https:\/\/www.brenne-au-coeur.com\/wp-content\/uploads\/2023\/09\/Thielbek-150x77.jpg 150w, https:\/\/www.brenne-au-coeur.com\/wp-content\/uploads\/2023\/09\/Thielbek-768x393.jpg 768w, https:\/\/www.brenne-au-coeur.com\/wp-content\/uploads\/2023\/09\/Thielbek.jpg 800w\" sizes=\"auto, (max-width: 300px) 100vw, 300px\" \/><\/a><figcaption id=\"caption-attachment-4793\" class=\"wp-caption-text\">Athen. Source Fondation Auschwitz.<\/figcaption><\/figure>\n<p align=\"justify\"><span style=\"font-size: large;\">C\u2019est ainsi qu\u2019environ 9000 prisonniers valides sont transport\u00e9s par une quinzaine de trains vers les quais maritimes de L\u00fcbeck entre le 19 et le 26 avril 1945, apr\u00e8s avoir re\u00e7u chacun un colis de la Croix-Rouge am\u00e9ricaine jusqu\u2019\u00e0 l\u00e0 conserv\u00e9s par les SS. Trois navires confisqu\u00e9s, arborant le pavillon rouge \u00e0 croix gamm\u00e9e, mouillent \u00e0 Neustadt au nord de L\u00fcbeck\u00a0: le Cap Arcona, l\u2019Athen et le Thielbek. <\/span><\/p>\n<p align=\"justify\"><span style=\"font-size: large;\">Au fur et \u00e0 mesure de l\u2019arriv\u00e9e des trains, les hommes sont entass\u00e9s dans les cales des bateaux. On empile les morts pour faire de la place; la faim, la soif, le manque de soins, l\u2019absence totale d\u2019hygi\u00e8ne sont leur lot quotidien pendant deux semaines.<\/span><\/p>\n<p align=\"justify\"><span style=\"font-size: large;\">Jean est transf\u00e9r\u00e9 sur l\u2019Athen, un navire allemand de 1936 sous la mainmise de la Kriegsmarine. Mena\u00e7ant d\u2019\u00eatre fusill\u00e9, Fritz Nobmann, le capitaine est somm\u00e9 d\u2019embarquer 2300 prisonniers et 280 SS et kapos pour les amener sur le Cap Arcona positionn\u00e9 \u00e0 quelques kilom\u00e8tres. En quelques jours, ce paquebot de luxe sera charg\u00e9 de 6500 \u00abprisonniers de guerre\u00bb, selon l\u2019expression allemande, enferm\u00e9s dans ses profondeurs ou croupissant \u00e0 16 dans une simple cabine, sans eau, sans vivres et sans toilettes. Leurs 500 gardiens, quant \u00e0 eux, se sont octroy\u00e9s les suites luxueuses des ponts sup\u00e9rieurs. <\/span><\/p>\n<p align=\"justify\"><span style=\"font-size: large;\">Le 30, face \u00e0 cet univers concentrationnaire flottant surcharg\u00e9 et en totale d\u00e9route, la capitaine de l\u2019Athen revient chercher 2000 passagers francophones qui ignorent leur nouvelle destin\u00e9e. Le bateau jette l\u2019ancre en baie de Neustadt et n\u2019en bougera plus. <\/span><\/p>\n<p align=\"justify\"><span style=\"font-size: large;\">Il devient \u00e9vident que le Cap Arcona, dont les turbines sont hors d\u2019usage et m\u00e9ticuleusement vid\u00e9 de toutes les bou\u00e9es de secours, des gilets de sauvetage et tout ce qui aurait pu flotter, est destin\u00e9 \u00e0 \u00eatre coul\u00e9 avec sa cargaison humaine. <\/span><\/p>\n<p align=\"justify\"><span style=\"font-size: large;\">Parall\u00e8lement, les forces alli\u00e9es avancent rapidement, prenant en tenailles les bellig\u00e9rants dont le chef, Adolf Hitler s\u2019est suicid\u00e9 le 30 avril, annon\u00e7ant la toute fin du conflit. Des chars britanniques entrent dans la ville de L\u00fcbeck le 3 mai. Dans la nuit pr\u00e9c\u00e9dente, tous les b\u00e2timents de guerre allemands avaient disparu de la baie hormis ces trois navires de transport rep\u00e9r\u00e9s le matin m\u00eame par un avion de reconnaissance anglais. Son vol \u00e0 10\u00a0000 pieds (3km) ne lui a pas permis de rep\u00e9rer distinctement l\u2019identit\u00e9 des personnes \u00e0 bord\u00a0: les prisonniers faisaient de grands gestes des mains, les soldats SS tiraient sur l\u2019appareil, les drapeaux nazis claquaient au vent \u2026 <\/span><\/p>\n<p align=\"justify\"><span style=\"font-size: large;\">Pour des raisons encore floues \u00e0 ce jour et sujettes \u00e0 controverse, vers 14h30, une escadrille anglaise de chasseurs-bombardiers, dirig\u00e9e par Sir Arthur Coningham, fon\u00e7a sur le Thielbek et le Cap Arcona et l\u00e2cha des bombes de 500 livres provoquant en plusieurs endroits des incendies. <\/span><\/p>\n<p align=\"justify\"><span style=\"font-size: large;\">Une panique indescriptible s\u2019ensuivit\u00a0: les prisonniers se sont jet\u00e9s dans une eau \u00e0 7\u00b0C de la mer Baltique\u00a0; d\u2019autres tent\u00e8rent de s\u2019accrocher \u00e0 ce qui flottait \u2026 les derniers sont mitraill\u00e9s par les canons de 20 mm des chasseurs anglais qui r\u00e9alisent plusieurs passages au ras de l\u2019eau ou par les mitrailleuses ennemies situ\u00e9es sur le pont. Quelques uns seront sauv\u00e9s par des p\u00eacheurs allemands venus \u00e0 leur secours ou auront r\u00e9ussi \u00e0 atteindre la c\u00f4te. La majorit\u00e9 de d\u00e9tenus, jet\u00e9e dans les cales, mourra asphyxi\u00e9e faute d\u2019avoir pu ouvrir les portes. <\/span><\/p>\n<p align=\"justify\"><span style=\"font-size: large;\">Le Thielbek sombre en 20 minutes avec 2800 d\u00e9port\u00e9s \u00e0 bord. Parmi les 50 survivants, il n\u2019y aura que 4 Fran\u00e7ais connus. <\/span><\/p>\n<p align=\"justify\"><span style=\"font-size: large;\">Quant \u00e0 celui surnomm\u00e9 le Titanic nazi, il se couche sur le flanc et y demeure par manque de profondeur. Quelques prisonniers sortent par les hublots et tentent de rejoindre la rive \u00e0 3km. <\/span><\/p>\n<p align=\"justify\"><span style=\"font-size: large;\">En moins de 12 heures, cet abominable drame occult\u00e9 par l\u2019Histoire pendant plus de 40 ans, fit 7000 victimes de toutes nationalit\u00e9s dont plus de 4000 sur le Cap Arcona. <\/span><\/p>\n<p align=\"justify\"><span style=\"font-size: large;\">Et Jean\u00a0? Nous ignorons pr\u00e9cis\u00e9ment comment il s\u2019est \u00e9chapp\u00e9 de cet enfer. Faisait-il partie des 1998 personnes install\u00e9es sur l\u2019Athen amarr\u00e9 dans le port de Neustadt avant l\u2019arriv\u00e9e des avions anglais\u00a0et qui a \u00e9vit\u00e9 un massacre apr\u00e8s qu\u2019un matelot ait hiss\u00e9 le drapeau blanc&nbsp;? Des 12 Fran\u00e7ais miracul\u00e9s du Cap Arcona\u00a0? <\/span><\/p>\n<p align=\"justify\"><span style=\"font-size: large;\">Il a rejoint (\u00e0 la nage\u00a0?) \u00ables lignes anglaises sous le feu des mitrailleuses allemandes\u00bb a-t-il \u00e9crit en 1948. <\/span><\/p>\n<p align=\"justify\"><span style=\"font-size: large;\">C\u2019est avec un amaigrissement de 18 kg que l\u2019enfant de M\u00e9zi\u00e8res arrive au centre de rapatriement de Lille le 21 mai 1945. Il re\u00e7oit des v\u00eatements, 8000 francs, une carte de rapatri\u00e9 faisant office de carte d\u2019identit\u00e9 et il revient en Brenne chez ses parents. Il y demeurera alit\u00e9 45 jours et ne sera examin\u00e9 par un m\u00e9decin du centre d\u00e9partemental des d\u00e9port\u00e9s de l\u2019Indre que deux mois plus tard. <\/span><\/p>\n<p align=\"justify\"><span style=\"font-size: large;\">Apr\u00e8s avoir repris des forces, Jean poursuivra sa carri\u00e8re militaire en r\u00e9gion parisienne. Nous le retrouvons lieutenant en 1947 dans un entrep\u00f4t de l\u2019arm\u00e9e de l\u2019Air \u00e0 Saint-Cyr-l\u2019Ecole, situ\u00e9 derri\u00e8re le ch\u00e2teau de Versailles. Il sera par la suite nomm\u00e9 commandant puis colonel. <\/span><\/p>\n<figure id=\"attachment_4803\" aria-describedby=\"caption-attachment-4803\" style=\"width: 222px\" class=\"wp-caption alignleft\"><a href=\"https:\/\/www.brenne-au-coeur.com\/wp-content\/uploads\/2023\/09\/foursac-1.jpg\" rel=\"lightbox[4783]\"><img loading=\"lazy\" decoding=\"async\" class=\"wp-image-4803 size-medium\" src=\"https:\/\/www.brenne-au-coeur.com\/wp-content\/uploads\/2023\/09\/foursac-1-222x300.jpg\" alt=\"\" width=\"222\" height=\"300\" srcset=\"https:\/\/www.brenne-au-coeur.com\/wp-content\/uploads\/2023\/09\/foursac-1-222x300.jpg 222w, https:\/\/www.brenne-au-coeur.com\/wp-content\/uploads\/2023\/09\/foursac-1-111x150.jpg 111w, https:\/\/www.brenne-au-coeur.com\/wp-content\/uploads\/2023\/09\/foursac-1.jpg 385w\" sizes=\"auto, (max-width: 222px) 100vw, 222px\" \/><\/a><figcaption id=\"caption-attachment-4803\" class=\"wp-caption-text\">Jean, dans les ann\u00e9es 1950.<\/figcaption><\/figure>\n<figure id=\"attachment_4792\" aria-describedby=\"caption-attachment-4792\" style=\"width: 300px\" class=\"wp-caption alignright\"><a href=\"https:\/\/www.brenne-au-coeur.com\/wp-content\/uploads\/2023\/09\/Source-Christophe-Foursac-petit-fils-1.jpg\" rel=\"lightbox[4783]\"><img loading=\"lazy\" decoding=\"async\" class=\"wp-image-4792 size-medium\" src=\"https:\/\/www.brenne-au-coeur.com\/wp-content\/uploads\/2023\/09\/Source-Christophe-Foursac-petit-fils-1-300x257.jpg\" alt=\"\" width=\"300\" height=\"257\" srcset=\"https:\/\/www.brenne-au-coeur.com\/wp-content\/uploads\/2023\/09\/Source-Christophe-Foursac-petit-fils-1-300x257.jpg 300w, https:\/\/www.brenne-au-coeur.com\/wp-content\/uploads\/2023\/09\/Source-Christophe-Foursac-petit-fils-1-150x129.jpg 150w, https:\/\/www.brenne-au-coeur.com\/wp-content\/uploads\/2023\/09\/Source-Christophe-Foursac-petit-fils-1.jpg 547w\" sizes=\"auto, (max-width: 300px) 100vw, 300px\" \/><\/a><figcaption id=\"caption-attachment-4792\" class=\"wp-caption-text\">Ses d\u00e9corations. Source&nbsp;: SDH Vincennes 16 P 231959.<\/figcaption><\/figure>\n<p align=\"justify\"><span style=\"font-size: large;\">De nombreuses m\u00e9dailles souligneront ses multiples actes h\u00e9ro\u00efques et de survie parmi lesquelles la L\u00e9gion d\u2019honneur, la Croix de guerre avec palme, la m\u00e9daille de la R\u00e9sistance fran\u00e7aise, la Croix du Combattant volontaire de la R\u00e9sistance pour son\u00a0\u00abmagnifique exemple de courage et d\u2019esprit fran\u00e7ais.\u00bb a pr\u00e9cis\u00e9 le Pr\u00e9sident de la R\u00e9publique Vincent Auriol. <\/span><\/p>\n<p align=\"justify\"><span style=\"font-size: large;\">D\u00e8s la fin de la guerre, Jean s\u2019installe \u00e0 Paris, ne conservant dans l\u2019Indre qu\u2019une r\u00e9sidence secondaire \u00e0 Azay-le-Ferron. <\/span><\/p>\n<p align=\"justify\"><span style=\"font-size: large;\">Ses parents cesseront leur activit\u00e9 de commer\u00e7ants \u00e0 M\u00e9zi\u00e8res entre 1953 et 1955. Leur fid\u00e8le vendeur, \u00abTilo\u00bb Lejeune, bien connu des habitants, les a assist\u00e9s pendant de nombreuses ann\u00e9es.<\/span><\/p>\n<p align=\"justify\"><span style=\"font-size: large;\">Les Mac\u00e9riens \u00e2g\u00e9s se souviennent encore de l\u2019\u00e9mouvante conf\u00e9rence donn\u00e9e conjointement par Messieurs Louis Balsan, d\u00e9port\u00e9 \u00e0 Mauthausen, Marcel Lemoine, d\u00e9port\u00e9 \u00e0 Buchenwald et Jean Foursac, d\u00e9port\u00e9 \u00e0 Neuengamme, le 29 janvier 1971 dans la salle de cin\u00e9ma. Organis\u00e9e par la Maison des Jeunes de la Brenne, cette manifestation qui rassembla un nombreux public, avait pour but d\u2019\u00e9couter les t\u00e9moignages directs des survivants, pour \u00e9viter l\u2019oubli. Parall\u00e8lement, une exposition organis\u00e9e par la F\u00e9d\u00e9ration Nationale des D\u00e9port\u00e9s et Intern\u00e9s R\u00e9sistants Patriotes dont Jean \u00e9tait le pr\u00e9sident pour l\u2019Ile de France, a permis de d\u00e9couvrir des documents et des photos, utiles pour s\u2019impr\u00e9gner du calvaire subi quotidiennement dans les camps de la mort. <\/span><\/p>\n<p align=\"justify\"><span style=\"font-size: large;\">Jean Foursac, d\u00e9c\u00e9d\u00e9 le 27 juin 1976 \u00e0 l\u2019\u00e2ge de 63 ans, est inhum\u00e9 dans le cimeti\u00e8re d\u2019Azay-le-Ferron. La mention\u00a0\u00abMort pour la France\u00bb est inscrite sur sa tombe. <\/span><\/p>\n<figure id=\"attachment_4786\" aria-describedby=\"caption-attachment-4786\" style=\"width: 300px\" class=\"wp-caption alignleft\"><img loading=\"lazy\" decoding=\"async\" class=\"wp-image-4786 size-medium\" src=\"https:\/\/www.brenne-au-coeur.com\/wp-content\/uploads\/2023\/09\/ecole-foursac-1-300x161.jpg\" alt=\"\" width=\"300\" height=\"161\" srcset=\"https:\/\/www.brenne-au-coeur.com\/wp-content\/uploads\/2023\/09\/ecole-foursac-1-300x161.jpg 300w, https:\/\/www.brenne-au-coeur.com\/wp-content\/uploads\/2023\/09\/ecole-foursac-1-150x81.jpg 150w, https:\/\/www.brenne-au-coeur.com\/wp-content\/uploads\/2023\/09\/ecole-foursac-1.jpg 639w\" sizes=\"auto, (max-width: 300px) 100vw, 300px\" \/><figcaption id=\"caption-attachment-4786\" class=\"wp-caption-text\">\u00c9cole maternelle Jean Foursac \u00e0 M\u00e9zi\u00e8res-en-Brenne. Photo Chantal Kroliczak.<\/figcaption><\/figure>\n<figure id=\"attachment_4785\" aria-describedby=\"caption-attachment-4785\" style=\"width: 262px\" class=\"wp-caption alignright\"><a href=\"https:\/\/www.brenne-au-coeur.com\/wp-content\/uploads\/2023\/09\/ecole-foursac-2.jpg\" rel=\"lightbox[4783]\"><img loading=\"lazy\" decoding=\"async\" class=\"wp-image-4785\" src=\"https:\/\/www.brenne-au-coeur.com\/wp-content\/uploads\/2023\/09\/ecole-foursac-2-300x221.jpg\" alt=\"\" width=\"262\" height=\"193\" srcset=\"https:\/\/www.brenne-au-coeur.com\/wp-content\/uploads\/2023\/09\/ecole-foursac-2-300x221.jpg 300w, https:\/\/www.brenne-au-coeur.com\/wp-content\/uploads\/2023\/09\/ecole-foursac-2-150x111.jpg 150w, https:\/\/www.brenne-au-coeur.com\/wp-content\/uploads\/2023\/09\/ecole-foursac-2.jpg 604w\" sizes=\"auto, (max-width: 262px) 100vw, 262px\" \/><\/a><figcaption id=\"caption-attachment-4785\" class=\"wp-caption-text\">Photo&nbsp;: Chantal Kroliczak.<\/figcaption><\/figure>\n<p align=\"justify\"><span style=\"font-size: large;\">A la fin des ann\u00e9es 1970, le minist\u00e8re de l\u2019Education nationale demande qu\u2019un nom soit donn\u00e9 \u00e0 chaque \u00e9cole. La d\u00e9cision en revient au conseil municipal. L\u2019\u00e9quipe de L\u00e9on Boussard choisit celui de Jean Foursac pour l\u2019\u00e9cole maternelle, en hommage au valeureux combattant qu\u2019il a \u00e9t\u00e9 et \u00e0 son exemplarit\u00e9 patriotique. L\u2019\u00e9cole primaire sera nomm\u00e9e Joseph Thibault, du nom de l\u2019\u00e9rudit et collectionneur passionn\u00e9, propri\u00e9taire de l\u2019Ebeaupin.<\/span><\/p>\n<p align=\"justify\"><span style=\"font-size: large;\">Au cimeti\u00e8re du P\u00e8re Lachaise \u00e0 Paris, une st\u00e8le \u00e9rig\u00e9e \u00e0 la m\u00e9moire des martyrs du camp de concentration de Neuengamme rappelle qu\u2019\u00abils sont morts pour que nous vivions libres\u00bb. Un fragment du Cap Arcona est scell\u00e9 \u00e0 son pied. <\/span><\/p>\n<p align=\"justify\"><span style=\"font-size: large;\">Miraculeusement et gr\u00e2ce \u00e0 une volont\u00e9 hors norme, Jean Foursac a surv\u00e9cu \u00e0 la fois aux affres de la guerre, aux terribles camps de la mort et \u00e0 la plus grande catastrophe de l\u2019histoire maritime de tous les temps dont personne ne fut jamais tenu responsable. Oui, la vie l\u2019a vraiment \u00ab<i>Aim\u00e9<\/i>\u00bb. <\/span><\/p>\n<p align=\"justify\"><span style=\"font-size: large;\">* Rouennerie\u00a0: \u00e0 l\u2019origine, tissu \u00e0 dominante rose, rouge ou violette fabriqu\u00e9 \u00e0 Rouen avec une m\u00e9thode de tissage particuli\u00e8re. Par extension, au d\u00e9but du XX\u00e8me si\u00e8cle, lieu dans lequel on vend du tissu, de la toile. <\/span><\/p>\n<p align=\"justify\"><span style=\"font-size: large;\">NB\u00a0: pour ce qui concerne la trag\u00e9die du Cap Arcona et du Thielbek, les archives anglaises ne seront officiellement consultables qu\u2019en 2045 \u2026<\/span><\/p>\n<p align=\"justify\"><span style=\"font-size: large;\">Jean Delalez, instituteur \u00e0 Obterre (36) et r\u00e9sistant tr\u00e8s engag\u00e9 est l\u2019une des nombreuses victimes du Thielbek. <\/span><\/p>\n<p align=\"justify\"><span style=\"font-size: large;\"><i><b>SOURCES\u00a0: <\/b><\/i><\/span><\/p>\n<ul>\n<li>\n<p align=\"justify\"><span style=\"font-size: large;\">Archives d\u00e9partementales de l\u2019Indre\u00a0: R2634 &#8211; matricule 162. Nouvelle R\u00e9publique des 26-29-30\/01\/1972, 02\/02\/1972, 29\/06\/1976. Etats-civil, recensements en ligne. <\/span><\/p>\n<\/li>\n<li>\n<p align=\"justify\"><span style=\"font-size: large;\">Secr\u00e9tariats des communes d\u2019Azay-le-Ferron et de Chisseaux.<\/span><\/p>\n<\/li>\n<li>\n<p align=\"justify\"><span style=\"font-size: large;\">https:\/\/www.campneuengamme.org\/ et tout particuli\u00e8rement Monique Foy.<\/span><\/p>\n<\/li>\n<li>\n<p align=\"justify\"><span style=\"font-size: large;\">Dossiers de Neuengamme n\u00b0 6 et 11 \u00e9dit\u00e9s par l\u2019Amicale de Neuengamme et de ses Kommandos. <\/span><\/p>\n<\/li>\n<li>\n<p align=\"justify\"><span style=\"font-size: large;\">https:\/\/arolsen-archives.org\/fr\/<\/span><\/p>\n<\/li>\n<li>\n<p align=\"justify\"><span style=\"font-size: large;\">https:\/\/www.memorial-compiegne.fr\/ et en particulier Julia Maitre.<\/span><\/p>\n<\/li>\n<li>\n<p align=\"justify\"><span style=\"font-size: large;\">SHD Vincennes \u2013 16P 231959.<\/span><\/p>\n<\/li>\n<li>\n<p align=\"justify\"><span style=\"font-size: large;\">SHD Caen \u2013 21P 608233 sur d\u00e9rogation sp\u00e9ciale. <\/span><\/p>\n<\/li>\n<li>\n<p align=\"justify\"><span style=\"font-size: large;\">Archives Nationales \u00e0 Pierrefitte-sur-Seine \u2013 629 MI 17.<\/span><\/p>\n<\/li>\n<li>\n<p align=\"justify\"><span style=\"font-size: large;\">Patrick Grosjean, Pr\u00e9sident de l\u2019association des Amis du Blanc et de sa r\u00e9gion.<\/span><\/p>\n<\/li>\n<li>\n<p align=\"justify\"><span style=\"font-size: large;\">M Christophe Foursac, son petit-fils pour les photos transmises (pages 1 &#8211; portrait &#8211; et 9 &#8211; d\u00e9corations).<\/span><\/p>\n<\/li>\n<li>\n<p align=\"justify\"><span style=\"font-size: large;\">Mme Arlette Nicaud. <\/span><\/p>\n<\/li>\n<li>\n<p align=\"justify\"><span style=\"font-size: large;\">Mme Avril Growcott pour la traduction anglaise. <\/span><\/p>\n<\/li>\n<\/ul>\n","protected":false},"excerpt":{"rendered":"<p>\u00c0 la fin des ann\u00e9es 1970, le conseil municipal de M\u00e9zi\u00e8res-en-Brenne a nomm\u00e9 son \u00e9cole maternelle\u00a0: Jean Foursac, en hommage au r\u00e9sistant qu\u2019il a \u00e9t\u00e9. Retour sur sa vie et ses combats. Sur son acte de naissance, il est indiqu\u00e9 Jean, Aim\u00e9, Arthur. Un second pr\u00e9nom pr\u00e9monitoire comme un hymne \u00e0 la vie qui l\u2019a&hellip;&nbsp;<a href=\"https:\/\/www.brenne-au-coeur.com\/index.php\/2023\/09\/22\/jean-foursac-itineraire-dun-homme-exemplaire\/communes\/mezieres-en-brenne\/4783\/\" rel=\"bookmark\">Lire la suite&nbsp;&raquo;<span class=\"screen-reader-text\">Jean Foursac\u00a0: itin\u00e9raire d\u2019un homme exemplaire<\/span><\/a><\/p>\n","protected":false},"author":2,"featured_media":4788,"comment_status":"open","ping_status":"open","sticky":false,"template":"","format":"standard","meta":{"rop_custom_images_group":[],"rop_custom_messages_group":[],"rop_publish_now":"initial","rop_publish_now_accounts":[],"rop_publish_now_history":[],"rop_publish_now_status":"pending","_monsterinsights_skip_tracking":false,"_monsterinsights_sitenote_active":false,"_monsterinsights_sitenote_note":"","_monsterinsights_sitenote_category":0,"neve_meta_sidebar":"","neve_meta_container":"","neve_meta_enable_content_width":"off","neve_meta_content_width":70,"neve_meta_title_alignment":"","neve_meta_author_avatar":"","neve_post_elements_order":"","neve_meta_disable_header":"","neve_meta_disable_footer":"","neve_meta_disable_title":"","_jetpack_memberships_contains_paid_content":false,"footnotes":"","jetpack_publicize_message":"","jetpack_publicize_feature_enabled":true,"jetpack_social_post_already_shared":true,"jetpack_social_options":{"image_generator_settings":{"template":"highway","default_image_id":0,"font":"","enabled":false},"version":2}},"categories":[12],"tags":[49],"class_list":["post-4783","post","type-post","status-publish","format-standard","has-post-thumbnail","hentry","category-mezieres-en-brenne","tag-histoire"],"aioseo_notices":[],"jetpack_publicize_connections":[],"jetpack_featured_media_url":"https:\/\/www.brenne-au-coeur.com\/wp-content\/uploads\/2023\/09\/jean-foursac.jpg","jetpack-related-posts":[],"jetpack_sharing_enabled":true,"_links":{"self":[{"href":"https:\/\/www.brenne-au-coeur.com\/index.php\/wp-json\/wp\/v2\/posts\/4783","targetHints":{"allow":["GET"]}}],"collection":[{"href":"https:\/\/www.brenne-au-coeur.com\/index.php\/wp-json\/wp\/v2\/posts"}],"about":[{"href":"https:\/\/www.brenne-au-coeur.com\/index.php\/wp-json\/wp\/v2\/types\/post"}],"author":[{"embeddable":true,"href":"https:\/\/www.brenne-au-coeur.com\/index.php\/wp-json\/wp\/v2\/users\/2"}],"replies":[{"embeddable":true,"href":"https:\/\/www.brenne-au-coeur.com\/index.php\/wp-json\/wp\/v2\/comments?post=4783"}],"version-history":[{"count":1,"href":"https:\/\/www.brenne-au-coeur.com\/index.php\/wp-json\/wp\/v2\/posts\/4783\/revisions"}],"predecessor-version":[{"id":4804,"href":"https:\/\/www.brenne-au-coeur.com\/index.php\/wp-json\/wp\/v2\/posts\/4783\/revisions\/4804"}],"wp:featuredmedia":[{"embeddable":true,"href":"https:\/\/www.brenne-au-coeur.com\/index.php\/wp-json\/wp\/v2\/media\/4788"}],"wp:attachment":[{"href":"https:\/\/www.brenne-au-coeur.com\/index.php\/wp-json\/wp\/v2\/media?parent=4783"}],"wp:term":[{"taxonomy":"category","embeddable":true,"href":"https:\/\/www.brenne-au-coeur.com\/index.php\/wp-json\/wp\/v2\/categories?post=4783"},{"taxonomy":"post_tag","embeddable":true,"href":"https:\/\/www.brenne-au-coeur.com\/index.php\/wp-json\/wp\/v2\/tags?post=4783"}],"curies":[{"name":"wp","href":"https:\/\/api.w.org\/{rel}","templated":true}]}}