{"id":4765,"date":"2023-08-26T12:44:43","date_gmt":"2023-08-26T10:44:43","guid":{"rendered":"https:\/\/www.brenne-au-coeur.com\/?p=4765"},"modified":"2023-08-26T13:05:46","modified_gmt":"2023-08-26T11:05:46","slug":"la-brenne-et-ses-animaux-vus-par-robert-ansel","status":"publish","type":"post","link":"https:\/\/www.brenne-au-coeur.com\/index.php\/2023\/08\/26\/la-brenne-et-ses-animaux-vus-par-robert-ansel\/maison-du-parc\/4765\/","title":{"rendered":"Les animaux de la Brenne vus par Robert Ansel"},"content":{"rendered":"<figure id=\"attachment_4766\" aria-describedby=\"caption-attachment-4766\" style=\"width: 300px\" class=\"wp-caption alignleft\"><a href=\"https:\/\/www.brenne-au-coeur.com\/wp-content\/uploads\/2023\/08\/2023-07-06-carton_expo-Robert_Ansel-UNE.jpg\" rel=\"lightbox[4765]\"><img loading=\"lazy\" decoding=\"async\" class=\"wp-image-4766 size-medium\" src=\"https:\/\/www.brenne-au-coeur.com\/wp-content\/uploads\/2023\/08\/2023-07-06-carton_expo-Robert_Ansel-UNE-300x243.jpg\" alt=\"\" width=\"300\" height=\"243\" srcset=\"https:\/\/www.brenne-au-coeur.com\/wp-content\/uploads\/2023\/08\/2023-07-06-carton_expo-Robert_Ansel-UNE-300x243.jpg 300w, https:\/\/www.brenne-au-coeur.com\/wp-content\/uploads\/2023\/08\/2023-07-06-carton_expo-Robert_Ansel-UNE-150x122.jpg 150w, https:\/\/www.brenne-au-coeur.com\/wp-content\/uploads\/2023\/08\/2023-07-06-carton_expo-Robert_Ansel-UNE.jpg 654w\" sizes=\"auto, (max-width: 300px) 100vw, 300px\" \/><\/a><figcaption id=\"caption-attachment-4766\" class=\"wp-caption-text\">Photo extraite de l&rsquo;exposition de Robert Ansel<\/figcaption><\/figure>\n<p>Jusqu\u2019au<span style=\"font-size: large;\"> 6 octobre, la Maison du Parc \u00e0 Rosnay, pr\u00e9sente une exposition de photographies r\u00e9alis\u00e9es par Robert Ansel.<\/span><\/p>\n<p><span style=\"font-size: large;\">Le photographe trouve l\u00e0 les moyens de s\u2019exprimer en offrant des clich\u00e9s d\u2019une plus grande ampleur. Le visiteur pourra appr\u00e9cier toute la qualit\u00e9 de son travail, sa sensibilit\u00e9, sa capacit\u00e9 \u00e0 saisir la vie sauvage \u00e0 deux pas de chez nous. <\/span><\/p>\n<p><span style=\"font-size: large;\">Robert Ansel est un amoureux de la nature et particuli\u00e8rement de la Brenne qu\u2019il prend en photo depuis plusieurs ann\u00e9es. Il a r\u00e9alis\u00e9 trois ouvrages. Avec <i>\u00ab\u00a0Les mammif\u00e8res sauvages <\/i><i>de la Brenne<\/i><i>\u00a0\u00bb<\/i>, il a boucl\u00e9, en quelque sorte, une trilogie ouverte avec <i>\u00ab\u00a0Les lumi\u00e8res de la la Brenne\u00a0\u00bb<\/i> et <i>\u00ab\u00a0Envol\u00a0\u00bb<\/i>. Trois ouvrages, qui t\u00e9moignage de l\u2019amour port\u00e9 par le photographe \u00e0 la r\u00e9gion aux mille \u00e9tangs.<\/span><\/p>\n<p><span style=\"font-size: large;\">Ses livres racontent la rencontre d\u2019un homme et d\u2019un pays. Ce normand, est originaire du pays de Caux. La r\u00e9gion entre Seine et c\u00f4te d\u2019Alb\u00e2tre, pour laquelle il exposera ses images, puis\u00e9es dans la campagne, comme le long du littoral. S\u00e9duit par la nature brennouse, il s\u2019est install\u00e9 \u00e0 Paulnay depuis treize ans. <i>\u00ab\u00a0\u00c0 longueur d\u2019ann\u00e9es, je sillonne <\/i><i>cette terre et je ne m\u2019en lasse pas\u00a0\u00bb<\/i>, confie-t-il. Appareil en mains, il explore tous ces lieux qui lui sont devenus familiers. Gr\u00e2ce \u00e0 la photo, il restitue la diversit\u00e9 d\u2019un monde qui le charme. <\/span><\/p>\n<figure id=\"attachment_4767\" aria-describedby=\"caption-attachment-4767\" style=\"width: 300px\" class=\"wp-caption alignright\"><a href=\"https:\/\/www.brenne-au-coeur.com\/wp-content\/uploads\/2023\/08\/Mammiferes-sauvages-5.resized.jpg\" rel=\"lightbox[4765]\"><img loading=\"lazy\" decoding=\"async\" class=\"wp-image-4767 size-medium\" src=\"https:\/\/www.brenne-au-coeur.com\/wp-content\/uploads\/2023\/08\/Mammiferes-sauvages-5.resized-300x169.jpg\" alt=\"\" width=\"300\" height=\"169\" srcset=\"https:\/\/www.brenne-au-coeur.com\/wp-content\/uploads\/2023\/08\/Mammiferes-sauvages-5.resized-300x169.jpg 300w, https:\/\/www.brenne-au-coeur.com\/wp-content\/uploads\/2023\/08\/Mammiferes-sauvages-5.resized-150x84.jpg 150w, https:\/\/www.brenne-au-coeur.com\/wp-content\/uploads\/2023\/08\/Mammiferes-sauvages-5.resized.jpg 340w\" sizes=\"auto, (max-width: 300px) 100vw, 300px\" \/><\/a><figcaption id=\"caption-attachment-4767\" class=\"wp-caption-text\">Photo tir\u00e9e du livre \u00ab\u00a0Les mammif\u00e8res sauvages de la Brenne\u00a0\u00bb<\/figcaption><\/figure>\n<p><span style=\"font-size: large;\">D\u00e8s l\u2019\u00e2ge de 16 ans il s\u2019adonne \u00e0 cet art, par des photographies en noir et blanc, principalement des portraits. Sa passion le conduira ensuite vers l\u2019ext\u00e9rieur. De la fin des ann\u00e9es 1990 \u00e0 aujourd\u2019hui il compte \u00e0 son actif de tr\u00e8s nombreuses expositions, parmi lesquelles\u00a0: <i>L<\/i><i>a f\u00eate du lin et de l\u2019aiguille<\/i>, sujet qui lui vaudra une expo au Japon, <i>Veules <\/i><i>L<\/i><i>es <\/i><i>R<\/i><i>oses avec l\u2019art <\/i><i>c<\/i><i>auchois<\/i>, <i>L<\/i><i>a <\/i><i> <\/i><i>campagne de Caux \u00e0 Goderville<\/i>, <i>L<\/i><i>a baie de Seine reposoir ornithologique<\/i> ou bien encore <i>F<\/i><i>aune et flore de la Brenne au ch\u00e2teau d\u2019Azay-le-Ferron<\/i>. Une r\u00e9trospective de 50 ans de photographie sera pr\u00e9sent\u00e9e au Moulin de M\u00e9zi\u00e8res. Dans le prolongement de sa chasse permanente aux images, Robert d\u00e9veloppe d\u2019autres activit\u00e9s. Il cr\u00e9e divers ateliers et une galerie \u00e0 Paulnay o\u00f9 il expose ses photos. Il organise aussi des visites accompagn\u00e9es qui s\u2019adressent \u00e0 tous les amoureux de la nature. Aux photographes amateurs, bien s\u00fbr, auxquels il prodigue conseils et avis, pour la technique comme pour le respect du milieu naturel et la connaissance des esp\u00e8ces. Ces promenades guid\u00e9es, concernent tout autant, les personnes simplement curieuses de d\u00e9couvrir le milieu ambiant, sans pratique de la photographie. <i>\u00ab\u00a0<\/i><i>L\u2019id\u00e9e est avant tout de favoriser l\u2019\u00e9change. Les gens sont demandeurs d\u2019informations, de partage. C\u2019est pour cette raison que je privil\u00e9gie les petits groupes de trois ou quatre personnes. Nous partons avec ma voiture et nous acc\u00e9dons \u00e0 des endroits peu fr\u00e9quent\u00e9s, donc plus propices \u00e0 la rencontre d\u2019animaux sauvages.\u00a0\u00bb <\/i><\/span><\/p>\n<figure id=\"attachment_4768\" aria-describedby=\"caption-attachment-4768\" style=\"width: 228px\" class=\"wp-caption alignleft\"><img loading=\"lazy\" decoding=\"async\" class=\"wp-image-4768\" src=\"https:\/\/www.brenne-au-coeur.com\/wp-content\/uploads\/2023\/08\/Mammiferes-sauvages-8.resized.jpg\" alt=\"\" width=\"228\" height=\"152\" srcset=\"https:\/\/www.brenne-au-coeur.com\/wp-content\/uploads\/2023\/08\/Mammiferes-sauvages-8.resized.jpg 198w, https:\/\/www.brenne-au-coeur.com\/wp-content\/uploads\/2023\/08\/Mammiferes-sauvages-8.resized-150x100.jpg 150w\" sizes=\"auto, (max-width: 228px) 100vw, 228px\" \/><figcaption id=\"caption-attachment-4768\" class=\"wp-caption-text\">Photo tir\u00e9e du livre \u00ab\u00a0Envol\u00a0\u00bb<\/figcaption><\/figure>\n<p><span style=\"font-size: large;\">Les participants b\u00e9n\u00e9ficient ainsi de l\u2019exp\u00e9rience du photographe qui rappelle volontiers que tout est affaire de patience et de pratique, pour la photographie animali\u00e8re comme pour d\u2019autres sp\u00e9cialit\u00e9s. Parmi celles-ci, le portrait demeure une activit\u00e9 \u00e0 part enti\u00e8re pour Robert. Sa galerie dispose d\u2019un \u00e9quipement permettant de r\u00e9aliser ces clich\u00e9s en tant que sujet ou pratiquant. Un autre type de photo, un autre univers. Une fa\u00e7on de montrer que pour lui, photographie rime avec activit\u00e9s multiples. <\/span><\/p>\n","protected":false},"excerpt":{"rendered":"<p>Jusqu\u2019au 6 octobre, la Maison du Parc \u00e0 Rosnay, pr\u00e9sente une exposition de photographies r\u00e9alis\u00e9es par Robert Ansel. Le photographe trouve l\u00e0 les moyens de s\u2019exprimer en offrant des clich\u00e9s d\u2019une plus grande ampleur. Le visiteur pourra appr\u00e9cier toute la qualit\u00e9 de son travail, sa sensibilit\u00e9, sa capacit\u00e9 \u00e0 saisir la vie sauvage \u00e0 deux&hellip;&nbsp;<a href=\"https:\/\/www.brenne-au-coeur.com\/index.php\/2023\/08\/26\/la-brenne-et-ses-animaux-vus-par-robert-ansel\/maison-du-parc\/4765\/\" rel=\"bookmark\">Lire la suite&nbsp;&raquo;<span class=\"screen-reader-text\">Les animaux de la Brenne vus par Robert Ansel<\/span><\/a><\/p>\n","protected":false},"author":1,"featured_media":4766,"comment_status":"open","ping_status":"open","sticky":false,"template":"","format":"standard","meta":{"rop_custom_images_group":[],"rop_custom_messages_group":[],"rop_publish_now":"initial","rop_publish_now_accounts":[],"rop_publish_now_history":[],"rop_publish_now_status":"pending","_monsterinsights_skip_tracking":false,"_monsterinsights_sitenote_active":false,"_monsterinsights_sitenote_note":"","_monsterinsights_sitenote_category":0,"neve_meta_sidebar":"","neve_meta_container":"","neve_meta_enable_content_width":"off","neve_meta_content_width":70,"neve_meta_title_alignment":"","neve_meta_author_avatar":"","neve_post_elements_order":"","neve_meta_disable_header":"","neve_meta_disable_footer":"","neve_meta_disable_title":"","_jetpack_memberships_contains_paid_content":false,"footnotes":"","jetpack_publicize_message":"","jetpack_publicize_feature_enabled":true,"jetpack_social_post_already_shared":true,"jetpack_social_options":{"image_generator_settings":{"template":"highway","default_image_id":0,"font":"","enabled":false},"version":2}},"categories":[152,153],"tags":[52,58],"class_list":["post-4765","post","type-post","status-publish","format-standard","has-post-thumbnail","hentry","category-maison-du-parc","category-rosnay","tag-exposition","tag-photographie"],"aioseo_notices":[],"jetpack_publicize_connections":[],"jetpack_featured_media_url":"https:\/\/www.brenne-au-coeur.com\/wp-content\/uploads\/2023\/08\/2023-07-06-carton_expo-Robert_Ansel-UNE.jpg","jetpack-related-posts":[],"jetpack_sharing_enabled":true,"_links":{"self":[{"href":"https:\/\/www.brenne-au-coeur.com\/index.php\/wp-json\/wp\/v2\/posts\/4765","targetHints":{"allow":["GET"]}}],"collection":[{"href":"https:\/\/www.brenne-au-coeur.com\/index.php\/wp-json\/wp\/v2\/posts"}],"about":[{"href":"https:\/\/www.brenne-au-coeur.com\/index.php\/wp-json\/wp\/v2\/types\/post"}],"author":[{"embeddable":true,"href":"https:\/\/www.brenne-au-coeur.com\/index.php\/wp-json\/wp\/v2\/users\/1"}],"replies":[{"embeddable":true,"href":"https:\/\/www.brenne-au-coeur.com\/index.php\/wp-json\/wp\/v2\/comments?post=4765"}],"version-history":[{"count":2,"href":"https:\/\/www.brenne-au-coeur.com\/index.php\/wp-json\/wp\/v2\/posts\/4765\/revisions"}],"predecessor-version":[{"id":4775,"href":"https:\/\/www.brenne-au-coeur.com\/index.php\/wp-json\/wp\/v2\/posts\/4765\/revisions\/4775"}],"wp:featuredmedia":[{"embeddable":true,"href":"https:\/\/www.brenne-au-coeur.com\/index.php\/wp-json\/wp\/v2\/media\/4766"}],"wp:attachment":[{"href":"https:\/\/www.brenne-au-coeur.com\/index.php\/wp-json\/wp\/v2\/media?parent=4765"}],"wp:term":[{"taxonomy":"category","embeddable":true,"href":"https:\/\/www.brenne-au-coeur.com\/index.php\/wp-json\/wp\/v2\/categories?post=4765"},{"taxonomy":"post_tag","embeddable":true,"href":"https:\/\/www.brenne-au-coeur.com\/index.php\/wp-json\/wp\/v2\/tags?post=4765"}],"curies":[{"name":"wp","href":"https:\/\/api.w.org\/{rel}","templated":true}]}}