{"id":4748,"date":"2023-08-26T11:57:14","date_gmt":"2023-08-26T09:57:14","guid":{"rendered":"https:\/\/www.brenne-au-coeur.com\/?p=4748"},"modified":"2023-08-26T11:57:14","modified_gmt":"2023-08-26T09:57:14","slug":"4748","status":"publish","type":"post","link":"https:\/\/www.brenne-au-coeur.com\/index.php\/2023\/08\/26\/4748\/breves\/4748\/","title":{"rendered":""},"content":{"rendered":"<p><span style=\"font-size: large;\">D\u00e9couverte de la R\u00e9serve Naturelle de Ch\u00e9rine, jeudi 07 septembre 2023<\/span><\/p>\n<p><span style=\"font-size: large;\">de 18h00 \u00e0 20h00. Anim\u00e9e par C\u00e9cile Daniel. Rendez-vous au Parking de l&rsquo;observatoire des Essarts, Ch\u00e9rine \u00e0 Saint-Michel-en-Brenne. Cette animation, en petit groupe de 8 personnes, nous donnera le privil\u00e8ge de p\u00e9n\u00e9trer au c\u0153ur de la R\u00e9serve naturelle nationale de Ch\u00e9rine. Nous \u00e9voquerons les missions de la R\u00e9serve et nous d\u00e9couvrirons, peut-\u00eatre, au hasard d\u2019une rencontre, le H\u00e9ron pourpr\u00e9, l\u2019Hottonie des marais ou encore des cervid\u00e9s\u2026.<\/span><\/p>\n<p><span style=\"font-size: large;\">R\u00e9servation obligatoire. Mini 3 &#8211; maxi 8 pers. Pr\u00e9voir des v\u00eatements de couleurs neutre adapt\u00e9s \u00e0 la m\u00e9t\u00e9o, pantalon; chapeau si n\u00e9cessaire et bouteille d&rsquo;eau. Porter des chaussures ferm\u00e9es, des bottes si le terrain est humide. Enfant \u00e0 partir de 8 ans accompagn\u00e9 d&rsquo;un adulte. Petite balade d&rsquo;environ 3km.<\/span><\/p>\n<p><span style=\"font-size: large;\">Tarifs. Adulte plein tarif&nbsp;: 9 \u20ac. Tarif enfant \u00e0 partir de 8 ans&nbsp;: 4 \u20ac. Renseignements \/ R\u00e9servation\u00a0: 02 54 28 12 13 (Maison du Parc) 02 54 28 11 00 (Maison de la Nature et de la R\u00e9serve) 02 54 28 20 28 (Office de tourisme Destination Brenne) tourisme@parc-naturel-brenne.fr www.destination-brenne.fr<\/span><\/p>\n","protected":false},"excerpt":{"rendered":"<p>D\u00e9couverte de la R\u00e9serve Naturelle de Ch\u00e9rine, jeudi 07 septembre 2023 de 18h00 \u00e0 20h00. Anim\u00e9e par C\u00e9cile Daniel. Rendez-vous au Parking de l&rsquo;observatoire des Essarts, Ch\u00e9rine \u00e0 Saint-Michel-en-Brenne. Cette animation, en petit groupe de 8 personnes, nous donnera le privil\u00e8ge de p\u00e9n\u00e9trer au c\u0153ur de la R\u00e9serve naturelle nationale de Ch\u00e9rine. Nous \u00e9voquerons les&hellip;&nbsp;<a href=\"https:\/\/www.brenne-au-coeur.com\/index.php\/2023\/08\/26\/4748\/breves\/4748\/\" rel=\"bookmark\">Lire la suite&nbsp;&raquo;<span class=\"screen-reader-text\"><\/span><\/a><\/p>\n","protected":false},"author":1,"featured_media":0,"comment_status":"open","ping_status":"open","sticky":false,"template":"","format":"standard","meta":{"rop_custom_images_group":[],"rop_custom_messages_group":[],"rop_publish_now":"initial","rop_publish_now_accounts":[],"rop_publish_now_history":[],"rop_publish_now_status":"pending","_monsterinsights_skip_tracking":false,"_monsterinsights_sitenote_active":false,"_monsterinsights_sitenote_note":"","_monsterinsights_sitenote_category":0,"neve_meta_sidebar":"","neve_meta_container":"","neve_meta_enable_content_width":"off","neve_meta_content_width":70,"neve_meta_title_alignment":"","neve_meta_author_avatar":"","neve_post_elements_order":"","neve_meta_disable_header":"","neve_meta_disable_footer":"","neve_meta_disable_title":"","_jetpack_memberships_contains_paid_content":false,"footnotes":"","jetpack_publicize_message":"","jetpack_publicize_feature_enabled":true,"jetpack_social_post_already_shared":true,"jetpack_social_options":{"image_generator_settings":{"template":"highway","default_image_id":0,"font":"","enabled":false},"version":2}},"categories":[124],"tags":[],"class_list":["post-4748","post","type-post","status-publish","format-standard","hentry","category-breves"],"aioseo_notices":[],"jetpack_publicize_connections":[],"jetpack_featured_media_url":"","jetpack-related-posts":[],"jetpack_sharing_enabled":true,"_links":{"self":[{"href":"https:\/\/www.brenne-au-coeur.com\/index.php\/wp-json\/wp\/v2\/posts\/4748","targetHints":{"allow":["GET"]}}],"collection":[{"href":"https:\/\/www.brenne-au-coeur.com\/index.php\/wp-json\/wp\/v2\/posts"}],"about":[{"href":"https:\/\/www.brenne-au-coeur.com\/index.php\/wp-json\/wp\/v2\/types\/post"}],"author":[{"embeddable":true,"href":"https:\/\/www.brenne-au-coeur.com\/index.php\/wp-json\/wp\/v2\/users\/1"}],"replies":[{"embeddable":true,"href":"https:\/\/www.brenne-au-coeur.com\/index.php\/wp-json\/wp\/v2\/comments?post=4748"}],"version-history":[{"count":1,"href":"https:\/\/www.brenne-au-coeur.com\/index.php\/wp-json\/wp\/v2\/posts\/4748\/revisions"}],"predecessor-version":[{"id":4749,"href":"https:\/\/www.brenne-au-coeur.com\/index.php\/wp-json\/wp\/v2\/posts\/4748\/revisions\/4749"}],"wp:attachment":[{"href":"https:\/\/www.brenne-au-coeur.com\/index.php\/wp-json\/wp\/v2\/media?parent=4748"}],"wp:term":[{"taxonomy":"category","embeddable":true,"href":"https:\/\/www.brenne-au-coeur.com\/index.php\/wp-json\/wp\/v2\/categories?post=4748"},{"taxonomy":"post_tag","embeddable":true,"href":"https:\/\/www.brenne-au-coeur.com\/index.php\/wp-json\/wp\/v2\/tags?post=4748"}],"curies":[{"name":"wp","href":"https:\/\/api.w.org\/{rel}","templated":true}]}}