{"id":4728,"date":"2023-08-19T16:25:58","date_gmt":"2023-08-19T14:25:58","guid":{"rendered":"https:\/\/www.brenne-au-coeur.com\/?p=4728"},"modified":"2023-08-22T09:19:23","modified_gmt":"2023-08-22T07:19:23","slug":"cine-le-blanc-place-aux-jeunes","status":"publish","type":"post","link":"https:\/\/www.brenne-au-coeur.com\/index.php\/2023\/08\/19\/cine-le-blanc-place-aux-jeunes\/le-blanc\/4728\/","title":{"rendered":"Cin\u00e9 Le Blanc, place aux jeunes."},"content":{"rendered":"<p><span style=\"font-size: large;\">Mercredi 23 ao\u00fbt \u00e0 15h00 et dimanche 27 ao\u00fbt \u00e0 17h00, le <a href=\"https:\/\/www.cine-studiorepublique.fr\/\">Cin\u00e9ma Studio R\u00e9publique<\/a> ach\u00e8vera sa s\u00e9rie de rendez-vous avec la jeunesse. 1, 2, 3 &#8230; cin\u00e9 en vacances, consiste \u00e0 pr\u00e9senter de nombreuses projections, suivies d&rsquo;animations ou ateliers con\u00e7us pour prolonger la s\u00e9ance de mani\u00e8re ludique, p\u00e9dagogique ou cr\u00e9ative. En mettant la main \u00e0 la p\u00e2te, les petits comme les grands profiteront d&rsquo;un moment privil\u00e9gi\u00e9, o\u00f9 le 7\u00e8me art et son jeune public sont \u00e0 l&rsquo;honneur.<\/span><\/p>\n<p><span style=\"font-size: large;\">Les animations sont gratuites et sans inscription, elle sont \u00e0 la suite des projections.<\/span><\/p>\n<h3 class=\"western\"><span style=\"font-size: large;\">Au programme pour ces derni\u00e8res s\u00e9ances: Les grandes vacances de Cow-boy et indien <\/span><\/h3>\n<p><span style=\"font-size: large;\"><i>Cowboy et Indien, accompagn\u00e9s de personnages loufoques et extravagants, vivent une vie pleine de rebondissements. Avec cette joyeuse \u00e9quipe, l\u2019inattendu peut survenir \u00e0 chaque instant&nbsp;! Ainsi, se rendre \u00e0 une foire agricole ou partir en vacances devient une dr\u00f4le d\u2019aventure, compl\u00e8tement rocambolesque, \u00e0 laquelle Cowboy et Indien (et Cheval) vous invitent&nbsp;!<\/i><\/span><\/p>\n<div class=\"nv-iframe-embed\"><div class=\"lyte-wrapper fourthree\" title=\"Les Grandes vacances de Cowboy et Indien | Bande-annonce officielle HD - Cin&eacute;ma Public Films\" style=\"width:420px;max-width:100%;margin:5px auto;\"><div class=\"lyMe hidef\" id=\"WYL_vQeASS_J2mU\" itemprop=\"video\" itemscope itemtype=\"https:\/\/schema.org\/VideoObject\"><div><meta itemprop=\"thumbnailUrl\" content=\"https:\/\/www.brenne-au-coeur.com\/wp-content\/plugins\/wp-youtube-lyte\/lyteCache.php?origThumbUrl=https%3A%2F%2Fi.ytimg.com%2Fvi%2FvQeASS_J2mU%2Fmaxresdefault.jpg\" \/><meta itemprop=\"embedURL\" content=\"https:\/\/www.youtube.com\/embed\/vQeASS_J2mU\" \/><meta itemprop=\"duration\" content=\"PT1M7S\" \/><meta itemprop=\"uploadDate\" content=\"2023-05-11T13:14:23Z\" \/><\/div><meta itemprop=\"accessibilityFeature\" content=\"captions\" \/><div id=\"lyte_vQeASS_J2mU\" data-src=\"https:\/\/www.brenne-au-coeur.com\/wp-content\/plugins\/wp-youtube-lyte\/lyteCache.php?origThumbUrl=https%3A%2F%2Fi.ytimg.com%2Fvi%2FvQeASS_J2mU%2Fmaxresdefault.jpg\" class=\"pL\"><div class=\"tC\"><div class=\"tT\" itemprop=\"name\">Les Grandes vacances de Cowboy et Indien | Bande-annonce officielle HD - Cin\u00e9ma Public Films<\/div><\/div><div class=\"play\"><\/div><div class=\"ctrl\"><div class=\"Lctrl\"><\/div><div class=\"Rctrl\"><\/div><\/div><\/div><noscript><a href=\"https:\/\/youtu.be\/vQeASS_J2mU\" rel=\"nofollow\"><img loading=\"lazy\" decoding=\"async\" src=\"https:\/\/www.brenne-au-coeur.com\/wp-content\/plugins\/wp-youtube-lyte\/lyteCache.php?origThumbUrl=https%3A%2F%2Fi.ytimg.com%2Fvi%2FvQeASS_J2mU%2F0.jpg\" alt=\"Les Grandes vacances de Cowboy et Indien | Bande-annonce officielle HD - Cin&eacute;ma Public Films\" width=\"420\" height=\"295\" \/><br \/>Lire cette vid\u00e9o sur YouTube<\/a><\/noscript><meta itemprop=\"description\" content=\"Les Grandes vacances de Cowboy et Indien | Bande-annonce officielle HD - Cin\u00e9ma Public Films Un programme de 52 min - D\u00e8s 6 ans Sorti au cin\u00e9ma le 7 juin 2023 R\u00e9alis\u00e9 par Vincent Patar &amp; St\u00e9phane Aubier Abonnez-vous \u00e0 notre chaine : http:\/\/urlr.me\/zgKwx ------ SYNOPSIS ------ Cowboy et Indien, accompagn\u00e9s de personnages loufoques et extravagants, vivent une vie pleine de rebondissements. Avec cette joyeuse \u00e9quipe, l\u2019inattendu peut survenir \u00e0 chaque instant ! Ainsi, se rendre \u00e0 une foire agricole ou partir en vacances devient une dr\u00f4le d\u2019aventure, compl\u00e8tement rocambolesque, \u00e0 laquelle Cowboy et Indien (et Cheval) vous invitent ! ------ QUI SOMMES-NOUS ? ------ Cin\u00e9ma Public Films est une soci\u00e9t\u00e9 de distribution sp\u00e9cialis\u00e9e dans le cin\u00e9ma d\u2019Art et Essai jeune public. Depuis plus de 30 ans, nous consacrons nos efforts \u00e0 la recherche et au d\u00e9veloppement d\u2019outils d\u2019accompagnement pour nos films, afin de leur offrir la plus belle rencontre avec leur public. Aux c\u00f4t\u00e9s des exploitants de cin\u00e9mas et des producteurs de films, nous assurons le trait d\u2019union entre les oeuvres et leurs spectateurs autour de th\u00e9matiques fortes et universelles. Notre d\u00e9sir profond d\u2019\u00e9veil et d\u2019\u00e9ducation \u00e0 l\u2019image du jeune public en salles de cin\u00e9ma nous place au premier plan des acteurs de ce secteur. Suivez nos sorties cin\u00e9ma pour le jeune public : - Notre SITE WEB : http:\/\/www.cinemapublicfilms.fr - Notre INSTAGRAM: https:\/\/www.instagram.com\/cinemapublicfilms\/ - Notre page FACEBOOK: https:\/\/www.facebook.com\/cinemapublicfilms Retrouvez nos films en DVD sur la boutique d&#039;Arte : https:\/\/boutique.arte.tv\/listing\/jeunesse\"><\/div><\/div><div class=\"lL\" style=\"max-width:100%;width:420px;margin:5px auto;\"><\/div><\/div>\n<p align=\"left\"><span style=\"font-size: large;\">Le film sera suivi d&rsquo;un go\u00fbter et d&rsquo;une animation \u00ab\u00a0d\u00e9couvre l&rsquo;animation en stop motion\u00a0\u00bb<\/span><\/p>\n<p><span style=\"font-size: large;\"><em>Tarif unique: parent ou enfant&nbsp;: 4 \u20ac. Renseignements \/ R\u00e9servation 07 89 01 17 35<\/em> <\/span><\/p>\n<p><span style=\"font-size: large;\">cinema.studio.leblanc@orange.fr <\/span><\/p>\n<p><span style=\"font-size: large;\">www.cine-studiorepublique.fr Facebook<\/span><\/p>\n<p>&nbsp;<\/p>\n","protected":false},"excerpt":{"rendered":"<p>Mercredi 23 ao\u00fbt \u00e0 15h00 et dimanche 27 ao\u00fbt \u00e0 17h00, le Cin\u00e9ma Studio R\u00e9publique ach\u00e8vera sa s\u00e9rie de rendez-vous avec la jeunesse. 1, 2, 3 &#8230; cin\u00e9 en vacances, consiste \u00e0 pr\u00e9senter de nombreuses projections, suivies d&rsquo;animations ou ateliers con\u00e7us pour prolonger la s\u00e9ance de mani\u00e8re ludique, p\u00e9dagogique ou cr\u00e9ative. En mettant la main&hellip;&nbsp;<a href=\"https:\/\/www.brenne-au-coeur.com\/index.php\/2023\/08\/19\/cine-le-blanc-place-aux-jeunes\/le-blanc\/4728\/\" rel=\"bookmark\">Lire la suite&nbsp;&raquo;<span class=\"screen-reader-text\">Cin\u00e9 Le Blanc, place aux jeunes.<\/span><\/a><\/p>\n","protected":false},"author":1,"featured_media":4729,"comment_status":"open","ping_status":"open","sticky":false,"template":"","format":"standard","meta":{"rop_custom_images_group":[],"rop_custom_messages_group":[],"rop_publish_now":"initial","rop_publish_now_accounts":[],"rop_publish_now_history":[],"rop_publish_now_status":"pending","_monsterinsights_skip_tracking":false,"_monsterinsights_sitenote_active":false,"_monsterinsights_sitenote_note":"","_monsterinsights_sitenote_category":0,"neve_meta_sidebar":"","neve_meta_container":"","neve_meta_enable_content_width":"off","neve_meta_content_width":70,"neve_meta_title_alignment":"","neve_meta_author_avatar":"","neve_post_elements_order":"","neve_meta_disable_header":"","neve_meta_disable_footer":"","neve_meta_disable_title":"","_jetpack_memberships_contains_paid_content":false,"footnotes":"","jetpack_publicize_message":"","jetpack_publicize_feature_enabled":true,"jetpack_social_post_already_shared":true,"jetpack_social_options":{"image_generator_settings":{"template":"highway","default_image_id":0,"font":"","enabled":false},"version":2}},"categories":[101],"tags":[47,36],"class_list":["post-4728","post","type-post","status-publish","format-standard","has-post-thumbnail","hentry","category-le-blanc","tag-cinema","tag-jeunesse"],"aioseo_notices":[],"jetpack_publicize_connections":[],"jetpack_featured_media_url":"https:\/\/www.brenne-au-coeur.com\/wp-content\/uploads\/2023\/08\/cine-le-blanc.jpeg","jetpack-related-posts":[],"jetpack_sharing_enabled":true,"_links":{"self":[{"href":"https:\/\/www.brenne-au-coeur.com\/index.php\/wp-json\/wp\/v2\/posts\/4728","targetHints":{"allow":["GET"]}}],"collection":[{"href":"https:\/\/www.brenne-au-coeur.com\/index.php\/wp-json\/wp\/v2\/posts"}],"about":[{"href":"https:\/\/www.brenne-au-coeur.com\/index.php\/wp-json\/wp\/v2\/types\/post"}],"author":[{"embeddable":true,"href":"https:\/\/www.brenne-au-coeur.com\/index.php\/wp-json\/wp\/v2\/users\/1"}],"replies":[{"embeddable":true,"href":"https:\/\/www.brenne-au-coeur.com\/index.php\/wp-json\/wp\/v2\/comments?post=4728"}],"version-history":[{"count":3,"href":"https:\/\/www.brenne-au-coeur.com\/index.php\/wp-json\/wp\/v2\/posts\/4728\/revisions"}],"predecessor-version":[{"id":4743,"href":"https:\/\/www.brenne-au-coeur.com\/index.php\/wp-json\/wp\/v2\/posts\/4728\/revisions\/4743"}],"wp:featuredmedia":[{"embeddable":true,"href":"https:\/\/www.brenne-au-coeur.com\/index.php\/wp-json\/wp\/v2\/media\/4729"}],"wp:attachment":[{"href":"https:\/\/www.brenne-au-coeur.com\/index.php\/wp-json\/wp\/v2\/media?parent=4728"}],"wp:term":[{"taxonomy":"category","embeddable":true,"href":"https:\/\/www.brenne-au-coeur.com\/index.php\/wp-json\/wp\/v2\/categories?post=4728"},{"taxonomy":"post_tag","embeddable":true,"href":"https:\/\/www.brenne-au-coeur.com\/index.php\/wp-json\/wp\/v2\/tags?post=4728"}],"curies":[{"name":"wp","href":"https:\/\/api.w.org\/{rel}","templated":true}]}}