{"id":4711,"date":"2023-08-11T16:09:26","date_gmt":"2023-08-11T14:09:26","guid":{"rendered":"https:\/\/www.brenne-au-coeur.com\/?p=4711"},"modified":"2023-08-22T09:26:47","modified_gmt":"2023-08-22T07:26:47","slug":"a-lire-ou-relire","status":"publish","type":"post","link":"https:\/\/www.brenne-au-coeur.com\/index.php\/2023\/08\/11\/a-lire-ou-relire\/a-lire\/4711\/","title":{"rendered":"\u00c0 lire ou relire"},"content":{"rendered":"<p><span style=\"font-size: large;\">En ces jours d&rsquo;\u00e9t\u00e9, entre agitation ou farniente, in\u00e9dits ou \u00e9ditions de poche, <a href=\"https:\/\/chantiersdeculture.com\/\"><strong><em>Chantiers de culture<\/em> <\/strong><\/a>vous propose sa traditionnelle s\u00e9lection de livres. Du polar \u00e9cologique \u00e0 la chute industrielle (Olivier Norek, Christian Astolfi), d&rsquo;un coup d&rsquo;\u00e9tat \u00e0 un coup d&rsquo;\u00e9clat (Emmanuelle Heidsieck, Sara Bourre)&#8230; Pour finir avec quelques nouvelles fra\u00eeches en provenance de Croatie (Jurica Pavi\u010di\u0107) et d&rsquo;Italie (Erri De Luca).<\/span><\/p>\n<p><span style=\"font-size: large;\"><a href=\"https:\/\/www.brenne-au-coeur.com\/wp-content\/uploads\/2023\/08\/lire3.jpg\" rel=\"lightbox[4711]\"><img loading=\"lazy\" decoding=\"async\" class=\"alignleft wp-image-4714 size-medium\" src=\"https:\/\/www.brenne-au-coeur.com\/wp-content\/uploads\/2023\/08\/lire3-300x150.jpg\" alt=\"\" width=\"300\" height=\"150\" srcset=\"https:\/\/www.brenne-au-coeur.com\/wp-content\/uploads\/2023\/08\/lire3-300x150.jpg 300w, https:\/\/www.brenne-au-coeur.com\/wp-content\/uploads\/2023\/08\/lire3-150x75.jpg 150w, https:\/\/www.brenne-au-coeur.com\/wp-content\/uploads\/2023\/08\/lire3.jpg 558w\" sizes=\"auto, (max-width: 300px) 100vw, 300px\" \/><\/a>En m\u00e9moire de sa fille mort-n\u00e9e pour cause de pollution atmosph\u00e9rique, l&rsquo;homme a fait promesse de lutter contre les pollueurs de la plan\u00e8te, les entreprises p\u00e9troli\u00e8res en premier chef et les banques qui financent leurs exploitations mortif\u00e8res. Virgil Solal, l&rsquo;ancien militaire, use certes de proc\u00e9d\u00e9s r\u00e9pr\u00e9hensibles pour aboutir \u00e0 ses fins, mais \u00e0 l&rsquo; <i><b>impact<\/b><\/i><i> <\/i>m\u00e9diatique cons\u00e9quent&nbsp;: le rapt de hauts dirigeants et l&rsquo;exigence d&rsquo;une forte ran\u00e7on contre leur lib\u00e9ration, leur ex\u00e9cution en cas de refus des actionnaires&nbsp;!<\/span><\/p>\n<p><span style=\"font-size: large;\"><a href=\"https:\/\/www.brenne-au-coeur.com\/wp-content\/uploads\/2023\/08\/norek.jpg\" rel=\"lightbox[4711]\"><img loading=\"lazy\" decoding=\"async\" class=\"alignright wp-image-4715\" src=\"https:\/\/www.brenne-au-coeur.com\/wp-content\/uploads\/2023\/08\/norek-300x248.jpg\" alt=\"\" width=\"226\" height=\"187\" srcset=\"https:\/\/www.brenne-au-coeur.com\/wp-content\/uploads\/2023\/08\/norek-300x248.jpg 300w, https:\/\/www.brenne-au-coeur.com\/wp-content\/uploads\/2023\/08\/norek-150x124.jpg 150w, https:\/\/www.brenne-au-coeur.com\/wp-content\/uploads\/2023\/08\/norek.jpg 537w\" sizes=\"auto, (max-width: 226px) 100vw, 226px\" \/><\/a>Un roman noir \u00e0 l&rsquo;intrigue vraiment originale, un plaidoyer \u00e9cologique qu&rsquo;Olivier Noreck appuie sur une solide documentation \u00e0 propos des d\u00e9sastres plan\u00e9taires. D\u00e9non\u00e7ant les lobbys financiers, les profits \u00e0 court terme des industriels, l&rsquo;impuissance voire la complaisance des politiciens \u00e0 leur \u00e9gard&#8230; Une intrigue forte et haletante, une histoire qui fait froid dans le dos \u00e0 l&rsquo;heure du r\u00e9chauffement climatique, un plaisir de lecture nourri d&rsquo;une utopie salvatrice.<\/span><\/p>\n<p><span style=\"font-size: large;\"><a href=\"https:\/\/www.brenne-au-coeur.com\/wp-content\/uploads\/2023\/08\/noreck1.jpg\" rel=\"lightbox[4711]\"><img loading=\"lazy\" decoding=\"async\" class=\"alignleft wp-image-4716\" src=\"https:\/\/www.brenne-au-coeur.com\/wp-content\/uploads\/2023\/08\/noreck1-300x222.jpg\" alt=\"\" width=\"257\" height=\"190\" srcset=\"https:\/\/www.brenne-au-coeur.com\/wp-content\/uploads\/2023\/08\/noreck1-300x222.jpg 300w, https:\/\/www.brenne-au-coeur.com\/wp-content\/uploads\/2023\/08\/noreck1-150x111.jpg 150w, https:\/\/www.brenne-au-coeur.com\/wp-content\/uploads\/2023\/08\/noreck1.jpg 532w\" sizes=\"auto, (max-width: 257px) 100vw, 257px\" \/><\/a>Et \u00a0les requins de la finance n&rsquo;h\u00e9sitent pas \u00e0 diversifier leurs portefeuilles. Usant les hommes jusqu&rsquo;\u00e0 leur dernier souffle, les rejetant \u00e0 terre lorsque les profits ne sont plus au rendez-vous. Ainsi en va-t-il des chantiers navals de La Seyne-sur-Mer, fleuron industriel et identit\u00e9 d&rsquo;une ville. <i><b>De notre monde emport\u00e9<\/b><\/i>, sign\u00e9 de Christian Astolfi, est plus qu&rsquo;un petit bijou litt\u00e9raire, la chronique d&rsquo;une catastrophe annonc\u00e9e. La saga d&rsquo;ouvriers fiers et investis au chevet des mastodontes des mers, racont\u00e9e par Narval l&rsquo;un d&rsquo;eux qui a pris la rel\u00e8ve de son p\u00e8re, essouffl\u00e9 par une insidieuse poussi\u00e8re et victime de la rentabilit\u00e9 financi\u00e8re. Le roman de la fiert\u00e9 ouvri\u00e8re, de la beaut\u00e9 du m\u00e9tier et de la force de la solidarit\u00e9, de la lutte aussi pour obtenir r\u00e9paration face aux commanditaires qui ont distill\u00e9 le poison de l&rsquo;amiante alors qu&rsquo;ils savaient. Du scandale sanitaire \u00e0 la catastrophe industrielle, de l&rsquo;\u00e9mouvante fraternit\u00e9 entre prol\u00e9taires \u00e0 la nostalgie d&rsquo;un monde assassin\u00e9, des poumons asphyxi\u00e9s \u00e0 la mort sociale, la sueur et la fureur entre les lignes.<\/span><\/p>\n<p><span style=\"font-size: large;\"><a href=\"https:\/\/www.brenne-au-coeur.com\/wp-content\/uploads\/2023\/08\/noreck2.jpg\" rel=\"lightbox[4711]\"><img loading=\"lazy\" decoding=\"async\" class=\"alignright wp-image-4717\" src=\"https:\/\/www.brenne-au-coeur.com\/wp-content\/uploads\/2023\/08\/noreck2-300x169.jpg\" alt=\"\" width=\"273\" height=\"154\" srcset=\"https:\/\/www.brenne-au-coeur.com\/wp-content\/uploads\/2023\/08\/noreck2-300x169.jpg 300w, https:\/\/www.brenne-au-coeur.com\/wp-content\/uploads\/2023\/08\/noreck2-150x84.jpg 150w, https:\/\/www.brenne-au-coeur.com\/wp-content\/uploads\/2023\/08\/noreck2.jpg 534w\" sizes=\"auto, (max-width: 273px) 100vw, 273px\" \/><\/a>Avec Emmanuelle Heidsieck, le silence a \u00e9touff\u00e9 la fureur, il vaut mieux d\u00e9sormais parler en sourdine. Depuis le coup d&rsquo;\u00e9tat militaire et la prise du pouvoir par l&rsquo;extr\u00eame-droite, il y a d\u00e9j\u00e0 dix ans que la France n&rsquo;est plus le pays des droits de l&rsquo;homme&nbsp;! Avant de quitter Paris en catimini, la vieille dame ose parler et se confier.\u00a0\u00ab&nbsp;On ne voulait pas y croire, on ne pouvait pas y croire. Et pourtant, que de signes avant-coureurs&nbsp;\u00bb, se souvient-elle dans <i><b>Il faut y aller maintenant<\/b><\/i>. Et d&rsquo;\u00e9num\u00e9rer les mots d\u00e9vers\u00e9s en continu sur les ondes ou \u00e0 la t\u00e9l\u00e9, comme autant de signes avant-coureurs&nbsp;: grand remplacement\/anti-France\/climat d\u2019exasp\u00e9ration\/r\u00e9tablir l\u2019ordre\/symbole d\u2019autorit\u00e9\u2026 Malgr\u00e9 son \u00e2ge avanc\u00e9, In\u00e8s sait que son nom est inscrit sur une liste noire, il n&rsquo;est plus temps de tergiverser, il faut tout quitter. Fuir, n&rsquo;importe o\u00f9 sauf aux \u00c9tats-Unis,\u00a0\u00ab&nbsp;sur la m\u00eame pente que nous&nbsp;\u00bb&nbsp;! Une plume s\u00e8che, ac\u00e9r\u00e9e, gla\u00e7ante pour un signal d&rsquo;alerte qui transperce la conscience des lecteurs&nbsp;: devant l&rsquo;avenir incertain, rester ou partir&nbsp;? Entre fiction et r\u00e9alit\u00e9, la litt\u00e9rature avance masqu\u00e9e.<\/span><\/p>\n<p><span style=\"font-size: large;\"><a href=\"https:\/\/www.brenne-au-coeur.com\/wp-content\/uploads\/2023\/08\/noreck3.jpg\" rel=\"lightbox[4711]\"><img loading=\"lazy\" decoding=\"async\" class=\"alignleft wp-image-4712\" src=\"https:\/\/www.brenne-au-coeur.com\/wp-content\/uploads\/2023\/08\/noreck3-300x300.jpg\" alt=\"\" width=\"231\" height=\"231\" srcset=\"https:\/\/www.brenne-au-coeur.com\/wp-content\/uploads\/2023\/08\/noreck3-300x300.jpg 300w, https:\/\/www.brenne-au-coeur.com\/wp-content\/uploads\/2023\/08\/noreck3-150x150.jpg 150w, https:\/\/www.brenne-au-coeur.com\/wp-content\/uploads\/2023\/08\/noreck3-45x45.jpg 45w, https:\/\/www.brenne-au-coeur.com\/wp-content\/uploads\/2023\/08\/noreck3.jpg 528w\" sizes=\"auto, (max-width: 231px) 100vw, 231px\" \/><\/a>L&rsquo;absence est pesante, sans rien dire elle a fui. Ce matin-l\u00e0, ou \u00e0 un autre moment peu importe, l&rsquo;enfant se retrouve seul, sa m\u00e8re a disparu, la fillette s&rsquo;interroge. <i><b>Maman, la nuit<\/b><\/i> de Sara Bourre se r\u00e9v\u00e8le \u00e9trange roman, \u00e9tranger \u00e0 toute \u00e9criture format\u00e9e. Une plume \u00e0 hauteur d&rsquo;enfant, dialogue imagin\u00e9 entre l&rsquo;absente et la survivante de celle que l&rsquo;on suppose encore vivante. Qui conte les joies et les peurs d&rsquo;un temps pas encore oubli\u00e9, les sourires et les pleurs au c\u00f4t\u00e9 d&rsquo;une m\u00e8re \u00e0 l&rsquo;esprit tourment\u00e9&#8230; Un livre surprenant et troublant, aussi po\u00e9tique qu&rsquo;\u00e9nigmatique, qui nous livre au compte-goutte des bribes de vie caboss\u00e9e&nbsp;: une m\u00e8re sujette aux cancans du village, l&rsquo;ambivalence des sentiments entre la fille et la maman qui songea \u00e0 l&rsquo;avortement, la pr\u00e9sence d&rsquo;un prof de coll\u00e8ge au comportement ambigu entre l&rsquo;une et l&rsquo;autre&#8230; Entre amour maternel et d\u00e9sir de r\u00e9bellion, le roman d&rsquo;une qu\u00eate d&rsquo;absolu qui se fracasse dans la chaleur et la violence du quotidien.<\/span><\/p>\n<p><span style=\"font-size: large;\"><a href=\"https:\/\/www.brenne-au-coeur.com\/wp-content\/uploads\/2023\/08\/noreck4.jpg\" rel=\"lightbox[4711]\"><img loading=\"lazy\" decoding=\"async\" class=\"alignright wp-image-4713\" src=\"https:\/\/www.brenne-au-coeur.com\/wp-content\/uploads\/2023\/08\/noreck4-300x199.jpg\" alt=\"\" width=\"262\" height=\"174\" srcset=\"https:\/\/www.brenne-au-coeur.com\/wp-content\/uploads\/2023\/08\/noreck4-300x199.jpg 300w, https:\/\/www.brenne-au-coeur.com\/wp-content\/uploads\/2023\/08\/noreck4-150x100.jpg 150w, https:\/\/www.brenne-au-coeur.com\/wp-content\/uploads\/2023\/08\/noreck4-272x182.jpg 272w, https:\/\/www.brenne-au-coeur.com\/wp-content\/uploads\/2023\/08\/noreck4.jpg 522w\" sizes=\"auto, (max-width: 262px) 100vw, 262px\" \/><\/a>La vie du <i><b>Collectionneur de serpents<\/b><\/i> volera aussi en \u00e9clats dans cette guerre fratricide qui oppose les peuples de l&rsquo;ex-Yougoslavie. La premi\u00e8re des cinq nouvelles qui donne son titre au recueil de Jurica Pavi\u010di\u0107, l&rsquo;\u00e9crivain croate couronn\u00e9 du Grand prix de litt\u00e9rature polici\u00e8re en 2021 pour <i><b>L\u2019eau rouge<\/b><\/i>&#8230; Entre le polar et le roman (ne pas manquer de poursuivre la lecture avec <i><b>La femme du deuxi\u00e8me \u00e9tage<\/b><\/i>, absolument envo\u00fbtant), aujourd&rsquo;hui la nouvelle, l&rsquo;homme ne choisit pas son camp dans les formes litt\u00e9raires, titillant l&rsquo;excellence dans tous les genres&nbsp;! D\u2019un r\u00e9cit l\u2019autre, l\u2019auteur nous donne ainsi des nouvelles de son pays. Cinq regards embl\u00e9matiques qui relatent autant l\u2019\u00e9clatement des bombes en temps de guerre que l\u2019\u00e9clatement des familles et des sentiments en des lendemains pas toujours enchanteurs. Amours et violences, jalousies et trahisons, musique et mauvais alcool rythment le quotidien d\u2019hommes et de femmes happ\u00e9s par la bora, le mistral de l\u00e0-bas, hant\u00e9s par le vent de l\u2019histoire. Du mariage aux fun\u00e9railles, entre solitude et solidarit\u00e9, la photographie tendre et chaleureuse, pourtant sans concession sur les d\u00e9rives financi\u00e8res et immobili\u00e8res, d\u2019un peuple en totale mutation.<\/span><\/p>\n<p><span style=\"font-size: large;\"><a href=\"https:\/\/www.brenne-au-coeur.com\/wp-content\/uploads\/2023\/08\/noreck5.jpg\" rel=\"lightbox[4711]\"><img loading=\"lazy\" decoding=\"async\" class=\"alignleft wp-image-4718 size-medium\" src=\"https:\/\/www.brenne-au-coeur.com\/wp-content\/uploads\/2023\/08\/noreck5-300x157.jpg\" alt=\"\" width=\"300\" height=\"157\" srcset=\"https:\/\/www.brenne-au-coeur.com\/wp-content\/uploads\/2023\/08\/noreck5-300x157.jpg 300w, https:\/\/www.brenne-au-coeur.com\/wp-content\/uploads\/2023\/08\/noreck5-150x79.jpg 150w, https:\/\/www.brenne-au-coeur.com\/wp-content\/uploads\/2023\/08\/noreck5.jpg 529w\" sizes=\"auto, (max-width: 300px) 100vw, 300px\" \/><\/a>De nouvelles, il en est aussi question dans <i><b>Grandeur nature<\/b><\/i> de l\u2019auteur italien Erri de Luca, esp\u00e9rons-le, prochainement prix Nobel de litt\u00e9rature\u00a0! Huit nouvelles in\u00e9dites, sans compter <i><b>Le tort du soldat<\/b><\/i> en une nouvelle version\u2026 Un recueil centr\u00e9 sur la relation parent-enfant, un paradoxe pour celui qui s\u2019en confesse \u00e9tranger dans la pr\u00e9face. \u00ab\u00a0Je ne suis pas un p\u00e8re. Ma semence se dess\u00e8che avec moi, elle n\u2019a pas trouv\u00e9 de chemin pour devenir (\u2026) N\u2019\u00e9tant pas p\u00e8re, je suis rest\u00e9 n\u00e9cessairement fils\u00a0\u00bb. En fabuleux conteur qu\u2019il demeure, qu\u2019il rende hommage \u00e0 son propre p\u00e8re qui lui a l\u00e9gu\u00e9 l\u2019amour du livre et de la montagne, qu\u2019il narre les rapports ambigus entre Abraham et son fils Isaac, qu\u2019il raconte les tourments d\u2019une fille \u00e0 la d\u00e9couverte du pass\u00e9 nazi de son p\u00e8re, De Luca en un phras\u00e9 limpide et po\u00e9tique transfigure chaque histoire en incroyable \u00e9pop\u00e9e ou trag\u00e9die absolue. Glissant de l&rsquo;intime \u00e0 l&rsquo;universel, l&rsquo;expression de valeurs qui, tel son regard d&rsquo;une infinie tendresse, colorent d&rsquo;un bleu azur chaque ligne couch\u00e9e sur le papier\u00a0: fid\u00e9lit\u00e9, fraternit\u00e9, sinc\u00e9rit\u00e9. Yonnel Li\u00e9geois<\/span><\/p>\n<p><span style=\"font-size: large;\"><i><b>Impact, d\u2019Olivier Noreck (Pocket, 303 p., 8\u20ac). De notre monde emport\u00e9, de Christian Astolfi (Pocket, 186 p., 7\u20ac30). Il faut y aller, maintenant, d\u2019Emmanuelle Heidsieck (\u00c9ditions du faubourg, 107 p., 15\u20ac). Maman, la nuit, de Sara Bourre (Les \u00e9ditions noir sur blanc, 193 p., 19\u20ac50). Le collectionneur de serpents, de Jurica Pavi\u010di\u0107 (Agullo, 178 p., 12\u20ac90). Grandeur nature, d\u2019Erri De Luca (Gallimard, 168 p., 18\u20ac).<\/b><\/i><\/span><\/p>\n","protected":false},"excerpt":{"rendered":"<p>En ces jours d&rsquo;\u00e9t\u00e9, entre agitation ou farniente, in\u00e9dits ou \u00e9ditions de poche, Chantiers de culture vous propose sa traditionnelle s\u00e9lection de livres. Du polar \u00e9cologique \u00e0 la chute industrielle (Olivier Norek, Christian Astolfi), d&rsquo;un coup d&rsquo;\u00e9tat \u00e0 un coup d&rsquo;\u00e9clat (Emmanuelle Heidsieck, Sara Bourre)&#8230; Pour finir avec quelques nouvelles fra\u00eeches en provenance de Croatie&hellip;&nbsp;<a href=\"https:\/\/www.brenne-au-coeur.com\/index.php\/2023\/08\/11\/a-lire-ou-relire\/a-lire\/4711\/\" rel=\"bookmark\">Lire la suite&nbsp;&raquo;<span class=\"screen-reader-text\">\u00c0 lire ou relire<\/span><\/a><\/p>\n","protected":false},"author":1,"featured_media":4714,"comment_status":"open","ping_status":"open","sticky":false,"template":"","format":"standard","meta":{"rop_custom_images_group":[],"rop_custom_messages_group":[],"rop_publish_now":"initial","rop_publish_now_accounts":[],"rop_publish_now_history":[],"rop_publish_now_status":"pending","_monsterinsights_skip_tracking":false,"_monsterinsights_sitenote_active":false,"_monsterinsights_sitenote_note":"","_monsterinsights_sitenote_category":0,"neve_meta_sidebar":"","neve_meta_container":"","neve_meta_enable_content_width":"off","neve_meta_content_width":70,"neve_meta_title_alignment":"","neve_meta_author_avatar":"","neve_post_elements_order":"","neve_meta_disable_header":"","neve_meta_disable_footer":"","neve_meta_disable_title":"","_jetpack_memberships_contains_paid_content":false,"footnotes":"","jetpack_publicize_message":"","jetpack_publicize_feature_enabled":true,"jetpack_social_post_already_shared":true,"jetpack_social_options":{"image_generator_settings":{"template":"highway","default_image_id":0,"font":"","enabled":false},"version":2}},"categories":[70,149],"tags":[39],"class_list":["post-4711","post","type-post","status-publish","format-standard","has-post-thumbnail","hentry","category-a-lire","category-chantiers-de-culture","tag-litterature"],"aioseo_notices":[],"jetpack_publicize_connections":[],"jetpack_featured_media_url":"https:\/\/www.brenne-au-coeur.com\/wp-content\/uploads\/2023\/08\/lire3.jpg","jetpack-related-posts":[],"jetpack_sharing_enabled":true,"_links":{"self":[{"href":"https:\/\/www.brenne-au-coeur.com\/index.php\/wp-json\/wp\/v2\/posts\/4711","targetHints":{"allow":["GET"]}}],"collection":[{"href":"https:\/\/www.brenne-au-coeur.com\/index.php\/wp-json\/wp\/v2\/posts"}],"about":[{"href":"https:\/\/www.brenne-au-coeur.com\/index.php\/wp-json\/wp\/v2\/types\/post"}],"author":[{"embeddable":true,"href":"https:\/\/www.brenne-au-coeur.com\/index.php\/wp-json\/wp\/v2\/users\/1"}],"replies":[{"embeddable":true,"href":"https:\/\/www.brenne-au-coeur.com\/index.php\/wp-json\/wp\/v2\/comments?post=4711"}],"version-history":[{"count":3,"href":"https:\/\/www.brenne-au-coeur.com\/index.php\/wp-json\/wp\/v2\/posts\/4711\/revisions"}],"predecessor-version":[{"id":4745,"href":"https:\/\/www.brenne-au-coeur.com\/index.php\/wp-json\/wp\/v2\/posts\/4711\/revisions\/4745"}],"wp:featuredmedia":[{"embeddable":true,"href":"https:\/\/www.brenne-au-coeur.com\/index.php\/wp-json\/wp\/v2\/media\/4714"}],"wp:attachment":[{"href":"https:\/\/www.brenne-au-coeur.com\/index.php\/wp-json\/wp\/v2\/media?parent=4711"}],"wp:term":[{"taxonomy":"category","embeddable":true,"href":"https:\/\/www.brenne-au-coeur.com\/index.php\/wp-json\/wp\/v2\/categories?post=4711"},{"taxonomy":"post_tag","embeddable":true,"href":"https:\/\/www.brenne-au-coeur.com\/index.php\/wp-json\/wp\/v2\/tags?post=4711"}],"curies":[{"name":"wp","href":"https:\/\/api.w.org\/{rel}","templated":true}]}}