{"id":4666,"date":"2023-08-05T17:02:25","date_gmt":"2023-08-05T15:02:25","guid":{"rendered":"https:\/\/www.brenne-au-coeur.com\/?p=4666"},"modified":"2023-08-05T17:02:25","modified_gmt":"2023-08-05T15:02:25","slug":"eliminer-les-armes-nucleaires","status":"publish","type":"post","link":"https:\/\/www.brenne-au-coeur.com\/index.php\/2023\/08\/05\/eliminer-les-armes-nucleaires\/evenements\/4666\/","title":{"rendered":"\u00c9liminer les armes nucl\u00e9aires\u00a0!"},"content":{"rendered":"<p><span style=\"font-size: large;\">78 ans apr\u00e8s les bombardements atomiques sur Hiroshima et Nagasaki<\/span><\/p>\n<p><span style=\"font-size: large;\">\u00ab&nbsp;Les armes nucl\u00e9aires sont ill\u00e9gales, dangereuses, co\u00fbteuses et moralement inadmissibles. Les 9 \u00c9tats d\u00e9tenteurs d\u2019armes nucl\u00e9aires doivent s\u2019engager dans leur \u00e9limination totale&nbsp;!&nbsp;\u00bb<\/span><\/p>\n<figure id=\"attachment_4667\" aria-describedby=\"caption-attachment-4667\" style=\"width: 291px\" class=\"wp-caption alignleft\"><a href=\"https:\/\/www.brenne-au-coeur.com\/wp-content\/uploads\/2023\/08\/hiroshima.jpeg\" rel=\"lightbox[4666]\"><img loading=\"lazy\" decoding=\"async\" class=\"wp-image-4667 size-full\" src=\"https:\/\/www.brenne-au-coeur.com\/wp-content\/uploads\/2023\/08\/hiroshima.jpeg\" alt=\"\" width=\"291\" height=\"173\" srcset=\"https:\/\/www.brenne-au-coeur.com\/wp-content\/uploads\/2023\/08\/hiroshima.jpeg 291w, https:\/\/www.brenne-au-coeur.com\/wp-content\/uploads\/2023\/08\/hiroshima-150x89.jpeg 150w\" sizes=\"auto, (max-width: 291px) 100vw, 291px\" \/><\/a><figcaption id=\"caption-attachment-4667\" class=\"wp-caption-text\">Hiroshima apr\u00e8s la bombe atomique.<\/figcaption><\/figure>\n<p><span style=\"font-size: large;\">Partout dans le monde les 6 et 9 ao\u00fbt, comme tous les ans, les actions se d\u00e9veloppent pour d\u00e9noncer les crimes contre l&rsquo;humanit\u00e9 que furent les bombardements atomiques des USA sur les villes d&rsquo;Hiroshima et de Nagasaki qui ont provoqu\u00e9 des centaines milliers de morts surtout civils. C\u2019est aussi le moment pour exiger l\u2019\u00e9limination totale des armes nucl\u00e9aires pr\u00e9vue par le droit international.<\/span><\/p>\n<p><span style=\"font-size: large;\">Dans le contexte international actuel, beaucoup de citoyen-ne-s, \u00e0 travers le monde, sont inquiets de la possible utilisation d\u2019armes nucl\u00e9aires en Ukraine. Il y a quelques jours, Dmitri Medvedev ancien pr\u00e9sident de Russie et actuel vice-pr\u00e9sident du Conseil de s\u00e9curit\u00e9 de Russie a menac\u00e9 \u00e0 nouveau d&rsquo;utilisation des armes nucl\u00e9aires en d\u00e9clarant que la Russie \u00ab&nbsp;n&rsquo;h\u00e9siterait pas \u00e0 utiliser l&rsquo;arme nucl\u00e9aire en cas de succ\u00e8s de la contre-offensive ukrainienne&nbsp;\u00bb<\/span><\/p>\n<p><span style=\"font-size: large;\">(source TV5 Monde, Figaro etc.).<\/span><\/p>\n<p><span style=\"font-size: large;\">Le Mouvement de la Paix rappelle que les armes nucl\u00e9aires sont ill\u00e9gales au regard du droit international, dangereuses, co\u00fbteuses et moralement inadmissibles.<\/span><\/p>\n<p><span style=\"font-size: large;\">Leur \u00e9limination est pr\u00e9vue par l&rsquo;article 6 du TNP (Trait\u00e9 de Non-Prolif\u00e9ration des armes nucl\u00e9aires) et dans le Trait\u00e9 sur l\u2019Interdiction des Armes Nucl\u00e9aires (TIAN) vot\u00e9 \u00e0 l\u2019ONU le 7 juillet 2017 et entr\u00e9 en vigueur le 22 janvier 2021.<\/span><\/p>\n<p><span style=\"font-size: large;\">Actuellement \u00e0 Vienne en Autriche, du 31 juillet au 11 ao\u00fbt 2023, se tient la r\u00e9union du premier comit\u00e9 pr\u00e9paratoire de la prochaine conf\u00e9rence d\u2019examen du TNP (2026) \u00e0 laquelle participe la France mais aussi de nombreuses O.N.G. dont le Mouvement de la Paix \u00e0 titre consultatif.<\/span><\/p>\n<figure id=\"attachment_4668\" aria-describedby=\"caption-attachment-4668\" style=\"width: 275px\" class=\"wp-caption alignright\"><a href=\"https:\/\/www.brenne-au-coeur.com\/wp-content\/uploads\/2023\/08\/memorial-paix.jpeg\" rel=\"lightbox[4666]\"><img loading=\"lazy\" decoding=\"async\" class=\"wp-image-4668 size-full\" src=\"https:\/\/www.brenne-au-coeur.com\/wp-content\/uploads\/2023\/08\/memorial-paix.jpeg\" alt=\"\" width=\"275\" height=\"183\" srcset=\"https:\/\/www.brenne-au-coeur.com\/wp-content\/uploads\/2023\/08\/memorial-paix.jpeg 275w, https:\/\/www.brenne-au-coeur.com\/wp-content\/uploads\/2023\/08\/memorial-paix-150x100.jpeg 150w, https:\/\/www.brenne-au-coeur.com\/wp-content\/uploads\/2023\/08\/memorial-paix-272x182.jpeg 272w\" sizes=\"auto, (max-width: 275px) 100vw, 275px\" \/><\/a><figcaption id=\"caption-attachment-4668\" class=\"wp-caption-text\">M\u00e9morial de la paix \u00e0 Hiroshima.<\/figcaption><\/figure>\n<p><span style=\"font-size: large;\">Le Mouvement de la Paix estime que c&rsquo;est le moment pour la France, lors de ce comit\u00e9 pr\u00e9paratoire r\u00e9uni \u00e0 Vienne, et au vu de la dangerosit\u00e9 de la situation internationale, de faire des propositions en faveur de la paix et de la s\u00e9curit\u00e9 collective du monde, en&nbsp;:<\/span><\/p>\n<p><span style=\"font-size: large;\">&#8211; appelant \u00e0 un moratoire des programmes de modernisation des armes nucl\u00e9aires en cours dans les neuf<\/span><\/p>\n<p><span style=\"font-size: large;\">Etats d\u00e9tenteurs (Etats-Unis, Russie, Royaume-Uni, France, Chine, Inde, Pakistan, Cor\u00e9e du Nord, Isra\u00ebl).<\/span><\/p>\n<p><span style=\"font-size: large;\">&#8211; annon\u00e7ant que la France va cesser de boycotter la conf\u00e9rence des Etats parties au Trait\u00e9 sur l&rsquo;interdiction des<\/span><\/p>\n<p><span style=\"font-size: large;\">armes nucl\u00e9aires (TIAN) et sera pr\u00e9sente \u00e0 la conf\u00e9rence fin novembre 2023 \u00e0 New York au moins comme Etat observateur avant d\u2019\u00eatre signataire.<\/span><\/p>\n<p><span style=\"font-size: large;\">-proposant une r\u00e9union avec les autres Etats d\u00e9tenteurs pour la mise en \u0153uvre pleine et enti\u00e8re de l\u2019article 6 du TNP.<\/span><\/p>\n<p><span style=\"font-size: large;\">&#8211; annon\u00e7ant l\u2019engagement de la France, au sein des Nations Unies et dans le respect de la Charte des Nations<\/span><\/p>\n<p><span style=\"font-size: large;\">Unies, en faveur d\u2019un cessez-le-feu pour des raisons humanitaires \u00e9videntes et pour une solution diplomatique en Ukraine.<\/span><\/p>\n<p><span style=\"font-size: large;\"><a href=\"https:\/\/www.brenne-au-coeur.com\/wp-content\/uploads\/2023\/08\/onu.jpeg\" rel=\"lightbox[4666]\"><img loading=\"lazy\" decoding=\"async\" class=\"alignleft wp-image-4670 size-full\" src=\"https:\/\/www.brenne-au-coeur.com\/wp-content\/uploads\/2023\/08\/onu.jpeg\" alt=\"\" width=\"259\" height=\"194\" srcset=\"https:\/\/www.brenne-au-coeur.com\/wp-content\/uploads\/2023\/08\/onu.jpeg 259w, https:\/\/www.brenne-au-coeur.com\/wp-content\/uploads\/2023\/08\/onu-150x112.jpeg 150w\" sizes=\"auto, (max-width: 259px) 100vw, 259px\" \/><\/a>Enfin le Mouvement de la Paix appelle tous les citoyen-ne-s, associations, organisations \u00e0 pr\u00e9parer activement en France la Journ\u00e9e internationale d\u2019action pour la Paix en Ukraine et dans le monde le samedi 7 octobre 2023.<\/span><\/p>\n<p><span style=\"font-size: large;\">Une lettre ouverte a \u00e9t\u00e9 adress\u00e9e en ce sens, par le Mouvement de la Paix, le 27 juillet 2023, au Pr\u00e9sident de la R\u00e9publique fran\u00e7aise&nbsp;: www.mvtpaix.org\/wordpress\/lettre-au-president-de-la-republique-ukraine-et-bombes-a-sous-munitions<\/span><\/p>\n<p><span style=\"font-size: large;\">Le Mouvement de la Paix appelle \u00e0 signer et faire signer la p\u00e9tition pour que tous les Etats du Monde signent le Trait\u00e9 sur l\u2019interdiction des armes nucl\u00e9aires (TIAN) <a href=\"http:\/\/www.mvtpaix.org\/wordpress\/petition-pour-un-traite-dinterdiction-des-armes-nucl%C3%A9aires\/\">www.mvtpaix.org\/wordpress\/petition-pour-un-traite-dinterdiction-des-armes-nucl\u00e9aires\/<\/a><\/span><\/p>\n<p><span style=\"font-size: large;\">Le Mouvement de la Paix, \u00e0 Paris le 4 ao\u00fbt 2023. <\/span><\/p>\n","protected":false},"excerpt":{"rendered":"<p>78 ans apr\u00e8s les bombardements atomiques sur Hiroshima et Nagasaki \u00ab&nbsp;Les armes nucl\u00e9aires sont ill\u00e9gales, dangereuses, co\u00fbteuses et moralement inadmissibles. Les 9 \u00c9tats d\u00e9tenteurs d\u2019armes nucl\u00e9aires doivent s\u2019engager dans leur \u00e9limination totale&nbsp;!&nbsp;\u00bb Partout dans le monde les 6 et 9 ao\u00fbt, comme tous les ans, les actions se d\u00e9veloppent pour d\u00e9noncer les crimes contre l&rsquo;humanit\u00e9&hellip;&nbsp;<a href=\"https:\/\/www.brenne-au-coeur.com\/index.php\/2023\/08\/05\/eliminer-les-armes-nucleaires\/evenements\/4666\/\" rel=\"bookmark\">Lire la suite&nbsp;&raquo;<span class=\"screen-reader-text\">\u00c9liminer les armes nucl\u00e9aires\u00a0!<\/span><\/a><\/p>\n","protected":false},"author":1,"featured_media":4669,"comment_status":"open","ping_status":"open","sticky":false,"template":"","format":"standard","meta":{"rop_custom_images_group":[],"rop_custom_messages_group":[],"rop_publish_now":"initial","rop_publish_now_accounts":[],"rop_publish_now_history":[],"rop_publish_now_status":"pending","_monsterinsights_skip_tracking":false,"_monsterinsights_sitenote_active":false,"_monsterinsights_sitenote_note":"","_monsterinsights_sitenote_category":0,"neve_meta_sidebar":"","neve_meta_container":"","neve_meta_enable_content_width":"off","neve_meta_content_width":70,"neve_meta_title_alignment":"","neve_meta_author_avatar":"","neve_post_elements_order":"","neve_meta_disable_header":"","neve_meta_disable_footer":"","neve_meta_disable_title":"","_jetpack_memberships_contains_paid_content":false,"footnotes":"","jetpack_publicize_message":"","jetpack_publicize_feature_enabled":true,"jetpack_social_post_already_shared":true,"jetpack_social_options":{"image_generator_settings":{"template":"highway","default_image_id":0,"font":"","enabled":false},"version":2}},"categories":[21],"tags":[125],"class_list":["post-4666","post","type-post","status-publish","format-standard","has-post-thumbnail","hentry","category-evenements","tag-pacifisme"],"aioseo_notices":[],"jetpack_publicize_connections":[],"jetpack_featured_media_url":"https:\/\/www.brenne-au-coeur.com\/wp-content\/uploads\/2023\/08\/bombe-atomique.jpeg","jetpack-related-posts":[],"jetpack_sharing_enabled":true,"_links":{"self":[{"href":"https:\/\/www.brenne-au-coeur.com\/index.php\/wp-json\/wp\/v2\/posts\/4666","targetHints":{"allow":["GET"]}}],"collection":[{"href":"https:\/\/www.brenne-au-coeur.com\/index.php\/wp-json\/wp\/v2\/posts"}],"about":[{"href":"https:\/\/www.brenne-au-coeur.com\/index.php\/wp-json\/wp\/v2\/types\/post"}],"author":[{"embeddable":true,"href":"https:\/\/www.brenne-au-coeur.com\/index.php\/wp-json\/wp\/v2\/users\/1"}],"replies":[{"embeddable":true,"href":"https:\/\/www.brenne-au-coeur.com\/index.php\/wp-json\/wp\/v2\/comments?post=4666"}],"version-history":[{"count":1,"href":"https:\/\/www.brenne-au-coeur.com\/index.php\/wp-json\/wp\/v2\/posts\/4666\/revisions"}],"predecessor-version":[{"id":4671,"href":"https:\/\/www.brenne-au-coeur.com\/index.php\/wp-json\/wp\/v2\/posts\/4666\/revisions\/4671"}],"wp:featuredmedia":[{"embeddable":true,"href":"https:\/\/www.brenne-au-coeur.com\/index.php\/wp-json\/wp\/v2\/media\/4669"}],"wp:attachment":[{"href":"https:\/\/www.brenne-au-coeur.com\/index.php\/wp-json\/wp\/v2\/media?parent=4666"}],"wp:term":[{"taxonomy":"category","embeddable":true,"href":"https:\/\/www.brenne-au-coeur.com\/index.php\/wp-json\/wp\/v2\/categories?post=4666"},{"taxonomy":"post_tag","embeddable":true,"href":"https:\/\/www.brenne-au-coeur.com\/index.php\/wp-json\/wp\/v2\/tags?post=4666"}],"curies":[{"name":"wp","href":"https:\/\/api.w.org\/{rel}","templated":true}]}}