{"id":4634,"date":"2023-07-28T12:07:12","date_gmt":"2023-07-28T10:07:12","guid":{"rendered":"https:\/\/www.brenne-au-coeur.com\/?p=4634"},"modified":"2023-07-28T12:07:12","modified_gmt":"2023-07-28T10:07:12","slug":"4634","status":"publish","type":"post","link":"https:\/\/www.brenne-au-coeur.com\/index.php\/2023\/07\/28\/4634\/breves\/4634\/","title":{"rendered":""},"content":{"rendered":"<p><span style=\"font-size: large;\">Visite du Prieur\u00e9 de Notz l&rsquo;Abb\u00e9, samedi 05 ao\u00fbt 2023 de 17h00 \u00e0 18h30<\/span><\/p>\n<p><span style=\"font-size: large;\">Rendez-vous 1 place de l&rsquo;\u00e9glise Mus\u00e9e arch\u00e9ologique de Martizay, organis\u00e9 par Les amis du vieux Martizay,anim\u00e9 par Jean-Fran\u00e7ois Soubrier. Le prieur\u00e9 de Notz-l&rsquo;Abb\u00e9 a \u00e9t\u00e9 fond\u00e9 en 1228 par une donation \u00e0 l&rsquo;abbaye b\u00e9n\u00e9dictine de Saint-Savin. La visite sera conduite par l&rsquo;actuel propri\u00e9taire, Jean-Fran\u00e7ois Soubrier, passionn\u00e9 par l&rsquo;histoire de son domaine. Apr\u00e8s \u00eatre pass\u00e9s sous le pigeonnier porche du XVII\u00e8 si\u00e8cle, nous d\u00e9couvrirons, r\u00e9partis autour de la cour, le logis du prieur et les b\u00e2timents d&rsquo;exploitation, beaux exemples de l&rsquo;architecture paysanne locale. Puis, nous visiterons la chapelle Saint-Antoine, t\u00e9moin de l&rsquo;histoire du prieur\u00e9 depuis ses origines puisqu&rsquo;elle fut sans doute construite peu apr\u00e8s 1228. La chapelle est class\u00e9e monument historique en particulier pour ses peinture murales (XV\u00e8 et XVI\u00e8 si\u00e8cles) r\u00e9cemment restaur\u00e9es. Tarifs Adulte&nbsp;: 5 \u20ac\u00a0; enfant 12 \u00e0 15 ans&nbsp;: 2,50 \u20ac gratuit -12 ans<\/span><\/p>\n<p><span style=\"font-size: large;\">Renseignements \/ R\u00e9servation 02 54 38 94 50 07 88 46 36 62 02 54 28 20 28<\/span><\/p>\n<p><span style=\"font-size: large;\">accueil@destination-brenne.fr <\/span><\/p>\n<p><span style=\"font-size: large;\">R\u00e9servation obligatoire. Mini 4 &#8211; maxi 30 pers. Pr\u00e9voir des chaussures ferm\u00e9es, chapeau de soleil et bouteille d&rsquo;eau si n\u00e9cessaire. D\u00e9placement en v\u00e9hicule personnel jusqu&rsquo;au lieu de l&rsquo;animation, privil\u00e9gier le co-voiturage. <\/span><\/p>\n","protected":false},"excerpt":{"rendered":"<p>Visite du Prieur\u00e9 de Notz l&rsquo;Abb\u00e9, samedi 05 ao\u00fbt 2023 de 17h00 \u00e0 18h30 Rendez-vous 1 place de l&rsquo;\u00e9glise Mus\u00e9e arch\u00e9ologique de Martizay, organis\u00e9 par Les amis du vieux Martizay,anim\u00e9 par Jean-Fran\u00e7ois Soubrier. Le prieur\u00e9 de Notz-l&rsquo;Abb\u00e9 a \u00e9t\u00e9 fond\u00e9 en 1228 par une donation \u00e0 l&rsquo;abbaye b\u00e9n\u00e9dictine de Saint-Savin. La visite sera conduite par&hellip;&nbsp;<a href=\"https:\/\/www.brenne-au-coeur.com\/index.php\/2023\/07\/28\/4634\/breves\/4634\/\" rel=\"bookmark\">Lire la suite&nbsp;&raquo;<span class=\"screen-reader-text\"><\/span><\/a><\/p>\n","protected":false},"author":1,"featured_media":0,"comment_status":"open","ping_status":"open","sticky":false,"template":"","format":"standard","meta":{"rop_custom_images_group":[],"rop_custom_messages_group":[],"rop_publish_now":"initial","rop_publish_now_accounts":[],"rop_publish_now_history":[],"rop_publish_now_status":"pending","_monsterinsights_skip_tracking":false,"_monsterinsights_sitenote_active":false,"_monsterinsights_sitenote_note":"","_monsterinsights_sitenote_category":0,"neve_meta_sidebar":"","neve_meta_container":"","neve_meta_enable_content_width":"off","neve_meta_content_width":70,"neve_meta_title_alignment":"","neve_meta_author_avatar":"","neve_post_elements_order":"","neve_meta_disable_header":"","neve_meta_disable_footer":"","neve_meta_disable_title":"","_jetpack_memberships_contains_paid_content":false,"footnotes":"","jetpack_publicize_message":"","jetpack_publicize_feature_enabled":true,"jetpack_social_post_already_shared":true,"jetpack_social_options":{"image_generator_settings":{"template":"highway","default_image_id":0,"font":"","enabled":false},"version":2}},"categories":[124],"tags":[],"class_list":["post-4634","post","type-post","status-publish","format-standard","hentry","category-breves"],"aioseo_notices":[],"jetpack_publicize_connections":[],"jetpack_featured_media_url":"","jetpack-related-posts":[],"jetpack_sharing_enabled":true,"_links":{"self":[{"href":"https:\/\/www.brenne-au-coeur.com\/index.php\/wp-json\/wp\/v2\/posts\/4634","targetHints":{"allow":["GET"]}}],"collection":[{"href":"https:\/\/www.brenne-au-coeur.com\/index.php\/wp-json\/wp\/v2\/posts"}],"about":[{"href":"https:\/\/www.brenne-au-coeur.com\/index.php\/wp-json\/wp\/v2\/types\/post"}],"author":[{"embeddable":true,"href":"https:\/\/www.brenne-au-coeur.com\/index.php\/wp-json\/wp\/v2\/users\/1"}],"replies":[{"embeddable":true,"href":"https:\/\/www.brenne-au-coeur.com\/index.php\/wp-json\/wp\/v2\/comments?post=4634"}],"version-history":[{"count":1,"href":"https:\/\/www.brenne-au-coeur.com\/index.php\/wp-json\/wp\/v2\/posts\/4634\/revisions"}],"predecessor-version":[{"id":4635,"href":"https:\/\/www.brenne-au-coeur.com\/index.php\/wp-json\/wp\/v2\/posts\/4634\/revisions\/4635"}],"wp:attachment":[{"href":"https:\/\/www.brenne-au-coeur.com\/index.php\/wp-json\/wp\/v2\/media?parent=4634"}],"wp:term":[{"taxonomy":"category","embeddable":true,"href":"https:\/\/www.brenne-au-coeur.com\/index.php\/wp-json\/wp\/v2\/categories?post=4634"},{"taxonomy":"post_tag","embeddable":true,"href":"https:\/\/www.brenne-au-coeur.com\/index.php\/wp-json\/wp\/v2\/tags?post=4634"}],"curies":[{"name":"wp","href":"https:\/\/api.w.org\/{rel}","templated":true}]}}