{"id":4600,"date":"2023-07-16T19:20:06","date_gmt":"2023-07-16T17:20:06","guid":{"rendered":"https:\/\/www.brenne-au-coeur.com\/?p=4600"},"modified":"2023-07-16T19:20:06","modified_gmt":"2023-07-16T17:20:06","slug":"musique-et-plumes-a-jaugette","status":"publish","type":"post","link":"https:\/\/www.brenne-au-coeur.com\/index.php\/2023\/07\/16\/musique-et-plumes-a-jaugette\/communes\/obterre\/4600\/","title":{"rendered":"Musique et plumes \u00e0 Jaugette"},"content":{"rendered":"<p><span style=\"font-size: large;\"><a href=\"https:\/\/www.jaugette.com\/\">Manoir de Jaugette<\/a> organise son traditionnel festival d\u2019\u00e9t\u00e9 les 21, 22 et 23 juillet.<\/span><\/p>\n<p><span style=\"font-size: large;\">L\u2019objectif des \u00ab\u00a0Rencontres musicales de Jaugette\u00a0\u00bb est de faire venir la musique des grandes villes en campagne, pour offrir au public un programme exigeant et de qualit\u00e9, et faciliter les rencontres entre musiciens exp\u00e9riment\u00e9s et jeunes. <\/span><\/p>\n<p><span style=\"font-size: large;\">Cette ann\u00e9e, le th\u00e8me du festival d\u2019\u00e9t\u00e9 est \u00ab\u00a0Musique et Plumes\u00a0\u00bb, le Manoir de Jaugette propose une douzaine d&rsquo;\u00e9v\u00e9nements. Comme chaque ann\u00e9e les spectateurs d\u00e9couvriront des artistes de renomm\u00e9e internationale. <\/span><\/p>\n<figure id=\"attachment_4603\" aria-describedby=\"caption-attachment-4603\" style=\"width: 354px\" class=\"wp-caption alignleft\"><a href=\"https:\/\/www.brenne-au-coeur.com\/wp-content\/uploads\/2023\/07\/aeolina.resized.jpeg\" rel=\"lightbox[4600]\"><img loading=\"lazy\" decoding=\"async\" class=\"wp-image-4603\" src=\"https:\/\/www.brenne-au-coeur.com\/wp-content\/uploads\/2023\/07\/aeolina.resized.jpeg\" alt=\"\" width=\"354\" height=\"198\" srcset=\"https:\/\/www.brenne-au-coeur.com\/wp-content\/uploads\/2023\/07\/aeolina.resized.jpeg 300w, https:\/\/www.brenne-au-coeur.com\/wp-content\/uploads\/2023\/07\/aeolina.resized-150x84.jpeg 150w\" sizes=\"auto, (max-width: 354px) 100vw, 354px\" \/><\/a><figcaption id=\"caption-attachment-4603\" class=\"wp-caption-text\">Quatuor Aeolina<\/figcaption><\/figure>\n<p><span style=\"font-size: large;\"><b>Vendredi 21 juillet<\/b>, \u00e0 20h00, <a href=\"https:\/\/www.quatuoraeolina.com\/\">le quatuor des accord\u00e9ons \u00ab\u00a0Aeolina\u00a0\u00bb<\/a> ouvrira le festival, il proposera une version extraordinaire de la symphonie Fantastique de Berlioz. <\/span><\/p>\n<p><span style=\"font-size: large;\"><b>Samedi 22 <\/b><b>juillet<\/b>, \u00e0 17h00 <a href=\"https:\/\/atmusica.fr\/\">L&rsquo;ensemble de Tours \u00ab\u00a0Atmusica\u00a0\u00bb<\/a> jouera&nbsp;: \u00ab\u00a0Passages\u00a0\u00bb de Marta Gentilucci avec la pr\u00e9sence de la po\u00e9tesse Irene Gayrand. <\/span><\/p>\n<p><span style=\"font-size: large;\">\u00c0 20H30, <a href=\"https:\/\/www.ensembletarentule.com\/\">L\u2019 Ensemble vocal Tarentule de LYON<\/a> interpr\u00e9tera a capela le 4\u00e8me livre de Carlo Gesualdo XVI Si\u00e8cle. <\/span><\/p>\n<p><span style=\"font-size: large;\">\u00c0 22h00,le \u00ab\u00a0Catalogue des oiseaux d\u2019Olivier Messiaen sera jou\u00e9 (Manoir de Jaugette) par 3 pianistes issus du fameux EIC (Ensemble Intercontemporain, fond\u00e9 par Pierre Boulez) Pierre Laurent Aimard, Florent Boffard et Alain Neveux<\/span><\/p>\n<p><span style=\"font-size: large;\"><b>Dimanche 23 juillet<\/b><\/span><span style=\"font-size: large;\"> \u00e0 6h00, <\/span><span style=\"font-size: large;\">Deuxi\u00e8me partie du Catalogue des oiseaux d&rsquo;Olivier Messiaen avec \u00ab\u00a0Les oiseaux du matin\u00a0\u00bb <\/span><span style=\"font-size: large;\">( Domaine du Claveau \u00e0 Paulnay)<\/span><span style=\"font-size: large;\">. <\/span><\/p>\n<p><span style=\"font-size: large;\">\u00c0 11h00, derni\u00e8re partie du catalogue des oiseaux (dans les jardins d\u2019Azay-le-Ferron).<\/span><\/p>\n<p><span style=\"font-size: large;\">L\u2019ensemble de ces trois concerts sera <\/span> <span style=\"font-size: large;\">comment\u00e9 par <a href=\"https:\/\/www.parc-naturel-brenne.fr\/observez\/animateurs-nature\/tony-williams-99\">l&rsquo;ornithologue Tony Williams<\/a>.<\/span><\/p>\n<p><span style=\"font-size: large;\">\u00c0 16h00, conf\u00e9rence \u00ab\u00a0Les oiseaux de la Brenne\u00a0\u00bb par Tony Williams.<\/span><\/p>\n<p><span style=\"font-size: large;\">\u00c0 17h00, \u00ab\u00a0Les Plumes sur Sc\u00e8nes\u00a0\u00bb. De Broadway \u00e0 Paris , un m\u00e9lange des extrais des com\u00e9dies musicales am\u00e9ricaines et fran\u00e7aises.<\/span><\/p>\n<p><span style=\"font-size: large;\">Pendant tout le festival, exposition photo \u00e0 Jaugette, du photographe animalier <a href=\"https:\/\/myalbum.com\/folder\/aneAWdyAgKYK\/\">Robert Ansel<\/a>. <\/span><\/p>\n<p><span style=\"font-size: large;\">Pour d<\/span><span style=\"font-size: large;\">es informations compl\u00e9mentaires concernant le programme, le d\u00e9roulement du week-end, les tarifs et la r\u00e9servation\u00a0: <a href=\"https:\/\/www.jaugette.com\/\">https:\/\/www.jaugette.com\/<\/a> <\/span><span style=\"font-size: large;\">ou <\/span>02 54 28 20 28 <span style=\"font-size: large;\">(R\u00e9servation Destination Brenne)<\/span><\/p>\n","protected":false},"excerpt":{"rendered":"<p>Manoir de Jaugette organise son traditionnel festival d\u2019\u00e9t\u00e9 les 21, 22 et 23 juillet. L\u2019objectif des \u00ab\u00a0Rencontres musicales de Jaugette\u00a0\u00bb est de faire venir la musique des grandes villes en campagne, pour offrir au public un programme exigeant et de qualit\u00e9, et faciliter les rencontres entre musiciens exp\u00e9riment\u00e9s et jeunes. Cette ann\u00e9e, le th\u00e8me du&hellip;&nbsp;<a href=\"https:\/\/www.brenne-au-coeur.com\/index.php\/2023\/07\/16\/musique-et-plumes-a-jaugette\/communes\/obterre\/4600\/\" rel=\"bookmark\">Lire la suite&nbsp;&raquo;<span class=\"screen-reader-text\">Musique et plumes \u00e0 Jaugette<\/span><\/a><\/p>\n","protected":false},"author":1,"featured_media":4602,"comment_status":"open","ping_status":"open","sticky":false,"template":"","format":"standard","meta":{"rop_custom_images_group":[],"rop_custom_messages_group":[],"rop_publish_now":"initial","rop_publish_now_accounts":[],"rop_publish_now_history":[],"rop_publish_now_status":"pending","_monsterinsights_skip_tracking":false,"_monsterinsights_sitenote_active":false,"_monsterinsights_sitenote_note":"","_monsterinsights_sitenote_category":0,"neve_meta_sidebar":"","neve_meta_container":"","neve_meta_enable_content_width":"off","neve_meta_content_width":70,"neve_meta_title_alignment":"","neve_meta_author_avatar":"","neve_post_elements_order":"","neve_meta_disable_header":"","neve_meta_disable_footer":"","neve_meta_disable_title":"","_jetpack_memberships_contains_paid_content":false,"footnotes":"","jetpack_publicize_message":"","jetpack_publicize_feature_enabled":true,"jetpack_social_post_already_shared":true,"jetpack_social_options":{"image_generator_settings":{"template":"highway","default_image_id":0,"font":"","enabled":false},"version":2}},"categories":[21,63,14],"tags":[98,40,27,58],"class_list":["post-4600","post","type-post","status-publish","format-standard","has-post-thumbnail","hentry","category-evenements","category-jaugette","category-obterre","tag-festival","tag-musique","tag-nature","tag-photographie"],"aioseo_notices":[],"jetpack_publicize_connections":[],"jetpack_featured_media_url":"https:\/\/www.brenne-au-coeur.com\/wp-content\/uploads\/2023\/07\/musique-et-plumes-Jaugette-scaled-1.jpg","jetpack-related-posts":[],"jetpack_sharing_enabled":true,"_links":{"self":[{"href":"https:\/\/www.brenne-au-coeur.com\/index.php\/wp-json\/wp\/v2\/posts\/4600","targetHints":{"allow":["GET"]}}],"collection":[{"href":"https:\/\/www.brenne-au-coeur.com\/index.php\/wp-json\/wp\/v2\/posts"}],"about":[{"href":"https:\/\/www.brenne-au-coeur.com\/index.php\/wp-json\/wp\/v2\/types\/post"}],"author":[{"embeddable":true,"href":"https:\/\/www.brenne-au-coeur.com\/index.php\/wp-json\/wp\/v2\/users\/1"}],"replies":[{"embeddable":true,"href":"https:\/\/www.brenne-au-coeur.com\/index.php\/wp-json\/wp\/v2\/comments?post=4600"}],"version-history":[{"count":1,"href":"https:\/\/www.brenne-au-coeur.com\/index.php\/wp-json\/wp\/v2\/posts\/4600\/revisions"}],"predecessor-version":[{"id":4604,"href":"https:\/\/www.brenne-au-coeur.com\/index.php\/wp-json\/wp\/v2\/posts\/4600\/revisions\/4604"}],"wp:featuredmedia":[{"embeddable":true,"href":"https:\/\/www.brenne-au-coeur.com\/index.php\/wp-json\/wp\/v2\/media\/4602"}],"wp:attachment":[{"href":"https:\/\/www.brenne-au-coeur.com\/index.php\/wp-json\/wp\/v2\/media?parent=4600"}],"wp:term":[{"taxonomy":"category","embeddable":true,"href":"https:\/\/www.brenne-au-coeur.com\/index.php\/wp-json\/wp\/v2\/categories?post=4600"},{"taxonomy":"post_tag","embeddable":true,"href":"https:\/\/www.brenne-au-coeur.com\/index.php\/wp-json\/wp\/v2\/tags?post=4600"}],"curies":[{"name":"wp","href":"https:\/\/api.w.org\/{rel}","templated":true}]}}