{"id":4587,"date":"2023-07-16T13:22:57","date_gmt":"2023-07-16T11:22:57","guid":{"rendered":"https:\/\/www.brenne-au-coeur.com\/?p=4587"},"modified":"2023-07-16T13:25:21","modified_gmt":"2023-07-16T11:25:21","slug":"contes-musiques-dici-et-dailleurs-au-grand-aslon","status":"publish","type":"post","link":"https:\/\/www.brenne-au-coeur.com\/index.php\/2023\/07\/16\/contes-musiques-dici-et-dailleurs-au-grand-aslon\/communes\/linge\/4587\/","title":{"rendered":"Contes, musiques d\u2019ici et d\u2019ailleurs au Grand Aslon"},"content":{"rendered":"<figure id=\"attachment_4589\" aria-describedby=\"caption-attachment-4589\" style=\"width: 300px\" class=\"wp-caption alignleft\"><a href=\"https:\/\/www.brenne-au-coeur.com\/wp-content\/uploads\/2023\/07\/Christian-6.jpg\" rel=\"lightbox[4587]\"><img loading=\"lazy\" decoding=\"async\" class=\"wp-image-4589 size-medium\" src=\"https:\/\/www.brenne-au-coeur.com\/wp-content\/uploads\/2023\/07\/Christian-6-300x200.jpg\" alt=\"\" width=\"300\" height=\"200\" srcset=\"https:\/\/www.brenne-au-coeur.com\/wp-content\/uploads\/2023\/07\/Christian-6-300x200.jpg 300w, https:\/\/www.brenne-au-coeur.com\/wp-content\/uploads\/2023\/07\/Christian-6-150x100.jpg 150w, https:\/\/www.brenne-au-coeur.com\/wp-content\/uploads\/2023\/07\/Christian-6-272x182.jpg 272w, https:\/\/www.brenne-au-coeur.com\/wp-content\/uploads\/2023\/07\/Christian-6.jpg 320w\" sizes=\"auto, (max-width: 300px) 100vw, 300px\" \/><\/a><figcaption id=\"caption-attachment-4589\" class=\"wp-caption-text\">La roulotte sc\u00e8ne \u00e0 l&rsquo;or\u00e9e du bois<\/figcaption><\/figure>\n<p><span style=\"font-family: Liberation Serif, serif;\"><span style=\"font-size: large;\"><a href=\"https:\/\/nocesdeparoles.blogspot.com\/\">Noces de paroles<\/a> est de retour. Les 20, 21 et 22 juillet, les amoureux des mots et des belles histoires sont invit\u00e9s \u00e0 retrouver la magie des contes et de la musique dans le cadre champ\u00eatre du Grand Aslon. <\/span><\/span><\/p>\n<p><span style=\"font-family: Liberation Serif, serif;\"><span style=\"font-size: large;\">Chaque soir, le site est ouvert \u00e0 18heures.<\/span><\/span><\/p>\n<p><span style=\"font-family: Liberation Serif, serif;\"><span style=\"font-size: large;\">De 18h30 \u00e0 19h15 une sc\u00e8ne ouverte\u00a0est propos\u00e9e pour le plaisir de partager les histoires ou chansons.\u00a0<\/span><\/span><\/p>\n<p><span style=\"font-family: Liberation Serif, serif;\"><span style=\"font-size: large;\">Jeudi 20 Juillet \u00e0 20h<\/span><\/span><\/p>\n<p><span style=\"font-family: Liberation Serif, serif;\"><span style=\"font-size: large;\">Des conteurs de la r\u00e9gion ouvrent le festival .<\/span><\/span><\/p>\n<p><span style=\"font-family: Liberation Serif, serif;\"><span style=\"font-size: large;\">Nicolas, \u00a0Rapha\u00ebl et Matthieu de l\u2019association \u00ab\u00a0Contes et recontes\u00a0\u00bb de la Berthenoux 36, Emilie de Rosnay, V\u00e9ronique et Nicolas de Naveil 41, Audigane Family du Grand Aslon.\u00a0<\/span><\/span><\/p>\n<p><span style=\"font-family: Liberation Serif, serif;\"><span style=\"font-size: large;\">Vendredi 21 Juillet \u00e0 20 h<\/span><\/span><\/p>\n<p><span style=\"font-family: Liberation Serif, serif;\"><span style=\"font-size: large;\">Mapie Caburet<b>, <\/b>de Montb\u00e9liard<\/span><\/span><\/p>\n<p><span style=\"font-family: Liberation Serif, serif;\"><span style=\"font-size: large;\">\u00c0 21h 30, Tony HavarT, du Pas de Calais.<\/span><\/span><\/p>\n<p><span style=\"font-family: Liberation Serif, serif;\"><span style=\"font-size: large;\">Samedi 22 Juillet \u00e0 20 h<\/span><\/span><\/p>\n<p><span style=\"font-family: Liberation Serif, serif;\"><span style=\"font-size: large;\">Fine Poati, du Congo et de Poitiers. <\/span><\/span><\/p>\n<p><span style=\"font-family: Liberation Serif, serif;\"><span style=\"font-size: large;\">\u00c0 21h30, David M\u00e9rour, de Guyane.<\/span><\/span><\/p>\n<p><span style=\"font-family: Liberation Serif, serif;\"><span style=\"font-size: large;\">Chaque soir, un temps de pause est pr\u00e9vu entre deux spectacles, pour partager un verre ou prendre une petite collation a notre buvette.\u00a0<\/span><\/span><\/p>\n<p><span style=\"font-family: Liberation Serif, serif;\"><span style=\"font-size: large;\">Pour accueillir le public, des campings municipaux , des gites, des chambres d\u2019h\u00f4tes sont disponibles<\/span><\/span><\/p>\n","protected":false},"excerpt":{"rendered":"<p>Noces de paroles est de retour. Les 20, 21 et 22 juillet, les amoureux des mots et des belles histoires sont invit\u00e9s \u00e0 retrouver la magie des contes et de la musique dans le cadre champ\u00eatre du Grand Aslon. Chaque soir, le site est ouvert \u00e0 18heures. De 18h30 \u00e0 19h15 une sc\u00e8ne ouverte\u00a0est propos\u00e9e&hellip;&nbsp;<a href=\"https:\/\/www.brenne-au-coeur.com\/index.php\/2023\/07\/16\/contes-musiques-dici-et-dailleurs-au-grand-aslon\/communes\/linge\/4587\/\" rel=\"bookmark\">Lire la suite&nbsp;&raquo;<span class=\"screen-reader-text\">Contes, musiques d\u2019ici et d\u2019ailleurs au Grand Aslon<\/span><\/a><\/p>\n","protected":false},"author":1,"featured_media":4588,"comment_status":"open","ping_status":"open","sticky":false,"template":"","format":"standard","meta":{"rop_custom_images_group":[],"rop_custom_messages_group":[],"rop_publish_now":"initial","rop_publish_now_accounts":[],"rop_publish_now_history":[],"rop_publish_now_status":"pending","_monsterinsights_skip_tracking":false,"_monsterinsights_sitenote_active":false,"_monsterinsights_sitenote_note":"","_monsterinsights_sitenote_category":0,"neve_meta_sidebar":"","neve_meta_container":"","neve_meta_enable_content_width":"off","neve_meta_content_width":70,"neve_meta_title_alignment":"","neve_meta_author_avatar":"","neve_post_elements_order":"","neve_meta_disable_header":"","neve_meta_disable_footer":"","neve_meta_disable_title":"","_jetpack_memberships_contains_paid_content":false,"footnotes":"","jetpack_publicize_message":"","jetpack_publicize_feature_enabled":true,"jetpack_social_post_already_shared":true,"jetpack_social_options":{"image_generator_settings":{"template":"highway","default_image_id":0,"font":"","enabled":false},"version":2}},"categories":[99,9],"tags":[79,98],"class_list":["post-4587","post","type-post","status-publish","format-standard","has-post-thumbnail","hentry","category-grand-aslon","category-linge","tag-contes","tag-festival"],"aioseo_notices":[],"jetpack_publicize_connections":[],"jetpack_featured_media_url":"https:\/\/www.brenne-au-coeur.com\/wp-content\/uploads\/2023\/07\/noces-de-paroles-laffiche.jpeg","jetpack-related-posts":[],"jetpack_sharing_enabled":true,"_links":{"self":[{"href":"https:\/\/www.brenne-au-coeur.com\/index.php\/wp-json\/wp\/v2\/posts\/4587","targetHints":{"allow":["GET"]}}],"collection":[{"href":"https:\/\/www.brenne-au-coeur.com\/index.php\/wp-json\/wp\/v2\/posts"}],"about":[{"href":"https:\/\/www.brenne-au-coeur.com\/index.php\/wp-json\/wp\/v2\/types\/post"}],"author":[{"embeddable":true,"href":"https:\/\/www.brenne-au-coeur.com\/index.php\/wp-json\/wp\/v2\/users\/1"}],"replies":[{"embeddable":true,"href":"https:\/\/www.brenne-au-coeur.com\/index.php\/wp-json\/wp\/v2\/comments?post=4587"}],"version-history":[{"count":2,"href":"https:\/\/www.brenne-au-coeur.com\/index.php\/wp-json\/wp\/v2\/posts\/4587\/revisions"}],"predecessor-version":[{"id":4591,"href":"https:\/\/www.brenne-au-coeur.com\/index.php\/wp-json\/wp\/v2\/posts\/4587\/revisions\/4591"}],"wp:featuredmedia":[{"embeddable":true,"href":"https:\/\/www.brenne-au-coeur.com\/index.php\/wp-json\/wp\/v2\/media\/4588"}],"wp:attachment":[{"href":"https:\/\/www.brenne-au-coeur.com\/index.php\/wp-json\/wp\/v2\/media?parent=4587"}],"wp:term":[{"taxonomy":"category","embeddable":true,"href":"https:\/\/www.brenne-au-coeur.com\/index.php\/wp-json\/wp\/v2\/categories?post=4587"},{"taxonomy":"post_tag","embeddable":true,"href":"https:\/\/www.brenne-au-coeur.com\/index.php\/wp-json\/wp\/v2\/tags?post=4587"}],"curies":[{"name":"wp","href":"https:\/\/api.w.org\/{rel}","templated":true}]}}