{"id":4575,"date":"2023-07-14T18:15:53","date_gmt":"2023-07-14T16:15:53","guid":{"rendered":"https:\/\/www.brenne-au-coeur.com\/?p=4575"},"modified":"2023-07-14T18:17:34","modified_gmt":"2023-07-14T16:17:34","slug":"lart-contemporain-a-lhonneur-au-moulin","status":"publish","type":"post","link":"https:\/\/www.brenne-au-coeur.com\/index.php\/2023\/07\/14\/lart-contemporain-a-lhonneur-au-moulin\/communes\/mezieres-en-brenne\/4575\/","title":{"rendered":"L&rsquo;Art contemporain \u00e0 l&rsquo;honneur au Moulin"},"content":{"rendered":"<figure id=\"attachment_4576\" aria-describedby=\"caption-attachment-4576\" style=\"width: 254px\" class=\"wp-caption alignleft\"><a href=\"https:\/\/www.brenne-au-coeur.com\/wp-content\/uploads\/2023\/07\/Art_contemporain_Moulin.resized.jpg\" rel=\"lightbox[4575]\"><img loading=\"lazy\" decoding=\"async\" class=\"wp-image-4576\" src=\"https:\/\/www.brenne-au-coeur.com\/wp-content\/uploads\/2023\/07\/Art_contemporain_Moulin.resized-300x197.jpg\" alt=\"\" width=\"254\" height=\"167\" srcset=\"https:\/\/www.brenne-au-coeur.com\/wp-content\/uploads\/2023\/07\/Art_contemporain_Moulin.resized-300x197.jpg 300w, https:\/\/www.brenne-au-coeur.com\/wp-content\/uploads\/2023\/07\/Art_contemporain_Moulin.resized-1024x674.jpg 1024w, https:\/\/www.brenne-au-coeur.com\/wp-content\/uploads\/2023\/07\/Art_contemporain_Moulin.resized-150x99.jpg 150w, https:\/\/www.brenne-au-coeur.com\/wp-content\/uploads\/2023\/07\/Art_contemporain_Moulin.resized-768x505.jpg 768w, https:\/\/www.brenne-au-coeur.com\/wp-content\/uploads\/2023\/07\/Art_contemporain_Moulin.resized.jpg 1500w\" sizes=\"auto, (max-width: 254px) 100vw, 254px\" \/><\/a><figcaption id=\"caption-attachment-4576\" class=\"wp-caption-text\">Pierre Pajot et Mary-Jeanne Wibout lors du vernissage devant une oeuvre de Karine Chauveau (\u00e0 gauche) et de H\u00e9l\u00e8ne Rousselot (\u00e0 droite)<\/figcaption><\/figure>\n<p><span style=\"font-family: Arial, Helvetica, sans-serif;\">L&rsquo;association Le moulin pr\u00e9sente son exposition d&rsquo;Art contemporain (M.E.B.A.C) avec trois peintres et une sculptrice.<br \/>\n<\/span><\/p>\n<p><span style=\"font-family: Arial, Helvetica, sans-serif;\">Enseignante \u00e0 la retraite,\u00a0lors d&rsquo;un stage \u00e0 l&rsquo;\u00e9cole normale, dans les ann\u00e9es 90,\u00a0Mary-Jeanne Wibout\u00a0d\u00e9couvre la sculpture. D&rsquo;abord attir\u00e9e par la taille de pierre, elle travaille aussi\u00a0la terre,\u00a0\u00ab<\/span><span style=\"font-family: Arial, Helvetica, sans-serif;\"><em>\u00a0plus en osmose avec la nature.<\/em><\/span><span style=\"font-family: Arial, Helvetica, sans-serif;\">&nbsp;\u00bb explique-t&rsquo;elle. De Meudon, Rodin l&rsquo;a beaucoup inspir\u00e9e, de m\u00eame que la sculptrice Camille Claudel. \u00ab<\/span><span style=\"font-family: Arial, Helvetica, sans-serif;\"><em>\u00a0J&rsquo;affectionne particuli\u00e8rement l&rsquo;alb\u00e2tre lorsqu&rsquo;au moment du polissage la pierre donne toute sa transparence\u00a0<\/em><\/span><span style=\"font-family: Arial, Helvetica, sans-serif;\">\u00bb confie-t&rsquo;elle, \u00e9mue. \u00ab<\/span><span style=\"font-family: Arial, Helvetica, sans-serif;\"><em>\u00a0Du bloc de pierre \u00e0 la cr\u00e9ation finale, c&rsquo;est la pierre qui me guide<\/em><\/span><span style=\"font-family: Arial, Helvetica, sans-serif;\">.\u00a0\u00bb<\/span><\/p>\n<figure id=\"attachment_4579\" aria-describedby=\"caption-attachment-4579\" style=\"width: 245px\" class=\"wp-caption alignright\"><a href=\"https:\/\/www.brenne-au-coeur.com\/wp-content\/uploads\/2023\/07\/Grande-toile-filee-dor-pierre-Pajot.resized.jpg\" rel=\"lightbox[4575]\"><img loading=\"lazy\" decoding=\"async\" class=\"wp-image-4579\" src=\"https:\/\/www.brenne-au-coeur.com\/wp-content\/uploads\/2023\/07\/Grande-toile-filee-dor-pierre-Pajot.resized-300x225.jpg\" alt=\"\" width=\"245\" height=\"184\" srcset=\"https:\/\/www.brenne-au-coeur.com\/wp-content\/uploads\/2023\/07\/Grande-toile-filee-dor-pierre-Pajot.resized-300x225.jpg 300w, https:\/\/www.brenne-au-coeur.com\/wp-content\/uploads\/2023\/07\/Grande-toile-filee-dor-pierre-Pajot.resized-150x113.jpg 150w, https:\/\/www.brenne-au-coeur.com\/wp-content\/uploads\/2023\/07\/Grande-toile-filee-dor-pierre-Pajot.resized.jpg 461w\" sizes=\"auto, (max-width: 245px) 100vw, 245px\" \/><\/a><figcaption id=\"caption-attachment-4579\" class=\"wp-caption-text\">Grande toile fil\u00e9e d&rsquo;or. Pierre Pajot<\/figcaption><\/figure>\n<p><span style=\"font-family: Arial, Helvetica, sans-serif;\">Scientifique de formation, Pierre Pajot,\u00a0r\u00e9alise des peintures\u00a0pens\u00e9es en amont avec une approche\u00a0g\u00e9om\u00e9trique, une pr\u00e9occupation de la forme, du mouvement, de la couleur, de l&rsquo;espace.\u00a0\u00ab\u00a0<\/span><span style=\"font-family: Arial, Helvetica, sans-serif;\"><em>Un tableau, il est bon quand on rentre dedans\u00a0<\/em><\/span><span style=\"font-family: Arial, Helvetica, sans-serif;\">\u00bb explique-t&rsquo;il. Cet autodidacte est membre de l&rsquo;atelier des <\/span><span style=\"font-family: Arial, Helvetica, sans-serif;\"><em>Amis de Brassioux\u00a0<\/em><\/span><span style=\"font-family: Arial, Helvetica, sans-serif;\">et ses \u0153uvres incitent le spectateur \u00e0 y trouver ses propres interpr\u00e9tations.\u00a0<\/span><\/p>\n<figure id=\"attachment_4577\" aria-describedby=\"caption-attachment-4577\" style=\"width: 179px\" class=\"wp-caption alignleft\"><a href=\"https:\/\/www.brenne-au-coeur.com\/wp-content\/uploads\/2023\/07\/Entracte-Helene-Rousselot.resized.jpg\" rel=\"lightbox[4575]\"><img loading=\"lazy\" decoding=\"async\" class=\"wp-image-4577\" src=\"https:\/\/www.brenne-au-coeur.com\/wp-content\/uploads\/2023\/07\/Entracte-Helene-Rousselot.resized-225x300.jpg\" alt=\"\" width=\"179\" height=\"239\" srcset=\"https:\/\/www.brenne-au-coeur.com\/wp-content\/uploads\/2023\/07\/Entracte-Helene-Rousselot.resized-225x300.jpg 225w, https:\/\/www.brenne-au-coeur.com\/wp-content\/uploads\/2023\/07\/Entracte-Helene-Rousselot.resized-113x150.jpg 113w, https:\/\/www.brenne-au-coeur.com\/wp-content\/uploads\/2023\/07\/Entracte-Helene-Rousselot.resized.jpg 346w\" sizes=\"auto, (max-width: 179px) 100vw, 179px\" \/><\/a><figcaption id=\"caption-attachment-4577\" class=\"wp-caption-text\">Entracte. H\u00e9l\u00e8ne Rousselot<\/figcaption><\/figure>\n<p><span style=\"font-family: Arial, Helvetica, sans-serif;\">H\u00e9l\u00e8ne Rousselot\u00a0peint depuis une trentaine d&rsquo;ann\u00e9es. Apr\u00e8s la rencontre d&rsquo;un art-th\u00e9rapeute, se lib\u00e9rant des conventions techniques, <\/span><span style=\"font-family: Arial, Helvetica, sans-serif;\">elle<\/span><span style=\"font-family: Arial, Helvetica, sans-serif;\"> fait de la peinture sa passion. Elle travaille en couleurs, surtout sur toile, elle utilise la peinture \u00e0 l&rsquo;huile, des bombes a\u00e9rosol, de l&rsquo;encre, des collages, agr\u00e9mente\u00a0d&rsquo;objets comme les montres&nbsp;:\u00a0\u00ab<\/span><span style=\"font-family: Arial, Helvetica, sans-serif;\"><em>\u00a0Je ne veux pas me limiter \u00e0 une technique. Les toiles que je pr\u00e9f\u00e8re sont celles qui ont \u00e9t\u00e9 r\u00e9alis\u00e9es de fa\u00e7on instinctives.\u00a0\u00bb<\/em><\/span><\/p>\n<p><span style=\"font-family: Arial, Helvetica, sans-serif;\">Karine Chauveau peint depuis cinq ans et a d\u00e9j\u00e0 expos\u00e9 \u00e0 la pyramide du Louvre. Autodidacte, elle utilise\u00a0de la r\u00e9sine, du verre pil\u00e9, du gesso, des encres, des pigments, du pl\u00e2tre. Elle s&rsquo;inspire de Zao Wou Ki, Pierre Soulages et Georges Mathieu. <\/span><span style=\"font-family: Arial, Helvetica, sans-serif;\">S<\/span><span style=\"font-family: Arial, Helvetica, sans-serif;\">a touche personnelle donne une harmonie des couleurs, une certaine modernit\u00e9, le r\u00e9sultat attire l\u2019\u0153il et hypnotise. Sa devise&nbsp;:\u00a0\u00ab<\/span><span style=\"font-family: Arial, Helvetica, sans-serif;\"><em>\u00a0Fais de ton art ce que tu as envie d&rsquo;\u00eatre.<\/em><\/span><span style=\"font-family: Arial, Helvetica, sans-serif;\">\u00a0\u00bb<\/span><\/p>\n<figure id=\"attachment_4580\" aria-describedby=\"caption-attachment-4580\" style=\"width: 216px\" class=\"wp-caption alignright\"><a href=\"https:\/\/www.brenne-au-coeur.com\/wp-content\/uploads\/2023\/07\/Goutte-albatre-Marie-Jeanne-Wibout.resized.jpg\" rel=\"lightbox[4575]\"><img loading=\"lazy\" decoding=\"async\" class=\"wp-image-4580\" src=\"https:\/\/www.brenne-au-coeur.com\/wp-content\/uploads\/2023\/07\/Goutte-albatre-Marie-Jeanne-Wibout.resized-225x300.jpg\" alt=\"\" width=\"216\" height=\"288\" srcset=\"https:\/\/www.brenne-au-coeur.com\/wp-content\/uploads\/2023\/07\/Goutte-albatre-Marie-Jeanne-Wibout.resized-225x300.jpg 225w, https:\/\/www.brenne-au-coeur.com\/wp-content\/uploads\/2023\/07\/Goutte-albatre-Marie-Jeanne-Wibout.resized-113x150.jpg 113w, https:\/\/www.brenne-au-coeur.com\/wp-content\/uploads\/2023\/07\/Goutte-albatre-Marie-Jeanne-Wibout.resized.jpg 346w\" sizes=\"auto, (max-width: 216px) 100vw, 216px\" \/><\/a><figcaption id=\"caption-attachment-4580\" class=\"wp-caption-text\">Goutte-alb\u00e2tre. Marie-Jeanne Wibout<\/figcaption><\/figure>\n<p><span style=\"font-family: Arial, Helvetica, sans-serif;\">Exposition visible jusqu&rsquo;au 27 juillet au 1, rue du Nord. T\u00e9l&nbsp;: 02.54.38.12.24. contact@gite-moulin.fr Tous les jours de 9 h 30 \u00e0 12 h 30 et de 14 h 30 \u00e0 17 h 30. Entr\u00e9e libre.\u00a0<\/span><\/p>\n<p>En image, illustration de l&rsquo;article&nbsp;: Le roi soleil de Karine Chauveau<\/p>\n","protected":false},"excerpt":{"rendered":"<p>L&rsquo;association Le moulin pr\u00e9sente son exposition d&rsquo;Art contemporain (M.E.B.A.C) avec trois peintres et une sculptrice. Enseignante \u00e0 la retraite,\u00a0lors d&rsquo;un stage \u00e0 l&rsquo;\u00e9cole normale, dans les ann\u00e9es 90,\u00a0Mary-Jeanne Wibout\u00a0d\u00e9couvre la sculpture. D&rsquo;abord attir\u00e9e par la taille de pierre, elle travaille aussi\u00a0la terre,\u00a0\u00ab\u00a0plus en osmose avec la nature.&nbsp;\u00bb explique-t&rsquo;elle. De Meudon, Rodin l&rsquo;a beaucoup inspir\u00e9e, de&hellip;&nbsp;<a href=\"https:\/\/www.brenne-au-coeur.com\/index.php\/2023\/07\/14\/lart-contemporain-a-lhonneur-au-moulin\/communes\/mezieres-en-brenne\/4575\/\" rel=\"bookmark\">Lire la suite&nbsp;&raquo;<span class=\"screen-reader-text\">L&rsquo;Art contemporain \u00e0 l&rsquo;honneur au Moulin<\/span><\/a><\/p>\n","protected":false},"author":15,"featured_media":4578,"comment_status":"open","ping_status":"open","sticky":false,"template":"","format":"standard","meta":{"rop_custom_images_group":[],"rop_custom_messages_group":[],"rop_publish_now":"initial","rop_publish_now_accounts":[],"rop_publish_now_history":[],"rop_publish_now_status":"pending","_monsterinsights_skip_tracking":false,"_monsterinsights_sitenote_active":false,"_monsterinsights_sitenote_note":"","_monsterinsights_sitenote_category":0,"neve_meta_sidebar":"","neve_meta_container":"","neve_meta_enable_content_width":"off","neve_meta_content_width":70,"neve_meta_title_alignment":"","neve_meta_author_avatar":"","neve_post_elements_order":"","neve_meta_disable_header":"","neve_meta_disable_footer":"","neve_meta_disable_title":"","_jetpack_memberships_contains_paid_content":false,"footnotes":"","jetpack_publicize_message":"","jetpack_publicize_feature_enabled":true,"jetpack_social_post_already_shared":true,"jetpack_social_options":{"image_generator_settings":{"template":"highway","default_image_id":0,"font":"","enabled":false},"version":2}},"categories":[12,54],"tags":[31,52,46,53],"class_list":["post-4575","post","type-post","status-publish","format-standard","has-post-thumbnail","hentry","category-mezieres-en-brenne","category-moulin","tag-associations","tag-exposition","tag-peinture","tag-sculpture"],"aioseo_notices":[],"jetpack_publicize_connections":[],"jetpack_featured_media_url":"https:\/\/www.brenne-au-coeur.com\/wp-content\/uploads\/2023\/07\/Le-roi-soleil-Karine-Chauveau.resized.jpg","jetpack-related-posts":[],"jetpack_sharing_enabled":true,"_links":{"self":[{"href":"https:\/\/www.brenne-au-coeur.com\/index.php\/wp-json\/wp\/v2\/posts\/4575","targetHints":{"allow":["GET"]}}],"collection":[{"href":"https:\/\/www.brenne-au-coeur.com\/index.php\/wp-json\/wp\/v2\/posts"}],"about":[{"href":"https:\/\/www.brenne-au-coeur.com\/index.php\/wp-json\/wp\/v2\/types\/post"}],"author":[{"embeddable":true,"href":"https:\/\/www.brenne-au-coeur.com\/index.php\/wp-json\/wp\/v2\/users\/15"}],"replies":[{"embeddable":true,"href":"https:\/\/www.brenne-au-coeur.com\/index.php\/wp-json\/wp\/v2\/comments?post=4575"}],"version-history":[{"count":1,"href":"https:\/\/www.brenne-au-coeur.com\/index.php\/wp-json\/wp\/v2\/posts\/4575\/revisions"}],"predecessor-version":[{"id":4581,"href":"https:\/\/www.brenne-au-coeur.com\/index.php\/wp-json\/wp\/v2\/posts\/4575\/revisions\/4581"}],"wp:featuredmedia":[{"embeddable":true,"href":"https:\/\/www.brenne-au-coeur.com\/index.php\/wp-json\/wp\/v2\/media\/4578"}],"wp:attachment":[{"href":"https:\/\/www.brenne-au-coeur.com\/index.php\/wp-json\/wp\/v2\/media?parent=4575"}],"wp:term":[{"taxonomy":"category","embeddable":true,"href":"https:\/\/www.brenne-au-coeur.com\/index.php\/wp-json\/wp\/v2\/categories?post=4575"},{"taxonomy":"post_tag","embeddable":true,"href":"https:\/\/www.brenne-au-coeur.com\/index.php\/wp-json\/wp\/v2\/tags?post=4575"}],"curies":[{"name":"wp","href":"https:\/\/api.w.org\/{rel}","templated":true}]}}