{"id":4552,"date":"2023-07-09T11:15:59","date_gmt":"2023-07-09T09:15:59","guid":{"rendered":"https:\/\/www.brenne-au-coeur.com\/?p=4552"},"modified":"2023-07-09T11:17:20","modified_gmt":"2023-07-09T09:17:20","slug":"quand-les-residents-de-lehpad-decouvrent-les-archives-departementales","status":"publish","type":"post","link":"https:\/\/www.brenne-au-coeur.com\/index.php\/2023\/07\/09\/quand-les-residents-de-lehpad-decouvrent-les-archives-departementales\/ehpad\/4552\/","title":{"rendered":"Quand les r\u00e9sidents de l\u2019EHPAD d\u00e9couvrent les Archives d\u00e9partementales \u2026"},"content":{"rendered":"<figure id=\"attachment_4553\" aria-describedby=\"caption-attachment-4553\" style=\"width: 300px\" class=\"wp-caption alignleft\"><a href=\"https:\/\/www.brenne-au-coeur.com\/wp-content\/uploads\/2023\/07\/visite-archives-1.resized.jpg\" rel=\"lightbox[4552]\"><img loading=\"lazy\" decoding=\"async\" class=\"wp-image-4553 size-medium\" src=\"https:\/\/www.brenne-au-coeur.com\/wp-content\/uploads\/2023\/07\/visite-archives-1.resized-300x200.jpg\" alt=\"\" width=\"300\" height=\"200\" srcset=\"https:\/\/www.brenne-au-coeur.com\/wp-content\/uploads\/2023\/07\/visite-archives-1.resized-300x200.jpg 300w, https:\/\/www.brenne-au-coeur.com\/wp-content\/uploads\/2023\/07\/visite-archives-1.resized-150x100.jpg 150w, https:\/\/www.brenne-au-coeur.com\/wp-content\/uploads\/2023\/07\/visite-archives-1.resized-272x182.jpg 272w, https:\/\/www.brenne-au-coeur.com\/wp-content\/uploads\/2023\/07\/visite-archives-1.resized.jpg 547w\" sizes=\"auto, (max-width: 300px) 100vw, 300px\" \/><\/a><figcaption id=\"caption-attachment-4553\" class=\"wp-caption-text\">Accueil dans la salle de conf\u00e9rence<\/figcaption><\/figure>\n<p align=\"justify\">On imagine souvent les services publics d\u2019archives comme des lieux poussi\u00e9reux, sombres et d\u00e9suets.<\/p>\n<p align=\"justify\">Ce n\u2019est pas ce qu\u2019ont d\u00e9couvert les six r\u00e9sidents de l\u2019EHPAD de M\u00e9zi\u00e8res ce jeudi 29 juin. Accueillis en d\u00e9but d\u2019apr\u00e8s-midi par J\u00e9r\u00f4me Descoux dans une vaste et lumineuse salle de conf\u00e9rence, cet archiviste leur a expliqu\u00e9 le r\u00f4le et le fonctionnement des <a href=\"https:\/\/www.archives36.fr\/\">Archives d\u00e9partementales<\/a> avant de conduire le groupe dans les coulisses de l\u2019ancienne \u00e9cole normale de jeunes filles.<\/p>\n<p align=\"justify\">\u00ab\u00a0 Collecter, classer, conserver, communiquer\u00a0\u00bb est La mission de cette organisation cr\u00e9\u00e9e peu apr\u00e8s la R\u00e9volution fran\u00e7aise. Pour ce faire, le long travail pr\u00e9paratoire des documents d\u00e9pos\u00e9s a \u00e9t\u00e9 d\u00e9taill\u00e9 aux r\u00e9sidents, tr\u00e8s int\u00e9ress\u00e9s par ce travail indispensable mais m\u00e9connu.<\/p>\n<figure id=\"attachment_4555\" aria-describedby=\"caption-attachment-4555\" style=\"width: 300px\" class=\"wp-caption alignright\"><a href=\"https:\/\/www.brenne-au-coeur.com\/wp-content\/uploads\/2023\/07\/visite-archives-2.resized.jpg\" rel=\"lightbox[4552]\"><img loading=\"lazy\" decoding=\"async\" class=\"wp-image-4555 size-medium\" src=\"https:\/\/www.brenne-au-coeur.com\/wp-content\/uploads\/2023\/07\/visite-archives-2.resized-300x200.jpg\" alt=\"\" width=\"300\" height=\"200\" srcset=\"https:\/\/www.brenne-au-coeur.com\/wp-content\/uploads\/2023\/07\/visite-archives-2.resized-300x200.jpg 300w, https:\/\/www.brenne-au-coeur.com\/wp-content\/uploads\/2023\/07\/visite-archives-2.resized-150x100.jpg 150w, https:\/\/www.brenne-au-coeur.com\/wp-content\/uploads\/2023\/07\/visite-archives-2.resized-272x182.jpg 272w, https:\/\/www.brenne-au-coeur.com\/wp-content\/uploads\/2023\/07\/visite-archives-2.resized.jpg 547w\" sizes=\"auto, (max-width: 300px) 100vw, 300px\" \/><\/a><figcaption id=\"caption-attachment-4555\" class=\"wp-caption-text\">Les explications de J\u00e9r\u00f4me Descoux passionnent Mme Moury<\/figcaption><\/figure>\n<p align=\"justify\">La visite s\u2019est poursuivie dans le silo de conservation pour s\u2019achever dans la salle de lecture.<\/p>\n<p align=\"justify\">Souhaitant toucher tous les publics, les Archives d\u00e9partementales proposent de mettre gracieusement \u00e0 disposition leurs nombreuses expositions. C\u2019est ainsi que \u00ab\u00a0 de caves en c\u00e9pages\u00a0\u00bb sera visible tout l\u2019\u00e9t\u00e9 au 1<sup>er<\/sup> \u00e9tage de l\u2019EHPAD R\u00e9sidence de la Brenne, \u00e9gayant le lieu pour les r\u00e9sidents, leurs familles et toute personne d\u00e9sireuse de s\u2019instruire sur la vigne en Berry.<\/p>\n<p align=\"justify\">Ce premier accrochage augure d\u2019une sympathique collaboration avec ce service du D\u00e9partement, tr\u00e8s ouvert et pr\u00eat \u00e0 recevoir de futurs visiteurs.<\/p>\n","protected":false},"excerpt":{"rendered":"<p>On imagine souvent les services publics d\u2019archives comme des lieux poussi\u00e9reux, sombres et d\u00e9suets. Ce n\u2019est pas ce qu\u2019ont d\u00e9couvert les six r\u00e9sidents de l\u2019EHPAD de M\u00e9zi\u00e8res ce jeudi 29 juin. Accueillis en d\u00e9but d\u2019apr\u00e8s-midi par J\u00e9r\u00f4me Descoux dans une vaste et lumineuse salle de conf\u00e9rence, cet archiviste leur a expliqu\u00e9 le r\u00f4le et le&hellip;&nbsp;<a href=\"https:\/\/www.brenne-au-coeur.com\/index.php\/2023\/07\/09\/quand-les-residents-de-lehpad-decouvrent-les-archives-departementales\/ehpad\/4552\/\" rel=\"bookmark\">Lire la suite&nbsp;&raquo;<span class=\"screen-reader-text\">Quand les r\u00e9sidents de l\u2019EHPAD d\u00e9couvrent les Archives d\u00e9partementales \u2026<\/span><\/a><\/p>\n","protected":false},"author":2,"featured_media":4554,"comment_status":"open","ping_status":"open","sticky":false,"template":"","format":"standard","meta":{"rop_custom_images_group":[],"rop_custom_messages_group":[],"rop_publish_now":"initial","rop_publish_now_accounts":[],"rop_publish_now_history":[],"rop_publish_now_status":"pending","_monsterinsights_skip_tracking":false,"_monsterinsights_sitenote_active":false,"_monsterinsights_sitenote_note":"","_monsterinsights_sitenote_category":0,"neve_meta_sidebar":"","neve_meta_container":"","neve_meta_enable_content_width":"off","neve_meta_content_width":70,"neve_meta_title_alignment":"","neve_meta_author_avatar":"","neve_post_elements_order":"","neve_meta_disable_header":"","neve_meta_disable_footer":"","neve_meta_disable_title":"","_jetpack_memberships_contains_paid_content":false,"footnotes":"","jetpack_publicize_message":"","jetpack_publicize_feature_enabled":true,"jetpack_social_post_already_shared":true,"jetpack_social_options":{"image_generator_settings":{"template":"highway","default_image_id":0,"font":"","enabled":false},"version":2}},"categories":[144,142,97],"tags":[84,49],"class_list":["post-4552","post","type-post","status-publish","format-standard","has-post-thumbnail","hentry","category-archives-departementales","category-chateauroux","category-ehpad","tag-conference","tag-histoire"],"aioseo_notices":[],"jetpack_publicize_connections":[],"jetpack_featured_media_url":"https:\/\/www.brenne-au-coeur.com\/wp-content\/uploads\/2023\/07\/visite-archives-4.resized.jpg","jetpack-related-posts":[],"jetpack_sharing_enabled":true,"_links":{"self":[{"href":"https:\/\/www.brenne-au-coeur.com\/index.php\/wp-json\/wp\/v2\/posts\/4552","targetHints":{"allow":["GET"]}}],"collection":[{"href":"https:\/\/www.brenne-au-coeur.com\/index.php\/wp-json\/wp\/v2\/posts"}],"about":[{"href":"https:\/\/www.brenne-au-coeur.com\/index.php\/wp-json\/wp\/v2\/types\/post"}],"author":[{"embeddable":true,"href":"https:\/\/www.brenne-au-coeur.com\/index.php\/wp-json\/wp\/v2\/users\/2"}],"replies":[{"embeddable":true,"href":"https:\/\/www.brenne-au-coeur.com\/index.php\/wp-json\/wp\/v2\/comments?post=4552"}],"version-history":[{"count":1,"href":"https:\/\/www.brenne-au-coeur.com\/index.php\/wp-json\/wp\/v2\/posts\/4552\/revisions"}],"predecessor-version":[{"id":4556,"href":"https:\/\/www.brenne-au-coeur.com\/index.php\/wp-json\/wp\/v2\/posts\/4552\/revisions\/4556"}],"wp:featuredmedia":[{"embeddable":true,"href":"https:\/\/www.brenne-au-coeur.com\/index.php\/wp-json\/wp\/v2\/media\/4554"}],"wp:attachment":[{"href":"https:\/\/www.brenne-au-coeur.com\/index.php\/wp-json\/wp\/v2\/media?parent=4552"}],"wp:term":[{"taxonomy":"category","embeddable":true,"href":"https:\/\/www.brenne-au-coeur.com\/index.php\/wp-json\/wp\/v2\/categories?post=4552"},{"taxonomy":"post_tag","embeddable":true,"href":"https:\/\/www.brenne-au-coeur.com\/index.php\/wp-json\/wp\/v2\/tags?post=4552"}],"curies":[{"name":"wp","href":"https:\/\/api.w.org\/{rel}","templated":true}]}}