{"id":4548,"date":"2023-07-09T10:36:37","date_gmt":"2023-07-09T08:36:37","guid":{"rendered":"https:\/\/www.brenne-au-coeur.com\/?p=4548"},"modified":"2023-07-09T11:22:13","modified_gmt":"2023-07-09T09:22:13","slug":"fete-du-jambon-a-saulnay","status":"publish","type":"post","link":"https:\/\/www.brenne-au-coeur.com\/index.php\/2023\/07\/09\/fete-du-jambon-a-saulnay\/communes\/saulnay\/4548\/","title":{"rendered":"F\u00eate du Jambon \u00e0 Saulnay"},"content":{"rendered":"<figure id=\"attachment_4550\" aria-describedby=\"caption-attachment-4550\" style=\"width: 300px\" class=\"wp-caption alignleft\"><a href=\"https:\/\/www.brenne-au-coeur.com\/wp-content\/uploads\/2023\/07\/fete-du-jambon-saulnay.jpg\" rel=\"lightbox[4548]\"><img loading=\"lazy\" decoding=\"async\" class=\"wp-image-4550 size-medium\" src=\"https:\/\/www.brenne-au-coeur.com\/wp-content\/uploads\/2023\/07\/fete-du-jambon-saulnay-300x200.jpg\" alt=\"\" width=\"300\" height=\"200\" srcset=\"https:\/\/www.brenne-au-coeur.com\/wp-content\/uploads\/2023\/07\/fete-du-jambon-saulnay-300x200.jpg 300w, https:\/\/www.brenne-au-coeur.com\/wp-content\/uploads\/2023\/07\/fete-du-jambon-saulnay-150x100.jpg 150w, https:\/\/www.brenne-au-coeur.com\/wp-content\/uploads\/2023\/07\/fete-du-jambon-saulnay-272x182.jpg 272w, https:\/\/www.brenne-au-coeur.com\/wp-content\/uploads\/2023\/07\/fete-du-jambon-saulnay.jpg 560w\" sizes=\"auto, (max-width: 300px) 100vw, 300px\" \/><\/a><figcaption id=\"caption-attachment-4550\" class=\"wp-caption-text\">Spectacle de danse lors d&rsquo;une f\u00eate pr\u00e9c\u00e9dente<\/figcaption><\/figure>\n<p><span style=\"font-size: large;\">Le Comit\u00e9 des f\u00eates de Saulnay organise sa traditionnelle f\u00eate du jambon, dimanche 16 juillet \u00e0 partir de 18h. Un rendez-vous d\u2019\u00e9t\u00e9 au centre du village, qui attire toujours la foule. L\u2019an pass\u00e9 plus de 500 personnes se sont d\u00e9plac\u00e9es pour assister aux spectacles, d\u00e9guster les jambons et profiter des animations.<\/span><\/p>\n<p><span style=\"font-size: large;\">Cette ann\u00e9e encore, les organisateurs pr\u00e9voient du monde, puisque 14 jambons seront pr\u00e9par\u00e9s. C\u00f4t\u00e9 attraction, plusieurs stands sont pr\u00e9vus. Des jeux pour petits et grands. P\u00eache aux canards, tir \u00e0 la carabine, toboggan gonflable, maquillage pour les enfants. La f\u00eate accueille \u00e9galement Lucie et Damien, producteurs mara\u00eechers Bio \u00ab\u00a0Le brin d\u2019\u00eatre\u00a0\u00bb et les confiseries Tutur.<\/span><\/p>\n<p><span style=\"font-size: large;\">Comme toute bonne f\u00eate qui se respecte, c\u2019est au son de la musique que les convives sont invit\u00e9s \u00e0 passer la soir\u00e9e. \u00ab\u00a0Musique sur mesures\u00a0\u00bb de Jean-Baptiste Dupont et Sarah, d\u00e9j\u00e0 pr\u00e9sents en 2023, reviennent pour assurer la premi\u00e8re partie de la soir\u00e9e. S\u2019en suivra un Feu d\u2019artifice en pyrotechnique et un bal anim\u00e9 par Marc Plaisant et Jean-Baptiste Dupont. <\/span><\/p>\n<p><span style=\"font-size: large;\">Repas champ\u00eatre\u00a0: adultes 16 \u20ac, enfants 8 \u20ac <\/span><\/p>\n","protected":false},"excerpt":{"rendered":"<p>Le Comit\u00e9 des f\u00eates de Saulnay organise sa traditionnelle f\u00eate du jambon, dimanche 16 juillet \u00e0 partir de 18h. Un rendez-vous d\u2019\u00e9t\u00e9 au centre du village, qui attire toujours la foule. L\u2019an pass\u00e9 plus de 500 personnes se sont d\u00e9plac\u00e9es pour assister aux spectacles, d\u00e9guster les jambons et profiter des animations. Cette ann\u00e9e encore, les&hellip;&nbsp;<a href=\"https:\/\/www.brenne-au-coeur.com\/index.php\/2023\/07\/09\/fete-du-jambon-a-saulnay\/communes\/saulnay\/4548\/\" rel=\"bookmark\">Lire la suite&nbsp;&raquo;<span class=\"screen-reader-text\">F\u00eate du Jambon \u00e0 Saulnay<\/span><\/a><\/p>\n","protected":false},"author":1,"featured_media":4550,"comment_status":"open","ping_status":"open","sticky":false,"template":"","format":"standard","meta":{"rop_custom_images_group":[],"rop_custom_messages_group":[],"rop_publish_now":"initial","rop_publish_now_accounts":[],"rop_publish_now_history":[],"rop_publish_now_status":"pending","_monsterinsights_skip_tracking":false,"_monsterinsights_sitenote_active":false,"_monsterinsights_sitenote_note":"","_monsterinsights_sitenote_category":0,"neve_meta_sidebar":"","neve_meta_container":"","neve_meta_enable_content_width":"off","neve_meta_content_width":70,"neve_meta_title_alignment":"","neve_meta_author_avatar":"","neve_post_elements_order":"","neve_meta_disable_header":"","neve_meta_disable_footer":"","neve_meta_disable_title":"","_jetpack_memberships_contains_paid_content":false,"footnotes":"","jetpack_publicize_message":"","jetpack_publicize_feature_enabled":true,"jetpack_social_post_already_shared":true,"jetpack_social_options":{"image_generator_settings":{"template":"highway","default_image_id":0,"font":"","enabled":false},"version":2}},"categories":[18],"tags":[111],"class_list":["post-4548","post","type-post","status-publish","format-standard","has-post-thumbnail","hentry","category-saulnay","tag-fetes"],"aioseo_notices":[],"jetpack_publicize_connections":[],"jetpack_featured_media_url":"https:\/\/www.brenne-au-coeur.com\/wp-content\/uploads\/2023\/07\/fete-du-jambon-saulnay.jpg","jetpack-related-posts":[],"jetpack_sharing_enabled":true,"_links":{"self":[{"href":"https:\/\/www.brenne-au-coeur.com\/index.php\/wp-json\/wp\/v2\/posts\/4548","targetHints":{"allow":["GET"]}}],"collection":[{"href":"https:\/\/www.brenne-au-coeur.com\/index.php\/wp-json\/wp\/v2\/posts"}],"about":[{"href":"https:\/\/www.brenne-au-coeur.com\/index.php\/wp-json\/wp\/v2\/types\/post"}],"author":[{"embeddable":true,"href":"https:\/\/www.brenne-au-coeur.com\/index.php\/wp-json\/wp\/v2\/users\/1"}],"replies":[{"embeddable":true,"href":"https:\/\/www.brenne-au-coeur.com\/index.php\/wp-json\/wp\/v2\/comments?post=4548"}],"version-history":[{"count":2,"href":"https:\/\/www.brenne-au-coeur.com\/index.php\/wp-json\/wp\/v2\/posts\/4548\/revisions"}],"predecessor-version":[{"id":4557,"href":"https:\/\/www.brenne-au-coeur.com\/index.php\/wp-json\/wp\/v2\/posts\/4548\/revisions\/4557"}],"wp:featuredmedia":[{"embeddable":true,"href":"https:\/\/www.brenne-au-coeur.com\/index.php\/wp-json\/wp\/v2\/media\/4550"}],"wp:attachment":[{"href":"https:\/\/www.brenne-au-coeur.com\/index.php\/wp-json\/wp\/v2\/media?parent=4548"}],"wp:term":[{"taxonomy":"category","embeddable":true,"href":"https:\/\/www.brenne-au-coeur.com\/index.php\/wp-json\/wp\/v2\/categories?post=4548"},{"taxonomy":"post_tag","embeddable":true,"href":"https:\/\/www.brenne-au-coeur.com\/index.php\/wp-json\/wp\/v2\/tags?post=4548"}],"curies":[{"name":"wp","href":"https:\/\/api.w.org\/{rel}","templated":true}]}}