{"id":4540,"date":"2023-07-03T17:16:56","date_gmt":"2023-07-03T15:16:56","guid":{"rendered":"https:\/\/www.brenne-au-coeur.com\/?p=4540"},"modified":"2023-07-03T17:16:56","modified_gmt":"2023-07-03T15:16:56","slug":"4540","status":"publish","type":"post","link":"https:\/\/www.brenne-au-coeur.com\/index.php\/2023\/07\/03\/4540\/breves\/4540\/","title":{"rendered":""},"content":{"rendered":"<p><span style=\"font-size: large;\">Biblioth\u00e8que \u00e0 la plage, mercredi 12 juillet 2023, de 14h00 \u00e0 16h00, Plage de Bellebouche \u00e0 M\u00e9zi\u00e8res-en-Brenne, organis\u00e9e par la m\u00e9diath\u00e8que. Pour un apr\u00e8s-midi la biblioth\u00e8que se d\u00e9localise \u00e0 la plage de Bellebouche. Un go\u00fbter entre contes, jeux, lectures, land art. Acc\u00e8s gratuit. R\u00e9servation obligatoire. 02 54 38 12 67 bibliotheque@mezieres-en-brenne.fr<\/span><\/p>\n","protected":false},"excerpt":{"rendered":"<p>Biblioth\u00e8que \u00e0 la plage, mercredi 12 juillet 2023, de 14h00 \u00e0 16h00, Plage de Bellebouche \u00e0 M\u00e9zi\u00e8res-en-Brenne, organis\u00e9e par la m\u00e9diath\u00e8que. Pour un apr\u00e8s-midi la biblioth\u00e8que se d\u00e9localise \u00e0 la plage de Bellebouche. Un go\u00fbter entre contes, jeux, lectures, land art. Acc\u00e8s gratuit. R\u00e9servation obligatoire. 02 54 38 12 67 bibliotheque@mezieres-en-brenne.fr<\/p>\n","protected":false},"author":1,"featured_media":0,"comment_status":"open","ping_status":"open","sticky":false,"template":"","format":"standard","meta":{"rop_custom_images_group":[],"rop_custom_messages_group":[],"rop_publish_now":"initial","rop_publish_now_accounts":[],"rop_publish_now_history":[],"rop_publish_now_status":"pending","_monsterinsights_skip_tracking":false,"_monsterinsights_sitenote_active":false,"_monsterinsights_sitenote_note":"","_monsterinsights_sitenote_category":0,"neve_meta_sidebar":"","neve_meta_container":"","neve_meta_enable_content_width":"off","neve_meta_content_width":70,"neve_meta_title_alignment":"","neve_meta_author_avatar":"","neve_post_elements_order":"","neve_meta_disable_header":"","neve_meta_disable_footer":"","neve_meta_disable_title":"","_jetpack_memberships_contains_paid_content":false,"footnotes":"","jetpack_publicize_message":"","jetpack_publicize_feature_enabled":true,"jetpack_social_post_already_shared":true,"jetpack_social_options":{"image_generator_settings":{"template":"highway","default_image_id":0,"font":"","enabled":false},"version":2}},"categories":[124],"tags":[],"class_list":["post-4540","post","type-post","status-publish","format-standard","hentry","category-breves"],"aioseo_notices":[],"jetpack_publicize_connections":[],"jetpack_featured_media_url":"","jetpack-related-posts":[],"jetpack_sharing_enabled":true,"_links":{"self":[{"href":"https:\/\/www.brenne-au-coeur.com\/index.php\/wp-json\/wp\/v2\/posts\/4540","targetHints":{"allow":["GET"]}}],"collection":[{"href":"https:\/\/www.brenne-au-coeur.com\/index.php\/wp-json\/wp\/v2\/posts"}],"about":[{"href":"https:\/\/www.brenne-au-coeur.com\/index.php\/wp-json\/wp\/v2\/types\/post"}],"author":[{"embeddable":true,"href":"https:\/\/www.brenne-au-coeur.com\/index.php\/wp-json\/wp\/v2\/users\/1"}],"replies":[{"embeddable":true,"href":"https:\/\/www.brenne-au-coeur.com\/index.php\/wp-json\/wp\/v2\/comments?post=4540"}],"version-history":[{"count":1,"href":"https:\/\/www.brenne-au-coeur.com\/index.php\/wp-json\/wp\/v2\/posts\/4540\/revisions"}],"predecessor-version":[{"id":4541,"href":"https:\/\/www.brenne-au-coeur.com\/index.php\/wp-json\/wp\/v2\/posts\/4540\/revisions\/4541"}],"wp:attachment":[{"href":"https:\/\/www.brenne-au-coeur.com\/index.php\/wp-json\/wp\/v2\/media?parent=4540"}],"wp:term":[{"taxonomy":"category","embeddable":true,"href":"https:\/\/www.brenne-au-coeur.com\/index.php\/wp-json\/wp\/v2\/categories?post=4540"},{"taxonomy":"post_tag","embeddable":true,"href":"https:\/\/www.brenne-au-coeur.com\/index.php\/wp-json\/wp\/v2\/tags?post=4540"}],"curies":[{"name":"wp","href":"https:\/\/api.w.org\/{rel}","templated":true}]}}