{"id":4514,"date":"2023-07-01T16:03:06","date_gmt":"2023-07-01T14:03:06","guid":{"rendered":"https:\/\/www.brenne-au-coeur.com\/?p=4514"},"modified":"2023-07-01T16:03:06","modified_gmt":"2023-07-01T14:03:06","slug":"belle-balade-au-chateau-dazay","status":"publish","type":"post","link":"https:\/\/www.brenne-au-coeur.com\/index.php\/2023\/07\/01\/belle-balade-au-chateau-dazay\/mediatheque\/4514\/","title":{"rendered":"Belle balade au ch\u00e2teau d\u2019Azay"},"content":{"rendered":"<p><span style=\"color: #000000;\"><span style=\"font-size: large;\"><a href=\"https:\/\/www.brenne-au-coeur.com\/wp-content\/uploads\/2023\/07\/affiche-belle-balade.resized.jpg\" rel=\"lightbox[4514]\"><img loading=\"lazy\" decoding=\"async\" class=\"alignleft wp-image-4515 size-medium\" src=\"https:\/\/www.brenne-au-coeur.com\/wp-content\/uploads\/2023\/07\/affiche-belle-balade.resized-212x300.jpg\" alt=\"\" width=\"212\" height=\"300\" srcset=\"https:\/\/www.brenne-au-coeur.com\/wp-content\/uploads\/2023\/07\/affiche-belle-balade.resized-212x300.jpg 212w, https:\/\/www.brenne-au-coeur.com\/wp-content\/uploads\/2023\/07\/affiche-belle-balade.resized-106x150.jpg 106w, https:\/\/www.brenne-au-coeur.com\/wp-content\/uploads\/2023\/07\/affiche-belle-balade.resized.jpg 317w\" sizes=\"auto, (max-width: 212px) 100vw, 212px\" \/><\/a>S<\/span><\/span><span style=\"color: #000000;\"><span style=\"font-size: large;\">amedi 8 juillet<\/span><\/span><span style=\"font-size: large;\">, <\/span><span style=\"font-size: large;\">\u00e0 partir de 15h, la cr\u00e9ation artistique \u00ab\u00a0Belle balade\u00a0\u00bb sera pr\u00e9sent\u00e9e au public, dans le Parc du ch\u00e2teau d\u2019Azay<\/span><span style=\"font-size: large;\">. <\/span><span style=\"font-size: large;\">L\u2019<\/span><span style=\"font-size: large;\">e<\/span><span style=\"font-size: large;\">ntr\u00e9e du parc <\/span><span style=\"font-size: large;\">sera <\/span><span style=\"font-size: large;\">gratuite, <\/span><span style=\"font-size: large;\">en passant <\/span><span style=\"font-size: large;\">par la cour du CPIE, 35 rue Hersent Luzerche<\/span><span style=\"font-size: x-large;\"><i>.<\/i><\/span><\/p>\n<p><span style=\"font-size: large;\">Il s&rsquo;agit d&rsquo;une d\u00e9ambulation po\u00e9tique et artistique en ext\u00e9rieur f\u00eatant le vivant \u2013 projet culture sant\u00e9 2023 de la m\u00e9diath\u00e8que d&rsquo;Azay le Ferron et du PNR de la Brenne.<\/span><\/p>\n<p><span style=\"font-size: large;\">Une guinguette avec la cantine de Mathoux sera ouverte apr\u00e8s le spectacle jusqu&rsquo;\u00e0 18h.<\/span><\/p>\n<p><span style=\"font-size: large;\">Ce projet r\u00e9unit 30 participant.e.s amateur.e.s dont 15 en situation de handicap autour d&rsquo;une cr\u00e9ation collective m\u00ealant plusieurs arts vivants&nbsp;: la danse, la musique et le clown.<\/span><\/p>\n<p><span style=\"font-size: large;\">10 jours de cr\u00e9ation avec 3 intervenantes (Louise Cazy, direction artistique et danse&nbsp;; Marie Coutant, musique, V\u00e9ronique Legangneux, clown).<\/span><\/p>\n<p><span style=\"font-size: large;\"><i>Ce projet est soutenu par de nombreux partenaires&nbsp;: la DRAC et l&rsquo;ARS, le PNR de la Brenne, 5 structures m\u00e9dicales (Atout-Brenne, ADAPEI Ch\u00e2teauroux, Mas de Lureuil, MAS et IEM Valen\u00e7ay, MAS de Targ\u00e9), l&rsquo;association AEHM Valen\u00e7ay, la MSA et la commune d&rsquo;Azay le Ferron.<\/i><\/span><\/p>\n<p><span style=\"font-size: large;\">Pour tous renseignements. Contact <\/span><span style=\"font-size: large;\"><a href=\"mailto:bibliotheque-azayleferron@orange.fr\">bibliotheque-azayleferron@orange.fr<\/a> <\/span><span style=\"font-size: large;\">ou <\/span><\/p>\n<p><span style=\"font-size: large;\">02-54-39-40-97<\/span><\/p>\n","protected":false},"excerpt":{"rendered":"<p>Samedi 8 juillet, \u00e0 partir de 15h, la cr\u00e9ation artistique \u00ab\u00a0Belle balade\u00a0\u00bb sera pr\u00e9sent\u00e9e au public, dans le Parc du ch\u00e2teau d\u2019Azay. L\u2019entr\u00e9e du parc sera gratuite, en passant par la cour du CPIE, 35 rue Hersent Luzerche. Il s&rsquo;agit d&rsquo;une d\u00e9ambulation po\u00e9tique et artistique en ext\u00e9rieur f\u00eatant le vivant \u2013 projet culture sant\u00e9 2023&hellip;&nbsp;<a href=\"https:\/\/www.brenne-au-coeur.com\/index.php\/2023\/07\/01\/belle-balade-au-chateau-dazay\/mediatheque\/4514\/\" rel=\"bookmark\">Lire la suite&nbsp;&raquo;<span class=\"screen-reader-text\">Belle balade au ch\u00e2teau d\u2019Azay<\/span><\/a><\/p>\n","protected":false},"author":1,"featured_media":4515,"comment_status":"open","ping_status":"open","sticky":false,"template":"","format":"standard","meta":{"rop_custom_images_group":[],"rop_custom_messages_group":[],"rop_publish_now":"initial","rop_publish_now_accounts":[],"rop_publish_now_history":[],"rop_publish_now_status":"pending","_monsterinsights_skip_tracking":false,"_monsterinsights_sitenote_active":false,"_monsterinsights_sitenote_note":"","_monsterinsights_sitenote_category":0,"neve_meta_sidebar":"","neve_meta_container":"","neve_meta_enable_content_width":"off","neve_meta_content_width":70,"neve_meta_title_alignment":"","neve_meta_author_avatar":"","neve_post_elements_order":"","neve_meta_disable_header":"","neve_meta_disable_footer":"","neve_meta_disable_title":"","_jetpack_memberships_contains_paid_content":false,"footnotes":"","jetpack_publicize_message":"","jetpack_publicize_feature_enabled":true,"jetpack_social_post_already_shared":true,"jetpack_social_options":{"image_generator_settings":{"template":"highway","default_image_id":0,"font":"","enabled":false},"version":2}},"categories":[86,59],"tags":[71,31,27],"class_list":["post-4514","post","type-post","status-publish","format-standard","has-post-thumbnail","hentry","category-chateau-dazay-le-ferron","category-mediatheque","tag-animation","tag-associations","tag-nature"],"aioseo_notices":[],"jetpack_publicize_connections":[],"jetpack_featured_media_url":"https:\/\/www.brenne-au-coeur.com\/wp-content\/uploads\/2023\/07\/affiche-belle-balade.resized.jpg","jetpack-related-posts":[],"jetpack_sharing_enabled":true,"_links":{"self":[{"href":"https:\/\/www.brenne-au-coeur.com\/index.php\/wp-json\/wp\/v2\/posts\/4514","targetHints":{"allow":["GET"]}}],"collection":[{"href":"https:\/\/www.brenne-au-coeur.com\/index.php\/wp-json\/wp\/v2\/posts"}],"about":[{"href":"https:\/\/www.brenne-au-coeur.com\/index.php\/wp-json\/wp\/v2\/types\/post"}],"author":[{"embeddable":true,"href":"https:\/\/www.brenne-au-coeur.com\/index.php\/wp-json\/wp\/v2\/users\/1"}],"replies":[{"embeddable":true,"href":"https:\/\/www.brenne-au-coeur.com\/index.php\/wp-json\/wp\/v2\/comments?post=4514"}],"version-history":[{"count":1,"href":"https:\/\/www.brenne-au-coeur.com\/index.php\/wp-json\/wp\/v2\/posts\/4514\/revisions"}],"predecessor-version":[{"id":4516,"href":"https:\/\/www.brenne-au-coeur.com\/index.php\/wp-json\/wp\/v2\/posts\/4514\/revisions\/4516"}],"wp:featuredmedia":[{"embeddable":true,"href":"https:\/\/www.brenne-au-coeur.com\/index.php\/wp-json\/wp\/v2\/media\/4515"}],"wp:attachment":[{"href":"https:\/\/www.brenne-au-coeur.com\/index.php\/wp-json\/wp\/v2\/media?parent=4514"}],"wp:term":[{"taxonomy":"category","embeddable":true,"href":"https:\/\/www.brenne-au-coeur.com\/index.php\/wp-json\/wp\/v2\/categories?post=4514"},{"taxonomy":"post_tag","embeddable":true,"href":"https:\/\/www.brenne-au-coeur.com\/index.php\/wp-json\/wp\/v2\/tags?post=4514"}],"curies":[{"name":"wp","href":"https:\/\/api.w.org\/{rel}","templated":true}]}}