{"id":4488,"date":"2023-06-25T17:03:50","date_gmt":"2023-06-25T15:03:50","guid":{"rendered":"https:\/\/www.brenne-au-coeur.com\/?p=4488"},"modified":"2023-06-25T17:03:50","modified_gmt":"2023-06-25T15:03:50","slug":"la-fete-aux-chansons","status":"publish","type":"post","link":"https:\/\/www.brenne-au-coeur.com\/index.php\/2023\/06\/25\/la-fete-aux-chansons\/communes\/azay-le-ferron-communes\/4488\/","title":{"rendered":"La f\u00eate aux chansons"},"content":{"rendered":"<figure id=\"attachment_4491\" aria-describedby=\"caption-attachment-4491\" style=\"width: 300px\" class=\"wp-caption alignleft\"><a href=\"https:\/\/www.brenne-au-coeur.com\/wp-content\/uploads\/2023\/06\/IMG_20230621_163525.resized.jpg\" rel=\"lightbox[4488]\"><img loading=\"lazy\" decoding=\"async\" class=\"wp-image-4491 size-medium\" src=\"https:\/\/www.brenne-au-coeur.com\/wp-content\/uploads\/2023\/06\/IMG_20230621_163525.resized-300x225.jpg\" alt=\"\" width=\"300\" height=\"225\" srcset=\"https:\/\/www.brenne-au-coeur.com\/wp-content\/uploads\/2023\/06\/IMG_20230621_163525.resized-300x225.jpg 300w, https:\/\/www.brenne-au-coeur.com\/wp-content\/uploads\/2023\/06\/IMG_20230621_163525.resized-150x113.jpg 150w, https:\/\/www.brenne-au-coeur.com\/wp-content\/uploads\/2023\/06\/IMG_20230621_163525.resized.jpg 461w\" sizes=\"auto, (max-width: 300px) 100vw, 300px\" \/><\/a><figcaption id=\"caption-attachment-4491\" class=\"wp-caption-text\">\u00a0Caroline et Sylvain Neveu<\/figcaption><\/figure>\n<p><span style=\"font-size: large;\">Micro, clavier et instruments avaient pris possession des lieux, transformant en sc\u00e8ne, la terrasse de la <a href=\"https:\/\/www.facebook.com\/profile.php?id=100064589056359\">m\u00e9diath\u00e8que d\u2019Azay-le-Ferron<\/a>, \u00e0 l\u2019occasion de la f\u00eate de la musique. Plusieurs interpr\u00e8tes s\u2019y sont succ\u00e9d\u00e9 en cette fin d\u2019apr\u00e8s-midi, accompagn\u00e9s parfois par le p\u00e9piement de quelques oiseaux nich\u00e9s sous le toit du b\u00e2timent. Sylvain au piano et Caroline au chant ont \u00e9t\u00e9 les premiers \u00e0 pr\u00e9senter quelques opus des r\u00e9pertoires de Claude Nougaro et de Michel Legrand, qu\u2019 ils altern\u00e8rent avec des standards am\u00e9ricains, comme l\u2019inoubliable \u00ab&nbsp;I wanna be loved by you&nbsp;\u00bb rendu c\u00e9l\u00e8bre par Marilyn Monroe. Ils laiss\u00e8rent leur place pour une sc\u00e8ne ouverte offrant la possibilit\u00e9, \u00e0 qui le souhaitait, de pousser la chansonnette. Brigitte et Jean-Jacques jou\u00e8rent plusieurs morceaux de leurs propres compositions. Fran\u00e7oise repris une chanson de Georges Moustaki. Un po\u00e8me de Pr\u00e9vert a \u00e9t\u00e9 lu par Yvette et un texte de L\u00e9o Ferr\u00e9 dit par Philippe. <\/span><\/p>\n<p><span style=\"font-size: large;\">Le public a eu ensuite le grand plaisir d\u2019accueillir <a href=\"https:\/\/mariecoutant.com\/\">Marie Coutant<\/a> qui a pr\u00e9sent\u00e9 trois titres dont \u00ab\u00a0Aux femmes du monde\u00a0\u00bb, extrait de son dernier album. <\/span><\/p>\n<div class=\"nv-iframe-embed\"><div class=\"lyte-wrapper fourthree\" title=\"Marie Coutant, f&ecirc;te de la musique Azay-le-Ferron mercredi 21 juin 2023\" style=\"width:420px;max-width:100%;margin:5px auto;\"><div class=\"lyMe hidef\" id=\"WYL_XRJ1kxuHDGI\" itemprop=\"video\" itemscope itemtype=\"https:\/\/schema.org\/VideoObject\"><div><meta itemprop=\"thumbnailUrl\" content=\"https:\/\/www.brenne-au-coeur.com\/wp-content\/plugins\/wp-youtube-lyte\/lyteCache.php?origThumbUrl=https%3A%2F%2Fi.ytimg.com%2Fvi%2FXRJ1kxuHDGI%2Fmaxresdefault.jpg\" \/><meta itemprop=\"embedURL\" content=\"https:\/\/www.youtube.com\/embed\/XRJ1kxuHDGI\" \/><meta itemprop=\"duration\" content=\"PT3M27S\" \/><meta itemprop=\"uploadDate\" content=\"2023-06-25T14:01:08Z\" \/><\/div><div id=\"lyte_XRJ1kxuHDGI\" data-src=\"https:\/\/www.brenne-au-coeur.com\/wp-content\/plugins\/wp-youtube-lyte\/lyteCache.php?origThumbUrl=https%3A%2F%2Fi.ytimg.com%2Fvi%2FXRJ1kxuHDGI%2Fmaxresdefault.jpg\" class=\"pL\"><div class=\"tC\"><div class=\"tT\" itemprop=\"name\">Marie Coutant, f\u00eate de la musique Azay-le-Ferron mercredi 21 juin 2023<\/div><\/div><div class=\"play\"><\/div><div class=\"ctrl\"><div class=\"Lctrl\"><\/div><div class=\"Rctrl\"><\/div><\/div><\/div><noscript><a href=\"https:\/\/youtu.be\/XRJ1kxuHDGI\" rel=\"nofollow\"><img loading=\"lazy\" decoding=\"async\" src=\"https:\/\/www.brenne-au-coeur.com\/wp-content\/plugins\/wp-youtube-lyte\/lyteCache.php?origThumbUrl=https%3A%2F%2Fi.ytimg.com%2Fvi%2FXRJ1kxuHDGI%2F0.jpg\" alt=\"Marie Coutant, f&ecirc;te de la musique Azay-le-Ferron mercredi 21 juin 2023\" width=\"420\" height=\"295\" \/><br \/>Lire cette vid\u00e9o sur YouTube<\/a><\/noscript><meta itemprop=\"description\" content=\"Marie Coutant, f\u00eate de la musique Azay-le-Ferron mercredi 21 juin 2023\"><\/div><\/div><div class=\"lL\" style=\"max-width:100%;width:420px;margin:5px auto;\"><\/div><\/div>\n<p>&nbsp;<\/p>\n<figure id=\"attachment_4492\" aria-describedby=\"caption-attachment-4492\" style=\"width: 225px\" class=\"wp-caption alignright\"><a href=\"https:\/\/www.brenne-au-coeur.com\/wp-content\/uploads\/2023\/06\/IMG_20230621_190908.resized.jpg\" rel=\"lightbox[4488]\"><img loading=\"lazy\" decoding=\"async\" class=\"wp-image-4492 size-medium\" src=\"https:\/\/www.brenne-au-coeur.com\/wp-content\/uploads\/2023\/06\/IMG_20230621_190908.resized-225x300.jpg\" alt=\"\" width=\"225\" height=\"300\" srcset=\"https:\/\/www.brenne-au-coeur.com\/wp-content\/uploads\/2023\/06\/IMG_20230621_190908.resized-225x300.jpg 225w, https:\/\/www.brenne-au-coeur.com\/wp-content\/uploads\/2023\/06\/IMG_20230621_190908.resized-113x150.jpg 113w, https:\/\/www.brenne-au-coeur.com\/wp-content\/uploads\/2023\/06\/IMG_20230621_190908.resized.jpg 346w\" sizes=\"auto, (max-width: 225px) 100vw, 225px\" \/><\/a><figcaption id=\"caption-attachment-4492\" class=\"wp-caption-text\">Annie et Roger Houlet<\/figcaption><\/figure>\n<p><span style=\"font-size: large;\">Annie et Roger ont clos cette f\u00eate de la musique par un tour de chant consacr\u00e9 \u00e0 trois piliers de la chanson fran\u00e7aise\u00a0: Brassens, Brel et Ferr\u00e9. Au programme notamment, les incontournables \u00ab\u00a0Avec le temps\u00a0\u00bb, \u00ab\u00a0Amsterdam\u00a0\u00bb ou \u00ab\u00a0Les copains d\u2019abord\u00a0\u00bb repris en ch\u0153ur\u00a0\u00bb par l\u2019assistance. <\/span><\/p>\n<p><span style=\"font-size: large;\">La m\u00e9diath\u00e8que d\u2019Azay a ainsi offert un moment de partage, permettant au public de quitter la place de spectateur pour celle de chanteur ou de conteur. Chacune, chacun reprenant \u00e0 sa fa\u00e7on des \u0153uvres de leur artistes pr\u00e9f\u00e9r\u00e9s, ou jouant d\u2019un instrument, \u00e0 l\u2019instar de Jo\u00eblle qui avait repris la pratique de la fl\u00fbte pour la circonstance. <\/span><\/p>\n<p><span style=\"font-size: large;\">Vari\u00e9t\u00e9 des auteurs, des compositeurs et des interpr\u00e9tations, ambiance conviviale. C\u2019est tout l\u2019esprit de la f\u00eate de la musique qui a r\u00e9sonn\u00e9 dans la m\u00e9diath\u00e8que d&rsquo;Azay. De quoi envisager, d&rsquo;ores et d\u00e9j\u00e0, une nouvelle \u00e9dition d\u00e8s l\u2019an prochain. <\/span><\/p>\n","protected":false},"excerpt":{"rendered":"<p>Micro, clavier et instruments avaient pris possession des lieux, transformant en sc\u00e8ne, la terrasse de la m\u00e9diath\u00e8que d\u2019Azay-le-Ferron, \u00e0 l\u2019occasion de la f\u00eate de la musique. Plusieurs interpr\u00e8tes s\u2019y sont succ\u00e9d\u00e9 en cette fin d\u2019apr\u00e8s-midi, accompagn\u00e9s parfois par le p\u00e9piement de quelques oiseaux nich\u00e9s sous le toit du b\u00e2timent. Sylvain au piano et Caroline au&hellip;&nbsp;<a href=\"https:\/\/www.brenne-au-coeur.com\/index.php\/2023\/06\/25\/la-fete-aux-chansons\/communes\/azay-le-ferron-communes\/4488\/\" rel=\"bookmark\">Lire la suite&nbsp;&raquo;<span class=\"screen-reader-text\">La f\u00eate aux chansons<\/span><\/a><\/p>\n","protected":false},"author":1,"featured_media":4490,"comment_status":"open","ping_status":"open","sticky":false,"template":"","format":"standard","meta":{"rop_custom_images_group":[],"rop_custom_messages_group":[],"rop_publish_now":"initial","rop_publish_now_accounts":[],"rop_publish_now_history":[],"rop_publish_now_status":"pending","_monsterinsights_skip_tracking":false,"_monsterinsights_sitenote_active":false,"_monsterinsights_sitenote_note":"","_monsterinsights_sitenote_category":0,"neve_meta_sidebar":"","neve_meta_container":"","neve_meta_enable_content_width":"off","neve_meta_content_width":70,"neve_meta_title_alignment":"","neve_meta_author_avatar":"","neve_post_elements_order":"","neve_meta_disable_header":"","neve_meta_disable_footer":"","neve_meta_disable_title":"","_jetpack_memberships_contains_paid_content":false,"footnotes":"","jetpack_publicize_message":"","jetpack_publicize_feature_enabled":true,"jetpack_social_post_already_shared":true,"jetpack_social_options":{"image_generator_settings":{"template":"highway","default_image_id":0,"font":"","enabled":false},"version":2}},"categories":[10,59],"tags":[104,111,40],"class_list":["post-4488","post","type-post","status-publish","format-standard","has-post-thumbnail","hentry","category-azay-le-ferron-communes","category-mediatheque","tag-chansons","tag-fetes","tag-musique"],"aioseo_notices":[],"jetpack_publicize_connections":[],"jetpack_featured_media_url":"https:\/\/www.brenne-au-coeur.com\/wp-content\/uploads\/2023\/06\/fete-musique-azay.jpg","jetpack-related-posts":[],"jetpack_sharing_enabled":true,"_links":{"self":[{"href":"https:\/\/www.brenne-au-coeur.com\/index.php\/wp-json\/wp\/v2\/posts\/4488","targetHints":{"allow":["GET"]}}],"collection":[{"href":"https:\/\/www.brenne-au-coeur.com\/index.php\/wp-json\/wp\/v2\/posts"}],"about":[{"href":"https:\/\/www.brenne-au-coeur.com\/index.php\/wp-json\/wp\/v2\/types\/post"}],"author":[{"embeddable":true,"href":"https:\/\/www.brenne-au-coeur.com\/index.php\/wp-json\/wp\/v2\/users\/1"}],"replies":[{"embeddable":true,"href":"https:\/\/www.brenne-au-coeur.com\/index.php\/wp-json\/wp\/v2\/comments?post=4488"}],"version-history":[{"count":1,"href":"https:\/\/www.brenne-au-coeur.com\/index.php\/wp-json\/wp\/v2\/posts\/4488\/revisions"}],"predecessor-version":[{"id":4493,"href":"https:\/\/www.brenne-au-coeur.com\/index.php\/wp-json\/wp\/v2\/posts\/4488\/revisions\/4493"}],"wp:featuredmedia":[{"embeddable":true,"href":"https:\/\/www.brenne-au-coeur.com\/index.php\/wp-json\/wp\/v2\/media\/4490"}],"wp:attachment":[{"href":"https:\/\/www.brenne-au-coeur.com\/index.php\/wp-json\/wp\/v2\/media?parent=4488"}],"wp:term":[{"taxonomy":"category","embeddable":true,"href":"https:\/\/www.brenne-au-coeur.com\/index.php\/wp-json\/wp\/v2\/categories?post=4488"},{"taxonomy":"post_tag","embeddable":true,"href":"https:\/\/www.brenne-au-coeur.com\/index.php\/wp-json\/wp\/v2\/tags?post=4488"}],"curies":[{"name":"wp","href":"https:\/\/api.w.org\/{rel}","templated":true}]}}