{"id":4456,"date":"2023-06-17T16:21:42","date_gmt":"2023-06-17T14:21:42","guid":{"rendered":"https:\/\/www.brenne-au-coeur.com\/?p=4456"},"modified":"2023-06-17T16:21:42","modified_gmt":"2023-06-17T14:21:42","slug":"musique-classique-a-leglise-de-mezieres","status":"publish","type":"post","link":"https:\/\/www.brenne-au-coeur.com\/index.php\/2023\/06\/17\/musique-classique-a-leglise-de-mezieres\/communes\/mezieres-en-brenne\/4456\/","title":{"rendered":"Musique classique \u00e0 l\u2019\u00e9glise de M\u00e9zi\u00e8res"},"content":{"rendered":"<figure id=\"attachment_4457\" aria-describedby=\"caption-attachment-4457\" style=\"width: 326px\" class=\"wp-caption alignleft\"><a href=\"https:\/\/www.brenne-au-coeur.com\/wp-content\/uploads\/2023\/06\/IMG_7731.resized.resized.jpg\" rel=\"lightbox[4456]\"><img loading=\"lazy\" decoding=\"async\" class=\"wp-image-4457 \" src=\"https:\/\/www.brenne-au-coeur.com\/wp-content\/uploads\/2023\/06\/IMG_7731.resized.resized-300x200.jpg\" alt=\"\" width=\"326\" height=\"217\" srcset=\"https:\/\/www.brenne-au-coeur.com\/wp-content\/uploads\/2023\/06\/IMG_7731.resized.resized-300x200.jpg 300w, https:\/\/www.brenne-au-coeur.com\/wp-content\/uploads\/2023\/06\/IMG_7731.resized.resized-150x100.jpg 150w, https:\/\/www.brenne-au-coeur.com\/wp-content\/uploads\/2023\/06\/IMG_7731.resized.resized-272x182.jpg 272w, https:\/\/www.brenne-au-coeur.com\/wp-content\/uploads\/2023\/06\/IMG_7731.resized.resized.jpg 320w\" sizes=\"auto, (max-width: 326px) 100vw, 326px\" \/><\/a><figcaption id=\"caption-attachment-4457\" class=\"wp-caption-text\">Une \u0153uvre de Chopin interpr\u00e9t\u00e9e par Piotr Alexewicz lors de l&rsquo;\u00e9dition 2021<\/figcaption><\/figure>\n<p><span style=\"font-size: large;\">Vendredi 23 juin \u00e0 20h30, la Coll\u00e9giale Sainte Marie-Madeleine, Place du Chapitre, \u00e0 M\u00e9zi\u00e8res-en-Brenne, accueille une repr\u00e9sentation des Concerts du <a href=\"https:\/\/festivalnohant.com\/\">Nohant Festival Chopin<\/a> <\/span><span style=\"font-size: large;\">\u00ab&nbsp;hors les murs&nbsp;\u00bb <\/span><\/p>\n<p><span style=\"font-size: large;\">C\u2019est d\u00e9sormais devenu un rendez-vous annuel. Les habitants de M\u00e9zi\u00e8res et des villages proches ont la possibilit\u00e9 d\u2019assister \u00e0 de superbes concerts de musique classique. Dans le cadre du festival, de talentueux artistes de renomm\u00e9e internationale interpr\u00e8tent des \u0153uvres de c\u00e9l\u00e8bres compositeurs. Cette ann\u00e9e, au programme Brahms, Franck et Thaikovsky qui seront servis par Rapha\u00eblle Moreau, violon et Yves Henry, piano. Nomm\u00e9e en 2020 dans la cat\u00e9gorie R\u00e9v\u00e9lations aux Victoires de la Musique Classique, Rapha\u00eblle joue dans de nombreuses formations prestigieuses en France et en Europe. Elle collabore r\u00e9guli\u00e8rement avec Renaud et Gautier Capu\u00e7on sur un violon Domenico Montagnana de 1740 pr\u00eat\u00e9 par Emmanuel Jaeger. Pr\u00e9sident du Festival, Yves Henry est un pianiste \u00e9m\u00e9rite qui, parall\u00e8lement \u00e0 sa carri\u00e8re artistique, enseigne au Conservatoire national sup\u00e9rieur de musique de Paris ainsi qu&rsquo;au Conservatoire \u00e0 rayonnement r\u00e9gional de Paris.<\/span><\/p>\n<p><span style=\"font-size: large;\">Pas de r\u00e9servation, dans la limite de la capacit\u00e9 d&rsquo;accueil de l&rsquo;\u00e9glise. <\/span><\/p>\n<p><span style=\"font-size: large;\">Renseignements\u00a0: 07 71 28 24 27 <a href=\"mailto:krolicch@gmail.com\">krolicch@gmail.com<\/a> www.festivalnohant.com <\/span><\/p>\n","protected":false},"excerpt":{"rendered":"<p>Vendredi 23 juin \u00e0 20h30, la Coll\u00e9giale Sainte Marie-Madeleine, Place du Chapitre, \u00e0 M\u00e9zi\u00e8res-en-Brenne, accueille une repr\u00e9sentation des Concerts du Nohant Festival Chopin \u00ab&nbsp;hors les murs&nbsp;\u00bb C\u2019est d\u00e9sormais devenu un rendez-vous annuel. Les habitants de M\u00e9zi\u00e8res et des villages proches ont la possibilit\u00e9 d\u2019assister \u00e0 de superbes concerts de musique classique. Dans le cadre du&hellip;&nbsp;<a href=\"https:\/\/www.brenne-au-coeur.com\/index.php\/2023\/06\/17\/musique-classique-a-leglise-de-mezieres\/communes\/mezieres-en-brenne\/4456\/\" rel=\"bookmark\">Lire la suite&nbsp;&raquo;<span class=\"screen-reader-text\">Musique classique \u00e0 l\u2019\u00e9glise de M\u00e9zi\u00e8res<\/span><\/a><\/p>\n","protected":false},"author":1,"featured_media":4457,"comment_status":"open","ping_status":"open","sticky":false,"template":"","format":"standard","meta":{"rop_custom_images_group":[],"rop_custom_messages_group":[],"rop_publish_now":"initial","rop_publish_now_accounts":[],"rop_publish_now_history":[],"rop_publish_now_status":"pending","_monsterinsights_skip_tracking":false,"_monsterinsights_sitenote_active":false,"_monsterinsights_sitenote_note":"","_monsterinsights_sitenote_category":0,"neve_meta_sidebar":"","neve_meta_container":"","neve_meta_enable_content_width":"off","neve_meta_content_width":70,"neve_meta_title_alignment":"","neve_meta_author_avatar":"","neve_post_elements_order":"","neve_meta_disable_header":"","neve_meta_disable_footer":"","neve_meta_disable_title":"","_jetpack_memberships_contains_paid_content":false,"footnotes":"","jetpack_publicize_message":"","jetpack_publicize_feature_enabled":true,"jetpack_social_post_already_shared":true,"jetpack_social_options":{"image_generator_settings":{"template":"highway","default_image_id":0,"font":"","enabled":false},"version":2}},"categories":[92,21,12],"tags":[64,40],"class_list":["post-4456","post","type-post","status-publish","format-standard","has-post-thumbnail","hentry","category-eglise-de-mezieres-en-brenne","category-evenements","category-mezieres-en-brenne","tag-concert","tag-musique"],"aioseo_notices":[],"jetpack_publicize_connections":[],"jetpack_featured_media_url":"https:\/\/www.brenne-au-coeur.com\/wp-content\/uploads\/2023\/06\/IMG_7731.resized.resized.jpg","jetpack-related-posts":[],"jetpack_sharing_enabled":true,"_links":{"self":[{"href":"https:\/\/www.brenne-au-coeur.com\/index.php\/wp-json\/wp\/v2\/posts\/4456","targetHints":{"allow":["GET"]}}],"collection":[{"href":"https:\/\/www.brenne-au-coeur.com\/index.php\/wp-json\/wp\/v2\/posts"}],"about":[{"href":"https:\/\/www.brenne-au-coeur.com\/index.php\/wp-json\/wp\/v2\/types\/post"}],"author":[{"embeddable":true,"href":"https:\/\/www.brenne-au-coeur.com\/index.php\/wp-json\/wp\/v2\/users\/1"}],"replies":[{"embeddable":true,"href":"https:\/\/www.brenne-au-coeur.com\/index.php\/wp-json\/wp\/v2\/comments?post=4456"}],"version-history":[{"count":1,"href":"https:\/\/www.brenne-au-coeur.com\/index.php\/wp-json\/wp\/v2\/posts\/4456\/revisions"}],"predecessor-version":[{"id":4458,"href":"https:\/\/www.brenne-au-coeur.com\/index.php\/wp-json\/wp\/v2\/posts\/4456\/revisions\/4458"}],"wp:featuredmedia":[{"embeddable":true,"href":"https:\/\/www.brenne-au-coeur.com\/index.php\/wp-json\/wp\/v2\/media\/4457"}],"wp:attachment":[{"href":"https:\/\/www.brenne-au-coeur.com\/index.php\/wp-json\/wp\/v2\/media?parent=4456"}],"wp:term":[{"taxonomy":"category","embeddable":true,"href":"https:\/\/www.brenne-au-coeur.com\/index.php\/wp-json\/wp\/v2\/categories?post=4456"},{"taxonomy":"post_tag","embeddable":true,"href":"https:\/\/www.brenne-au-coeur.com\/index.php\/wp-json\/wp\/v2\/tags?post=4456"}],"curies":[{"name":"wp","href":"https:\/\/api.w.org\/{rel}","templated":true}]}}