{"id":4436,"date":"2023-06-12T22:45:17","date_gmt":"2023-06-12T20:45:17","guid":{"rendered":"https:\/\/www.brenne-au-coeur.com\/?p=4436"},"modified":"2023-06-17T18:16:35","modified_gmt":"2023-06-17T16:16:35","slug":"musique-trad-au-blanc-2","status":"publish","type":"post","link":"https:\/\/www.brenne-au-coeur.com\/index.php\/2023\/06\/12\/musique-trad-au-blanc-2\/le-blanc\/4436\/","title":{"rendered":"Musique Trad au Blanc"},"content":{"rendered":"<p><span style=\"font-size: large;\"><a href=\"https:\/\/www.brenne-au-coeur.com\/wp-content\/uploads\/2023\/06\/ouverture-trad-a4-page001.resized.jpeg\" rel=\"lightbox[4436]\"><img loading=\"lazy\" decoding=\"async\" class=\"alignleft wp-image-4438 size-medium\" src=\"https:\/\/www.brenne-au-coeur.com\/wp-content\/uploads\/2023\/06\/ouverture-trad-a4-page001.resized-211x300.jpeg\" alt=\"\" width=\"211\" height=\"300\" srcset=\"https:\/\/www.brenne-au-coeur.com\/wp-content\/uploads\/2023\/06\/ouverture-trad-a4-page001.resized-211x300.jpeg 211w, https:\/\/www.brenne-au-coeur.com\/wp-content\/uploads\/2023\/06\/ouverture-trad-a4-page001.resized-722x1024.jpeg 722w, https:\/\/www.brenne-au-coeur.com\/wp-content\/uploads\/2023\/06\/ouverture-trad-a4-page001.resized-106x150.jpeg 106w, https:\/\/www.brenne-au-coeur.com\/wp-content\/uploads\/2023\/06\/ouverture-trad-a4-page001.resized-768x1090.jpeg 768w, https:\/\/www.brenne-au-coeur.com\/wp-content\/uploads\/2023\/06\/ouverture-trad-a4-page001.resized.jpeg 874w\" sizes=\"auto, (max-width: 211px) 100vw, 211px\" \/><\/a>Jeudi 15 juin \u00e0 partir de 20h, une soir\u00e9e musique Trad aura lieu sur le parvis de la Mairie du Blanc. Le bal sera anim\u00e9 par <a href=\"https:\/\/www.legrandbarbichonprod.com\/artistes\/gregory-jolivet-11\">Gr\u00e9gory Jolivet<\/a> et <a href=\"https:\/\/nous-en-boischaut-sud.over-blog.com\/2022\/06\/rencontre-avec-sebastien-tourny-facteur-de-vielles.html\">S\u00e9bastien Tourny<\/a>. En premi\u00e8re partie, les \u00e9l\u00e8ves de l\u2019atelier trad de l\u2019<a href=\"http:\/\/emmleblanc.eklablog.com\/\">\u00e9cole municipale de musique du Blanc<\/a> interpr\u00e9teront des \u0153uvres travaill\u00e9es durant l\u2019ann\u00e9e. Pour la saison 2023-2024, d\u00e8s le 14 juin prochain, des inscriptions sont possibles et n\u00e9cessaires pour ouvrir des cours d\u2019accord\u00e9on, de vielle et l\u2019atelier qui accueille des musiciens et leurs instruments. L\u2019\u00e9cole doit en effet s\u2019assurer par avance, d\u2019un certain nombre d\u2019\u00e9l\u00e8ves avant de proposer l\u2019enseignement de ce genre musical. <\/span><\/p>\n<p><span style=\"font-size: large;\">Pour tous renseignements\u00a0: <a href=\"mailto:emm@ville-leblanc.fr\">emm@ville-leblanc.fr<\/a> \/ 02 54 37 36 84<\/span><\/p>\n<p>&nbsp;<\/p>\n<p>&nbsp;<\/p>\n<p>&nbsp;<\/p>\n<div class=\"nv-iframe-embed\"><div class=\"lyte-wrapper fourthree\" title=\"Sweet William\/ Argeers (D tuning Video2) Instrument baroque par S&eacute;bastien Tourny inspiration Louvet\" style=\"width:420px;max-width:100%;margin:5px auto;\"><div class=\"lyMe hidef\" id=\"WYL_aZk_EesaSZ8\" itemprop=\"video\" itemscope itemtype=\"https:\/\/schema.org\/VideoObject\"><div><meta itemprop=\"thumbnailUrl\" content=\"https:\/\/www.brenne-au-coeur.com\/wp-content\/plugins\/wp-youtube-lyte\/lyteCache.php?origThumbUrl=https%3A%2F%2Fi.ytimg.com%2Fvi%2FaZk_EesaSZ8%2Fmaxresdefault.jpg\" \/><meta itemprop=\"embedURL\" content=\"https:\/\/www.youtube.com\/embed\/aZk_EesaSZ8\" \/><meta itemprop=\"duration\" content=\"PT1M57S\" \/><meta itemprop=\"uploadDate\" content=\"2022-10-29T07:37:38Z\" \/><\/div><div id=\"lyte_aZk_EesaSZ8\" data-src=\"https:\/\/www.brenne-au-coeur.com\/wp-content\/plugins\/wp-youtube-lyte\/lyteCache.php?origThumbUrl=https%3A%2F%2Fi.ytimg.com%2Fvi%2FaZk_EesaSZ8%2Fmaxresdefault.jpg\" class=\"pL\"><div class=\"tC\"><div class=\"tT\" itemprop=\"name\">Sweet William\/ Argeers (D tuning Video2) Instrument baroque par S\u00e9bastien Tourny inspiration Louvet<\/div><\/div><div class=\"play\"><\/div><div class=\"ctrl\"><div class=\"Lctrl\"><\/div><div class=\"Rctrl\"><\/div><\/div><\/div><noscript><a href=\"https:\/\/youtu.be\/aZk_EesaSZ8\" rel=\"nofollow\"><img loading=\"lazy\" decoding=\"async\" src=\"https:\/\/www.brenne-au-coeur.com\/wp-content\/plugins\/wp-youtube-lyte\/lyteCache.php?origThumbUrl=https%3A%2F%2Fi.ytimg.com%2Fvi%2FaZk_EesaSZ8%2F0.jpg\" alt=\"Sweet William\/ Argeers (D tuning Video2) Instrument baroque par S&eacute;bastien Tourny inspiration Louvet\" width=\"420\" height=\"295\" \/><br \/>Lire cette vid\u00e9o sur YouTube<\/a><\/noscript><meta itemprop=\"description\" content=\"Suite \u00e0 la publication musicale d&#039;hier, un second accordage possible. La seconde chanterelle est un r\u00e9 m\u00e9dium, S\u00e9bastien Seb Tourny a donc pos\u00e9 un capodastre sur le petit bourdon de do pour monter d&#039;un ton, ce qui nous donne un r\u00e9. Peu d&#039;appui sur ce dernier afin de pouvoir articuler facilement et jouer sur les nuances avec les arr\u00eats et acc\u00e9l\u00e9rations de roue. Du coup, le plein jeu est agr\u00e9able et permet \u00e9galement des nuances. Ensuite la coordination et jeu des deux chanterelles \u00e0 la quinte est possibe \u00e9galement. Les cordes sympathiques au nombre de 3, accord\u00e9es en Sol\/Do\/R\u00e9 soutient d\u00e9licatement le timbre sans prendre de place sur le reste, c&#039;est l\u00e9ger et doux, \u00e7a respire \ud83d\ude42 Nous sommes donc sur un mod\u00e8le d&#039;inspiration Louvet (le premier mod\u00e8le \u00e9tait inspir\u00e9 de deux copies du mus\u00e9e de Montlu\u00e7on), mais avec quelques possibilit\u00e9s d&#039;accordage dont j&#039;avais besoin pour diff\u00e9rents r\u00e9pertoires. J&#039;ai choisi pour les morceaux deux jolis Playford: Bourr\u00e9e Sweet William et Argeers. Tr\u00e8s bon week end \u00e0 tous et toutes!\ud83c\udf3f\u2618\ufe0f\ud83d\ude43 #viellebaroque #sebastientourny #playford #son #tuningD #teamLouvet #Louvetsociety\"><\/div><\/div><div class=\"lL\" style=\"max-width:100%;width:420px;margin:5px auto;\"><\/div><\/div>\n<div class=\"nv-iframe-embed\"><div class=\"lyte-wrapper fourthree\" title=\"Greg Jolivet- Full Lover ....\" style=\"width:420px;max-width:100%;margin:5px auto;\"><div class=\"lyMe hidef\" id=\"WYL_F3L7Js-P_Tc\" itemprop=\"video\" itemscope itemtype=\"https:\/\/schema.org\/VideoObject\"><div><meta itemprop=\"thumbnailUrl\" content=\"https:\/\/www.brenne-au-coeur.com\/wp-content\/plugins\/wp-youtube-lyte\/lyteCache.php?origThumbUrl=https%3A%2F%2Fi.ytimg.com%2Fvi%2FF3L7Js-P_Tc%2Fhqdefault.jpg\" \/><meta itemprop=\"embedURL\" content=\"https:\/\/www.youtube.com\/embed\/F3L7Js-P_Tc\" \/><meta itemprop=\"duration\" content=\"PT4M29S\" \/><meta itemprop=\"uploadDate\" content=\"2015-11-19T14:37:10Z\" \/><\/div><div id=\"lyte_F3L7Js-P_Tc\" data-src=\"https:\/\/www.brenne-au-coeur.com\/wp-content\/plugins\/wp-youtube-lyte\/lyteCache.php?origThumbUrl=https%3A%2F%2Fi.ytimg.com%2Fvi%2FF3L7Js-P_Tc%2Fhqdefault.jpg\" class=\"pL\"><div class=\"tC\"><div class=\"tT\" itemprop=\"name\">Greg Jolivet- Full Lover ....<\/div><\/div><div class=\"play\"><\/div><div class=\"ctrl\"><div class=\"Lctrl\"><\/div><div class=\"Rctrl\"><\/div><\/div><\/div><noscript><a href=\"https:\/\/youtu.be\/F3L7Js-P_Tc\" rel=\"nofollow\"><img loading=\"lazy\" decoding=\"async\" src=\"https:\/\/www.brenne-au-coeur.com\/wp-content\/plugins\/wp-youtube-lyte\/lyteCache.php?origThumbUrl=https%3A%2F%2Fi.ytimg.com%2Fvi%2FF3L7Js-P_Tc%2F0.jpg\" alt=\"Greg Jolivet- Full Lover ....\" width=\"420\" height=\"295\" \/><br \/>Lire cette vid\u00e9o sur YouTube<\/a><\/noscript><meta itemprop=\"description\" content=\"Vielle alto \u00e9lectrique solid body,mod\u00e8le artus...du luthier Philippe Mousnier...(http:\/\/philippe.mousnier.free.fr\/) tuning F mineur\"><\/div><\/div><div class=\"lL\" style=\"max-width:100%;width:420px;margin:5px auto;\"><\/div><\/div>\n","protected":false},"excerpt":{"rendered":"<p>Jeudi 15 juin \u00e0 partir de 20h, une soir\u00e9e musique Trad aura lieu sur le parvis de la Mairie du Blanc. Le bal sera anim\u00e9 par Gr\u00e9gory Jolivet et S\u00e9bastien Tourny. En premi\u00e8re partie, les \u00e9l\u00e8ves de l\u2019atelier trad de l\u2019\u00e9cole municipale de musique du Blanc interpr\u00e9teront des \u0153uvres travaill\u00e9es durant l\u2019ann\u00e9e. Pour la saison&hellip;&nbsp;<a href=\"https:\/\/www.brenne-au-coeur.com\/index.php\/2023\/06\/12\/musique-trad-au-blanc-2\/le-blanc\/4436\/\" rel=\"bookmark\">Lire la suite&nbsp;&raquo;<span class=\"screen-reader-text\">Musique Trad au Blanc<\/span><\/a><\/p>\n","protected":false},"author":1,"featured_media":4437,"comment_status":"open","ping_status":"open","sticky":false,"template":"","format":"standard","meta":{"rop_custom_images_group":[],"rop_custom_messages_group":[],"rop_publish_now":"initial","rop_publish_now_accounts":[],"rop_publish_now_history":[],"rop_publish_now_status":"pending","_monsterinsights_skip_tracking":false,"_monsterinsights_sitenote_active":false,"_monsterinsights_sitenote_note":"","_monsterinsights_sitenote_category":0,"neve_meta_sidebar":"","neve_meta_container":"","neve_meta_enable_content_width":"off","neve_meta_content_width":70,"neve_meta_title_alignment":"","neve_meta_author_avatar":"","neve_post_elements_order":"","neve_meta_disable_header":"","neve_meta_disable_footer":"","neve_meta_disable_title":"","_jetpack_memberships_contains_paid_content":false,"footnotes":"","jetpack_publicize_message":"","jetpack_publicize_feature_enabled":true,"jetpack_social_post_already_shared":true,"jetpack_social_options":{"image_generator_settings":{"template":"highway","default_image_id":0,"font":"","enabled":false},"version":2}},"categories":[101],"tags":[64,73],"class_list":["post-4436","post","type-post","status-publish","format-standard","has-post-thumbnail","hentry","category-le-blanc","tag-concert","tag-tradition"],"aioseo_notices":[],"jetpack_publicize_connections":[],"jetpack_featured_media_url":"https:\/\/www.brenne-au-coeur.com\/wp-content\/uploads\/2023\/06\/bal-trad-a4-page001.resized.jpeg","jetpack-related-posts":[],"jetpack_sharing_enabled":true,"_links":{"self":[{"href":"https:\/\/www.brenne-au-coeur.com\/index.php\/wp-json\/wp\/v2\/posts\/4436","targetHints":{"allow":["GET"]}}],"collection":[{"href":"https:\/\/www.brenne-au-coeur.com\/index.php\/wp-json\/wp\/v2\/posts"}],"about":[{"href":"https:\/\/www.brenne-au-coeur.com\/index.php\/wp-json\/wp\/v2\/types\/post"}],"author":[{"embeddable":true,"href":"https:\/\/www.brenne-au-coeur.com\/index.php\/wp-json\/wp\/v2\/users\/1"}],"replies":[{"embeddable":true,"href":"https:\/\/www.brenne-au-coeur.com\/index.php\/wp-json\/wp\/v2\/comments?post=4436"}],"version-history":[{"count":2,"href":"https:\/\/www.brenne-au-coeur.com\/index.php\/wp-json\/wp\/v2\/posts\/4436\/revisions"}],"predecessor-version":[{"id":4459,"href":"https:\/\/www.brenne-au-coeur.com\/index.php\/wp-json\/wp\/v2\/posts\/4436\/revisions\/4459"}],"wp:featuredmedia":[{"embeddable":true,"href":"https:\/\/www.brenne-au-coeur.com\/index.php\/wp-json\/wp\/v2\/media\/4437"}],"wp:attachment":[{"href":"https:\/\/www.brenne-au-coeur.com\/index.php\/wp-json\/wp\/v2\/media?parent=4436"}],"wp:term":[{"taxonomy":"category","embeddable":true,"href":"https:\/\/www.brenne-au-coeur.com\/index.php\/wp-json\/wp\/v2\/categories?post=4436"},{"taxonomy":"post_tag","embeddable":true,"href":"https:\/\/www.brenne-au-coeur.com\/index.php\/wp-json\/wp\/v2\/tags?post=4436"}],"curies":[{"name":"wp","href":"https:\/\/api.w.org\/{rel}","templated":true}]}}