{"id":4429,"date":"2023-06-12T16:37:01","date_gmt":"2023-06-12T14:37:01","guid":{"rendered":"https:\/\/www.brenne-au-coeur.com\/?p=4429"},"modified":"2023-06-12T16:39:05","modified_gmt":"2023-06-12T14:39:05","slug":"les-orchidees-fetent-leurs-20-ans","status":"publish","type":"post","link":"https:\/\/www.brenne-au-coeur.com\/index.php\/2023\/06\/12\/les-orchidees-fetent-leurs-20-ans\/communes\/mezieres-en-brenne\/4429\/","title":{"rendered":"Les Orchid\u00e9es f\u00eatent leurs 20 ans"},"content":{"rendered":"<figure id=\"attachment_4432\" aria-describedby=\"caption-attachment-4432\" style=\"width: 300px\" class=\"wp-caption alignleft\"><a href=\"https:\/\/www.brenne-au-coeur.com\/wp-content\/uploads\/2023\/06\/IMG_2995.resized.jpg\" rel=\"lightbox[4429]\"><img loading=\"lazy\" decoding=\"async\" class=\"wp-image-4432 size-medium\" src=\"https:\/\/www.brenne-au-coeur.com\/wp-content\/uploads\/2023\/06\/IMG_2995.resized-300x200.jpg\" alt=\"\" width=\"300\" height=\"200\" srcset=\"https:\/\/www.brenne-au-coeur.com\/wp-content\/uploads\/2023\/06\/IMG_2995.resized-300x200.jpg 300w, https:\/\/www.brenne-au-coeur.com\/wp-content\/uploads\/2023\/06\/IMG_2995.resized-150x100.jpg 150w, https:\/\/www.brenne-au-coeur.com\/wp-content\/uploads\/2023\/06\/IMG_2995.resized-272x182.jpg 272w, https:\/\/www.brenne-au-coeur.com\/wp-content\/uploads\/2023\/06\/IMG_2995.resized.jpg 461w\" sizes=\"auto, (max-width: 300px) 100vw, 300px\" \/><\/a><figcaption id=\"caption-attachment-4432\" class=\"wp-caption-text\">Les r\u00e9sidents de l&rsquo;EHPAD pendant le spectacle<\/figcaption><\/figure>\n<p><span style=\"font-size: large;\">Samedi 10 juin, s\u2019est d\u00e9roul\u00e9e la traditionnelle f\u00eate de l\u2019Ehpad de M\u00e9zi\u00e8res-en-Brenne. L&rsquo;habituel rendez-vous d\u2019\u00e9t\u00e9 de la maison de retraite, avait un caract\u00e8re exceptionnel, puisque cette ann\u00e9e, l\u2019association \u00ab&nbsp;<a href=\"https:\/\/m.facebook.com\/p\/Association-Les-Orchid%C3%A9es-M%C3%A9zi%C3%A8res-en-Brenne-100071083217821\/\">Les orchid\u00e9es<\/a>&nbsp;\u00bb c\u00e9l\u00e9brait son 20<sup>e<\/sup> anniversaire. Deux d\u00e9cennies d\u2019activit\u00e9s enti\u00e8rement consacr\u00e9es au bien-\u00eatre des r\u00e9sidents. Peu avant la partie spectacle, sa pr\u00e9sidente, Anne-C\u00e9cile Doiseau, a pris la parole pour rappeler le sens de son action au quotidien, et souligner quelques unes des principales initiatives men\u00e9es sous la direction des animatrices qui se sont succ\u00e9d\u00e9. Le D\u00e9fi Frip, la r\u00e9daction du livre \u00ab\u00a0Petits portraits de tr\u00e8s grandes personnes\u00a0\u00bb, la mise \u00e0 disposition aux r\u00e9sidents de tablette num\u00e9riques, la r\u00e9alisation du projet d\u2019\u00e9quith\u00e9rapie en lien avec les enfants du centre de loisirs de la communaut\u00e9 de communes <a href=\"https:\/\/www.coeurdebrenne.fr\/\">C\u0153ur de Brenne<\/a> et les lyc\u00e9ens du <a href=\"https:\/\/leapstcyran.fr\/\">lyc\u00e9e d\u2019enseignement agricole de Saint-Cyran du Jambot<\/a>. \u00c0 ses c\u00f4t\u00e9s, Jean-Louis Camus, maire de M\u00e9zi\u00e8res, Mme Pointet, directrice de l\u2019\u00e9tablissement et Mme Selleron, conseill\u00e8re d\u00e9partementale se sont f\u00e9licit\u00e9s de la vitalit\u00e9 du service \u00ab&nbsp;animation&nbsp;\u00bb, des personnels en g\u00e9n\u00e9ral ainsi que du d\u00e9vouement des b\u00e9n\u00e9voles. Un investissement collectif qui permet d\u2019organiser chaque ann\u00e9e des journ\u00e9es festives en \u00e9t\u00e9 et en fin d\u2019ann\u00e9e. Ce samedi 10 juin, les r\u00e9sidents et leurs familles ont pu ainsi se retrouver autour d\u2019un repas, s\u2019offrir l\u2019une des cr\u00e9ations artistiques pr\u00e9sent\u00e9es sur plusieurs stands ou des v\u00eatements du vide dressing, admirer l\u2019exposition de voitures anciennes et assister \u00e0 un tr\u00e8s beau spectacle concoct\u00e9 par la troupe <a href=\"http:\/\/www.les-darlings.com\/pages\/les-membres-darling-s\/les-artistes.html\">Les Darling\u2019s<\/a>. <\/span><\/p>\n<p><span style=\"font-size: large;\">La pluie, invit\u00e9e ind\u00e9sirable n\u2019a pas emp\u00each\u00e9 le d\u00e9roulement des festivit\u00e9s au cours desquelles, la chorale de l\u2019Ehpad, accompagn\u00e9e par le public, a interpr\u00e9t\u00e9 sa chanson f\u00e9tiche \u00ab&nbsp;Les Champs-\u00c9lys\u00e9es&nbsp;\u00bb.<\/span><\/p>\n<p><span style=\"font-size: large;\">Le tirage de la tombola a clos une belle journ\u00e9e, appr\u00e9ci\u00e9e par tout le monde. Toute les conditions sont donc r\u00e9unies, gr\u00e2ce au dynamisme de son association, pour pr\u00e9senter en 2024 une 21<sup>e<\/sup> \u00e9dition de la f\u00eate de l\u2019Ehpad.<\/span><\/p>\n<div class=\"nv-iframe-embed\"><div class=\"lyte-wrapper fourthree\" title=\"L&amp;#039; association &amp;quot;Les Orchid&eacute;es&amp;quot; f&ecirc;te ses 20 ans. EHPAD M&eacute;zi&egrave;res 10 juin 2023\" style=\"width:420px;max-width:100%;margin:5px auto;\"><div class=\"lyMe hidef\" id=\"WYL_d2Y0z2JMQM4\" itemprop=\"video\" itemscope itemtype=\"https:\/\/schema.org\/VideoObject\"><div><meta itemprop=\"thumbnailUrl\" content=\"https:\/\/www.brenne-au-coeur.com\/wp-content\/plugins\/wp-youtube-lyte\/lyteCache.php?origThumbUrl=https%3A%2F%2Fi.ytimg.com%2Fvi%2Fd2Y0z2JMQM4%2Fmaxresdefault.jpg\" \/><meta itemprop=\"embedURL\" content=\"https:\/\/www.youtube.com\/embed\/d2Y0z2JMQM4\" \/><meta itemprop=\"duration\" content=\"PT3M17S\" \/><meta itemprop=\"uploadDate\" content=\"2023-06-12T14:13:42Z\" \/><\/div><div id=\"lyte_d2Y0z2JMQM4\" data-src=\"https:\/\/www.brenne-au-coeur.com\/wp-content\/plugins\/wp-youtube-lyte\/lyteCache.php?origThumbUrl=https%3A%2F%2Fi.ytimg.com%2Fvi%2Fd2Y0z2JMQM4%2Fmaxresdefault.jpg\" class=\"pL\"><div class=\"tC\"><div class=\"tT\" itemprop=\"name\">L&#039; association &quot;Les Orchid\u00e9es&quot; f\u00eate ses 20 ans. EHPAD M\u00e9zi\u00e8res 10 juin 2023<\/div><\/div><div class=\"play\"><\/div><div class=\"ctrl\"><div class=\"Lctrl\"><\/div><div class=\"Rctrl\"><\/div><\/div><\/div><noscript><a href=\"https:\/\/youtu.be\/d2Y0z2JMQM4\" rel=\"nofollow\"><img loading=\"lazy\" decoding=\"async\" src=\"https:\/\/www.brenne-au-coeur.com\/wp-content\/plugins\/wp-youtube-lyte\/lyteCache.php?origThumbUrl=https%3A%2F%2Fi.ytimg.com%2Fvi%2Fd2Y0z2JMQM4%2F0.jpg\" alt=\"L&amp;#039; association &amp;quot;Les Orchid&eacute;es&amp;quot; f&ecirc;te ses 20 ans. EHPAD M&eacute;zi&egrave;res 10 juin 2023\" width=\"420\" height=\"295\" \/><br \/>Lire cette vid\u00e9o sur YouTube<\/a><\/noscript><meta itemprop=\"description\" content=\"L&#039; association &quot;Les Orchid\u00e9es&quot; f\u00eate ses 20 ans. EHPAD M\u00e9zi\u00e8res 10 juin 2023\"><\/div><\/div><div class=\"lL\" style=\"max-width:100%;width:420px;margin:5px auto;\"><\/div><\/div>\n","protected":false},"excerpt":{"rendered":"<p>Samedi 10 juin, s\u2019est d\u00e9roul\u00e9e la traditionnelle f\u00eate de l\u2019Ehpad de M\u00e9zi\u00e8res-en-Brenne. L&rsquo;habituel rendez-vous d\u2019\u00e9t\u00e9 de la maison de retraite, avait un caract\u00e8re exceptionnel, puisque cette ann\u00e9e, l\u2019association \u00ab&nbsp;Les orchid\u00e9es&nbsp;\u00bb c\u00e9l\u00e9brait son 20e anniversaire. Deux d\u00e9cennies d\u2019activit\u00e9s enti\u00e8rement consacr\u00e9es au bien-\u00eatre des r\u00e9sidents. Peu avant la partie spectacle, sa pr\u00e9sidente, Anne-C\u00e9cile Doiseau, a pris la&hellip;&nbsp;<a href=\"https:\/\/www.brenne-au-coeur.com\/index.php\/2023\/06\/12\/les-orchidees-fetent-leurs-20-ans\/communes\/mezieres-en-brenne\/4429\/\" rel=\"bookmark\">Lire la suite&nbsp;&raquo;<span class=\"screen-reader-text\">Les Orchid\u00e9es f\u00eatent leurs 20 ans<\/span><\/a><\/p>\n","protected":false},"author":1,"featured_media":4431,"comment_status":"open","ping_status":"open","sticky":false,"template":"","format":"standard","meta":{"rop_custom_images_group":[],"rop_custom_messages_group":[],"rop_publish_now":"initial","rop_publish_now_accounts":[],"rop_publish_now_history":[],"rop_publish_now_status":"pending","_monsterinsights_skip_tracking":false,"_monsterinsights_sitenote_active":false,"_monsterinsights_sitenote_note":"","_monsterinsights_sitenote_category":0,"neve_meta_sidebar":"","neve_meta_container":"","neve_meta_enable_content_width":"off","neve_meta_content_width":70,"neve_meta_title_alignment":"","neve_meta_author_avatar":"","neve_post_elements_order":"","neve_meta_disable_header":"","neve_meta_disable_footer":"","neve_meta_disable_title":"","_jetpack_memberships_contains_paid_content":false,"footnotes":"","jetpack_publicize_message":"","jetpack_publicize_feature_enabled":true,"jetpack_social_post_already_shared":true,"jetpack_social_options":{"image_generator_settings":{"template":"highway","default_image_id":0,"font":"","enabled":false},"version":2}},"categories":[97,12],"tags":[31,111],"class_list":["post-4429","post","type-post","status-publish","format-standard","has-post-thumbnail","hentry","category-ehpad","category-mezieres-en-brenne","tag-associations","tag-fetes"],"aioseo_notices":[],"jetpack_publicize_connections":[],"jetpack_featured_media_url":"https:\/\/www.brenne-au-coeur.com\/wp-content\/uploads\/2023\/06\/IMG_2692.resized.jpg","jetpack-related-posts":[],"jetpack_sharing_enabled":true,"_links":{"self":[{"href":"https:\/\/www.brenne-au-coeur.com\/index.php\/wp-json\/wp\/v2\/posts\/4429","targetHints":{"allow":["GET"]}}],"collection":[{"href":"https:\/\/www.brenne-au-coeur.com\/index.php\/wp-json\/wp\/v2\/posts"}],"about":[{"href":"https:\/\/www.brenne-au-coeur.com\/index.php\/wp-json\/wp\/v2\/types\/post"}],"author":[{"embeddable":true,"href":"https:\/\/www.brenne-au-coeur.com\/index.php\/wp-json\/wp\/v2\/users\/1"}],"replies":[{"embeddable":true,"href":"https:\/\/www.brenne-au-coeur.com\/index.php\/wp-json\/wp\/v2\/comments?post=4429"}],"version-history":[{"count":1,"href":"https:\/\/www.brenne-au-coeur.com\/index.php\/wp-json\/wp\/v2\/posts\/4429\/revisions"}],"predecessor-version":[{"id":4433,"href":"https:\/\/www.brenne-au-coeur.com\/index.php\/wp-json\/wp\/v2\/posts\/4429\/revisions\/4433"}],"wp:featuredmedia":[{"embeddable":true,"href":"https:\/\/www.brenne-au-coeur.com\/index.php\/wp-json\/wp\/v2\/media\/4431"}],"wp:attachment":[{"href":"https:\/\/www.brenne-au-coeur.com\/index.php\/wp-json\/wp\/v2\/media?parent=4429"}],"wp:term":[{"taxonomy":"category","embeddable":true,"href":"https:\/\/www.brenne-au-coeur.com\/index.php\/wp-json\/wp\/v2\/categories?post=4429"},{"taxonomy":"post_tag","embeddable":true,"href":"https:\/\/www.brenne-au-coeur.com\/index.php\/wp-json\/wp\/v2\/tags?post=4429"}],"curies":[{"name":"wp","href":"https:\/\/api.w.org\/{rel}","templated":true}]}}