{"id":4403,"date":"2023-06-04T17:19:04","date_gmt":"2023-06-04T15:19:04","guid":{"rendered":"https:\/\/www.brenne-au-coeur.com\/?p=4403"},"modified":"2024-05-21T11:20:09","modified_gmt":"2024-05-21T09:20:09","slug":"joachim-murat-un-prince-en-brenne","status":"publish","type":"post","link":"https:\/\/www.brenne-au-coeur.com\/index.php\/2023\/06\/04\/joachim-murat-un-prince-en-brenne\/communes\/linge\/4403\/","title":{"rendered":"Joachim Murat, un prince en Brenne"},"content":{"rendered":"<figure id=\"attachment_4074\" aria-describedby=\"caption-attachment-4074\" style=\"width: 225px\" class=\"wp-caption alignleft\"><a href=\"https:\/\/www.brenne-au-coeur.com\/wp-content\/uploads\/2023\/04\/murat-01.resized-rotated.jpg\" rel=\"lightbox[4403]\"><img loading=\"lazy\" decoding=\"async\" class=\"wp-image-4074 size-medium\" src=\"https:\/\/www.brenne-au-coeur.com\/wp-content\/uploads\/2023\/04\/murat-01.resized-225x300.jpg\" alt=\"\" width=\"225\" height=\"300\" srcset=\"https:\/\/www.brenne-au-coeur.com\/wp-content\/uploads\/2023\/04\/murat-01.resized-225x300.jpg 225w, https:\/\/www.brenne-au-coeur.com\/wp-content\/uploads\/2023\/04\/murat-01.resized-113x150.jpg 113w, https:\/\/www.brenne-au-coeur.com\/wp-content\/uploads\/2023\/04\/murat-01.resized-rotated.jpg 300w\" sizes=\"auto, (max-width: 225px) 100vw, 225px\" \/><\/a><figcaption id=\"caption-attachment-4074\" class=\"wp-caption-text\">photo: Chantal Kroliczak<\/figcaption><\/figure>\n<p align=\"justify\"><span style=\"font-family: Liberation Serif, serif;\"><span style=\"font-size: large;\">La st\u00e8le \u00e9rig\u00e9e sur la D78, au niveau de l\u2019\u00e9tang du Gabriau et \u00e0 100 m\u00e8tres de l\u2019auberge de la Gabri\u00e8re \u00e0 Ling\u00e9, m\u2019a toujours interpell\u00e9e. Il y est grav\u00e9 \u00ab\u00a0prince Joachim Murat\u00a0\u00bb en lettres dor\u00e9es sur un fond en marbre noir. Le symbole de la Croix de Lorraine dessin\u00e9 tout en haut est suivi d\u2019un texte apportant toutes les explications sur la pr\u00e9sence du monument comm\u00e9moratif \u00e0 cet endroit pr\u00e9cis. <\/span><\/span><\/p>\n<p>&nbsp;<\/p>\n<p align=\"justify\"><span style=\"font-family: Liberation Serif, serif;\"><span style=\"font-size: large;\">Reprenons le fil de l\u2019histoire au tout d\u00e9but. <\/span><\/span><\/p>\n<p align=\"justify\"><span style=\"font-family: Liberation Serif, serif;\"><span style=\"font-size: large;\">Le 16 janvier 1920, \u00e0 Neuilly-sur-Seine, na\u00eet sous le nom de Louis Joachim Planti\u00e9 cet enfant, reconnu par son p\u00e8re quelques mois plus tard. Ce dernier n\u2019est autre que Joachim, Napol\u00e9on, Michel Murat, prince de Pontecorvo, l\u2019arri\u00e8re-petit-neveu de Napol\u00e9on 1<sup>er<\/sup>. Cette lign\u00e9e familiale a d\u00e9but\u00e9 en 1800 par le mariage du g\u00e9n\u00e9ral Joachim Murat (1767-1815) avec Caroline Bonaparte (1782-1839), la s\u0153ur cadette du futur empereur des Fran\u00e7ais. Le couple sera promu roi et reine du royaume de Naples, entre 1808 et 1815, en remplacement de Joseph Bonaparte, fr\u00e8re a\u00een\u00e9 du \u00ab\u00a0petit caporal\u00a0\u00bb. <\/span><\/span><\/p>\n<p align=\"justify\"><span style=\"font-family: Liberation Serif, serif;\"><span style=\"font-size: large;\">Le Joachim qui nous int\u00e9resse, sachant que les sept descendants m\u00e2les portent tous le m\u00eame pr\u00e9nom, recouvre son nom -Murat- par l\u00e9gitimation de plein droit \u00e0 la suite du mariage tardif de ses parents le 13 d\u00e9cembre 1927, probablement d\u00fb aux fonctions militaires \u00e0 l\u2019\u00e9tranger du mari. <\/span><\/span><\/p>\n<figure id=\"attachment_4079\" aria-describedby=\"caption-attachment-4079\" style=\"width: 198px\" class=\"wp-caption alignright\"><a href=\"https:\/\/www.brenne-au-coeur.com\/wp-content\/uploads\/2023\/04\/murat-1.jpg\" rel=\"lightbox[4403]\"><img loading=\"lazy\" decoding=\"async\" class=\"wp-image-4079 size-medium\" src=\"https:\/\/www.brenne-au-coeur.com\/wp-content\/uploads\/2023\/04\/murat-1-198x300.jpg\" alt=\"\" width=\"198\" height=\"300\" srcset=\"https:\/\/www.brenne-au-coeur.com\/wp-content\/uploads\/2023\/04\/murat-1-198x300.jpg 198w, https:\/\/www.brenne-au-coeur.com\/wp-content\/uploads\/2023\/04\/murat-1-99x150.jpg 99w, https:\/\/www.brenne-au-coeur.com\/wp-content\/uploads\/2023\/04\/murat-1.jpg 402w\" sizes=\"auto, (max-width: 198px) 100vw, 198px\" \/><\/a><figcaption id=\"caption-attachment-4079\" class=\"wp-caption-text\">Joachim Murat coll Jacques Enogat<\/figcaption><\/figure>\n<p align=\"justify\"><span style=\"font-family: Liberation Serif, serif;\"><span style=\"font-size: large;\">Nous ne savons pas grand-chose de la jeunesse du 7<sup>e<\/sup> prince Murat dont il porte la dignit\u00e9 de prince h\u00e9ritier italien depuis le d\u00e9c\u00e8s de son p\u00e8re en 1938. Chef de maison souveraine \u00e9trang\u00e8re, ce titre nobiliaire est, avec ceux du Comte de Paris et du Prince Napol\u00e9on, l\u2019un des seuls reconnus par le protocole de la Pr\u00e9sidence de la R\u00e9publique fran\u00e7aise. <\/span><\/span><\/p>\n<p align=\"justify\"><span style=\"font-family: Liberation Serif, serif;\"><span style=\"font-size: large;\">\u00a0<\/span><\/span><\/p>\n<figure id=\"attachment_4076\" aria-describedby=\"caption-attachment-4076\" style=\"width: 247px\" class=\"wp-caption alignleft\"><a href=\"https:\/\/www.brenne-au-coeur.com\/wp-content\/uploads\/2023\/04\/murat-2.jpg\" rel=\"lightbox[4403]\"><img loading=\"lazy\" decoding=\"async\" class=\"wp-image-4076 size-medium\" src=\"https:\/\/www.brenne-au-coeur.com\/wp-content\/uploads\/2023\/04\/murat-2-247x300.jpg\" alt=\"\" width=\"247\" height=\"300\" srcset=\"https:\/\/www.brenne-au-coeur.com\/wp-content\/uploads\/2023\/04\/murat-2-247x300.jpg 247w, https:\/\/www.brenne-au-coeur.com\/wp-content\/uploads\/2023\/04\/murat-2-124x150.jpg 124w, https:\/\/www.brenne-au-coeur.com\/wp-content\/uploads\/2023\/04\/murat-2.jpg 511w\" sizes=\"auto, (max-width: 247px) 100vw, 247px\" \/><\/a><figcaption id=\"caption-attachment-4076\" class=\"wp-caption-text\">Armoiries de la Maison Murat<\/figcaption><\/figure>\n<p align=\"justify\"><span style=\"font-family: Liberation Serif, serif;\"><span style=\"font-size: large;\"> Armoiries de la maison Murat<\/span><\/span><\/p>\n<p align=\"justify\"><span style=\"font-family: Liberation Serif, serif;\"><span style=\"font-size: large;\">Ce grand sportif, joueur de golf \u00e9m\u00e9rite, pratiquait son sport favori sur le green de Chantilly. Surnomm\u00e9 \u00ab\u00a0Loulou\u00a0\u00bb, il a remport\u00e9 en 1937 le troph\u00e9e Carlhian qui consacre, encore aujourd\u2019hui, les Internationaux de France amateurs messieurs. <\/span><\/span><\/p>\n<p align=\"center\"><span style=\"font-family: Liberation Serif, serif;\"><span style=\"font-size: large;\"><a href=\"https:\/\/www.brenne-au-coeur.com\/wp-content\/uploads\/2023\/06\/LAuto-velo___automobilisme_cyclisme_athletisme_._bpt6k46295254_1.jpeg\" rel=\"lightbox[4403]\"><img loading=\"lazy\" decoding=\"async\" class=\"alignright wp-image-4405 size-medium\" src=\"https:\/\/www.brenne-au-coeur.com\/wp-content\/uploads\/2023\/06\/LAuto-velo___automobilisme_cyclisme_athletisme_._bpt6k46295254_1-212x300.jpeg\" alt=\"\" width=\"212\" height=\"300\" srcset=\"https:\/\/www.brenne-au-coeur.com\/wp-content\/uploads\/2023\/06\/LAuto-velo___automobilisme_cyclisme_athletisme_._bpt6k46295254_1-212x300.jpeg 212w, https:\/\/www.brenne-au-coeur.com\/wp-content\/uploads\/2023\/06\/LAuto-velo___automobilisme_cyclisme_athletisme_._bpt6k46295254_1-106x150.jpeg 106w, https:\/\/www.brenne-au-coeur.com\/wp-content\/uploads\/2023\/06\/LAuto-velo___automobilisme_cyclisme_athletisme_._bpt6k46295254_1.jpeg 335w\" sizes=\"auto, (max-width: 212px) 100vw, 212px\" \/><\/a><a href=\"https:\/\/www.brenne-au-coeur.com\/wp-content\/uploads\/2023\/06\/LAuto-velo___automobilisme_cyclisme_athletisme_._bpt6k46295254_1.jpg\" rel=\"lightbox[4403]\"><img loading=\"lazy\" decoding=\"async\" class=\"alignleft wp-image-4404 size-medium\" src=\"https:\/\/www.brenne-au-coeur.com\/wp-content\/uploads\/2023\/06\/LAuto-velo___automobilisme_cyclisme_athletisme_._bpt6k46295254_1-215x300.jpg\" alt=\"\" width=\"215\" height=\"300\" srcset=\"https:\/\/www.brenne-au-coeur.com\/wp-content\/uploads\/2023\/06\/LAuto-velo___automobilisme_cyclisme_athletisme_._bpt6k46295254_1-215x300.jpg 215w, https:\/\/www.brenne-au-coeur.com\/wp-content\/uploads\/2023\/06\/LAuto-velo___automobilisme_cyclisme_athletisme_._bpt6k46295254_1-735x1024.jpg 735w, https:\/\/www.brenne-au-coeur.com\/wp-content\/uploads\/2023\/06\/LAuto-velo___automobilisme_cyclisme_athletisme_._bpt6k46295254_1-108x150.jpg 108w, https:\/\/www.brenne-au-coeur.com\/wp-content\/uploads\/2023\/06\/LAuto-velo___automobilisme_cyclisme_athletisme_._bpt6k46295254_1-768x1071.jpg 768w, https:\/\/www.brenne-au-coeur.com\/wp-content\/uploads\/2023\/06\/LAuto-velo___automobilisme_cyclisme_athletisme_._bpt6k46295254_1-1102x1536.jpg 1102w, https:\/\/www.brenne-au-coeur.com\/wp-content\/uploads\/2023\/06\/LAuto-velo___automobilisme_cyclisme_athletisme_._bpt6k46295254_1.jpg 1208w\" sizes=\"auto, (max-width: 215px) 100vw, 215px\" \/><\/a><em>A la fin d\u2019un \u00ab\u00a0drive\u00a0\u00bb en 1936, lors du grand Prix de l\u2019Auto, dont Joachim re\u00e7oit le troph\u00e9e dans la cat\u00e9gorie \u00ab\u00a0amateur\u00a0\u00bb.<\/em><\/span><\/span><\/p>\n<p align=\"center\"><em><span style=\"font-family: Liberation Serif, serif;\"><span style=\"font-size: large;\">Source\u00a0: F\u00e9d\u00e9ration fran\u00e7aise de golf et Gallica.bnf.fr \u2013 journal l\u2019Auto du 12\/05\/1936<\/span><\/span><\/em><\/p>\n<p align=\"justify\"><span style=\"font-family: Liberation Serif, serif;\"><span style=\"font-size: large;\"> A l\u2019\u00e2ge de 20 ans, il \u00e9pouse \u00e0 Marseille Nicole Pastr\u00e9, issue d\u2019une famille de comtes romains (ancienne noblesse pontificale) implant\u00e9e dans la cit\u00e9 phoc\u00e9enne. Le jeune couple demeure \u00e0 Neuilly-sur-Seine. Joachim, soldat \u00ab\u00a0classe 1940\u00a0\u00bb dans le d\u00e9partement de la Seine, est alors \u00e9l\u00e8ve pilote aviateur. <\/span><\/span><\/p>\n<p align=\"justify\"><span style=\"font-family: Liberation Serif, serif;\"><span style=\"font-size: large;\">De cette union, trois enfants na\u00eetront rapidement\u00a0: Caroline en 1941, Madeleine l\u2019ann\u00e9e suivante et Joachim, n\u00e9 posthume le 26 novembre 1944. Ils sont tous Pupilles de la Nation et n\u2019ont eu gu\u00e8re le temps de conna\u00eetre leur p\u00e8re. <\/span><\/span><\/p>\n<p align=\"justify\"><span style=\"font-family: Liberation Serif, serif;\"><span style=\"font-size: large;\">Le cadet de cette fratrie, seul descendant masculin, 8<sup>e<\/sup> prince Murat est l\u2019actuel chef de la famille Murat. Pr\u00e9sident d\u2019honneur du Souvenir napol\u00e9onien, Joachim Louis Napol\u00e9on s\u2019investit beaucoup aupr\u00e8s des cercles bonapartistes et repr\u00e9sente fr\u00e9quemment sa famille dans les manifestations li\u00e9es \u00e0 son illustre anc\u00eatre. <\/span><\/span><\/p>\n<figure id=\"attachment_4075\" aria-describedby=\"caption-attachment-4075\" style=\"width: 200px\" class=\"wp-caption alignleft\"><a href=\"https:\/\/www.brenne-au-coeur.com\/wp-content\/uploads\/2023\/04\/murat-3.jpg\" rel=\"lightbox[4403]\"><img loading=\"lazy\" decoding=\"async\" class=\"wp-image-4075 size-full\" src=\"https:\/\/www.brenne-au-coeur.com\/wp-content\/uploads\/2023\/04\/murat-3.jpg\" alt=\"\" width=\"200\" height=\"221\" srcset=\"https:\/\/www.brenne-au-coeur.com\/wp-content\/uploads\/2023\/04\/murat-3.jpg 200w, https:\/\/www.brenne-au-coeur.com\/wp-content\/uploads\/2023\/04\/murat-3-136x150.jpg 136w\" sizes=\"auto, (max-width: 200px) 100vw, 200px\" \/><\/a><figcaption id=\"caption-attachment-4075\" class=\"wp-caption-text\">Le 8e Prince Murat. source wikip\u00e9dia<\/figcaption><\/figure>\n<p align=\"justify\"><span style=\"font-family: Liberation Serif, serif;\"><span style=\"font-size: large;\">\u00a0<\/span><\/span><\/p>\n<p align=\"justify\"><span style=\"font-family: Liberation Serif, serif;\"><span style=\"font-size: large;\">\u00a0<\/span><\/span><\/p>\n<p align=\"justify\"><span style=\"font-family: Liberation Serif, serif;\"><span style=\"font-size: large;\">La Seconde Guerre mondiale a \u00e9clat\u00e9 le 1<sup>er<\/sup> septembre 1939. <\/span><\/span><\/p>\n<p align=\"justify\"><span style=\"font-family: Liberation Serif, serif;\"><span style=\"font-size: large;\">Pour une raison inconnue, probablement li\u00e9e \u00e0 un passage en zone libre, Joachim est h\u00e9berg\u00e9, seul, chez son oncle par alliance Jean Lebaudy (1), au ch\u00e2teau du Blizon sur la commune de Saint-Michel-en-Brenne. Au fil des mois, son engagement dans la R\u00e9sistance le verra (sans certitude sourc\u00e9e) promu sous-lieutenant au sein du bataillon Carol, issu du 17<sup>\u00e8me<\/sup> B.C.P.<\/span><\/span><\/p>\n<p align=\"justify\"><span style=\"font-family: Liberation Serif, serif;\"><span style=\"font-size: large;\"><span style=\"color: #343b43;\">\u00a0<\/span><\/span><\/span><\/p>\n<figure id=\"attachment_4080\" aria-describedby=\"caption-attachment-4080\" style=\"width: 237px\" class=\"wp-caption alignleft\"><a href=\"https:\/\/www.brenne-au-coeur.com\/wp-content\/uploads\/2023\/04\/lebaudy.jpg\" rel=\"lightbox[4403]\"><img loading=\"lazy\" decoding=\"async\" class=\"wp-image-4080 size-full\" src=\"https:\/\/www.brenne-au-coeur.com\/wp-content\/uploads\/2023\/04\/lebaudy.jpg\" alt=\"\" width=\"237\" height=\"291\" srcset=\"https:\/\/www.brenne-au-coeur.com\/wp-content\/uploads\/2023\/04\/lebaudy.jpg 237w, https:\/\/www.brenne-au-coeur.com\/wp-content\/uploads\/2023\/04\/lebaudy-122x150.jpg 122w\" sizes=\"auto, (max-width: 237px) 100vw, 237px\" \/><\/a><figcaption id=\"caption-attachment-4080\" class=\"wp-caption-text\">Jean Lebaudy (gallica bnf)<\/figcaption><\/figure>\n<p align=\"justify\"><span style=\"font-family: Liberation Serif, serif;\"><span style=\"font-size: large;\"><span style=\"color: #343b43;\">\u00a0\u00a0<\/span><\/span><\/span><\/p>\n<p align=\"justify\"><span style=\"font-family: Liberation Serif, serif;\"><span style=\"font-size: large;\">Depuis\u00a0le mois d\u2019octobre 1940, Robert Boutin est employ\u00e9 comme homme \u00e0 tout faire dans l\u2019une des 28 fermes, r\u00e9parties sur plus de 3000 hectares de bois et de landes, appartenant \u00e0 la famille Lebaudy. <\/span><\/span><\/p>\n<p align=\"justify\"><span style=\"font-family: Liberation Serif, serif;\"><span style=\"font-size: large;\">Rentrant d\u2019une vir\u00e9e galante avec ses copains dans le bourg de Saint-Michel-en-Brenne, un soir de d\u00e9but mars 1944, le jeune homme aper\u00e7oit un rai de lumi\u00e8re sous une porte. Pensant que quelqu\u2019un avait oubli\u00e9 d\u2019\u00e9teindre l\u2019\u00e9lectricit\u00e9, il ouvre grand la porte et, \u00f4 surprise, voit attabl\u00e9es 8\/9 personnes <\/span><\/span><\/p>\n<p align=\"justify\"><span style=\"font-family: Liberation Serif, serif;\"><span style=\"font-size: large;\">en grande conversation. Des dirigeants de la R\u00e9sistance indrienne parmi lesquels Paul Mirguet (alias \u00ab\u00a0Surcouf\u00a0\u00bb) de l\u2019Arm\u00e9e Secr\u00e8te, Jean Costa de Beauregard (alias \u00ab\u00a0Carol\u00a0\u00bb) responsable du maquis \u00e9ponyme \u2026 et d\u2019autres personnalit\u00e9s entouraient Joachim Murat et Jean Lebaudy. Ce dernier tan\u00e7a et mena\u00e7a Robert de sanction s\u2019il r\u00e9v\u00e9lait \u00e0 quiconque ce qu\u2019il venait de voir. <\/span><\/span><\/p>\n<p align=\"justify\"><span style=\"font-family: Liberation Serif, serif;\"><span style=\"font-size: large;\">Message si bien re\u00e7u qu\u2019il d\u00e9cida, ce soir-l\u00e0, d\u2019entrer dans les r\u00e9seaux clandestins en d\u00e9pit de ses 17 ans. Un certain Lecomte (alias \u00ab\u00a0Rivi\u00e8re\u00a0\u00bb), camoufl\u00e9 sur l\u2019exploitation agricole, lui enseigne discr\u00e8tement et en acc\u00e9l\u00e9r\u00e9 les techniques de combattant de l\u2019ombre, sans arme. <\/span><\/span><\/p>\n<figure id=\"attachment_4083\" aria-describedby=\"caption-attachment-4083\" style=\"width: 149px\" class=\"wp-caption alignleft\"><a href=\"https:\/\/www.brenne-au-coeur.com\/wp-content\/uploads\/2023\/04\/murat-7.jpg\" rel=\"lightbox[4403]\"><img loading=\"lazy\" decoding=\"async\" class=\"wp-image-4083\" src=\"https:\/\/www.brenne-au-coeur.com\/wp-content\/uploads\/2023\/04\/murat-7-128x300.jpg\" alt=\"\" width=\"149\" height=\"349\" srcset=\"https:\/\/www.brenne-au-coeur.com\/wp-content\/uploads\/2023\/04\/murat-7-128x300.jpg 128w, https:\/\/www.brenne-au-coeur.com\/wp-content\/uploads\/2023\/04\/murat-7-64x150.jpg 64w, https:\/\/www.brenne-au-coeur.com\/wp-content\/uploads\/2023\/04\/murat-7.jpg 182w\" sizes=\"auto, (max-width: 149px) 100vw, 149px\" \/><\/a><figcaption id=\"caption-attachment-4083\" class=\"wp-caption-text\">Paul Mirguet. (assembl\u00e9e nationale)<\/figcaption><\/figure>\n<p align=\"justify\"><span style=\"font-family: Liberation Serif, serif;\"><span style=\"font-size: large;\">\u00a0 Jean Costa de Beauregard<\/span><\/span><\/p>\n<p align=\"justify\"><span style=\"font-family: Liberation Serif, serif;\"><span style=\"font-size: large;\"> Photo personnelle Source\u00a0: Assembl\u00e9e nationale Source\u00a0: non identifi\u00e9e<\/span><\/span><\/p>\n<figure id=\"attachment_4084\" aria-describedby=\"caption-attachment-4084\" style=\"width: 150px\" class=\"wp-caption alignright\"><a href=\"https:\/\/www.brenne-au-coeur.com\/wp-content\/uploads\/2023\/04\/murat-6.jpg\" rel=\"lightbox[4403]\"><img loading=\"lazy\" decoding=\"async\" class=\"wp-image-4084 size-full\" src=\"https:\/\/www.brenne-au-coeur.com\/wp-content\/uploads\/2023\/04\/murat-6.jpg\" alt=\"\" width=\"150\" height=\"209\" srcset=\"https:\/\/www.brenne-au-coeur.com\/wp-content\/uploads\/2023\/04\/murat-6.jpg 150w, https:\/\/www.brenne-au-coeur.com\/wp-content\/uploads\/2023\/04\/murat-6-108x150.jpg 108w\" sizes=\"auto, (max-width: 150px) 100vw, 150px\" \/><\/a><figcaption id=\"caption-attachment-4084\" class=\"wp-caption-text\">Robert Boutin. Photo personnelle<\/figcaption><\/figure>\n<p align=\"justify\"><span style=\"font-family: Liberation Serif, serif;\"><span style=\"font-size: large;\">Quelques semaines plus tard, assur\u00e9 de sa fid\u00e9lit\u00e9 et de son engagement sans faille, le prince prend Robert comme agent de liaison personnel avant que ce dernier ne rejoigne la compagnie Andr\u00e9, dans les bois de Douadic. <\/span><\/span><\/p>\n<p align=\"justify\"><span style=\"font-family: Liberation Serif, serif;\"><span style=\"font-size: large;\">6 juin 1944\u00a0: la nouvelle du D\u00e9barquement en Normandie se r\u00e9pand comme une train\u00e9e de poudre dans toute la France, annon\u00e7ant la fin de cette sordide guerre qui dure depuis 5 longues ann\u00e9es. <\/span><\/span><\/p>\n<p align=\"justify\"><span style=\"font-family: Liberation Serif, serif;\"><span style=\"font-size: large;\">Joachim en informe son d\u00e9vou\u00e9 agent de liaison qu\u2019il charge aussit\u00f4t de demander \u00e0 tous les r\u00e9sistants cach\u00e9s dans les domaines alentour de rejoindre au plus vite le maquis pour les ultimes combats. <\/span><\/span><\/p>\n<p align=\"justify\"><span style=\"font-family: Liberation Serif, serif;\"><span style=\"font-size: large;\">Depuis le mois de novembre 1943, le prince Murat a pris en charge son cousin, Louis Napol\u00e9on (2), affili\u00e9 \u00e0 l\u2019O.R.A. (Organisation de la R\u00e9sistance de l\u2019Arm\u00e9e), pour qu\u2019il int\u00e8gre le bataillon Carol sous le pseudonyme de Lucien Monnier. Il deviendra l\u2019adjoint des capitaines Costa de Beauregard et Reille \u00e9tant \u00ab\u00a0un sujet intelligent, d\u2019une haute valeur morale\u00a0\u00bb. Promu rapidement sergent, le chef de la famille imp\u00e9riale, sera le seul survivant du camion d\u00e9truit \u00e0 Heugnes le 28 ao\u00fbt 1944 par un tir de canon ennemi. L\u2019embuscade a d\u00e9cim\u00e9 cinq personnes. Gri\u00e8vement bless\u00e9 \u00e0 la jambe par un \u00e9clat d\u2019obus, Louis passera sa convalescence en \u00cele de France apr\u00e8s avoir quitt\u00e9 l\u2019h\u00f4pital de Ch\u00e2teauroux le 17 septembre. <\/span><\/span><\/p>\n<figure id=\"attachment_4085\" aria-describedby=\"caption-attachment-4085\" style=\"width: 169px\" class=\"wp-caption alignleft\"><a href=\"https:\/\/www.brenne-au-coeur.com\/wp-content\/uploads\/2023\/04\/murat-9.jpg\" rel=\"lightbox[4403]\"><img loading=\"lazy\" decoding=\"async\" class=\"wp-image-4085 size-full\" src=\"https:\/\/www.brenne-au-coeur.com\/wp-content\/uploads\/2023\/04\/murat-9.jpg\" alt=\"\" width=\"169\" height=\"258\" srcset=\"https:\/\/www.brenne-au-coeur.com\/wp-content\/uploads\/2023\/04\/murat-9.jpg 169w, https:\/\/www.brenne-au-coeur.com\/wp-content\/uploads\/2023\/04\/murat-9-98x150.jpg 98w\" sizes=\"auto, (max-width: 169px) 100vw, 169px\" \/><\/a><figcaption id=\"caption-attachment-4085\" class=\"wp-caption-text\">Les restes du camion\u00e0 Heugnes. (collection g\u00e9olami)<\/figcaption><\/figure>\n<p align=\"justify\"><span style=\"font-family: Liberation Serif, serif;\"><span style=\"font-size: large;\">Le d\u00e9nouement de la guerre approche mais l\u2019arm\u00e9e allemande, aux abois, est encore tr\u00e8s pr\u00e9sente en Brenne et d\u00e9fend avec pugnacit\u00e9 ce territoire rural bien connu des locaux et des maquisards prot\u00e9g\u00e9s par la population. Il est ais\u00e9 de se cacher dans les bois et les fermes isol\u00e9es amies. La s\u00e9v\u00e9rit\u00e9 des \u00e9chauffour\u00e9es s\u2019accro\u00eet, faisant de nombreux morts dans les deux camps. <\/span><\/span><\/p>\n<p align=\"justify\"><span style=\"font-family: Liberation Serif, serif;\"><span style=\"font-size: large;\">La propri\u00e9t\u00e9 du Blizon, mis \u00e0 disposition du bataillon Carol, permet de cacher des armes, des munitions parachut\u00e9es. Les chefs des diff\u00e9rents mouvements de R\u00e9sistance s\u2019y r\u00e9unissent avec le blanc-seing de Jean Lebaudy, ma\u00eetre des lieux. <\/span><\/span><\/p>\n<p align=\"justify\"><span style=\"font-family: Liberation Serif, serif;\"><span style=\"font-size: large;\">D\u00e9but juillet, Joachim qui consid\u00e9rait son agent de liaison comme un petit fr\u00e8re \u2013 six ans les s\u00e9paraient \u2013 l\u2019avait inform\u00e9 \u00ab&nbsp;qu\u2019il lui expliquerait tr\u00e8s bient\u00f4t tout\u00a0\u00bb, sur sa pr\u00e9sence en Brenne, probablement sur sa v\u00e9ritable identit\u00e9 demeur\u00e9e incognito, en dehors de la famille Lebaudy, sur Louis, l\u2019autre cousin, \u2026 <\/span><\/span><\/p>\n<p align=\"justify\"><span style=\"font-family: Liberation Serif, serif;\"><span style=\"font-size: large;\">C\u2019est dans ce contexte que le 20 juillet 1944 Yvon Rocher voit surgir au milieu de la matin\u00e9e, sur la place du March\u00e9 \u00e0 M\u00e9zi\u00e8res-en-Brenne, un convoi de quinze camions ennemis. Des hommes en descendent et font rapidement irruption dans les maisons environnantes. <\/span><\/span><\/p>\n<figure id=\"attachment_4086\" aria-describedby=\"caption-attachment-4086\" style=\"width: 300px\" class=\"wp-caption alignleft\"><img loading=\"lazy\" decoding=\"async\" class=\"wp-image-4086 size-medium\" src=\"https:\/\/www.brenne-au-coeur.com\/wp-content\/uploads\/2023\/04\/murat-10-300x218.jpg\" alt=\"\" width=\"300\" height=\"218\" srcset=\"https:\/\/www.brenne-au-coeur.com\/wp-content\/uploads\/2023\/04\/murat-10-300x218.jpg 300w, https:\/\/www.brenne-au-coeur.com\/wp-content\/uploads\/2023\/04\/murat-10-150x109.jpg 150w, https:\/\/www.brenne-au-coeur.com\/wp-content\/uploads\/2023\/04\/murat-10.jpg 634w\" sizes=\"auto, (max-width: 300px) 100vw, 300px\" \/><figcaption id=\"caption-attachment-4086\" class=\"wp-caption-text\">Auberge de la Gabri\u00e8re dans les ann\u00e9es 1940. (collection Jacques Enogat<\/figcaption><\/figure>\n<p align=\"justify\"><span style=\"font-family: Liberation Serif, serif;\"><span style=\"font-size: large;\">Intrigu\u00e9 par ce d\u00e9ploiement inhabituel, Yvon enfourche son v\u00e9lo et roule \u00e0 toute allure vers le restaurant de la Gabri\u00e8re, sur la commune de Ling\u00e9. Depuis quelques semaines, une vingtaine de maquisards de Carol ont pris l\u2019habitude de d\u00e9jeuner chez Georgette et Arthur Retault qui se surpassent pour leur offrir des repas copieux en d\u00e9pit de restrictions. A la campagne, on arrive toujours \u00e0 se d\u00e9brouiller\u00a0! <\/span><\/span><\/p>\n<p align=\"center\"><span style=\"font-family: Liberation Serif, serif;\"><span style=\"font-size: large;\">\u00a0<\/span><\/span><\/p>\n<p align=\"center\"><span style=\"font-family: Liberation Serif, serif;\"><span style=\"font-size: large;\">\u00a0<\/span><\/span><\/p>\n<p align=\"justify\"><span style=\"font-family: Liberation Serif, serif;\"><span style=\"font-size: large;\">Curieusement, le groupe de v\u00e9hicules qui se dirigeait vers Le Blanc n\u2019a pas pris la route habituelle (D43) et surgit sur la d\u00e9partementale 17, droit sur l\u2019auberge. <\/span><\/span><\/p>\n<p align=\"justify\"><span style=\"font-family: Liberation Serif, serif;\"><span style=\"font-size: large;\">Le groupe de combattants, qui prenait le soleil en attendant d\u2019\u00eatre servi, se scinde et chacun part se cacher comme il le peut dans les fourr\u00e9s et les champs environnants. Des parachutes, donn\u00e9s \u00e0 la famille de l\u2019aubergiste pour confectionner des v\u00eatements, sont pr\u00e9cipitamment cach\u00e9s. Joachim Murat rejoint sa voiture \u00e0 bord de laquelle son chauffeur, Olivier Paquin (3), a d\u00e9j\u00e0 pris place. Une sacoche, pleine de documents compromettants, est pos\u00e9e sur le si\u00e8ge arri\u00e8re. Le moteur refuse obstin\u00e9ment de d\u00e9marrer. Sans sommation, une rafale de mitrailleuse abat le prince. Son chauffeur subira le m\u00eame sort et sera retrouv\u00e9 \u00e0 quelques 150 m\u00e8tres. Les militaires allemands, apr\u00e8s avoir emport\u00e9 des victuailles et des objets personnels, mirent le feu \u00e0 la grange de la famille Retault et repartirent comme ils \u00e9taient venus, apr\u00e8s avoir tir\u00e9, \u00e7\u00e0 et l\u00e0, des salves de mitraillettes dans l\u2019espoir de tuer d\u2019autres maquisards cach\u00e9s. <\/span><\/span><\/p>\n<p align=\"justify\"><span style=\"font-family: Liberation Serif, serif;\"><span style=\"font-size: large;\">Heureusement que les postes \u00e9metteurs et le mat\u00e9riel de transmission n\u00e9cessaires pour localiser les parachutages organis\u00e9s par les Anglais n\u2019ont pas \u00e9t\u00e9 d\u00e9couverts\u00a0\u2026 <\/span><\/span><\/p>\n<p align=\"justify\"><span style=\"font-family: Liberation Serif, serif;\"><span style=\"font-size: large;\">Alert\u00e9e, Mme Lebaudy fait transporter la d\u00e9pouille de Joachim dans une maison que le couple poss\u00e8de au bord de l\u2019\u00e9tang de la Gabri\u00e8re avant de le ramener au Blizon. Un linge recouvre son visage d\u00e9figur\u00e9 par des coups de talon. Son corps est cribl\u00e9 de sept balles. <\/span><\/span><\/p>\n<p align=\"justify\"><span style=\"font-family: Liberation Serif, serif;\"><span style=\"font-size: large;\">Jean Lebaudy, en mission dans la Ni\u00e8vre pour les F.F.I., a \u00e9t\u00e9 rapidement inform\u00e9 du d\u00e9nouement tragique de cet \u00e9pisode de guerre. <\/span><\/span><\/p>\n<figure id=\"attachment_4088\" aria-describedby=\"caption-attachment-4088\" style=\"width: 300px\" class=\"wp-caption alignleft\"><a href=\"https:\/\/www.brenne-au-coeur.com\/wp-content\/uploads\/2023\/04\/murat-11.jpg\" rel=\"lightbox[4403]\"><img loading=\"lazy\" decoding=\"async\" class=\"wp-image-4088 size-medium\" src=\"https:\/\/www.brenne-au-coeur.com\/wp-content\/uploads\/2023\/04\/murat-11-300x214.jpg\" alt=\"\" width=\"300\" height=\"214\" srcset=\"https:\/\/www.brenne-au-coeur.com\/wp-content\/uploads\/2023\/04\/murat-11-300x214.jpg 300w, https:\/\/www.brenne-au-coeur.com\/wp-content\/uploads\/2023\/04\/murat-11-150x107.jpg 150w, https:\/\/www.brenne-au-coeur.com\/wp-content\/uploads\/2023\/04\/murat-11.jpg 524w\" sizes=\"auto, (max-width: 300px) 100vw, 300px\" \/><\/a><figcaption id=\"caption-attachment-4088\" class=\"wp-caption-text\">Les obs\u00e8ques d&rsquo;Olivier Paquin \u00e0 Azay-le-Ferron. (collection Jacques Enogat)<\/figcaption><\/figure>\n<p align=\"justify\"><span style=\"font-family: Liberation Serif, serif;\"><span style=\"font-size: large;\">Quant \u00e0 Olivier Paquin, alias \u00ab\u00a0Luc\u00a0\u00bb, son cadavre ne sera relev\u00e9 que le lendemain, l\u2019orage ayant eu raison du transformateur \u00e0 c\u00f4t\u00e9 duquel il \u00e9tait tomb\u00e9. Ses obs\u00e8ques se sont d\u00e9roul\u00e9es le 23 juillet \u00e0 Azay-le-Ferron d\u2019o\u00f9 il \u00e9tait originaire. Une foule consid\u00e9rable lui rendit un dernier hommage dont le sous-pr\u00e9fet Delaballe et Jean Costa de Beauregard, accompagn\u00e9 d\u2019un important d\u00e9tachement de r\u00e9sistants. <\/span><\/span><\/p>\n<p align=\"justify\"><span style=\"font-family: Liberation Serif, serif;\"><span style=\"font-size: large;\">La nouvelle de cette fusillade se r\u00e9pandit en un rien de temps dans toute la Brenne et au-del\u00e0. Le major Ronald Parkinson, un anglais bless\u00e9 aux jambes lors d\u2019un parachutage et cach\u00e9 dans une ferme brennouse non identifi\u00e9e, \u00e9crira que \u00ab\u00a0sa mort a \u00e9t\u00e9 un grand coup pour nous tous. Il avait en charge tous les convois [parachutages] qui nous transportaient.\u00a0\u00bb<\/span><\/span><\/p>\n<p align=\"justify\"><span style=\"font-family: Liberation Serif, serif;\"><span style=\"font-size: large;\">Le prince de Pontecorvo a \u00e9t\u00e9 inhum\u00e9 dans le cimeti\u00e8re de Saint-Michel-en-Brenne avant de rejoindre le caveau familial situ\u00e9 au cimeti\u00e8re parisien du P\u00e8re Lachaise le 12 d\u00e9cembre 1961. <\/span><\/span><\/p>\n<p align=\"justify\"><span style=\"font-family: Liberation Serif, serif;\"><span style=\"font-size: large;\"><a href=\"https:\/\/www.brenne-au-coeur.com\/wp-content\/uploads\/2023\/04\/murat-13.jpg\" rel=\"lightbox[4403]\"><img loading=\"lazy\" decoding=\"async\" class=\"alignright wp-image-4089 size-medium\" src=\"https:\/\/www.brenne-au-coeur.com\/wp-content\/uploads\/2023\/04\/murat-13-220x300.jpg\" alt=\"\" width=\"220\" height=\"300\" srcset=\"https:\/\/www.brenne-au-coeur.com\/wp-content\/uploads\/2023\/04\/murat-13-220x300.jpg 220w, https:\/\/www.brenne-au-coeur.com\/wp-content\/uploads\/2023\/04\/murat-13-110x150.jpg 110w, https:\/\/www.brenne-au-coeur.com\/wp-content\/uploads\/2023\/04\/murat-13.jpg 363w\" sizes=\"auto, (max-width: 220px) 100vw, 220px\" \/><\/a><\/span><\/span><\/p>\n<p align=\"justify\"><span style=\"font-family: Liberation Serif, serif;\"><span style=\"font-size: large;\">Le secr\u00e9tariat des Anciens Combattants, sur la demande du lieutenant-colonel Paul Mirguet (alias \u00ab\u00a0Surcouf\u00a0\u00bb) chef des F.F.I. de l\u2019Indre, a attribu\u00e9 la mention \u00ab\u00a0Mort pour la France\u00a0\u00bb \u00e0 Joachim Murat le 7 d\u00e9cembre 1944. <\/span><\/span><\/p>\n<p align=\"justify\"><span style=\"font-family: Liberation Serif, serif;\"><span style=\"font-size: large;\">Cet \u00e9v\u00e8nement a fait l\u2019objet de moult suppositions dont la plus tenace demeure une \u00e9ventuelle d\u00e9nonciation \u00e0 l\u2019initiative d\u2019un certain Jorge \u00ab\u00a0le Hongrois\u00a0\u00bb (4) abattu quelques jours plus tard. Le chemin coutumier pour se rendre de M\u00e9zi\u00e8res au Blanc ne passant pas par la Gabri\u00e8re, ce dernier aurait pu sugg\u00e9rer \u00e0 l\u2019arm\u00e9e allemande que des maquisards prenaient habituellement leur repas au restaurant situ\u00e9 en face de l\u2019\u00e9tang du m\u00eame nom. Aucune source factuelle ne vient corroborer cette hypoth\u00e8se. En effet, l\u2019ennemi ne connaissait pas tr\u00e8s bien les routes de Brenne et la distance entre l\u2019une ou l\u2019autre route est identique \u00e0 1 km pr\u00e8s. <\/span><\/span><\/p>\n<figure id=\"attachment_4090\" aria-describedby=\"caption-attachment-4090\" style=\"width: 225px\" class=\"wp-caption alignleft\"><a href=\"https:\/\/www.brenne-au-coeur.com\/wp-content\/uploads\/2023\/04\/murat-14.jpg\" rel=\"lightbox[4403]\"><img loading=\"lazy\" decoding=\"async\" class=\"wp-image-4090 size-medium\" src=\"https:\/\/www.brenne-au-coeur.com\/wp-content\/uploads\/2023\/04\/murat-14-225x300.jpg\" alt=\"\" width=\"225\" height=\"300\" srcset=\"https:\/\/www.brenne-au-coeur.com\/wp-content\/uploads\/2023\/04\/murat-14-225x300.jpg 225w, https:\/\/www.brenne-au-coeur.com\/wp-content\/uploads\/2023\/04\/murat-14-113x150.jpg 113w, https:\/\/www.brenne-au-coeur.com\/wp-content\/uploads\/2023\/04\/murat-14.jpg 399w\" sizes=\"auto, (max-width: 225px) 100vw, 225px\" \/><\/a><figcaption id=\"caption-attachment-4090\" class=\"wp-caption-text\">Tombeau Murat. (collection Enogat)<\/figcaption><\/figure>\n<p><span style=\"font-size: large;\">Pendant quelques ann\u00e9es apr\u00e8s la fin de ce triste conflit, Louise Planti\u00e9, la m\u00e8re de Joachim, s\u2019est rendue r\u00e9guli\u00e8rement au restaurant de la Gabri\u00e8re pour \u00e9voquer le souvenir de son fils avec la famille Retault. Souhaitant rappeler ce tragique \u00e9pisode, elle prit l\u2019initiative de faire apposer une plaque en marbre sur l\u2019un des murs de l\u2019ancienne auberge, sise au n\u00b0 21 sur la d\u00e9partementale 17.<\/span><\/p>\n<p align=\"justify\"><span style=\"font-family: Liberation Serif, serif;\"><span style=\"font-size: large;\">\u00a0<\/span><\/span><\/p>\n<p><span style=\"font-family: Liberation Serif, serif;\"><span style=\"font-size: large;\"><a href=\"https:\/\/www.brenne-au-coeur.com\/wp-content\/uploads\/2023\/04\/murat-15.png\" rel=\"lightbox[4403]\"><img loading=\"lazy\" decoding=\"async\" class=\"alignright wp-image-4091 size-medium\" src=\"https:\/\/www.brenne-au-coeur.com\/wp-content\/uploads\/2023\/04\/murat-15-300x238.png\" alt=\"\" width=\"300\" height=\"238\" srcset=\"https:\/\/www.brenne-au-coeur.com\/wp-content\/uploads\/2023\/04\/murat-15-300x238.png 300w, https:\/\/www.brenne-au-coeur.com\/wp-content\/uploads\/2023\/04\/murat-15-150x119.png 150w, https:\/\/www.brenne-au-coeur.com\/wp-content\/uploads\/2023\/04\/murat-15.png 593w\" sizes=\"auto, (max-width: 300px) 100vw, 300px\" \/><\/a><\/span><\/span><\/p>\n<p align=\"justify\"><span style=\"font-family: Liberation Serif, serif;\"><span style=\"font-size: large;\">La st\u00e8le \u00e9voqu\u00e9e en introduction, est \u00e9rig\u00e9e pr\u00e8s de l\u2019endroit o\u00f9 le prince Murat fut tu\u00e9. Situ\u00e9e \u00e0 quelques m\u00e8tres, une plus modeste rappelle le souvenir d\u2019Oliver Paquin, son chauffeur. Elev\u00e9 au d\u00e9but des ann\u00e9es 1980, le monument a fait l\u2019objet d\u2019une restauration en 2017. Le 20 juillet, le prince et la princesse Murat, 8<sup>e<\/sup> du nom, \u00e9taient pr\u00e9sents aux c\u00f4t\u00e9s des \u00e9lus et des repr\u00e9sentants du Souvenir fran\u00e7ais pour inaugurer la nouvelle inscription en marbre rappelant les faits. <\/span><\/span><\/p>\n<figure id=\"attachment_4094\" aria-describedby=\"caption-attachment-4094\" style=\"width: 300px\" class=\"wp-caption alignnone\"><a href=\"https:\/\/www.brenne-au-coeur.com\/wp-content\/uploads\/2023\/04\/murat-16.jpg\" rel=\"lightbox[4403]\"><img loading=\"lazy\" decoding=\"async\" class=\"wp-image-4094 size-medium\" src=\"https:\/\/www.brenne-au-coeur.com\/wp-content\/uploads\/2023\/04\/murat-16-300x169.jpg\" alt=\"\" width=\"300\" height=\"169\" srcset=\"https:\/\/www.brenne-au-coeur.com\/wp-content\/uploads\/2023\/04\/murat-16-300x169.jpg 300w, https:\/\/www.brenne-au-coeur.com\/wp-content\/uploads\/2023\/04\/murat-16-150x84.jpg 150w, https:\/\/www.brenne-au-coeur.com\/wp-content\/uploads\/2023\/04\/murat-16-768x431.jpg 768w, https:\/\/www.brenne-au-coeur.com\/wp-content\/uploads\/2023\/04\/murat-16.jpg 1020w\" sizes=\"auto, (max-width: 300px) 100vw, 300px\" \/><\/a><figcaption id=\"caption-attachment-4094\" class=\"wp-caption-text\">Inauguration du 20 juillet 2017. (sources Chantal Kroliczak, NR)<\/figcaption><\/figure>\n<figure id=\"attachment_4093\" aria-describedby=\"caption-attachment-4093\" style=\"width: 225px\" class=\"wp-caption alignright\"><a href=\"https:\/\/www.brenne-au-coeur.com\/wp-content\/uploads\/2023\/04\/murat-02.resized-1-rotated.jpg\" rel=\"lightbox[4403]\"><img loading=\"lazy\" decoding=\"async\" class=\"wp-image-4093 size-medium\" src=\"https:\/\/www.brenne-au-coeur.com\/wp-content\/uploads\/2023\/04\/murat-02.resized-1-225x300.jpg\" alt=\"\" width=\"225\" height=\"300\" srcset=\"https:\/\/www.brenne-au-coeur.com\/wp-content\/uploads\/2023\/04\/murat-02.resized-1-225x300.jpg 225w, https:\/\/www.brenne-au-coeur.com\/wp-content\/uploads\/2023\/04\/murat-02.resized-1-113x150.jpg 113w, https:\/\/www.brenne-au-coeur.com\/wp-content\/uploads\/2023\/04\/murat-02.resized-1-rotated.jpg 300w\" sizes=\"auto, (max-width: 225px) 100vw, 225px\" \/><\/a><figcaption id=\"caption-attachment-4093\" class=\"wp-caption-text\">St\u00e8le Olivier Paquin.<\/figcaption><\/figure>\n<p align=\"justify\"><span style=\"font-family: Liberation Serif, serif;\"><span style=\"font-size: large;\">\u00a0<\/span><\/span><\/p>\n<p align=\"justify\"><span style=\"font-family: Liberation Serif, serif;\"><span style=\"font-size: large;\">Depuis 1945, \u00e0 l\u2019initiative de la F\u00e9d\u00e9ration fran\u00e7aise de golf, une \u00e9l\u00e9gante aigui\u00e8re en argent surnomm\u00e9e \u00ab\u00a0la Murat\u00a0\u00bb est remise au vainqueur des Internationaux de France, en m\u00e9moire de leur prestigieux pr\u00e9d\u00e9cesseur. <\/span><\/span><\/p>\n<p align=\"justify\"><span style=\"font-family: Liberation Serif, serif;\"><span style=\"font-size: large;\">Anonyme par sa lign\u00e9e, jamais d\u00e9voil\u00e9e, <\/span><\/span><span style=\"font-family: Liberation Serif, serif;\"><span style=\"font-size: large;\">anonyme comme combattant de l\u2019ombre, <\/span><\/span><span style=\"font-family: Liberation Serif, serif;\"><span style=\"font-size: large;\">anonyme sur ses liens familiaux, <\/span><\/span><span style=\"font-family: Liberation Serif, serif;\"><span style=\"font-size: large;\">le prince Murat ne le restera pas pour les Brennous qui se rappelleront encore longtemps de Joachim, ce jeune p\u00e8re de famille engag\u00e9, mort pour sa Patrie \u00e0 une poign\u00e9e de kilom\u00e8tres de la r\u00e9sidence d\u2019Henri-Gatien Bertrand, le plus fid\u00e8le g\u00e9n\u00e9ral de son c\u00e9l\u00e8bre a\u00efeul. <\/span><\/span><\/p>\n<p align=\"justify\"><span style=\"font-family: Liberation Serif, serif;\"><span style=\"font-size: large;\">1<i>&#8211;<\/i><i><b>Jean Lebaudy<\/b><\/i> (1894-1969)\u00a0: issu d\u2019une famille de raffineurs de sucre, banquiers et industriels, il dirige depuis 1937 l\u2019entreprise sucri\u00e8re Lebaudy-Sommier, devenue aujourd\u2019hui Saint-Louis Sucre (membre du groupe S\u00fcdzucker, premier sucrier europ\u00e9en). Au cours de la Grande Guerre, il a combattu comme pilote-aviateur pour des missions sp\u00e9ciales sous les ordres du colonel Balsan dont le nom est attach\u00e9 \u00e0 l\u2019usine drapi\u00e8re alors install\u00e9e \u00e0 Ch\u00e2teauroux. <\/span><\/span><\/p>\n<p align=\"justify\"><span style=\"font-family: Liberation Serif, serif;\"><span style=\"font-size: large;\">Le p\u00e8re de Jean \u2013 Paul \u2013 d\u00e9put\u00e9 de Seine-et-Oise, a \u00e9pous\u00e9 en 1890 Clotilde Murat, fille du 3<sup>e<\/sup> comte Murat. Donc, la tante du Joachim, objet du pr\u00e9sent article. <\/span><\/span><\/p>\n<p align=\"justify\"><span style=\"font-family: Liberation Serif, serif;\"><span style=\"font-size: large;\">Lorsque la Seconde Guerre \u00e9clate, Jean (alias \u00ab\u00a0Saint-Cloud, Lefaure, Labracherie ou Lamblin\u00a0\u00bb), install\u00e9 dans sa demeure du Blizon \u00e0 Saint-Michel-en-Brenne entre en R\u00e9sistance en prenant attache avec Jean Costa de Beauregard (maquis Carol). A Paris, il forme le r\u00e9seau d\u2019Artagnan, charg\u00e9 de r\u00e9ceptionner et de stocker des armes. Parall\u00e8lement, il int\u00e8gre l\u2019O.R.A. et la brigade Charles Martel qui organisent le r\u00e9seau brennou. Son action s\u2019\u00e9tendra sur les maquis du Cher, de l\u2019Allier, de la Ni\u00e8vre et du Morvan. <\/span><\/span><\/p>\n<p align=\"justify\"><span style=\"font-family: Liberation Serif, serif;\"><span style=\"font-size: large;\">L\u2019affaire Mis et Thiennot, d\u00e9but\u00e9e le 29 d\u00e9cembre 1946 avec l\u2019assassinat de son garde-chasse Louis Boistard, viendra entacher la conduite de Jean Lebaudy qui versa 100\u00a0000 francs aux \u0153uvres de la police avec, en contrepartie, l\u2019exigence de trouver rapidement un ou des coupables \u2026 Sa pr\u00e9sence quotidienne dans les locaux de la gendarmerie de M\u00e9zi\u00e8res-en-Brenne accentua la pression sur les forces de l\u2019ordre. Le d\u00e9nouement de ce fait divers conduira des innocents en prison et d\u00e9frayera la chronique pendant plusieurs d\u00e9cennies. <\/span><\/span><\/p>\n<p align=\"justify\"><span style=\"font-family: Liberation Serif, serif;\"><span style=\"font-size: large;\">Bien que Jules Lebaudy f\u00eet installer, \u00e0 ses frais, en 1875 l\u2019actuelle horloge qui orne le fronton de l\u2019\u00e9glise Sainte Marie-Madeleine \u00e0 M\u00e9zi\u00e8res et dont Jean finan\u00e7a la restauration en 1952, il n\u2019en demeure pas moins que l\u2019Argent demeure le ma\u00eetre du temps et des hommes \u2026 <\/span><\/span><\/p>\n<p align=\"justify\"><span style=\"font-family: Liberation Serif, serif;\"><span style=\"font-size: large;\">2-<i><b>Louis Napol\u00e9on<\/b><\/i> (1914-1997)\u00a0: son arri\u00e8re-grand-p\u00e8re \u00e9tait le fr\u00e8re cadet de Napol\u00e9on 1<sup>er<\/sup>. A ce titre, descendant en ligne directe, Louis-J\u00e9r\u00f4me Victor-Emmanuel L\u00e9opold Marie Bonaparte est le \u00ab\u00a0Napol\u00e9on VI\u00a0\u00bb des bonapartistes et le chef de la famille imp\u00e9riale. Sa qualit\u00e9 d\u2019h\u00e9ritier d\u2019une ancienne famille r\u00e9gnante, de plus frapp\u00e9e par la loi d\u2019exil de 1886, ne lui a pas permis de servir dans l\u2019arm\u00e9e fran\u00e7aise. En 1939, Edouard Daladier, Pr\u00e9sident du Conseil, a repouss\u00e9 sa demande d\u2019incorporation. Sous le pseudonyme de Louis Blanchard, il int\u00e8gre la L\u00e9gion Etrang\u00e8re le 19 mars 1940, comme simple planton d\u2019un officier autrichien. Arr\u00eat\u00e9 le 20 d\u00e9cembre 1942 avec trois autres compagnons alors qu\u2019ils tentent de franchir les Pyr\u00e9n\u00e9es dans le but de rejoindre la France libre, Louis Napol\u00e9on est incarc\u00e9r\u00e9 \u00e0 Bordeaux puis \u00e0 Fresnes. Il d\u00e9cline les propositions de collaboration de Roland Nosek, espion du Reich et demande \u00e0 \u00eatre d\u00e9port\u00e9 en Allemagne ou rel\u00e2ch\u00e9 sans condition ou concession. Il conna\u00eetra les tristement c\u00e9l\u00e8bres locaux de la Gestapo, 93 rue Lauriston \u00e0 Paris. Assign\u00e9 \u00e0 r\u00e9sidence \u00e0 Neuilly-sur-Seine, il s\u2019en \u00e9chappe gr\u00e2ce aux r\u00e9seaux de R\u00e9sistance et rejoint son cousin en Brenne \u2026 <\/span><\/span><\/p>\n<p align=\"justify\"><span style=\"font-family: Liberation Serif, serif;\"><span style=\"font-size: large;\">Son court s\u00e9jour lui aura permis de rencontrer Jean Costa de Beauregard, chef du maquis \u00ab\u00a0Carol\u00a0\u00bb dont le cousin, le futur g\u00e9n\u00e9ral Roland Costa de Beauregard, alias \u00ab\u00a0Durieu\u00a0\u00bb, est commandant de la zone Nord-Vercors. Grand amateur d\u2019alpinisme, le lieutenant Louis Napol\u00e9on est affect\u00e9 le 1<sup>er<\/sup> novembre 1944 \u00e0 la 27<sup>e<\/sup> division alpine sous le nom de Louis de Montfort. Apr\u00e8s diff\u00e9rentes missions, il sera d\u00e9mobilis\u00e9 en juillet 1945.<\/span><\/span><\/p>\n<p align=\"justify\"><span style=\"font-family: Liberation Serif, serif;\"><span style=\"font-size: large;\">3- <i><b>Olivier Paquin <\/b><\/i>(1921-1944)\u00a0: engag\u00e9 en R\u00e9sistance d\u00e8s le mois de mai 1943, ce jeune m\u00e9canicien a \u00e9t\u00e9 promu \u00ab\u00a0aspirant F.F.I.\u00a0\u00bb quelques jours avant son d\u00e9c\u00e8s. A la demande d\u2019Andr\u00e9 Plateaux, il avait tent\u00e9 de rejoindre les Forces fran\u00e7aises combattantes en Espagne via un poste clandestin \u00e0 Perpignan \u00e9troitement surveill\u00e9 par la Gestapo. Devant l\u2019impossibilit\u00e9 de franchir la fronti\u00e8re, Olivier est revenu dans l\u2019Indre apr\u00e8s un voyage mouvement\u00e9. Cach\u00e9 dans le maquis, il int\u00e9grera le bataillon Carol comme \u00ab\u00a0conducteur des jeunes r\u00e9fractaires\u00a0\u00bb. <\/span><\/span><\/p>\n<p align=\"justify\"><span style=\"font-family: Liberation Serif, serif;\"><span style=\"font-size: large;\">4- <i><b>Jorge \u00ab\u00a0le Hongrois\u00a0\u00bb<\/b><\/i>\u00a0: sa v\u00e9ritable identit\u00e9 demeure, \u00e0 ce jour, myst\u00e9rieuse en d\u00e9pit de recherches pugnaces. Ce surnom de \u00ab\u00a0Hongrois\u00a0\u00bb devrait \u00eatre remplac\u00e9 par \u00ab\u00a0Autrichien\u00a0\u00bb, sa probable nationalit\u00e9 d\u2019origine. Sa langue maternelle \u00e9tait donc l\u2019allemand, bien pratique, en temps de conflit. Alors que de nombreux alsaciens et mosellans r\u00e9fugi\u00e9s, \u00e0 l\u2019image du commandant Wiltzer \u00e0 M\u00e9zi\u00e8res-en-Brenne, ont utilis\u00e9 leur bilinguisme pour sauver des vies au p\u00e9ril des leurs, Jorge a choisi l\u2019inverse en renseignant les troupes allemandes sur les positions des maquisards, pourtant bien dissimul\u00e9s. D\u00e9couvert, ayant finalement avou\u00e9 sa tra\u00eetrise, il a \u00e9t\u00e9 abattu par l\u2019adjudant Charmantrey au lieu-dit le Moulin du Bois \u00e0 Saint-Michel-en-Brenne le 25 juillet 1944. <\/span><\/span><\/p>\n<p align=\"justify\"><span style=\"font-family: Liberation Serif, serif;\"><span style=\"font-size: large;\"><b>Sources\u00a0: <\/b><\/span><\/span><\/p>\n<ul>\n<li>\n<p align=\"justify\"><span style=\"font-family: Liberation Serif, serif;\"><span style=\"font-size: large;\">V\u00e9rifications des \u00e9tats-civils\u00a0: Archives d\u00e9partementales 92, Archives municipales de Paris et de Marseille, commune de Ling\u00e9.<\/span><\/span><\/p>\n<\/li>\n<li>\n<p align=\"justify\"><span style=\"font-family: Liberation Serif, serif;\"><span style=\"font-size: large;\">M\u00e9moires \u00e0 contretemps 1945-1972 \u2013 Pierre Ordioni \u2013 pages 105 \u00e0 107 via <span style=\"color: #343b43;\">gallica.bnf.fr\/BnF<\/span><\/span><\/span><\/p>\n<\/li>\n<li>\n<p align=\"justify\"><span style=\"color: #343b43;\"><span style=\"font-family: Liberation Serif, serif;\"><span style=\"font-size: large;\">Organisation de la r\u00e9sistance dans l\u2019Indre, juin 1940-juin 1944 \u2013 Michel Jouanneau &#8211; Edition \u00e0 compte d\u2019auteur &#8211; pages 162 et 163. <\/span><\/span><\/span><\/p>\n<\/li>\n<li>\n<p align=\"justify\"><span style=\"font-family: Liberation Serif, serif;\"><span style=\"font-size: large;\">T\u00e9moignage oral et \u00e9crit de Robert Boutin en date des 9 f\u00e9vrier et 23 mars 2023.<\/span><\/span><\/p>\n<\/li>\n<li>\n<p align=\"justify\"><span style=\"font-family: Liberation Serif, serif;\"><span style=\"font-size: large;\">Au fil du temps \u2026 &#8211; revue des Amis du Blanc et de sa r\u00e9gion \u2013 hors-s\u00e9rie n\u00b0 1, novembre 2009.<\/span><\/span><\/p>\n<\/li>\n<li>\n<p align=\"justify\"><span style=\"font-family: Liberation Serif, serif;\"><span style=\"font-size: large;\">Joachim Murat\u00a0: SHD Vincennes \u2013 GR 16P 437818 et SHD Caen \u2013 AC 21P 104686.<\/span><\/span><\/p>\n<\/li>\n<li>\n<p align=\"justify\"><span style=\"font-family: Liberation Serif, serif;\"><span style=\"font-size: large;\">Louis Napol\u00e9on\u00a0: SHD Vincennes \u2013 GR 16P 439889.<\/span><\/span><\/p>\n<\/li>\n<li>\n<p align=\"justify\"><span style=\"font-family: Liberation Serif, serif;\"><span style=\"font-size: large;\">Jean Lebaudy\u00a0: SHD Vincennes \u2013 GR 16P 295493.<\/span><\/span><\/p>\n<\/li>\n<li>\n<p align=\"justify\"><span style=\"font-family: Liberation Serif, serif;\"><span style=\"font-size: large;\">Olivier Paquin\u00a0: SHD Vincennes \u2013 GR 16P 457238.<\/span><\/span><\/p>\n<\/li>\n<li>\n<p align=\"justify\"><span style=\"font-family: Liberation Serif, serif;\"><span style=\"font-size: large;\">Le Monde du 03\/01\/1970. <\/span><\/span><\/p>\n<\/li>\n<li>\n<p align=\"justify\"><span style=\"font-family: Liberation Serif, serif;\"><span style=\"font-size: large;\">La Nouvelle R\u00e9publique du 25\/07\/2017. <\/span><\/span><\/p>\n<\/li>\n<li>\n<p align=\"justify\"><span style=\"font-family: Liberation Serif, serif;\"><span style=\"font-size: large;\">Journal le Drapeau du 05\/05\/1946. Source <span style=\"color: #343b43;\">gallica.bnf.fr\/BnF.<\/span><\/span><\/span><\/p>\n<\/li>\n<li><span style=\"color: #343b43;\"><span style=\"font-family: Liberation Serif, serif;\"><span style=\"font-size: large;\">Journal l\u2019Auto du 12\/05\/1936. Source gallica.bnf.fr.BnF (https:\/\/gallica.bnf.fr\/ark:\/12148\/bpt6k46295254\/f1.item.zoom)<\/span><\/span><\/span><\/li>\n<li>\n<p align=\"justify\"><span style=\"font-family: Liberation Serif, serif;\"><span style=\"font-size: large;\">Propos du major Parkinson\u00a0: Archives nationales &#8211; cote 72AJ 1941. Remerciements \u00e0 Avril Growcott pour la traduction anglaise. <\/span><\/span><\/p>\n<\/li>\n<li>\n<p align=\"justify\"><span style=\"font-family: Liberation Serif, serif;\"><span style=\"font-size: large;\">Patrick Grosjean pour la transmission des photos appartenant \u00e0 Jacques Enogat et la pertinence de ses remarques. <\/span><\/span><\/p>\n<\/li>\n<li>\n<p align=\"justify\"><span style=\"font-family: Liberation Serif, serif;\"><span style=\"font-size: large;\">Christian Pineau, Pr\u00e9sident de la S.G.B.B., pour sa relecture attentionn\u00e9e.<\/span><\/span><\/p>\n<\/li>\n<li>\n<p align=\"justify\"><span style=\"color: #0000ff;\"><a href=\"https:\/\/www.monarchiesetdynastiesdumonde.com\/\"><span style=\"color: #000000;\"><span style=\"font-family: Liberation Serif, serif;\"><span style=\"font-size: large;\">https:\/\/www.monarchiesetdynastiesdumonde.com<\/span><\/span><\/span><\/a><\/span><\/p>\n<\/li>\n<li>\n<p align=\"justify\"><span style=\"font-family: Liberation Serif, serif;\"><span style=\"font-size: large;\">Joachim Murat &#8211; 9<sup>e<\/sup> prince Murat- petit-fils<\/span><\/span><\/p>\n<\/li>\n<li>\n<p align=\"justify\"><span style=\"font-family: Liberation Serif, serif;\"><span style=\"font-size: large;\">F\u00e9d\u00e9ration fran\u00e7aise de golf \u2013 Alexandre Mazas. <\/span><\/span><\/p>\n<\/li>\n<li>\n<p align=\"justify\"><span style=\"font-family: Liberation Serif, serif;\"><span style=\"font-size: large;\">Concernant la fusillade du 20\/07\/1944, les sources suivantes, parfois relat\u00e9es avec beaucoup d\u2019\u00e9motions, ont \u00e9t\u00e9 synth\u00e9tis\u00e9es le plus objectivement possible\u00a0: <\/span><\/span><\/p>\n<\/li>\n<li>\n<p align=\"justify\"><span style=\"font-family: Liberation Serif, serif;\"><span style=\"font-size: large;\">Les enfants du brouillard \u2013 Jean-Claude Derey \u2013 Ph\u00e9bus, de facto \u2013 pages 275 \u00e0 279.<\/span><\/span><\/p>\n<\/li>\n<li>\n<p align=\"justify\"><span style=\"font-family: Liberation Serif, serif;\"><span style=\"font-size: large;\">Au fil du temps \u2026 &#8211; revue des Amis du Blanc et de sa r\u00e9gion \u2013 2019 \u2013 pages 17 \u00e0 21 \u2013 Ling\u00e9, une journ\u00e9e pas comme les autres par Ir\u00e8ne Bourbonnais.<\/span><\/span><\/p>\n<\/li>\n<li>\n<p align=\"justify\"><span style=\"font-family: Liberation Serif, serif;\"><span style=\"font-size: large;\">Tentative d\u2019identification de \u00ab\u00a0Jorge, le Hongrois\u00a0\u00bb\u00a0: remerciements aux secr\u00e9taires des mairies de Charnizay, Ch\u00e2teauroux-M\u00e9tropole, Ling\u00e9, Martizay, M\u00e9zi\u00e8res-en-Brenne, Obterre, Preuilly-sur-Claise, Saint-Michel-en-Brenne, Villiers pour leurs recherches ainsi qu\u2019\u00e0 Julien Chevalier, conservateur de l\u2019Ossuaire Militaire Allemand de Mont-de-Huisnes (50).<\/span><\/span><\/p>\n<\/li>\n<\/ul>\n","protected":false},"excerpt":{"rendered":"<p>La st\u00e8le \u00e9rig\u00e9e sur la D78, au niveau de l\u2019\u00e9tang du Gabriau et \u00e0 100 m\u00e8tres de l\u2019auberge de la Gabri\u00e8re \u00e0 Ling\u00e9, m\u2019a toujours interpell\u00e9e. Il y est grav\u00e9 \u00ab\u00a0prince Joachim Murat\u00a0\u00bb en lettres dor\u00e9es sur un fond en marbre noir. Le symbole de la Croix de Lorraine dessin\u00e9 tout en haut est suivi&hellip;&nbsp;<a href=\"https:\/\/www.brenne-au-coeur.com\/index.php\/2023\/06\/04\/joachim-murat-un-prince-en-brenne\/communes\/linge\/4403\/\" rel=\"bookmark\">Lire la suite&nbsp;&raquo;<span class=\"screen-reader-text\">Joachim Murat, un prince en Brenne<\/span><\/a><\/p>\n","protected":false},"author":2,"featured_media":4079,"comment_status":"open","ping_status":"open","sticky":false,"template":"","format":"standard","meta":{"rop_custom_images_group":[],"rop_custom_messages_group":[],"rop_publish_now":"initial","rop_publish_now_accounts":[],"rop_publish_now_history":[],"rop_publish_now_status":"pending","_monsterinsights_skip_tracking":false,"_monsterinsights_sitenote_active":false,"_monsterinsights_sitenote_note":"","_monsterinsights_sitenote_category":0,"neve_meta_sidebar":"","neve_meta_container":"","neve_meta_enable_content_width":"off","neve_meta_content_width":70,"neve_meta_title_alignment":"","neve_meta_author_avatar":"","neve_post_elements_order":"","neve_meta_disable_header":"","neve_meta_disable_footer":"","neve_meta_disable_title":"","_jetpack_memberships_contains_paid_content":false,"footnotes":"","jetpack_publicize_message":"","jetpack_publicize_feature_enabled":true,"jetpack_social_post_already_shared":true,"jetpack_social_options":{"image_generator_settings":{"template":"highway","default_image_id":0,"font":"","enabled":false},"version":2}},"categories":[9],"tags":[49],"class_list":["post-4403","post","type-post","status-publish","format-standard","has-post-thumbnail","hentry","category-linge","tag-histoire"],"aioseo_notices":[],"jetpack_publicize_connections":[],"jetpack_featured_media_url":"https:\/\/www.brenne-au-coeur.com\/wp-content\/uploads\/2023\/04\/murat-1.jpg","jetpack-related-posts":[],"jetpack_sharing_enabled":true,"_links":{"self":[{"href":"https:\/\/www.brenne-au-coeur.com\/index.php\/wp-json\/wp\/v2\/posts\/4403","targetHints":{"allow":["GET"]}}],"collection":[{"href":"https:\/\/www.brenne-au-coeur.com\/index.php\/wp-json\/wp\/v2\/posts"}],"about":[{"href":"https:\/\/www.brenne-au-coeur.com\/index.php\/wp-json\/wp\/v2\/types\/post"}],"author":[{"embeddable":true,"href":"https:\/\/www.brenne-au-coeur.com\/index.php\/wp-json\/wp\/v2\/users\/2"}],"replies":[{"embeddable":true,"href":"https:\/\/www.brenne-au-coeur.com\/index.php\/wp-json\/wp\/v2\/comments?post=4403"}],"version-history":[{"count":3,"href":"https:\/\/www.brenne-au-coeur.com\/index.php\/wp-json\/wp\/v2\/posts\/4403\/revisions"}],"predecessor-version":[{"id":5661,"href":"https:\/\/www.brenne-au-coeur.com\/index.php\/wp-json\/wp\/v2\/posts\/4403\/revisions\/5661"}],"wp:featuredmedia":[{"embeddable":true,"href":"https:\/\/www.brenne-au-coeur.com\/index.php\/wp-json\/wp\/v2\/media\/4079"}],"wp:attachment":[{"href":"https:\/\/www.brenne-au-coeur.com\/index.php\/wp-json\/wp\/v2\/media?parent=4403"}],"wp:term":[{"taxonomy":"category","embeddable":true,"href":"https:\/\/www.brenne-au-coeur.com\/index.php\/wp-json\/wp\/v2\/categories?post=4403"},{"taxonomy":"post_tag","embeddable":true,"href":"https:\/\/www.brenne-au-coeur.com\/index.php\/wp-json\/wp\/v2\/tags?post=4403"}],"curies":[{"name":"wp","href":"https:\/\/api.w.org\/{rel}","templated":true}]}}