{"id":4385,"date":"2023-06-03T17:48:28","date_gmt":"2023-06-03T15:48:28","guid":{"rendered":"https:\/\/www.brenne-au-coeur.com\/?p=4385"},"modified":"2023-06-03T17:48:28","modified_gmt":"2023-06-03T15:48:28","slug":"4385","status":"publish","type":"post","link":"https:\/\/www.brenne-au-coeur.com\/index.php\/2023\/06\/03\/4385\/breves\/4385\/","title":{"rendered":""},"content":{"rendered":"<p><span style=\"font-size: large;\">Randonn\u00e9e lecture de paysages samedi 10 juin 2023 de 9h30 \u00e0 17h00<\/span><\/p>\n<p><span style=\"font-size: large;\">Rendez-vous devant l&rsquo;\u00e9glise de Neuillay-les-bois. Ce circuit permet de d\u00e9couvrir l&rsquo;histoire des paysages. Les guides apprennent \u00e0 appr\u00e9hender la campagne brennouse sous un angle inhabituel pour d\u00e9tecter les \u00e9l\u00e9ments du paysage qui trahissent une action anthropique et permette de mieux comprendre ce que la nature offre \u00e0 voir aujourd&rsquo;hui. une balade pleine de surprises et conviviale avec un pique-nique partag\u00e9.<\/span><\/p>\n<p><span style=\"font-size: large;\">R\u00e9servation obligatoire. Mini 2 &#8211; maxi 16 pers. Porter des v\u00eatements aux couleurs neutres adapt\u00e9s \u00e0 la m\u00e9t\u00e9o, pantalon. Pr\u00e9voir bouteille d&rsquo;eau et chapeau de soleil. Pr\u00e9voir des chaussures de randonn\u00e9e, des bottes si le terrain est humide. Prendre un pique-nique dans votre sac \u00e0 dos. Balade de 10 km. Tarifs Adulte plein tarif&nbsp;: 9 \u20ac<\/span><\/p>\n<p><span style=\"font-size: large;\">Tarif enfant ( de 8 \u00e0 15 ans) \u00e0 partir de 8 ans&nbsp;: 4 \u20ac.<\/span><\/p>\n<p><span style=\"font-size: large;\">Renseignements \/ R\u00e9servation 02 54 28 12 13 (Maison du Parc) 02 54 28 11 00 (Maison de la Nature et de la R\u00e9serve) 02 54 28 20 28 (Office de tourisme Destination Brenne) <a href=\"mailto:tourisme@parc-naturel-brenne.fr\">tourisme@parc-naturel-brenne.fr<\/a> www.destination-brenne.fr<\/span><\/p>\n","protected":false},"excerpt":{"rendered":"<p>Randonn\u00e9e lecture de paysages samedi 10 juin 2023 de 9h30 \u00e0 17h00 Rendez-vous devant l&rsquo;\u00e9glise de Neuillay-les-bois. Ce circuit permet de d\u00e9couvrir l&rsquo;histoire des paysages. Les guides apprennent \u00e0 appr\u00e9hender la campagne brennouse sous un angle inhabituel pour d\u00e9tecter les \u00e9l\u00e9ments du paysage qui trahissent une action anthropique et permette de mieux comprendre ce que&hellip;&nbsp;<a href=\"https:\/\/www.brenne-au-coeur.com\/index.php\/2023\/06\/03\/4385\/breves\/4385\/\" rel=\"bookmark\">Lire la suite&nbsp;&raquo;<span class=\"screen-reader-text\"><\/span><\/a><\/p>\n","protected":false},"author":1,"featured_media":0,"comment_status":"open","ping_status":"open","sticky":false,"template":"","format":"standard","meta":{"rop_custom_images_group":[],"rop_custom_messages_group":[],"rop_publish_now":"initial","rop_publish_now_accounts":[],"rop_publish_now_history":[],"rop_publish_now_status":"pending","_monsterinsights_skip_tracking":false,"_monsterinsights_sitenote_active":false,"_monsterinsights_sitenote_note":"","_monsterinsights_sitenote_category":0,"neve_meta_sidebar":"","neve_meta_container":"","neve_meta_enable_content_width":"off","neve_meta_content_width":70,"neve_meta_title_alignment":"","neve_meta_author_avatar":"","neve_post_elements_order":"","neve_meta_disable_header":"","neve_meta_disable_footer":"","neve_meta_disable_title":"","_jetpack_memberships_contains_paid_content":false,"footnotes":"","jetpack_publicize_message":"","jetpack_publicize_feature_enabled":true,"jetpack_social_post_already_shared":true,"jetpack_social_options":{"image_generator_settings":{"template":"highway","default_image_id":0,"font":"","enabled":false},"version":2}},"categories":[124],"tags":[],"class_list":["post-4385","post","type-post","status-publish","format-standard","hentry","category-breves"],"aioseo_notices":[],"jetpack_publicize_connections":[],"jetpack_featured_media_url":"","jetpack-related-posts":[],"jetpack_sharing_enabled":true,"_links":{"self":[{"href":"https:\/\/www.brenne-au-coeur.com\/index.php\/wp-json\/wp\/v2\/posts\/4385","targetHints":{"allow":["GET"]}}],"collection":[{"href":"https:\/\/www.brenne-au-coeur.com\/index.php\/wp-json\/wp\/v2\/posts"}],"about":[{"href":"https:\/\/www.brenne-au-coeur.com\/index.php\/wp-json\/wp\/v2\/types\/post"}],"author":[{"embeddable":true,"href":"https:\/\/www.brenne-au-coeur.com\/index.php\/wp-json\/wp\/v2\/users\/1"}],"replies":[{"embeddable":true,"href":"https:\/\/www.brenne-au-coeur.com\/index.php\/wp-json\/wp\/v2\/comments?post=4385"}],"version-history":[{"count":1,"href":"https:\/\/www.brenne-au-coeur.com\/index.php\/wp-json\/wp\/v2\/posts\/4385\/revisions"}],"predecessor-version":[{"id":4386,"href":"https:\/\/www.brenne-au-coeur.com\/index.php\/wp-json\/wp\/v2\/posts\/4385\/revisions\/4386"}],"wp:attachment":[{"href":"https:\/\/www.brenne-au-coeur.com\/index.php\/wp-json\/wp\/v2\/media?parent=4385"}],"wp:term":[{"taxonomy":"category","embeddable":true,"href":"https:\/\/www.brenne-au-coeur.com\/index.php\/wp-json\/wp\/v2\/categories?post=4385"},{"taxonomy":"post_tag","embeddable":true,"href":"https:\/\/www.brenne-au-coeur.com\/index.php\/wp-json\/wp\/v2\/tags?post=4385"}],"curies":[{"name":"wp","href":"https:\/\/api.w.org\/{rel}","templated":true}]}}