{"id":4311,"date":"2023-05-11T12:36:09","date_gmt":"2023-05-11T10:36:09","guid":{"rendered":"https:\/\/www.brenne-au-coeur.com\/?p=4311"},"modified":"2023-05-11T12:36:09","modified_gmt":"2023-05-11T10:36:09","slug":"journee-internationale-du-vivre-ensemble-en-paix","status":"publish","type":"post","link":"https:\/\/www.brenne-au-coeur.com\/index.php\/2023\/05\/11\/journee-internationale-du-vivre-ensemble-en-paix\/communes\/4311\/","title":{"rendered":"Journ\u00e9e internationale du vivre-ensemble en paix"},"content":{"rendered":"<p><span style=\"font-size: large;\"><a href=\"https:\/\/www.brenne-au-coeur.com\/wp-content\/uploads\/2023\/04\/paix-1.jpeg\" rel=\"lightbox[4311]\"><img loading=\"lazy\" decoding=\"async\" class=\"alignleft wp-image-4142 size-full\" src=\"https:\/\/www.brenne-au-coeur.com\/wp-content\/uploads\/2023\/04\/paix-1.jpeg\" alt=\"\" width=\"225\" height=\"225\" srcset=\"https:\/\/www.brenne-au-coeur.com\/wp-content\/uploads\/2023\/04\/paix-1.jpeg 225w, https:\/\/www.brenne-au-coeur.com\/wp-content\/uploads\/2023\/04\/paix-1-150x150.jpeg 150w, https:\/\/www.brenne-au-coeur.com\/wp-content\/uploads\/2023\/04\/paix-1-45x45.jpeg 45w\" sizes=\"auto, (max-width: 225px) 100vw, 225px\" \/><\/a>Faire vivre \u00e0 tous les niveaux les objectifs de la r\u00e9solution de l\u2019assembl\u00e9e g\u00e9n\u00e9rale des <\/span><span style=\"font-size: large;\">Nations Unies proclamant le 16 mai \u00ab&nbsp;Journ\u00e9e internationale du vivre-ensemble en paix&nbsp;\u00bb<\/span><\/p>\n<p><span style=\"font-size: large;\">Cette journ\u00e9e s\u2019inscrit dans la continuit\u00e9 des r\u00e9solutions proclamant l\u2019ann\u00e9e internationale de la Culture de la Paix en l\u2019an 2000, la d\u00e9cennie internationale de la promotion de la Culture de la Paix et de la non-violence en 1998 entre autres. <\/span><span style=\"font-size: large;\">Elle repr\u00e9sente une opportunit\u00e9 pour informer et mobiliser \u00e0 tous les niveaux, au moment o\u00f9 les menaces pour le vivre-ensemble en paix sont en recrudescence partout dans le monde.<\/span><\/p>\n<p><span style=\"font-size: large;\">Si la sophistication et l\u2019accumulation des armes menacent la paix, les guerres l\u2019an\u00e9antissent. Cependant, m\u00eame en temps de paix, le vivre-ensemble en paix n\u2019est pas un acquis syst\u00e9matique des situations de non-guerre.<\/span><\/p>\n<figure id=\"attachment_4313\" aria-describedby=\"caption-attachment-4313\" style=\"width: 259px\" class=\"wp-caption alignright\"><a href=\"https:\/\/www.brenne-au-coeur.com\/wp-content\/uploads\/2023\/05\/jardin-unesco-paris.jpeg\" rel=\"lightbox[4311]\"><img loading=\"lazy\" decoding=\"async\" class=\"wp-image-4313 size-full\" src=\"https:\/\/www.brenne-au-coeur.com\/wp-content\/uploads\/2023\/05\/jardin-unesco-paris.jpeg\" alt=\"\" width=\"259\" height=\"194\" srcset=\"https:\/\/www.brenne-au-coeur.com\/wp-content\/uploads\/2023\/05\/jardin-unesco-paris.jpeg 259w, https:\/\/www.brenne-au-coeur.com\/wp-content\/uploads\/2023\/05\/jardin-unesco-paris-150x112.jpeg 150w\" sizes=\"auto, (max-width: 259px) 100vw, 259px\" \/><\/a><figcaption id=\"caption-attachment-4313\" class=\"wp-caption-text\">Jardin de l&rsquo;UNESCO \u00e0 Paris<\/figcaption><\/figure>\n<p><span style=\"font-size: large;\">Voil\u00e0 pourquoi cette journ\u00e9e rappelle \u00e0 \u00ab&nbsp;tout le monde le travail qui reste \u00e0 mener pour pr\u00e9server la paix, qui n\u2019est jamais un acquis, et toujours \u00e0 construire&nbsp;\u00bb comme le souligne Audrey Azoulay Directrice g\u00e9n\u00e9rale de l\u2019<a href=\"https:\/\/www.unesco.org\/fr\">UNESCO<\/a>.<\/span><\/p>\n<p><span style=\"font-size: large;\">En France, les actes racistes, x\u00e9nophobes et antireligieux sont en hausse. Les \u00e9chos de la x\u00e9nophobie et du racisme se font entendre &#8211; y compris au sein de l\u2019Assembl\u00e9e nationale &#8211; et les politiques de rejet de l\u2019autre se multiplient. La loi immigration en pr\u00e9paration risque d\u2019accro\u00eetre ces d\u00e9rives si nous ne nous y opposons pas. <\/span><span style=\"font-size: large;\">La mont\u00e9e de violences fascistes se r\u00e9pand sur tous les territoires &#8211; et alors que sont des protestations contre la r\u00e9forme des retraites &#8211; la pr\u00e9fecture de police de Paris autorise des centaines de n\u00e9onazis cagoul\u00e9s \u00e0 d\u00e9filer dans les rues de la capitale le 6 mai dernier en scandant des slogans de haine.<\/span><\/p>\n<p><span style=\"font-size: large;\">Le Mouvement de la Paix condamne fermement ces faits et demande des poursuites et des sanctions.<\/span><\/p>\n<p><span style=\"font-size: large;\">A l\u2019occasion de la Journ\u00e9e internationale du vivre-ensemble en paix, le Mouvement de la Paix appelle \u00e0 agir \u00e0 cette occasion&nbsp;;<\/span><\/p>\n<p><span style=\"font-size: large;\">&#8211; Pour d\u00e9noncer tout ce qui fait frein au vivre ensemble en paix.<\/span><\/p>\n<p><span style=\"font-size: large;\">&#8211; Pour renforcer les liens de fraternit\u00e9 entre citoyens pour \u00ab&nbsp;vivre ensemble en paix dans le respect des diff\u00e9rences et de la diversit\u00e9.&nbsp;\u00bb.<\/span><\/p>\n<p><span style=\"font-size: large;\">Pour exiger que le dialogue soit l\u2019unique voie pour solutionner les conflits et maintenir la paix et les conflits entre les \u00c9tats et au sein des soci\u00e9t\u00e9s.<\/span><\/p>\n<p><span style=\"font-size: large;\">&#8211; Pour le d\u00e9veloppement d\u2019une culture de la paix et de la non-violence bas\u00e9e sur le d\u00e9veloppement de politiques favorisant l\u2019amiti\u00e9 et les coop\u00e9rations entre les individus et les peuples depuis le quartier jusqu\u2019au plan des relations internationales.<\/span><\/p>\n<p><span style=\"font-size: large;\">&#8211; Pour financer la paix et les Objectifs de D\u00e9veloppement Durable facteurs de d\u00e9veloppement endog\u00e8ne, juste et \u00e9quitable des soci\u00e9t\u00e9s, au lieu de la guerre et r\u00e9duire les d\u00e9penses militaires au strict minimum comme le demande l\u2019article 26 de la charte des Nations unies afin de favoriser la construction d\u2019un monde de paix et de fraternit\u00e9\/sororit\u00e9.<\/span><\/p>\n<p><span style=\"font-size: large;\">Communiqu\u00e9 du Mouvement de la Paix<\/span><\/p>\n<p><span style=\"font-size: large;\">A Paris, le jeudi 11 mai 2023<\/span><\/p>\n","protected":false},"excerpt":{"rendered":"<p>Faire vivre \u00e0 tous les niveaux les objectifs de la r\u00e9solution de l\u2019assembl\u00e9e g\u00e9n\u00e9rale des Nations Unies proclamant le 16 mai \u00ab&nbsp;Journ\u00e9e internationale du vivre-ensemble en paix&nbsp;\u00bb Cette journ\u00e9e s\u2019inscrit dans la continuit\u00e9 des r\u00e9solutions proclamant l\u2019ann\u00e9e internationale de la Culture de la Paix en l\u2019an 2000, la d\u00e9cennie internationale de la promotion de la&hellip;&nbsp;<a href=\"https:\/\/www.brenne-au-coeur.com\/index.php\/2023\/05\/11\/journee-internationale-du-vivre-ensemble-en-paix\/communes\/4311\/\" rel=\"bookmark\">Lire la suite&nbsp;&raquo;<span class=\"screen-reader-text\">Journ\u00e9e internationale du vivre-ensemble en paix<\/span><\/a><\/p>\n","protected":false},"author":1,"featured_media":4312,"comment_status":"open","ping_status":"open","sticky":false,"template":"","format":"standard","meta":{"rop_custom_images_group":[],"rop_custom_messages_group":[],"rop_publish_now":"initial","rop_publish_now_accounts":[],"rop_publish_now_history":[],"rop_publish_now_status":"pending","_monsterinsights_skip_tracking":false,"_monsterinsights_sitenote_active":false,"_monsterinsights_sitenote_note":"","_monsterinsights_sitenote_category":0,"neve_meta_sidebar":"","neve_meta_container":"","neve_meta_enable_content_width":"off","neve_meta_content_width":70,"neve_meta_title_alignment":"","neve_meta_author_avatar":"","neve_post_elements_order":"","neve_meta_disable_header":"","neve_meta_disable_footer":"","neve_meta_disable_title":"","_jetpack_memberships_contains_paid_content":false,"footnotes":"","jetpack_publicize_message":"","jetpack_publicize_feature_enabled":true,"jetpack_social_post_already_shared":true,"jetpack_social_options":{"image_generator_settings":{"template":"highway","default_image_id":0,"font":"","enabled":false},"version":2}},"categories":[8],"tags":[125],"class_list":["post-4311","post","type-post","status-publish","format-standard","has-post-thumbnail","hentry","category-communes","tag-pacifisme"],"aioseo_notices":[],"jetpack_publicize_connections":[],"jetpack_featured_media_url":"https:\/\/www.brenne-au-coeur.com\/wp-content\/uploads\/2023\/05\/Affiche_Journee-internationale-vivre-ensemble-en-paix.resized.jpg","jetpack-related-posts":[],"jetpack_sharing_enabled":true,"_links":{"self":[{"href":"https:\/\/www.brenne-au-coeur.com\/index.php\/wp-json\/wp\/v2\/posts\/4311","targetHints":{"allow":["GET"]}}],"collection":[{"href":"https:\/\/www.brenne-au-coeur.com\/index.php\/wp-json\/wp\/v2\/posts"}],"about":[{"href":"https:\/\/www.brenne-au-coeur.com\/index.php\/wp-json\/wp\/v2\/types\/post"}],"author":[{"embeddable":true,"href":"https:\/\/www.brenne-au-coeur.com\/index.php\/wp-json\/wp\/v2\/users\/1"}],"replies":[{"embeddable":true,"href":"https:\/\/www.brenne-au-coeur.com\/index.php\/wp-json\/wp\/v2\/comments?post=4311"}],"version-history":[{"count":1,"href":"https:\/\/www.brenne-au-coeur.com\/index.php\/wp-json\/wp\/v2\/posts\/4311\/revisions"}],"predecessor-version":[{"id":4314,"href":"https:\/\/www.brenne-au-coeur.com\/index.php\/wp-json\/wp\/v2\/posts\/4311\/revisions\/4314"}],"wp:featuredmedia":[{"embeddable":true,"href":"https:\/\/www.brenne-au-coeur.com\/index.php\/wp-json\/wp\/v2\/media\/4312"}],"wp:attachment":[{"href":"https:\/\/www.brenne-au-coeur.com\/index.php\/wp-json\/wp\/v2\/media?parent=4311"}],"wp:term":[{"taxonomy":"category","embeddable":true,"href":"https:\/\/www.brenne-au-coeur.com\/index.php\/wp-json\/wp\/v2\/categories?post=4311"},{"taxonomy":"post_tag","embeddable":true,"href":"https:\/\/www.brenne-au-coeur.com\/index.php\/wp-json\/wp\/v2\/tags?post=4311"}],"curies":[{"name":"wp","href":"https:\/\/api.w.org\/{rel}","templated":true}]}}