{"id":4305,"date":"2023-05-11T11:56:07","date_gmt":"2023-05-11T09:56:07","guid":{"rendered":"https:\/\/www.brenne-au-coeur.com\/?p=4305"},"modified":"2023-05-11T11:57:26","modified_gmt":"2023-05-11T09:57:26","slug":"une-exposition-riche-en-diversite","status":"publish","type":"post","link":"https:\/\/www.brenne-au-coeur.com\/index.php\/2023\/05\/11\/une-exposition-riche-en-diversite\/communes\/mezieres-en-brenne\/4305\/","title":{"rendered":"Une exposition riche en diversit\u00e9"},"content":{"rendered":"<figure id=\"attachment_4306\" aria-describedby=\"caption-attachment-4306\" style=\"width: 275px\" class=\"wp-caption alignleft\"><a href=\"https:\/\/www.brenne-au-coeur.com\/wp-content\/uploads\/2023\/05\/IMG_20230510_163320.resized.jpg\" rel=\"lightbox[4305]\"><img loading=\"lazy\" decoding=\"async\" class=\"wp-image-4306\" src=\"https:\/\/www.brenne-au-coeur.com\/wp-content\/uploads\/2023\/05\/IMG_20230510_163320.resized-300x225.jpg\" alt=\"\" width=\"275\" height=\"206\" srcset=\"https:\/\/www.brenne-au-coeur.com\/wp-content\/uploads\/2023\/05\/IMG_20230510_163320.resized-300x225.jpg 300w, https:\/\/www.brenne-au-coeur.com\/wp-content\/uploads\/2023\/05\/IMG_20230510_163320.resized-150x113.jpg 150w, https:\/\/www.brenne-au-coeur.com\/wp-content\/uploads\/2023\/05\/IMG_20230510_163320.resized.jpg 461w\" sizes=\"auto, (max-width: 275px) 100vw, 275px\" \/><\/a><figcaption id=\"caption-attachment-4306\" class=\"wp-caption-text\">\u00ab\u00a0Orageux en Brenne\u00a0\u00bb de Ginette Fontaine<\/figcaption><\/figure>\n<p><span style=\"font-size: large;\">L&rsquo;association Le moulin accueille le <a href=\"https:\/\/www.issoudun.fr\/association\/cercle-culturel-issoldunois\/\">Cercle culturel issoldunois<\/a> et huit\u00a0de ses artistes pour une exposition riche en diversit\u00e9s. L&rsquo;atelier de peinture a \u00e9t\u00e9 cr\u00e9\u00e9 dans les ann\u00e9es 90.\u00a0\u00ab\u00a0<\/span><span style=\"font-size: large;\"><em>Nous avions d\u00e9cid\u00e9, avec un petit groupe de copines, de cr\u00e9er un atelier peinture,\u00a0<\/em><\/span><span style=\"font-size: large;\">explique la pr\u00e9sidente Claudine Regibier,<\/span><span style=\"font-size: large;\"><em> nous avions alors l&rsquo;opportunit\u00e9 d&rsquo;exercer notre passion et de l&rsquo;exprimer. Aujourd&rsquo;hui, nous sommes quinze \u00e0 nous retrouver chaque lundi apr\u00e8s-midi. Nous partageons, nous nous aidons, nous discutons aussi beaucoup, toujours dans la bienveillan<\/em><\/span><span style=\"font-size: large;\">ce <\/span><span style=\"font-size: large;\"><em>\u00bb. <\/em><\/span><span style=\"font-size: large;\">Au-del\u00e0 d&rsquo;un vrai moment <\/span><span style=\"font-size: large;\">convivial, c&rsquo;est devenu aujourd&rsquo;hui \u00e9galement un moment de partage avec les amoureux de l&rsquo;art \u00e0 travers des expositions comme celle-ci.<\/span><\/p>\n<p><span style=\"font-size: large;\">Deux m\u00e9diums de pr\u00e9dilection ressortent. Les pastels avec Annie Pailhac et Bernadette Godichet et les huiles sur toile avec Chantal Gaillard, Consuelo R\u00e9quillard, Ginette Fontaine, Maryse Derine, Maryvonne Bouc et Marylou Grelet. La vari\u00e9t\u00e9 des th\u00e8mes va de pair avec la pluralit\u00e9 des artistes. Cette exposition donne \u00e0 voir des paysages de Ramatuel, d&rsquo;Etretat, de Charente maritime, de Bretagne, de Brenne bien-s\u00fbr, de France et d&rsquo;ailleurs comme la Toscane&nbsp;: un voyage au gr\u00e9 des p\u00e9r\u00e9grinations des peintres.<\/span><\/p>\n<figure id=\"attachment_4307\" aria-describedby=\"caption-attachment-4307\" style=\"width: 225px\" class=\"wp-caption alignright\"><a href=\"https:\/\/www.brenne-au-coeur.com\/wp-content\/uploads\/2023\/05\/IMG_20230510_163251.resized.jpg\" rel=\"lightbox[4305]\"><img loading=\"lazy\" decoding=\"async\" class=\"wp-image-4307 size-medium\" src=\"https:\/\/www.brenne-au-coeur.com\/wp-content\/uploads\/2023\/05\/IMG_20230510_163251.resized-225x300.jpg\" alt=\"\" width=\"225\" height=\"300\" srcset=\"https:\/\/www.brenne-au-coeur.com\/wp-content\/uploads\/2023\/05\/IMG_20230510_163251.resized-225x300.jpg 225w, https:\/\/www.brenne-au-coeur.com\/wp-content\/uploads\/2023\/05\/IMG_20230510_163251.resized-113x150.jpg 113w, https:\/\/www.brenne-au-coeur.com\/wp-content\/uploads\/2023\/05\/IMG_20230510_163251.resized.jpg 346w\" sizes=\"auto, (max-width: 225px) 100vw, 225px\" \/><\/a><figcaption id=\"caption-attachment-4307\" class=\"wp-caption-text\">\u00ab\u00a0Vieux mandarin\u00a0\u00bb de Marie-Lou Grelet<\/figcaption><\/figure>\n<p><span style=\"font-size: large;\">Quelques portraits \u00e9galement&nbsp;: une femme indienne, un mandarin, une danseuse cambodgienne ou encore des silhouettes de promeneurs sous la pluie ou en bord de mer, sans oublier quelques natures mortes et quelques animaux de la savane. C&rsquo;est le reflet d&rsquo;une grande diversit\u00e9 cr\u00e9ative avec des approches et des rendus tr\u00e8s diff\u00e9rents des couleurs pastelles au plus vives. L&rsquo;ensemble s&rsquo;harmonise parfaitement, \u00e0 l&rsquo;image de la complicit\u00e9 qui se d\u00e9gage. C&rsquo;est sans doute le secret de la r\u00e9ussite de cet atelier qui depuis plus de trente ans cultive l&rsquo;art de la peinture et du vivre ensemble.\u00a0<\/span><\/p>\n<p><span style=\"font-size: large;\">Cette exposition est visible jusqu&rsquo;au au 29 mai. Entr\u00e9e libre: du mardi au dimanche:\u00a0 9 h 30 \u00e0 12 h 30 &#8211; 14 h \u00e0 18 h. 1, rue du Nord\u00a0 T\u00e9l&nbsp;: 02.54.38.12.24, <a href=\"http:\/\/www.gite-moulin.fr\/\">www.gite-moulin.fr<\/a><\/span><\/p>\n<p>En page d&rsquo;accueil de cet article \u00ab\u00a0Promenade sous la pluie\u00a0\u00bb de Consuelo Requillard<\/p>\n","protected":false},"excerpt":{"rendered":"<p>L&rsquo;association Le moulin accueille le Cercle culturel issoldunois et huit\u00a0de ses artistes pour une exposition riche en diversit\u00e9s. L&rsquo;atelier de peinture a \u00e9t\u00e9 cr\u00e9\u00e9 dans les ann\u00e9es 90.\u00a0\u00ab\u00a0Nous avions d\u00e9cid\u00e9, avec un petit groupe de copines, de cr\u00e9er un atelier peinture,\u00a0explique la pr\u00e9sidente Claudine Regibier, nous avions alors l&rsquo;opportunit\u00e9 d&rsquo;exercer notre passion et de l&rsquo;exprimer.&hellip;&nbsp;<a href=\"https:\/\/www.brenne-au-coeur.com\/index.php\/2023\/05\/11\/une-exposition-riche-en-diversite\/communes\/mezieres-en-brenne\/4305\/\" rel=\"bookmark\">Lire la suite&nbsp;&raquo;<span class=\"screen-reader-text\">Une exposition riche en diversit\u00e9<\/span><\/a><\/p>\n","protected":false},"author":15,"featured_media":4308,"comment_status":"open","ping_status":"open","sticky":false,"template":"","format":"standard","meta":{"rop_custom_images_group":[],"rop_custom_messages_group":[],"rop_publish_now":"initial","rop_publish_now_accounts":[],"rop_publish_now_history":[],"rop_publish_now_status":"pending","_monsterinsights_skip_tracking":false,"_monsterinsights_sitenote_active":false,"_monsterinsights_sitenote_note":"","_monsterinsights_sitenote_category":0,"neve_meta_sidebar":"","neve_meta_container":"","neve_meta_enable_content_width":"off","neve_meta_content_width":70,"neve_meta_title_alignment":"","neve_meta_author_avatar":"","neve_post_elements_order":"","neve_meta_disable_header":"","neve_meta_disable_footer":"","neve_meta_disable_title":"","_jetpack_memberships_contains_paid_content":false,"footnotes":"","jetpack_publicize_message":"","jetpack_publicize_feature_enabled":true,"jetpack_social_post_already_shared":true,"jetpack_social_options":{"image_generator_settings":{"template":"highway","default_image_id":0,"font":"","enabled":false},"version":2}},"categories":[12,54],"tags":[31,52,46],"class_list":["post-4305","post","type-post","status-publish","format-standard","has-post-thumbnail","hentry","category-mezieres-en-brenne","category-moulin","tag-associations","tag-exposition","tag-peinture"],"aioseo_notices":[],"jetpack_publicize_connections":[],"jetpack_featured_media_url":"https:\/\/www.brenne-au-coeur.com\/wp-content\/uploads\/2023\/05\/IMG_20230510_163018.resized.jpg","jetpack-related-posts":[],"jetpack_sharing_enabled":true,"_links":{"self":[{"href":"https:\/\/www.brenne-au-coeur.com\/index.php\/wp-json\/wp\/v2\/posts\/4305","targetHints":{"allow":["GET"]}}],"collection":[{"href":"https:\/\/www.brenne-au-coeur.com\/index.php\/wp-json\/wp\/v2\/posts"}],"about":[{"href":"https:\/\/www.brenne-au-coeur.com\/index.php\/wp-json\/wp\/v2\/types\/post"}],"author":[{"embeddable":true,"href":"https:\/\/www.brenne-au-coeur.com\/index.php\/wp-json\/wp\/v2\/users\/15"}],"replies":[{"embeddable":true,"href":"https:\/\/www.brenne-au-coeur.com\/index.php\/wp-json\/wp\/v2\/comments?post=4305"}],"version-history":[{"count":1,"href":"https:\/\/www.brenne-au-coeur.com\/index.php\/wp-json\/wp\/v2\/posts\/4305\/revisions"}],"predecessor-version":[{"id":4309,"href":"https:\/\/www.brenne-au-coeur.com\/index.php\/wp-json\/wp\/v2\/posts\/4305\/revisions\/4309"}],"wp:featuredmedia":[{"embeddable":true,"href":"https:\/\/www.brenne-au-coeur.com\/index.php\/wp-json\/wp\/v2\/media\/4308"}],"wp:attachment":[{"href":"https:\/\/www.brenne-au-coeur.com\/index.php\/wp-json\/wp\/v2\/media?parent=4305"}],"wp:term":[{"taxonomy":"category","embeddable":true,"href":"https:\/\/www.brenne-au-coeur.com\/index.php\/wp-json\/wp\/v2\/categories?post=4305"},{"taxonomy":"post_tag","embeddable":true,"href":"https:\/\/www.brenne-au-coeur.com\/index.php\/wp-json\/wp\/v2\/tags?post=4305"}],"curies":[{"name":"wp","href":"https:\/\/api.w.org\/{rel}","templated":true}]}}