{"id":4280,"date":"2023-05-03T19:33:10","date_gmt":"2023-05-03T17:33:10","guid":{"rendered":"https:\/\/www.brenne-au-coeur.com\/?p=4280"},"modified":"2023-05-03T19:33:10","modified_gmt":"2023-05-03T17:33:10","slug":"4280","status":"publish","type":"post","link":"https:\/\/www.brenne-au-coeur.com\/index.php\/2023\/05\/03\/4280\/breves\/4280\/","title":{"rendered":""},"content":{"rendered":"<p><span style=\"font-size: large;\">Randonn\u00e9e p\u00e9destre jeudi 11 mai 2023 \u00e0 8:00 et \u00e0 14:30 <\/span><span style=\"font-size: large;\">Rendez-vous&nbsp;: Place de l&rsquo;\u00e9glise (le matin) Stade Maurice Courtaux (apr\u00e8s-midi)<\/span><\/p>\n<p><span style=\"font-size: large;\">CONCREMIERS. Organis\u00e9e par l\u2019Associations des marcheurs de Concremiers. Elle <\/span><span style=\"font-size: large;\">a \u00e9t\u00e9 cr\u00e9\u00e9e le 9 janvier 1998. Objectif&nbsp;: Cr\u00e9er, d\u00e9velopper des liens d&rsquo;amiti\u00e9 entre ses adh\u00e9rents; Faire conna\u00eetre et promouvoir la commune. Nos activit\u00e9s: randonn\u00e9es locales ou \u00e0 l&rsquo;ext\u00e9rieur le dimanche matin. Marches locales ou \u00e0 l&rsquo;ext\u00e9rieur, le jeudi matin (environ 13km \u00e0 18km). Marches douces ouvertes \u00e0 tous, les jeudis apr\u00e8s midi (environ 4 \u00e0 6km). Marche Nordique le lundi et le vendredi matin \u00e0 9 heures (8 \u00e0 10km environ) encadr\u00e9e par un animateur. Renseignements \/ R\u00e9servation 02 54 37 48 37 <a href=\"mailto:alain.masset2@wanadoo.fr\">alain.masset2@wanadoo.fr<\/a> association-des-marcheurs-de-concremiers.e-monsite.com<\/span><\/p>\n","protected":false},"excerpt":{"rendered":"<p>Randonn\u00e9e p\u00e9destre jeudi 11 mai 2023 \u00e0 8:00 et \u00e0 14:30 Rendez-vous&nbsp;: Place de l&rsquo;\u00e9glise (le matin) Stade Maurice Courtaux (apr\u00e8s-midi) CONCREMIERS. Organis\u00e9e par l\u2019Associations des marcheurs de Concremiers. Elle a \u00e9t\u00e9 cr\u00e9\u00e9e le 9 janvier 1998. Objectif&nbsp;: Cr\u00e9er, d\u00e9velopper des liens d&rsquo;amiti\u00e9 entre ses adh\u00e9rents; Faire conna\u00eetre et promouvoir la commune. Nos activit\u00e9s: randonn\u00e9es&hellip;&nbsp;<a href=\"https:\/\/www.brenne-au-coeur.com\/index.php\/2023\/05\/03\/4280\/breves\/4280\/\" rel=\"bookmark\">Lire la suite&nbsp;&raquo;<span class=\"screen-reader-text\"><\/span><\/a><\/p>\n","protected":false},"author":1,"featured_media":0,"comment_status":"open","ping_status":"open","sticky":false,"template":"","format":"standard","meta":{"rop_custom_images_group":[],"rop_custom_messages_group":[],"rop_publish_now":"initial","rop_publish_now_accounts":[],"rop_publish_now_history":[],"rop_publish_now_status":"pending","_monsterinsights_skip_tracking":false,"_monsterinsights_sitenote_active":false,"_monsterinsights_sitenote_note":"","_monsterinsights_sitenote_category":0,"neve_meta_sidebar":"","neve_meta_container":"","neve_meta_enable_content_width":"off","neve_meta_content_width":70,"neve_meta_title_alignment":"","neve_meta_author_avatar":"","neve_post_elements_order":"","neve_meta_disable_header":"","neve_meta_disable_footer":"","neve_meta_disable_title":"","_jetpack_memberships_contains_paid_content":false,"footnotes":"","jetpack_publicize_message":"","jetpack_publicize_feature_enabled":true,"jetpack_social_post_already_shared":true,"jetpack_social_options":{"image_generator_settings":{"template":"highway","default_image_id":0,"font":"","enabled":false},"version":2}},"categories":[124],"tags":[],"class_list":["post-4280","post","type-post","status-publish","format-standard","hentry","category-breves"],"aioseo_notices":[],"jetpack_publicize_connections":[],"jetpack_featured_media_url":"","jetpack-related-posts":[],"jetpack_sharing_enabled":true,"_links":{"self":[{"href":"https:\/\/www.brenne-au-coeur.com\/index.php\/wp-json\/wp\/v2\/posts\/4280","targetHints":{"allow":["GET"]}}],"collection":[{"href":"https:\/\/www.brenne-au-coeur.com\/index.php\/wp-json\/wp\/v2\/posts"}],"about":[{"href":"https:\/\/www.brenne-au-coeur.com\/index.php\/wp-json\/wp\/v2\/types\/post"}],"author":[{"embeddable":true,"href":"https:\/\/www.brenne-au-coeur.com\/index.php\/wp-json\/wp\/v2\/users\/1"}],"replies":[{"embeddable":true,"href":"https:\/\/www.brenne-au-coeur.com\/index.php\/wp-json\/wp\/v2\/comments?post=4280"}],"version-history":[{"count":1,"href":"https:\/\/www.brenne-au-coeur.com\/index.php\/wp-json\/wp\/v2\/posts\/4280\/revisions"}],"predecessor-version":[{"id":4281,"href":"https:\/\/www.brenne-au-coeur.com\/index.php\/wp-json\/wp\/v2\/posts\/4280\/revisions\/4281"}],"wp:attachment":[{"href":"https:\/\/www.brenne-au-coeur.com\/index.php\/wp-json\/wp\/v2\/media?parent=4280"}],"wp:term":[{"taxonomy":"category","embeddable":true,"href":"https:\/\/www.brenne-au-coeur.com\/index.php\/wp-json\/wp\/v2\/categories?post=4280"},{"taxonomy":"post_tag","embeddable":true,"href":"https:\/\/www.brenne-au-coeur.com\/index.php\/wp-json\/wp\/v2\/tags?post=4280"}],"curies":[{"name":"wp","href":"https:\/\/api.w.org\/{rel}","templated":true}]}}