{"id":4264,"date":"2023-05-03T18:03:54","date_gmt":"2023-05-03T16:03:54","guid":{"rendered":"https:\/\/www.brenne-au-coeur.com\/?p=4264"},"modified":"2023-05-03T18:03:54","modified_gmt":"2023-05-03T16:03:54","slug":"gris-et-blanc-les-couleurs-de-la-fete","status":"publish","type":"post","link":"https:\/\/www.brenne-au-coeur.com\/index.php\/2023\/05\/03\/gris-et-blanc-les-couleurs-de-la-fete\/evenements\/4264\/","title":{"rendered":"Gris et blanc. Les couleurs de la f\u00eate"},"content":{"rendered":"<p><span style=\"font-size: large;\"><a href=\"https:\/\/www.brenne-au-coeur.com\/wp-content\/uploads\/2023\/05\/grey-pride-affiche.jpg\" rel=\"lightbox[4264]\"><img loading=\"lazy\" decoding=\"async\" class=\"alignright wp-image-4267 size-medium\" src=\"https:\/\/www.brenne-au-coeur.com\/wp-content\/uploads\/2023\/05\/grey-pride-affiche-211x300.jpg\" alt=\"\" width=\"211\" height=\"300\" srcset=\"https:\/\/www.brenne-au-coeur.com\/wp-content\/uploads\/2023\/05\/grey-pride-affiche-211x300.jpg 211w, https:\/\/www.brenne-au-coeur.com\/wp-content\/uploads\/2023\/05\/grey-pride-affiche-722x1024.jpg 722w, https:\/\/www.brenne-au-coeur.com\/wp-content\/uploads\/2023\/05\/grey-pride-affiche-106x150.jpg 106w, https:\/\/www.brenne-au-coeur.com\/wp-content\/uploads\/2023\/05\/grey-pride-affiche-768x1090.jpg 768w, https:\/\/www.brenne-au-coeur.com\/wp-content\/uploads\/2023\/05\/grey-pride-affiche-1083x1536.jpg 1083w, https:\/\/www.brenne-au-coeur.com\/wp-content\/uploads\/2023\/05\/grey-pride-affiche.jpg 1249w\" sizes=\"auto, (max-width: 211px) 100vw, 211px\" \/><\/a>Samedi 13 mai, \u00e0 Rivarennes, l\u2019association <a href=\"https:\/\/www.kaleidoscope-asso.com\/\">Kal\u00e9idoscope<\/a>* invite \u00e0 participer \u00e0 un journ\u00e9e de f\u00eate. Un \u00e9v\u00e9nement familial sur le th\u00e8me du temps qui passe. Autrement dit&nbsp;: Je prends de l\u2019\u00e2ge, des cheveux, gris ou blancs. J\u2019assume et je profite de la vie. <\/span><\/p>\n<p><span style=\"font-size: large;\">Ainsi que le pr\u00e9cise l\u2019association \u00ab\u00a0<i>L&rsquo;id\u00e9e c&rsquo;est de faire la f\u00eate tous.tes ensemble joyeusement et dire, dans la rue, en paradant follement, que l&rsquo;injonction \u00e0 la jeunesse\/productivit\u00e9 \u00e9ternelle, c&rsquo;est moyen notre truc.<\/i>..\u00a0\u00bb<\/span><\/p>\n<p><span style=\"font-size: large;\">D\u2019ailleurs, preuve en est, la vie collective se nourrit de l\u2019apport des retrait\u00e9s. Comme ils sont avec les contraintes li\u00e9es \u00e0 l\u2019\u00e2ge, mais aussi, avec leur dynamisme et leur exp\u00e9rience, ils repr\u00e9sentent un atout pour la soci\u00e9t\u00e9. \u00ab\u00a0<i>La Grey Pride <\/i><i>c\u2019<\/i><i>est <\/i><i>donc <\/i><i>aussi un moyen d\u2019interpell\u00e9 sur notre rapport \u00e0 la vieillesse, souligne Eug\u00e9nie, animatrice de la journ\u00e9e. L\u2019id\u00e9e est de porter ces questions de mani\u00e8re ludiques et interg\u00e9n\u00e9rationnelles\u00a0\u00bb<\/i><\/span><\/p>\n<p><span style=\"font-size: large;\">Pour atteindre l\u2019objectif, un programme tr\u00e8s all\u00e9chant a \u00e9t\u00e9 concoct\u00e9.<\/span><\/p>\n<p><span style=\"font-size: large;\">Du d\u00e9but de l\u2019apr\u00e8s-midi jusqu\u2019au bout de nuit, les animations vont se succ\u00e9d\u00e9.<\/span><\/p>\n<figure id=\"attachment_4266\" aria-describedby=\"caption-attachment-4266\" style=\"width: 244px\" class=\"wp-caption alignleft\"><a href=\"https:\/\/www.brenne-au-coeur.com\/wp-content\/uploads\/2023\/05\/photo-grey-pride.jpg\" rel=\"lightbox[4264]\"><img loading=\"lazy\" decoding=\"async\" class=\"wp-image-4266 size-medium\" src=\"https:\/\/www.brenne-au-coeur.com\/wp-content\/uploads\/2023\/05\/photo-grey-pride-244x300.jpg\" alt=\"\" width=\"244\" height=\"300\" srcset=\"https:\/\/www.brenne-au-coeur.com\/wp-content\/uploads\/2023\/05\/photo-grey-pride-244x300.jpg 244w, https:\/\/www.brenne-au-coeur.com\/wp-content\/uploads\/2023\/05\/photo-grey-pride-831x1024.jpg 831w, https:\/\/www.brenne-au-coeur.com\/wp-content\/uploads\/2023\/05\/photo-grey-pride-122x150.jpg 122w, https:\/\/www.brenne-au-coeur.com\/wp-content\/uploads\/2023\/05\/photo-grey-pride-768x946.jpg 768w, https:\/\/www.brenne-au-coeur.com\/wp-content\/uploads\/2023\/05\/photo-grey-pride.jpg 1039w\" sizes=\"auto, (max-width: 244px) 100vw, 244px\" \/><\/a><figcaption id=\"caption-attachment-4266\" class=\"wp-caption-text\">S\u00e9ance de photos avec Anton Gillet<\/figcaption><\/figure>\n<p><span style=\"font-size: large;\">D\u00e8s 14h45 et pour tout le temps de la f\u00eate. <\/span><\/p>\n<p><span style=\"font-size: large;\">Expo photos \u00ab\u00a0Les p\u2019tits gris de Brenne\u00a0\u00bb d\u2019Anton Gillet.<\/span><\/p>\n<p><span style=\"font-size: large;\">\u00c0 15h00 <\/span><\/p>\n<p><span style=\"font-size: large;\">\u00ab&nbsp;Je vieusis&nbsp;\u00bb, de Fred Billy de la <a href=\"https:\/\/www.facebook.com\/Compagniecavasansdire\/?locale=fr_FR\">Compagnie \u00ab&nbsp;\u00c7a va sans dire\u00a0\u00bb<\/a> . Spectacle tendre \u00e9mouvant, dr\u00f4le o\u00f9 il est question de s\u2019interroger et r\u00e9fl\u00e9chir au regard que porte notre soci\u00e9t\u00e9 sur la vieillesse. Apr\u00e8s avoir rencontr\u00e9 une quinzaine de personne de la communaut\u00e9 de communes de Plo\u00ebrmel, il parle de ce qu\u2019est de vieillir, ce qu\u2019est la fin de vie, de la vieillesse en g\u00e9n\u00e9ral.<\/span><\/p>\n<p><span style=\"font-size: large;\">17h30 <\/span><\/p>\n<p><span style=\"font-size: large;\">Une parade ponctu\u00e9e de d\u00e9fis, accompagn\u00e9e de chars d\u00e9cor\u00e9s, d\u00e9ambulera dans les rues en f\u00eate de la commune. \u00ab\u00a0Les Mont&rsquo;chaumettes\u00a0\u00bb, groupe de majorettes masculine amateur de Montierchaume, une bande joyeux drilles qui aime faire la f\u00eate et qui avec sa moyenne d&rsquo;\u00e2ge de 70 printemps et ses jupettes vont enchanter le d\u00e9but de la parade. <\/span><\/p>\n<p><span style=\"font-size: large;\">19h00<\/span><\/p>\n<p><span style=\"font-size: large;\">\u00ab\u00a0Queen-A-Man\u00a0\u00bb, d\u00e9coiffant et entra\u00eenant , un hommage chor\u00e9graphique \u00e0 Freddy <\/span><span style=\"font-size: large;\">Mercury, par une troupe de majorettes masculine extraordinaire&nbsp;! L\u2019\u00e9quipe de <\/span><span style=\"font-size: large;\">Queen-A-Man, compagnie \u00ab&nbsp;\u00f4 captain mon capitaine&nbsp;\u00bb, est compos\u00e9e <\/span><span style=\"font-size: large;\">d\u2019artistes tous issus du milieu du spectacle (cirque, th\u00e9\u00e2tre de rue, jonglerie, i<\/span><span style=\"font-size: large;\">mprovisation et clown) r\u00e9sidant \u00e0 Abbaretz et ses alentours (44). On les a vu \u00e0 la <\/span><span style=\"font-size: large;\">t\u00e9l\u00e9vision et dans de nombreux reportages (M6, Konbini,etc). Spectacle en <\/span><span style=\"font-size: large;\">ext\u00e9rieur, assis ou debout.<\/span><\/p>\n<div class=\"nv-iframe-embed\"><div class=\"lyte-wrapper fourthree\" title=\"QUEEN A MAN\" style=\"width:420px;max-width:100%;margin:5px auto;\"><div class=\"lyMe hidef\" id=\"WYL_4ekqMC_jbsA\" itemprop=\"video\" itemscope itemtype=\"https:\/\/schema.org\/VideoObject\"><div><meta itemprop=\"thumbnailUrl\" content=\"https:\/\/www.brenne-au-coeur.com\/wp-content\/plugins\/wp-youtube-lyte\/lyteCache.php?origThumbUrl=https%3A%2F%2Fi.ytimg.com%2Fvi%2F4ekqMC_jbsA%2Fmaxresdefault.jpg\" \/><meta itemprop=\"embedURL\" content=\"https:\/\/www.youtube.com\/embed\/4ekqMC_jbsA\" \/><meta itemprop=\"duration\" content=\"PT39S\" \/><meta itemprop=\"uploadDate\" content=\"2022-06-24T12:11:00Z\" \/><\/div><div id=\"lyte_4ekqMC_jbsA\" data-src=\"https:\/\/www.brenne-au-coeur.com\/wp-content\/plugins\/wp-youtube-lyte\/lyteCache.php?origThumbUrl=https%3A%2F%2Fi.ytimg.com%2Fvi%2F4ekqMC_jbsA%2Fmaxresdefault.jpg\" class=\"pL\"><div class=\"tC\"><div class=\"tT\" itemprop=\"name\">QUEEN A MAN<\/div><\/div><div class=\"play\"><\/div><div class=\"ctrl\"><div class=\"Lctrl\"><\/div><div class=\"Rctrl\"><\/div><\/div><\/div><noscript><a href=\"https:\/\/youtu.be\/4ekqMC_jbsA\" rel=\"nofollow\"><img loading=\"lazy\" decoding=\"async\" src=\"https:\/\/www.brenne-au-coeur.com\/wp-content\/plugins\/wp-youtube-lyte\/lyteCache.php?origThumbUrl=https%3A%2F%2Fi.ytimg.com%2Fvi%2F4ekqMC_jbsA%2F0.jpg\" alt=\"QUEEN A MAN\" width=\"420\" height=\"295\" \/><br \/>Lire cette vid\u00e9o sur YouTube<\/a><\/noscript><meta itemprop=\"description\" content=\"Dans le cadre de la journ\u00e9e Happy Culture, l&#039;\u00e9quipe de majorette masculine Queen A Man vient livrer un spectacle hilarant et stup\u00e9fiant sur les airs du c\u00e9l\u00e8bre groupe : Queen. Date : dimanche 04.09.2022 Discipline : musique, danse Direction artistique \/ \u00e9criture : C\u00e9cile Le Guern et Cyrille G\u00e9rard https:\/\/lavant-seine.mapado.com\/event\/83621-queen-a-man\"><\/div><\/div><div class=\"lL\" style=\"max-width:100%;width:420px;margin:5px auto;\"><\/div><\/div>\n<div class=\"fb-video\" data-allowfullscreen=\"true\" data-href=\"https:\/\/www.facebook.com\/watch\/?v=1242628106175161\" style=\"background-color: #fff; display: inline-block;\"><\/div>\n<div class=\"fb-video\" data-allowfullscreen=\"true\" data-href=\"https:\/\/www.facebook.com\/watch\/?v=1242628106175161\" style=\"background-color: #fff; display: inline-block;\"><\/div>\n<div class=\"fb-video\" data-allowfullscreen=\"true\" data-href=\"https:\/\/www.facebook.com\/watch\/?v=1242628106175161\" style=\"background-color: #fff; display: inline-block;\"><\/div>\n<div class=\"fb-video\" data-allowfullscreen=\"true\" data-href=\"https:\/\/www.facebook.com\/watch\/?v=1242628106175161\" style=\"background-color: #fff; display: inline-block;\"><\/div>\n<p><span style=\"font-size: large;\">20h00<\/span><\/p>\n<p><span style=\"font-size: large;\">Repas sur place avec La Cantina<\/span><\/p>\n<p><span style=\"font-size: large;\">Apr\u00e8s 20h00, bamboche en compagnie de <a href=\"https:\/\/radiodynamo.org\/\">Radio Dynamo<\/a>. <\/span><\/p>\n<p><span style=\"font-size: large;\"><em><a href=\"https:\/\/www.brenne-au-coeur.com\/wp-content\/uploads\/2023\/05\/9-au-12mai.jpg\" rel=\"lightbox[4264]\"><img loading=\"lazy\" decoding=\"async\" class=\"alignright wp-image-4265 size-medium\" src=\"https:\/\/www.brenne-au-coeur.com\/wp-content\/uploads\/2023\/05\/9-au-12mai-212x300.jpg\" alt=\"\" width=\"212\" height=\"300\" srcset=\"https:\/\/www.brenne-au-coeur.com\/wp-content\/uploads\/2023\/05\/9-au-12mai-212x300.jpg 212w, https:\/\/www.brenne-au-coeur.com\/wp-content\/uploads\/2023\/05\/9-au-12mai-106x150.jpg 106w, https:\/\/www.brenne-au-coeur.com\/wp-content\/uploads\/2023\/05\/9-au-12mai.jpg 350w\" sizes=\"auto, (max-width: 212px) 100vw, 212px\" \/><\/a>Une belle journ\u00e9e remplie de nombreuses attractions. Mais un tel rendez-vous, \u00e7a se pr\u00e9pare. Alors du 9 au 12 mai, au Blanc, toutes les bonnes volont\u00e9s sont invit\u00e9es \u00e0 se retrouver, pour donner la main, \u00e0 Carte Blanche, 1 rue P Millon. B\u00e2timent dans la cour de l\u2019h\u00f4pital.<\/em> <\/span><\/p>\n<p>&nbsp;<\/p>\n<p><span style=\"font-size: large;\">* <strong>Kal\u00e9idoscope<\/strong> est une association qui a pour but de cr\u00e9er des espaces physiques et <\/span><span style=\"font-size: large;\">symbolique favorisant\u00a0\u00a0\u00a0 la construction de l\u2019intelligence collective et l\u2019action. Elle s\u2019appuie sur deux mani\u00e8res d\u2019agir&nbsp;; l\u2019art et l\u2019\u00e9ducation populaire. <\/span><span style=\"font-size: large;\">Kal\u00e9idoscope se positionne comme une association d&rsquo;animation de territoire originale <\/span><span style=\"font-size: large;\">gr\u00e2ce \u00e0 ses m\u00e9thodes d&rsquo;intervention <\/span><span style=\"font-size: large;\">Organiser des espaces pour \u00ab&nbsp;penser ensemble&nbsp;\u00bb des probl\u00e9matiques locales et\/ou <\/span><span style=\"font-size: large;\">actuelles. <\/span><span style=\"font-size: large;\">Aiguiser son esprit critique et d\u00e9velopper sa capacit\u00e9 d&rsquo;agir. <\/span><span style=\"font-size: large;\">Construire de l&rsquo;intelligence collective et aller vers l&rsquo;action collective en partant de <\/span><span style=\"font-size: large;\">l&rsquo;exp\u00e9rience de chacun <\/span><span style=\"font-size: large;\">\u00ab&nbsp;Donner \u00e0 voir&nbsp;\u00bb des interventions cr\u00e9atives citoyennes en utilisant les arts <\/span><span style=\"font-size: large;\">plastiques.<\/span><\/p>\n<p><span style=\"font-size: large;\">Au sein de Kal\u00e9idoscope <strong>Rosali<\/strong>, particuli\u00e8rement impliqu\u00e9 dans la pr\u00e9paration de la Grey Pride, est un service d\u2019animation et de coordination de la vie sociale des seniors, sur le territoire de la Brenne, n\u00e9 des exp\u00e9rimentations d\u2019animations et de la r\u00e9flexion du conseil local de d\u00e9veloppement du Parc Naturel R\u00e9gional de la Brenne. <\/span><\/p>\n","protected":false},"excerpt":{"rendered":"<p>Samedi 13 mai, \u00e0 Rivarennes, l\u2019association Kal\u00e9idoscope* invite \u00e0 participer \u00e0 un journ\u00e9e de f\u00eate. Un \u00e9v\u00e9nement familial sur le th\u00e8me du temps qui passe. Autrement dit&nbsp;: Je prends de l\u2019\u00e2ge, des cheveux, gris ou blancs. J\u2019assume et je profite de la vie. Ainsi que le pr\u00e9cise l\u2019association \u00ab\u00a0L&rsquo;id\u00e9e c&rsquo;est de faire la f\u00eate tous.tes&hellip;&nbsp;<a href=\"https:\/\/www.brenne-au-coeur.com\/index.php\/2023\/05\/03\/gris-et-blanc-les-couleurs-de-la-fete\/evenements\/4264\/\" rel=\"bookmark\">Lire la suite&nbsp;&raquo;<span class=\"screen-reader-text\">Gris et blanc. Les couleurs de la f\u00eate<\/span><\/a><\/p>\n","protected":false},"author":1,"featured_media":4267,"comment_status":"open","ping_status":"open","sticky":false,"template":"","format":"standard","meta":{"rop_custom_images_group":[],"rop_custom_messages_group":[],"rop_publish_now":"initial","rop_publish_now_accounts":[],"rop_publish_now_history":[],"rop_publish_now_status":"pending","_monsterinsights_skip_tracking":false,"_monsterinsights_sitenote_active":false,"_monsterinsights_sitenote_note":"","_monsterinsights_sitenote_category":0,"neve_meta_sidebar":"","neve_meta_container":"","neve_meta_enable_content_width":"off","neve_meta_content_width":70,"neve_meta_title_alignment":"","neve_meta_author_avatar":"","neve_post_elements_order":"","neve_meta_disable_header":"","neve_meta_disable_footer":"","neve_meta_disable_title":"","_jetpack_memberships_contains_paid_content":false,"footnotes":"","jetpack_publicize_message":"","jetpack_publicize_feature_enabled":true,"jetpack_social_post_already_shared":true,"jetpack_social_options":{"image_generator_settings":{"template":"highway","default_image_id":0,"font":"","enabled":false},"version":2}},"categories":[21,129],"tags":[31,64,52,111],"class_list":["post-4264","post","type-post","status-publish","format-standard","has-post-thumbnail","hentry","category-evenements","category-rivarennes","tag-associations","tag-concert","tag-exposition","tag-fetes"],"aioseo_notices":[],"jetpack_publicize_connections":[],"jetpack_featured_media_url":"https:\/\/www.brenne-au-coeur.com\/wp-content\/uploads\/2023\/05\/grey-pride-affiche.jpg","jetpack-related-posts":[],"jetpack_sharing_enabled":true,"_links":{"self":[{"href":"https:\/\/www.brenne-au-coeur.com\/index.php\/wp-json\/wp\/v2\/posts\/4264","targetHints":{"allow":["GET"]}}],"collection":[{"href":"https:\/\/www.brenne-au-coeur.com\/index.php\/wp-json\/wp\/v2\/posts"}],"about":[{"href":"https:\/\/www.brenne-au-coeur.com\/index.php\/wp-json\/wp\/v2\/types\/post"}],"author":[{"embeddable":true,"href":"https:\/\/www.brenne-au-coeur.com\/index.php\/wp-json\/wp\/v2\/users\/1"}],"replies":[{"embeddable":true,"href":"https:\/\/www.brenne-au-coeur.com\/index.php\/wp-json\/wp\/v2\/comments?post=4264"}],"version-history":[{"count":1,"href":"https:\/\/www.brenne-au-coeur.com\/index.php\/wp-json\/wp\/v2\/posts\/4264\/revisions"}],"predecessor-version":[{"id":4268,"href":"https:\/\/www.brenne-au-coeur.com\/index.php\/wp-json\/wp\/v2\/posts\/4264\/revisions\/4268"}],"wp:featuredmedia":[{"embeddable":true,"href":"https:\/\/www.brenne-au-coeur.com\/index.php\/wp-json\/wp\/v2\/media\/4267"}],"wp:attachment":[{"href":"https:\/\/www.brenne-au-coeur.com\/index.php\/wp-json\/wp\/v2\/media?parent=4264"}],"wp:term":[{"taxonomy":"category","embeddable":true,"href":"https:\/\/www.brenne-au-coeur.com\/index.php\/wp-json\/wp\/v2\/categories?post=4264"},{"taxonomy":"post_tag","embeddable":true,"href":"https:\/\/www.brenne-au-coeur.com\/index.php\/wp-json\/wp\/v2\/tags?post=4264"}],"curies":[{"name":"wp","href":"https:\/\/api.w.org\/{rel}","templated":true}]}}