{"id":4239,"date":"2023-04-27T11:52:13","date_gmt":"2023-04-27T09:52:13","guid":{"rendered":"https:\/\/www.brenne-au-coeur.com\/?p=4239"},"modified":"2023-05-03T16:06:28","modified_gmt":"2023-05-03T14:06:28","slug":"413-milliards","status":"publish","type":"post","link":"https:\/\/www.brenne-au-coeur.com\/index.php\/2023\/04\/27\/413-milliards\/communes\/4239\/","title":{"rendered":"413 milliards\u00a0d&rsquo;euros&nbsp;!!"},"content":{"rendered":"<p><span style=\"font-size: large;\"><img loading=\"lazy\" decoding=\"async\" class=\"wp-image-4249 size-medium alignleft\" src=\"https:\/\/www.brenne-au-coeur.com\/wp-content\/uploads\/2023\/04\/paix-3-1-1-300x300.jpeg\" alt=\"\" width=\"300\" height=\"300\" srcset=\"https:\/\/www.brenne-au-coeur.com\/wp-content\/uploads\/2023\/04\/paix-3-1-1-300x300.jpeg 300w, https:\/\/www.brenne-au-coeur.com\/wp-content\/uploads\/2023\/04\/paix-3-1-1-150x150.jpeg 150w, https:\/\/www.brenne-au-coeur.com\/wp-content\/uploads\/2023\/04\/paix-3-1-1-45x45.jpeg 45w, https:\/\/www.brenne-au-coeur.com\/wp-content\/uploads\/2023\/04\/paix-3-1-1.jpeg 500w\" sizes=\"auto, (max-width: 300px) 100vw, 300px\" \/>413 milliards d&rsquo;euros, c\u2019est la somme qui devrait \u00eatre consacr\u00e9e \u00e0 l\u2019armement, si la loi de programmation militaire (2024-2030) propos\u00e9e par le Pr\u00e9sident de la R\u00e9publique, \u00e9tait adopt\u00e9e.<\/span><\/p>\n<p><span style=\"font-size: large;\">Le mouvement de la Paix s\u2019insurge contre de telles d\u00e9penses. Voici sa d\u00e9claration&nbsp;:<br \/>\n<\/span><\/p>\n<p><span style=\"font-size: large;\">\u00a0\u00bb Non \u00e0 l&rsquo;\u00e9conomie de guerre propos\u00e9e par le Pr\u00e9sident de la R\u00e9publique \u00e0 travers le projet de Loi de Programmation Militaire (<a href=\"https:\/\/www.vie-publique.fr\/loi\/288878-loi-programmation-militaire-2024-2030-lpm\">LPM 2024-2030<\/a>) de 413 milliards d\u2019\u20ac (soit 40% d\u2019augmentation par rapport \u00e0 la loi ant\u00e9rieure), qui inclut pr\u00e8s de<\/span><span style=\"font-size: large;\"> 50 milliards d\u2019euros pour les armes nucl\u00e9aires.<\/span><\/p>\n<p><span style=\"font-size: large;\">Dans ses v\u0153ux aux arm\u00e9es, prononc\u00e9s sur la base a\u00e9rienne de Mont-de-Marsan le 20 <\/span><span style=\"font-size: large;\">janvier 2023, le Pr\u00e9sident Macron a d\u00e9clar\u00e9 sa volont\u00e9 \u00ab&nbsp;que la loi de programmation <\/span><span style=\"font-size: large;\">militaire 2024-2030 traduise des efforts consid\u00e9rables\u2026 qui nous obligent pour des <\/span><span style=\"font-size: large;\">d\u00e9cennies\u2026 car nous ne devons jamais \u00eatre en retard d\u2019une guerre, mais nous devons <\/span><span style=\"font-size: large;\">avoir une guerre d\u2019avance&nbsp;\u00bb&nbsp;! Il propose une nouvelle LPM\u00a0 en violation du TNP (<a href=\"https:\/\/fr.wikipedia.org\/wiki\/Trait%C3%A9_sur_la_non-prolif%C3%A9ration_des_armes_nucl%C3%A9aires\">Trait\u00e9 de Non-Prolif\u00e9ration Nucl\u00e9aire<\/a> sign\u00e9 par la France) <\/span><span style=\"font-size: large;\">et du TIAN (Trait\u00e9 sur l\u2019interdiction des armes nucl\u00e9aires, entr\u00e9 en vigueur le 21 janvier 2021).<\/span><\/p>\n<p><span style=\"font-size: large;\">Nous refusons ce pognon de dingue pour la guerre&nbsp;! Oui \u00e0 une \u00e9conomie pour la Paix&nbsp;!<\/span><\/p>\n<figure id=\"attachment_4240\" aria-describedby=\"caption-attachment-4240\" style=\"width: 385px\" class=\"wp-caption alignright\"><a href=\"https:\/\/www.brenne-au-coeur.com\/wp-content\/uploads\/2023\/04\/armes.jpeg\" rel=\"lightbox[4239]\"><img loading=\"lazy\" decoding=\"async\" class=\"wp-image-4240\" src=\"https:\/\/www.brenne-au-coeur.com\/wp-content\/uploads\/2023\/04\/armes-300x166.jpeg\" alt=\"\" width=\"385\" height=\"213\" srcset=\"https:\/\/www.brenne-au-coeur.com\/wp-content\/uploads\/2023\/04\/armes-300x166.jpeg 300w, https:\/\/www.brenne-au-coeur.com\/wp-content\/uploads\/2023\/04\/armes-150x83.jpeg 150w, https:\/\/www.brenne-au-coeur.com\/wp-content\/uploads\/2023\/04\/armes.jpeg 302w\" sizes=\"auto, (max-width: 385px) 100vw, 385px\" \/><\/a><figcaption id=\"caption-attachment-4240\" class=\"wp-caption-text\">L&rsquo;\u00e9conomie de guerre, un gouffre financier dangereux<\/figcaption><\/figure>\n<p><span style=\"font-size: large;\">Refusons d\u2019\u00eatre entra\u00een\u00e9s dans cette logique de guerre qui induit des <\/span><span style=\"font-size: large;\">cons\u00e9quences \u00e9conomiques, financi\u00e8res, sociales et \u00e9cologiques d\u00e9sastreuses qu&rsquo;il est difficile de pr\u00e9dir, a fortiori en cas d\u2019utilisation des armes nucl\u00e9aires. Exigeons la r\u00e9orientation des budgets vers les besoins sociaux&nbsp;: salaires, retraites, sant\u00e9 &#8211; h\u00f4pitaux, \u00e9ducation et recherche, services publics &#8211; cr\u00e9ation d\u2019emplois, lutte pour r\u00e9duire le changement climatique&nbsp;!<\/span><\/p>\n<p><span style=\"font-size: large;\">La France doit choisir le camp de la PAIX et de la justice sociale et climatique. La France doit agir pour une issue politique et diplomatique \u00e0 la guerre en Ukraine et pour tous les<\/span><\/p>\n<p><span style=\"font-size: large;\">conflits en cours (Palestine, Y\u00e9men, Kivu etc) au lieu d\u2019engager notre pays dans le cycle infernal de la guerre entretenu par le lobby militaro-industriel, qui seul en profite.<\/span><\/p>\n<p><span style=\"font-size: large;\">La France, au lieu de s\u2019ins\u00e9rer dans les orientations de l\u2019Otan, doit proposer et agir pour des solutions en s\u2019appuyant sur la Charte des Nations Unies (*), des ODD (Objectifs de D\u00e9veloppement Durable), les travaux du GIEC et les R\u00e9solutions de l\u2019ONU pour une Culture de la Paix.<\/span><\/p>\n<p><span style=\"font-size: large;\">La guerre n\u2019est jamais la solution, mais toujours le pire pour les peuples&nbsp;! La s\u00e9curit\u00e9 <\/span><span style=\"font-size: large;\">humaine des peuples (physique, sanitaire, alimentaire, sociale, \u00e9cologique) ne peut se <\/span><span style=\"font-size: large;\">d\u00e9velopper sans la PAIX.<\/span><\/p>\n<p><span style=\"font-size: large;\">Le Mouvement de la Paix appelle la population \u00e0 agir, dans le plus large rassemblement populaire, pour construire ensemble notre futur \u00e0 travers une campagne de mobilisation qui se d\u00e9roulera du 6 avril \u00e0 fin juin avec un temps fort le 21 mai avec des rassemblements sur les lieux li\u00e9s aux armes nucl\u00e9aires (Base de SNLE-NG de L\u2019\u00eele longue pr\u00e8s de Brest, Le Barp en Aquitaine (essais nucl\u00e9aires en laboratoire) etc&nbsp;: \u00ab&nbsp;Construisons un futur pour la vie, la Paix, la justice sociale et climatique, incluant le d\u00e9sarmement nucl\u00e9aire&nbsp;\u00bb.<\/span><\/p>\n<p><span style=\"font-size: large;\">Notre objectif est de convaincre le plus grand nombre possible de parlementaires de <\/span><span style=\"font-size: large;\">voter contre cette loi de programmation militaire, de dire non \u00e0 ce projet d\u2019\u00e9conomie<\/span><\/p>\n<p><span style=\"font-size: large;\">de guerre et d\u2019obtenir que la France agisse avec d\u00e9termination, en tant que signataire <\/span><span style=\"font-size: large;\">du TNP (trait\u00e9 de non-prolif\u00e9ration nucl\u00e9aire), en faveur du d\u00e9sarmement nucl\u00e9aire en signant le trait\u00e9 sur l\u2019interdiction des armes nucl\u00e9aire (TIAN).<\/span><\/p>\n<p><span style=\"font-size: large;\">Monsieur Le Pr\u00e9sident de la R\u00e9publique, mesdames et messieurs les parlementaires<\/span><\/p>\n<p><span style=\"font-size: large;\">OTEZ-VOUS LA BOMBE DU CRANE&nbsp;! \u00ab\u00a0<\/span><\/p>\n","protected":false},"excerpt":{"rendered":"<p>413 milliards d&rsquo;euros, c\u2019est la somme qui devrait \u00eatre consacr\u00e9e \u00e0 l\u2019armement, si la loi de programmation militaire (2024-2030) propos\u00e9e par le Pr\u00e9sident de la R\u00e9publique, \u00e9tait adopt\u00e9e. Le mouvement de la Paix s\u2019insurge contre de telles d\u00e9penses. Voici sa d\u00e9claration&nbsp;: \u00a0\u00bb Non \u00e0 l&rsquo;\u00e9conomie de guerre propos\u00e9e par le Pr\u00e9sident de la R\u00e9publique \u00e0&hellip;&nbsp;<a href=\"https:\/\/www.brenne-au-coeur.com\/index.php\/2023\/04\/27\/413-milliards\/communes\/4239\/\" rel=\"bookmark\">Lire la suite&nbsp;&raquo;<span class=\"screen-reader-text\">413 milliards\u00a0d&rsquo;euros&nbsp;!!<\/span><\/a><\/p>\n","protected":false},"author":1,"featured_media":4256,"comment_status":"open","ping_status":"open","sticky":false,"template":"","format":"standard","meta":{"rop_custom_images_group":[],"rop_custom_messages_group":[],"rop_publish_now":"initial","rop_publish_now_accounts":[],"rop_publish_now_history":[],"rop_publish_now_status":"pending","_monsterinsights_skip_tracking":false,"_monsterinsights_sitenote_active":false,"_monsterinsights_sitenote_note":"","_monsterinsights_sitenote_category":0,"neve_meta_sidebar":"","neve_meta_container":"","neve_meta_enable_content_width":"off","neve_meta_content_width":70,"neve_meta_title_alignment":"","neve_meta_author_avatar":"","neve_post_elements_order":"","neve_meta_disable_header":"","neve_meta_disable_footer":"","neve_meta_disable_title":"","_jetpack_memberships_contains_paid_content":false,"footnotes":"","jetpack_publicize_message":"","jetpack_publicize_feature_enabled":true,"jetpack_social_post_already_shared":true,"jetpack_social_options":{"image_generator_settings":{"template":"highway","default_image_id":0,"font":"","enabled":false},"version":2}},"categories":[8,128],"tags":[125],"class_list":["post-4239","post","type-post","status-publish","format-standard","has-post-thumbnail","hentry","category-communes","category-la-paix","tag-pacifisme"],"aioseo_notices":[],"jetpack_publicize_connections":[],"jetpack_featured_media_url":"https:\/\/www.brenne-au-coeur.com\/wp-content\/uploads\/2023\/05\/colombe-MPLP.png","jetpack-related-posts":[],"jetpack_sharing_enabled":true,"_links":{"self":[{"href":"https:\/\/www.brenne-au-coeur.com\/index.php\/wp-json\/wp\/v2\/posts\/4239","targetHints":{"allow":["GET"]}}],"collection":[{"href":"https:\/\/www.brenne-au-coeur.com\/index.php\/wp-json\/wp\/v2\/posts"}],"about":[{"href":"https:\/\/www.brenne-au-coeur.com\/index.php\/wp-json\/wp\/v2\/types\/post"}],"author":[{"embeddable":true,"href":"https:\/\/www.brenne-au-coeur.com\/index.php\/wp-json\/wp\/v2\/users\/1"}],"replies":[{"embeddable":true,"href":"https:\/\/www.brenne-au-coeur.com\/index.php\/wp-json\/wp\/v2\/comments?post=4239"}],"version-history":[{"count":6,"href":"https:\/\/www.brenne-au-coeur.com\/index.php\/wp-json\/wp\/v2\/posts\/4239\/revisions"}],"predecessor-version":[{"id":4251,"href":"https:\/\/www.brenne-au-coeur.com\/index.php\/wp-json\/wp\/v2\/posts\/4239\/revisions\/4251"}],"wp:featuredmedia":[{"embeddable":true,"href":"https:\/\/www.brenne-au-coeur.com\/index.php\/wp-json\/wp\/v2\/media\/4256"}],"wp:attachment":[{"href":"https:\/\/www.brenne-au-coeur.com\/index.php\/wp-json\/wp\/v2\/media?parent=4239"}],"wp:term":[{"taxonomy":"category","embeddable":true,"href":"https:\/\/www.brenne-au-coeur.com\/index.php\/wp-json\/wp\/v2\/categories?post=4239"},{"taxonomy":"post_tag","embeddable":true,"href":"https:\/\/www.brenne-au-coeur.com\/index.php\/wp-json\/wp\/v2\/tags?post=4239"}],"curies":[{"name":"wp","href":"https:\/\/api.w.org\/{rel}","templated":true}]}}