{"id":4231,"date":"2023-04-27T11:39:22","date_gmt":"2023-04-27T09:39:22","guid":{"rendered":"https:\/\/www.brenne-au-coeur.com\/?p=4231"},"modified":"2023-05-03T16:11:32","modified_gmt":"2023-05-03T14:11:32","slug":"la-culture-macerienne-toute-une-histoire","status":"publish","type":"post","link":"https:\/\/www.brenne-au-coeur.com\/index.php\/2023\/04\/27\/la-culture-macerienne-toute-une-histoire\/communes\/mezieres-en-brenne\/4231\/","title":{"rendered":"La culture mac\u00e9rienne\u00a0: toute une histoire"},"content":{"rendered":"<p><span style=\"font-size: large;\"><a href=\"https:\/\/www.brenne-au-coeur.com\/wp-content\/uploads\/2023\/04\/logo-officiel.jpg\" rel=\"lightbox[4231]\"><img loading=\"lazy\" decoding=\"async\" class=\"alignleft wp-image-4232\" src=\"https:\/\/www.brenne-au-coeur.com\/wp-content\/uploads\/2023\/04\/logo-officiel-226x300.jpg\" alt=\"\" width=\"162\" height=\"215\" srcset=\"https:\/\/www.brenne-au-coeur.com\/wp-content\/uploads\/2023\/04\/logo-officiel-226x300.jpg 226w, https:\/\/www.brenne-au-coeur.com\/wp-content\/uploads\/2023\/04\/logo-officiel-772x1024.jpg 772w, https:\/\/www.brenne-au-coeur.com\/wp-content\/uploads\/2023\/04\/logo-officiel-113x150.jpg 113w, https:\/\/www.brenne-au-coeur.com\/wp-content\/uploads\/2023\/04\/logo-officiel-768x1019.jpg 768w, https:\/\/www.brenne-au-coeur.com\/wp-content\/uploads\/2023\/04\/logo-officiel-1158x1536.jpg 1158w, https:\/\/www.brenne-au-coeur.com\/wp-content\/uploads\/2023\/04\/logo-officiel-1544x2048.jpg 1544w, https:\/\/www.brenne-au-coeur.com\/wp-content\/uploads\/2023\/04\/logo-officiel.jpg 1594w\" sizes=\"auto, (max-width: 162px) 100vw, 162px\" \/><\/a>Cr\u00e9\u00e9e en 2020, l\u2019Association Culturelle Mac\u00e9rienne (ACM) a tenu derni\u00e8rement son assembl\u00e9e g\u00e9n\u00e9rale. C\u2019est sous l\u2019impulsion de Chantal Kroliczak que l\u2019ACM a \u00e9t\u00e9 mise en place. La pr\u00e9sidente de l\u2019association, passionn\u00e9e d\u2019histoire, prolonge en quelque sorte son engagement men\u00e9e en r\u00e9gion parisienne. \u00c0 l\u2019\u00e9poque, elle avait particip\u00e9, en compagnie d\u2019\u00e9tudiants en histoire, \u00e0 l\u2019activit\u00e9 d\u2019une association. Son but \u00e9tait de mieux conna\u00eetre le pass\u00e9 de sa ville&nbsp;: Limeil-Br\u00e9vannes. Dossiers, conf\u00e9rences, sorties, c\u2019est d\u00e9sormais pour M\u00e9zi\u00e8res et plus g\u00e9n\u00e9ralement la Brenne qu\u2019elle s\u2019investit \u00e0 la t\u00eate de l\u2019ACM. L\u2019association, malgr\u00e9 son jeune \u00e2ge, pr\u00e9sente au bilan d\u00e9j\u00e0 tr\u00e8s positif. \u00c0 son actif, deux \u00e9v\u00e9nements importants ont marqu\u00e9 la vie du village. En octobre 2021, une soir\u00e9e (coorganis\u00e9e avec <a href=\"https:\/\/www.commune1871.org\/\">Les Amies et amis de la Commune 1871<\/a>) a \u00e9t\u00e9 consacr\u00e9e \u00e0 Alfred Huet, dans le cadre de la comm\u00e9moration du 150 \u00e8me anniversaire de la Commune de Paris. L\u2019enfant du village, que rien ne pr\u00e9destinait \u00e0 un tel engagement politique, a \u00e9t\u00e9 impliqu\u00e9 dans l\u2019insurrection parisienne. Le public a pu revivre une partie de son existence, et mieux comprendre un \u00e9v\u00e9nement historique majeur dans la vie du pays, et pourtant tr\u00e8s peu connu. <\/span><\/p>\n<figure id=\"attachment_4235\" aria-describedby=\"caption-attachment-4235\" style=\"width: 300px\" class=\"wp-caption alignright\"><a href=\"https:\/\/www.brenne-au-coeur.com\/wp-content\/uploads\/2023\/04\/IMG_7959.resized.resized.jpg\" rel=\"lightbox[4231]\"><img loading=\"lazy\" decoding=\"async\" class=\"wp-image-4235 size-medium\" src=\"https:\/\/www.brenne-au-coeur.com\/wp-content\/uploads\/2023\/04\/IMG_7959.resized.resized-300x200.jpg\" alt=\"\" width=\"300\" height=\"200\" srcset=\"https:\/\/www.brenne-au-coeur.com\/wp-content\/uploads\/2023\/04\/IMG_7959.resized.resized-300x200.jpg 300w, https:\/\/www.brenne-au-coeur.com\/wp-content\/uploads\/2023\/04\/IMG_7959.resized.resized-150x100.jpg 150w, https:\/\/www.brenne-au-coeur.com\/wp-content\/uploads\/2023\/04\/IMG_7959.resized.resized-272x182.jpg 272w, https:\/\/www.brenne-au-coeur.com\/wp-content\/uploads\/2023\/04\/IMG_7959.resized.resized.jpg 624w\" sizes=\"auto, (max-width: 300px) 100vw, 300px\" \/><\/a><figcaption id=\"caption-attachment-4235\" class=\"wp-caption-text\">Soir\u00e9e conf\u00e9rence autour d&rsquo;Alfred Huet<\/figcaption><\/figure>\n<p><span style=\"font-size: large;\">En f\u00e9vrier dernier, <span style=\"color: #000000;\"><span style=\"font-family: Liberation Serif, serif;\">Le Moulin <\/span><\/span><span style=\"color: #000000;\"><span style=\"font-family: Liberation Serif, serif;\">a accueilli <\/span><\/span><span style=\"color: #000000;\"><span style=\"font-family: Liberation Serif, serif;\">l\u2019exposition \u00ab\u00a0Mon panier de course\u00a0\u00bb r\u00e9alis\u00e9e par l<\/span><\/span><span style=\"color: #000000;\"><span style=\"font-family: Liberation Serif, serif;\">&lsquo;<\/span><\/span><span style=\"color: #000000;\"><span style=\"font-family: Liberation Serif, serif;\">ACM.<\/span><\/span> <\/span><\/p>\n<p><span style=\"color: #000000;\"><span style=\"font-family: Liberation Serif, serif;\"><span style=\"font-size: large;\">Dix-huit panneaux regroupant 150 visuels, couvraient 120 ans de la vie de la capitale de la Brenne, de 1899 \u00e0 2022. <\/span><\/span><\/span><\/p>\n<p><span style=\"color: #000000;\"><span style=\"font-family: Liberation Serif, serif;\"><span style=\"font-size: large;\">Chaque panneau <\/span><\/span><\/span><span style=\"color: #000000;\"><span style=\"font-family: Liberation Serif, serif;\"><span style=\"font-size: large;\">\u00e9tait<\/span><\/span><\/span><span style=\"color: #000000;\"><span style=\"font-family: Liberation Serif, serif;\"><span style=\"font-size: large;\"> consacr\u00e9 \u00e0 une place ou une rue. <\/span><\/span><\/span><span style=\"color: #000000;\"><span style=\"font-family: Liberation Serif, serif;\"><span style=\"font-size: large;\">Ainsi, p<\/span><\/span><\/span><span style=\"color: #000000;\"><span style=\"font-family: Liberation Serif, serif;\"><span style=\"font-size: large;\">hotographies et documents transport<\/span><\/span><\/span><span style=\"color: #000000;\"><span style=\"font-family: Liberation Serif, serif;\"><span style=\"font-size: large;\">ai<\/span><\/span><\/span><span style=\"color: #000000;\"><span style=\"font-family: Liberation Serif, serif;\"><span style=\"font-size: large;\">ent le visiteur au coeur du dernier si\u00e8cle \u00e9coul\u00e9. <\/span><\/span><\/span><\/p>\n<p><span style=\"color: #000000;\"><span style=\"font-family: Liberation Serif, serif;\"><span style=\"font-size: large;\">Les anciens mac\u00e9riens <\/span><\/span><\/span><span style=\"color: #000000;\"><span style=\"font-family: Liberation Serif, serif;\"><span style=\"font-size: large;\">ont <\/span><\/span><\/span><span style=\"color: #000000;\"><span style=\"font-family: Liberation Serif, serif;\"><span style=\"font-size: large;\">retrouv<\/span><\/span><\/span><span style=\"color: #000000;\"><span style=\"font-family: Liberation Serif, serif;\"><span style=\"font-size: large;\">\u00e9<\/span><\/span><\/span><span style=\"color: #000000;\"><span style=\"font-family: Liberation Serif, serif;\"><span style=\"font-size: large;\"> les lieux et les gens qu\u2019ils ont fr\u00e9quent\u00e9<\/span><\/span><\/span><span style=\"color: #000000;\"><span style=\"font-family: Liberation Serif, serif;\"><span style=\"font-size: large;\">s<\/span><\/span><\/span><span style=\"color: #000000;\"><span style=\"font-family: Liberation Serif, serif;\"><span style=\"font-size: large;\">. Les plus jeunes pou<\/span><\/span><\/span><span style=\"color: #000000;\"><span style=\"font-family: Liberation Serif, serif;\"><span style=\"font-size: large;\">vaient <\/span><\/span><\/span><span style=\"color: #000000;\"><span style=\"font-family: Liberation Serif, serif;\"><span style=\"font-size: large;\">imaginer <\/span><\/span><\/span><span style=\"color: #000000;\"><span style=\"font-family: Liberation Serif, serif;\"><span style=\"font-size: large;\">M\u00e9zi\u00e8res<\/span><\/span><\/span><span style=\"color: #000000;\"><span style=\"font-family: Liberation Serif, serif;\"><span style=\"font-size: large;\"> tel qu\u2019il <\/span><\/span><\/span><span style=\"color: #000000;\"><span style=\"font-family: Liberation Serif, serif;\"><span style=\"font-size: large;\">\u00e9tait par le pass\u00e9. <\/span><\/span><\/span><\/p>\n<p><span style=\"font-size: large;\"><span style=\"color: #000000;\"><span style=\"font-family: Liberation Serif, serif;\">Les nombreuses notes et anecdotes permett<\/span><\/span><span style=\"color: #000000;\"><span style=\"font-family: Liberation Serif, serif;\">ai<\/span><\/span><span style=\"color: #000000;\"><span style=\"font-family: Liberation Serif, serif;\">e<\/span><\/span><span style=\"color: #000000;\"><span style=\"font-family: Liberation Serif, serif;\">nt de se familiariser avec l\u2019histoire du village. <\/span><\/span><span style=\"color: #000000;\"><span style=\"font-family: Liberation Serif, serif;\">L\u2019exposition a ensuite \u00e9t\u00e9 accroch\u00e9e dans une salle de l\u2019EHPAD de M\u00e9zi\u00e8res, offrant ainsi aux r\u00e9sidents et \u00e0 leur famille la possibilit\u00e9 de se replonger dans leur histoire. <\/span><\/span><\/span><\/p>\n<figure id=\"attachment_4234\" aria-describedby=\"caption-attachment-4234\" style=\"width: 300px\" class=\"wp-caption alignleft\"><a href=\"https:\/\/www.brenne-au-coeur.com\/wp-content\/uploads\/2023\/04\/expo-chantal-2-scaled.jpg\" rel=\"lightbox[4231]\"><img loading=\"lazy\" decoding=\"async\" class=\"wp-image-4234 size-medium\" src=\"https:\/\/www.brenne-au-coeur.com\/wp-content\/uploads\/2023\/04\/expo-chantal-2-300x200.jpg\" alt=\"\" width=\"300\" height=\"200\" srcset=\"https:\/\/www.brenne-au-coeur.com\/wp-content\/uploads\/2023\/04\/expo-chantal-2-300x200.jpg 300w, https:\/\/www.brenne-au-coeur.com\/wp-content\/uploads\/2023\/04\/expo-chantal-2-1024x682.jpg 1024w, https:\/\/www.brenne-au-coeur.com\/wp-content\/uploads\/2023\/04\/expo-chantal-2-150x100.jpg 150w, https:\/\/www.brenne-au-coeur.com\/wp-content\/uploads\/2023\/04\/expo-chantal-2-768x511.jpg 768w, https:\/\/www.brenne-au-coeur.com\/wp-content\/uploads\/2023\/04\/expo-chantal-2-1536x1023.jpg 1536w, https:\/\/www.brenne-au-coeur.com\/wp-content\/uploads\/2023\/04\/expo-chantal-2-2048x1364.jpg 2048w, https:\/\/www.brenne-au-coeur.com\/wp-content\/uploads\/2023\/04\/expo-chantal-2-930x620.jpg 930w, https:\/\/www.brenne-au-coeur.com\/wp-content\/uploads\/2023\/04\/expo-chantal-2-272x182.jpg 272w\" sizes=\"auto, (max-width: 300px) 100vw, 300px\" \/><\/a><figcaption id=\"caption-attachment-4234\" class=\"wp-caption-text\">Une partie de l&rsquo;expo \u00ab\u00a0Mon panier de course\u00a0\u00bb<\/figcaption><\/figure>\n<p><span style=\"font-size: large;\"><span style=\"color: #000000;\"><span style=\"font-family: Liberation Serif, serif;\">Une histoire qui peut \u00eatre abord\u00e9e de mille fa\u00e7ons. Aussi, Chantal Kroliczak <\/span><\/span><span style=\"color: #000000;\"><span style=\"font-family: Liberation Serif, serif;\">a men\u00e9 diff\u00e9rentes investigations pour remettre en perspective tel ou tel aspect de la vie locale. Elle a ainsi tir\u00e9 le fil de l\u2019histoire de la Poste, des \u00c9oliennes Boll\u00e9es ou pompe \u00e0 vent, du Boeuf couronn\u00e9, du Prince Murat ou de l\u2019\u00e9cole de Subtray.<\/span><\/span><\/span><\/p>\n<p><span style=\"font-size: large;\"><span style=\"color: #000000;\"><span style=\"font-family: Liberation Serif, serif;\">Autant de recherches qui <\/span><\/span><span style=\"color: #000000;\"><span style=\"font-family: Liberation Serif, serif;\">ont <\/span><\/span><span style=\"color: #000000;\"><span style=\"font-family: Liberation Serif, serif;\">abouti \u00e0 des \u00e9crits publi\u00e9s dans le<\/span><\/span><span style=\"color: #000000;\"><span style=\"font-family: Liberation Serif, serif;\">s<\/span><\/span><span style=\"color: #000000;\"><span style=\"font-family: Liberation Serif, serif;\"> bulletin<\/span><\/span><span style=\"color: #000000;\"><span style=\"font-family: Liberation Serif, serif;\">s municipaux et accessibles en partie dans ce blog (rubrique Histoire ou M\u00e9zi\u00e8res). <\/span><\/span><\/span><\/p>\n<p><span style=\"font-size: large;\"><span style=\"color: #000000;\"><span style=\"font-family: Liberation Serif, serif;\">Si Chantal, cherche, rassemble, trie et r\u00e9dige, les documents produits r\u00e9sultent n\u00e9anmoins d\u2019un travail collectif. \u00ab\u00a0<\/span><\/span><span style=\"color: #000000;\"><span style=\"font-family: Liberation Serif, serif;\"><i>Je m\u2019appuie sur les connaissances des adh\u00e9rents de l\u2019association et notamment des membres du bureau\u00a0: Michel Ringon et Liliane Bidault<\/i><\/span><\/span><span style=\"color: #000000;\"><span style=\"font-family: Liberation Serif, serif;\">\u00a0\u00bb. <\/span><\/span><span style=\"color: #000000;\"><span style=\"font-family: Liberation Serif, serif;\">Un engagement commun qui <\/span><\/span><span style=\"color: #000000;\"><span style=\"font-family: Liberation Serif, serif;\">a <\/span><\/span><span style=\"color: #000000;\"><span style=\"font-family: Liberation Serif, serif;\">pr<\/span><\/span><span style=\"color: #000000;\"><span style=\"font-family: Liberation Serif, serif;\">is<\/span><\/span><span style=\"color: #000000;\"><span style=\"font-family: Liberation Serif, serif;\"> tout son sens dans la r\u00e9alisation de l\u2019exposition \u00ab\u00a0Mon panier de course\u00a0\u00bb, comme le relate Chantal.<\/span><\/span><\/span><\/p>\n<p><span style=\"font-size: large;\"><span style=\"color: #000000;\"><span style=\"font-family: Liberation Serif, serif;\">Le projet de cette exposition est n\u00e9 en octobre 2019\u00a0 en r\u00e9unissant les anciens et anciennes de la commune, le samedi matin \u00e0 la m\u00e9diath\u00e8que afin qu&rsquo;ils puissent transcrire sur une feuille blanche leurs souvenirs des commerces du centre-bou<\/span><\/span><span style=\"color: #000000;\"><span style=\"font-family: Liberation Serif, serif;\">r<\/span><\/span><span style=\"color: #000000;\"><span style=\"font-family: Liberation Serif, serif;\">g.\u00a0<\/span><\/span><em><span style=\"color: #000000;\"><span style=\"font-family: Liberation Serif, serif;\">\u00a0\u00abLes \u00e9changes ont \u00e9t\u00e9 d&rsquo;une grande richesse. Des noms, des dates fusaient aussi vite que les souvenirs remontaient les uns apr\u00e8s les autres. Il fallait les saisir au vol <\/span><\/span><\/em><em><span style=\"color: #000000;\"><span style=\"font-family: Liberation Serif, serif;\">et<\/span><\/span><\/em><em><span style=\"color: #000000;\"><span style=\"font-family: Liberation Serif, serif;\"> de suite pouvoir les remettre dans leur contexte.\u00bb\u00a0<\/span><\/span><\/em><span style=\"color: #000000;\"><span style=\"font-family: Liberation Serif, serif;\">En plus de ces riches t\u00e9moignages, un long travail de recherche s&rsquo;est mis en place que ce soit dans les archives du registre cadastral, le fonds Thibault ou les vieilles boites poussi\u00e9reuses remplies de quelques tr\u00e9sors comme des photographies, des articles de journaux ou\u00a0des affiches publicitaires. <\/span><\/span><span style=\"color: #000000;\"><span style=\"font-family: Liberation Serif, serif;\">\u00c0<\/span><\/span><span style=\"color: #000000;\"><span style=\"font-family: Liberation Serif, serif;\"> cela s&rsquo;est ajout\u00e9 le confinement li\u00e9 au COVID-19 qui a stopp\u00e9 les \u00e9changes \u00e0 la m\u00e9diath\u00e8que.\u00a0<\/span><\/span><em><span style=\"color: #000000;\"><span style=\"font-family: Liberation Serif, serif;\">\u00abFinalement, les gens ont eu du temps pour chercher dans les greniers et la communication n&rsquo;a pas \u00e9t\u00e9 rompue. Nous \u00e9changions par t\u00e9l\u00e9phone et nous nous faisions passer les documents dans les boites aux lettres.\u00a0\u00bb\u00a0<\/span><\/span><\/em><span style=\"color: #000000;\"><span style=\"font-family: Liberation Serif, serif;\">explique Chantal Kroliczak.\u00a0\u00a0\u00ab<\/span><\/span><em><span style=\"color: #000000;\"><span style=\"font-family: Liberation Serif, serif;\">C&rsquo;est ainsi qu&rsquo;ont \u00e9t\u00e9 r\u00e9pertori\u00e9s les anciens commer\u00e7ants et artisans qui ont tenu boutique dans le bourg depuis 1899.\u00a0<\/span><\/span><\/em><span style=\"color: #000000;\"><span style=\"font-family: Liberation Serif, serif;\">\u00bb\u00a0 <\/span><\/span><\/span><\/p>\n<figure id=\"attachment_4237\" aria-describedby=\"caption-attachment-4237\" style=\"width: 300px\" class=\"wp-caption alignright\"><a href=\"https:\/\/www.brenne-au-coeur.com\/wp-content\/uploads\/2023\/04\/classe-54.jpg\" rel=\"lightbox[4231]\"><img loading=\"lazy\" decoding=\"async\" class=\"wp-image-4237 size-medium\" src=\"https:\/\/www.brenne-au-coeur.com\/wp-content\/uploads\/2023\/04\/classe-54-300x215.jpg\" alt=\"\" width=\"300\" height=\"215\" srcset=\"https:\/\/www.brenne-au-coeur.com\/wp-content\/uploads\/2023\/04\/classe-54-300x215.jpg 300w, https:\/\/www.brenne-au-coeur.com\/wp-content\/uploads\/2023\/04\/classe-54-150x108.jpg 150w, https:\/\/www.brenne-au-coeur.com\/wp-content\/uploads\/2023\/04\/classe-54.jpg 542w\" sizes=\"auto, (max-width: 300px) 100vw, 300px\" \/><\/a><figcaption id=\"caption-attachment-4237\" class=\"wp-caption-text\">L&rsquo;histoire de l&rsquo;\u00e9cole de Subtray publi\u00e9 dans le bulletin municipal<\/figcaption><\/figure>\n<p><span style=\"font-size: large;\"><span style=\"color: #000000;\"><span style=\"font-family: Liberation Serif, serif;\">F<\/span><\/span><span style=\"color: #000000;\"><span style=\"font-family: Liberation Serif, serif;\">orte de cette exp\u00e9rience, l\u2019association ne compte pas s\u2019arr\u00eater en si bon chemin. <\/span><\/span><span style=\"color: #000000;\"><span style=\"font-family: Liberation Serif, serif;\">D<\/span><\/span><span style=\"color: #000000;\"><span style=\"font-family: Liberation Serif, serif;\">es projets sont en cours de r\u00e9alisations. <\/span><\/span><\/span><\/p>\n<p><span style=\"font-size: large;\"><span style=\"color: #000000;\"><span style=\"font-family: Liberation Serif, serif;\">Le 23 juin prochain, un concert sera <\/span><\/span><span style=\"color: #000000;\"><span style=\"font-family: Liberation Serif, serif;\">pr\u00e9sent\u00e9<\/span><\/span><span style=\"color: #000000;\"><span style=\"font-family: Liberation Serif, serif;\"> \u00e0 l\u2019\u00e9glise <a href=\"https:\/\/fr.wikipedia.org\/wiki\/%C3%89glise_Sainte-Marie-Madeleine_de_M%C3%A9zi%C3%A8res-en-Brenne\">Sainte-Marie-Madeleine<\/a> dans le cadre des spectacle<\/span><\/span><span style=\"color: #000000;\"><span style=\"font-family: Liberation Serif, serif;\">s<\/span><\/span><span style=\"color: #000000;\"><span style=\"font-family: Liberation Serif, serif;\"><a href=\"https:\/\/festivalnohant.com\/\"> Nohant<\/a> Hors les murs.<\/span><\/span><\/span><\/p>\n<p><span style=\"color: #000000;\"><span style=\"font-family: Liberation Serif, serif;\"><span style=\"font-size: large;\">Une conf\u00e9rence sur les pigeonniers en Brenne est pr\u00e9vue pour le 20 octobre 2023.<\/span><\/span><\/span><\/p>\n<p><span style=\"font-size: large;\"><span style=\"color: #000000;\"><span style=\"font-family: Liberation Serif, serif;\">En 2024, les habitants de M\u00e9zi\u00e8res seront invit\u00e9s \u00e0 c\u00e9l\u00e9brer le 30<\/span><\/span><span style=\"color: #000000;\"><sup><span style=\"font-family: Liberation Serif, serif;\">e<\/span><\/sup><\/span><span style=\"color: #000000;\"><span style=\"font-family: Liberation Serif, serif;\"> anniversaire de la disparition de Mario Alvarado. Des \u0153uvres du peintre, notamment la fresque r\u00e9alis\u00e9e en 1994 avec les \u00e9coli\u00e8res et \u00e9coliers, seront expos\u00e9es. Un concert fera revivre une pi\u00e8ce musicale <\/span><\/span><span style=\"color: #000000;\"><span style=\"font-family: Liberation Serif, serif;\">inspir\u00e9e par<\/span><\/span><span style=\"color: #000000;\"><span style=\"font-family: Liberation Serif, serif;\"> ses toiles.<\/span><\/span><\/span><\/p>\n<p><span style=\"color: #000000;\"><span style=\"font-family: Liberation Serif, serif;\"><span style=\"font-size: large;\">L\u2019ACM compte \u00e9galement organiser d\u2019autres sorties culturelles, dans le cours de l\u2019ann\u00e9e. Un livre reprenant l\u2019exposition \u2018Mon panier de courses\u00a0\u00bb est en pr\u00e9paration. Une conf\u00e9rence de <a href=\"https:\/\/fr.wikipedia.org\/wiki\/G%C3%A9rard_Coulon\">G\u00e9rard Coulon<\/a> sur un faussaire litt\u00e9raire du nom de <a href=\"https:\/\/fr.wikipedia.org\/wiki\/Denis_Vrain-Lucas\">Vrain-Lucas<\/a>, doit \u00eatre \u00e9galement propos\u00e9e au public.<\/span><\/span><\/span><\/p>\n<p><span style=\"font-size: large;\"><span style=\"color: #000000;\"><span style=\"font-family: Liberation Serif, serif;\">Enfin, l\u2019ACM sera pr\u00e9sente au Forum des <\/span><\/span><span style=\"color: #000000;\"><span style=\"font-family: Liberation Serif, serif;\">A<\/span><\/span><span style=\"color: #000000;\"><span style=\"font-family: Liberation Serif, serif;\">ssociations du 9 septembre 2023.<\/span><\/span><\/span><\/p>\n<p><span style=\"font-size: large;\"><span style=\"color: #000000;\"><span style=\"font-family: Liberation Serif, serif;\">Nouvelle et petite association mais tr\u00e8s grande, en ambition. L\u2019ACM devrait encore <\/span><\/span><span style=\"color: #000000;\"><span style=\"font-family: Liberation Serif, serif;\">d\u00e9voiler <\/span><\/span><span style=\"color: #000000;\"><span style=\"font-family: Liberation Serif, serif;\">dans les mois et ann\u00e9es \u00e0 venir, moult <\/span><\/span><span style=\"color: #000000;\"><span style=\"font-family: Liberation Serif, serif;\">richesses de notre patrimoine. <\/span><\/span><\/span><\/p>\n<p>&nbsp;<\/p>\n","protected":false},"excerpt":{"rendered":"<p>Cr\u00e9\u00e9e en 2020, l\u2019Association Culturelle Mac\u00e9rienne (ACM) a tenu derni\u00e8rement son assembl\u00e9e g\u00e9n\u00e9rale. C\u2019est sous l\u2019impulsion de Chantal Kroliczak que l\u2019ACM a \u00e9t\u00e9 mise en place. La pr\u00e9sidente de l\u2019association, passionn\u00e9e d\u2019histoire, prolonge en quelque sorte son engagement men\u00e9e en r\u00e9gion parisienne. \u00c0 l\u2019\u00e9poque, elle avait particip\u00e9, en compagnie d\u2019\u00e9tudiants en histoire, \u00e0 l\u2019activit\u00e9 d\u2019une&hellip;&nbsp;<a href=\"https:\/\/www.brenne-au-coeur.com\/index.php\/2023\/04\/27\/la-culture-macerienne-toute-une-histoire\/communes\/mezieres-en-brenne\/4231\/\" rel=\"bookmark\">Lire la suite&nbsp;&raquo;<span class=\"screen-reader-text\">La culture mac\u00e9rienne\u00a0: toute une histoire<\/span><\/a><\/p>\n","protected":false},"author":1,"featured_media":4237,"comment_status":"open","ping_status":"open","sticky":false,"template":"","format":"standard","meta":{"rop_custom_images_group":[],"rop_custom_messages_group":[],"rop_publish_now":"initial","rop_publish_now_accounts":[],"rop_publish_now_history":[],"rop_publish_now_status":"pending","_monsterinsights_skip_tracking":false,"_monsterinsights_sitenote_active":false,"_monsterinsights_sitenote_note":"","_monsterinsights_sitenote_category":0,"neve_meta_sidebar":"","neve_meta_container":"","neve_meta_enable_content_width":"off","neve_meta_content_width":70,"neve_meta_title_alignment":"","neve_meta_author_avatar":"","neve_post_elements_order":"","neve_meta_disable_header":"","neve_meta_disable_footer":"","neve_meta_disable_title":"","_jetpack_memberships_contains_paid_content":false,"footnotes":"","jetpack_publicize_message":"","jetpack_publicize_feature_enabled":true,"jetpack_social_post_already_shared":true,"jetpack_social_options":{"image_generator_settings":{"template":"highway","default_image_id":0,"font":"","enabled":false},"version":2}},"categories":[12],"tags":[31,49],"class_list":["post-4231","post","type-post","status-publish","format-standard","has-post-thumbnail","hentry","category-mezieres-en-brenne","tag-associations","tag-histoire"],"aioseo_notices":[],"jetpack_publicize_connections":[],"jetpack_featured_media_url":"https:\/\/www.brenne-au-coeur.com\/wp-content\/uploads\/2023\/04\/classe-54.jpg","jetpack-related-posts":[],"jetpack_sharing_enabled":true,"_links":{"self":[{"href":"https:\/\/www.brenne-au-coeur.com\/index.php\/wp-json\/wp\/v2\/posts\/4231","targetHints":{"allow":["GET"]}}],"collection":[{"href":"https:\/\/www.brenne-au-coeur.com\/index.php\/wp-json\/wp\/v2\/posts"}],"about":[{"href":"https:\/\/www.brenne-au-coeur.com\/index.php\/wp-json\/wp\/v2\/types\/post"}],"author":[{"embeddable":true,"href":"https:\/\/www.brenne-au-coeur.com\/index.php\/wp-json\/wp\/v2\/users\/1"}],"replies":[{"embeddable":true,"href":"https:\/\/www.brenne-au-coeur.com\/index.php\/wp-json\/wp\/v2\/comments?post=4231"}],"version-history":[{"count":1,"href":"https:\/\/www.brenne-au-coeur.com\/index.php\/wp-json\/wp\/v2\/posts\/4231\/revisions"}],"predecessor-version":[{"id":4238,"href":"https:\/\/www.brenne-au-coeur.com\/index.php\/wp-json\/wp\/v2\/posts\/4231\/revisions\/4238"}],"wp:featuredmedia":[{"embeddable":true,"href":"https:\/\/www.brenne-au-coeur.com\/index.php\/wp-json\/wp\/v2\/media\/4237"}],"wp:attachment":[{"href":"https:\/\/www.brenne-au-coeur.com\/index.php\/wp-json\/wp\/v2\/media?parent=4231"}],"wp:term":[{"taxonomy":"category","embeddable":true,"href":"https:\/\/www.brenne-au-coeur.com\/index.php\/wp-json\/wp\/v2\/categories?post=4231"},{"taxonomy":"post_tag","embeddable":true,"href":"https:\/\/www.brenne-au-coeur.com\/index.php\/wp-json\/wp\/v2\/tags?post=4231"}],"curies":[{"name":"wp","href":"https:\/\/api.w.org\/{rel}","templated":true}]}}