{"id":4221,"date":"2023-04-24T11:47:17","date_gmt":"2023-04-24T09:47:17","guid":{"rendered":"https:\/\/www.brenne-au-coeur.com\/?p=4221"},"modified":"2023-05-03T16:21:10","modified_gmt":"2023-05-03T14:21:10","slug":"suivons-la-voie-melodieuse","status":"publish","type":"post","link":"https:\/\/www.brenne-au-coeur.com\/index.php\/2023\/04\/24\/suivons-la-voie-melodieuse\/le-menoux\/4221\/","title":{"rendered":"Suivons la voie m\u00e9lodieuse"},"content":{"rendered":"<p><span style=\"font-size: large;\"><img loading=\"lazy\" decoding=\"async\" class=\"size-medium wp-image-4223 alignleft\" src=\"https:\/\/www.brenne-au-coeur.com\/wp-content\/uploads\/2023\/04\/image1.resized-212x300.jpeg\" alt=\"\" width=\"212\" height=\"300\" srcset=\"https:\/\/www.brenne-au-coeur.com\/wp-content\/uploads\/2023\/04\/image1.resized-212x300.jpeg 212w, https:\/\/www.brenne-au-coeur.com\/wp-content\/uploads\/2023\/04\/image1.resized-106x150.jpeg 106w, https:\/\/www.brenne-au-coeur.com\/wp-content\/uploads\/2023\/04\/image1.resized.jpeg 453w\" sizes=\"auto, (max-width: 212px) 100vw, 212px\" \/>L\u2019ensemble vocal \u00ab\u00a0<a href=\"https:\/\/www.lavoiemelodieuse.com\/fr\/francais\/\">La voie m\u00e9lodieuse<\/a>\u00a0\u00bb pr\u00e9sentera son concert de printemps dimanche 30 avril \u00e0 16h00, en l\u2019\u00e9glise Notre-Dame \u00e0 Le Menoux, petit village situ\u00e9 entre Argenton-sur-Creuse et Gargilesse-Dampierre.<\/span><\/p>\n<p><span style=\"font-size: large;\">\u00ab\u00a0<i>Marchez sur notre voie m\u00e9lodieuse et d\u00e9couvrez avec nous la beaut\u00e9 de la musique, qui prend vie lorsque nos voix se m\u00ealent.\u00a0<\/i>\u00bb Telle est l\u2019invitation lanc\u00e9e par la formation vocale.<\/span><\/p>\n<p><span style=\"font-size: large;\">Leur r\u00e9pertoire est large et vari\u00e9. Ils marchent sur la voie de la musique classique, \u00e0 partir de la Renaissance jusqu\u2019\u00e0 l\u2019\u00e9poque contemporaine, en empruntant aussi les voies de chansons romantique et d\u2019arrangement de chansons traditionnelles et \u00ab\u00a0swing\u00a0\u00bb.<\/span><\/p>\n<figure id=\"attachment_4224\" aria-describedby=\"caption-attachment-4224\" style=\"width: 422px\" class=\"wp-caption alignright\"><a href=\"https:\/\/www.brenne-au-coeur.com\/wp-content\/uploads\/2023\/04\/lvm-orsennes-1-1536x742.resized.jpg\" rel=\"lightbox[4221]\"><img loading=\"lazy\" decoding=\"async\" class=\"wp-image-4224\" src=\"https:\/\/www.brenne-au-coeur.com\/wp-content\/uploads\/2023\/04\/lvm-orsennes-1-1536x742.resized-300x145.jpg\" alt=\"\" width=\"422\" height=\"204\" srcset=\"https:\/\/www.brenne-au-coeur.com\/wp-content\/uploads\/2023\/04\/lvm-orsennes-1-1536x742.resized-300x145.jpg 300w, https:\/\/www.brenne-au-coeur.com\/wp-content\/uploads\/2023\/04\/lvm-orsennes-1-1536x742.resized-150x72.jpg 150w, https:\/\/www.brenne-au-coeur.com\/wp-content\/uploads\/2023\/04\/lvm-orsennes-1-1536x742.resized.jpg 768w\" sizes=\"auto, (max-width: 422px) 100vw, 422px\" \/><\/a><figcaption id=\"caption-attachment-4224\" class=\"wp-caption-text\">Dix chanteuses et chanteurs venus de diff\u00e9rents horizons<\/figcaption><\/figure>\n<p><span style=\"font-size: large;\">\u00ab\u00a0<i>Nous vous transporter<\/i><i>ons<\/i><i> vers des ambiances m\u00e9lancoliques, pieuses, romantiques, gaies et parfois dr\u00f4les. Notre ensemble de chanteurs exp\u00e9riment\u00e9s\u00a0 se compose actuellement de 10 personnes, de diff\u00e9rentes nationalit\u00e9s. Malgr\u00e9 notre nombre relativement restreint, nous avons un large \u00e9ventail de voix, et nous pouvons ainsi chanter \u00e0 4 et parfois \u00e0 6 voix. Outre le plaisir de chanter ensemble, nous travaillons aussi pour maintenir un niveau de chant de qualit\u00e9, notre carte de visite!<\/i>&nbsp;\u00bb<\/span><\/p>\n<p><span style=\"font-size: large;\">Il est possible de joindre \u00e0 ce concert, une visite \u00e0 l\u2019atelier du peintre Carrasco, situ\u00e9 non loin de l\u00e0. L\u2019artiste a d\u00e9cor\u00e9 l\u2019\u00e9glise Notre-Dame. <\/span><\/p>\n<p><span style=\"font-size: large;\">\u00a0<\/span><\/p>\n<p>&nbsp;<\/p>\n","protected":false},"excerpt":{"rendered":"<p>L\u2019ensemble vocal \u00ab\u00a0La voie m\u00e9lodieuse\u00a0\u00bb pr\u00e9sentera son concert de printemps dimanche 30 avril \u00e0 16h00, en l\u2019\u00e9glise Notre-Dame \u00e0 Le Menoux, petit village situ\u00e9 entre Argenton-sur-Creuse et Gargilesse-Dampierre. \u00ab\u00a0Marchez sur notre voie m\u00e9lodieuse et d\u00e9couvrez avec nous la beaut\u00e9 de la musique, qui prend vie lorsque nos voix se m\u00ealent.\u00a0\u00bb Telle est l\u2019invitation lanc\u00e9e par&hellip;&nbsp;<a href=\"https:\/\/www.brenne-au-coeur.com\/index.php\/2023\/04\/24\/suivons-la-voie-melodieuse\/le-menoux\/4221\/\" rel=\"bookmark\">Lire la suite&nbsp;&raquo;<span class=\"screen-reader-text\">Suivons la voie m\u00e9lodieuse<\/span><\/a><\/p>\n","protected":false},"author":1,"featured_media":4257,"comment_status":"open","ping_status":"open","sticky":false,"template":"","format":"standard","meta":{"rop_custom_images_group":[],"rop_custom_messages_group":[],"rop_publish_now":"initial","rop_publish_now_accounts":[],"rop_publish_now_history":[],"rop_publish_now_status":"pending","_monsterinsights_skip_tracking":false,"_monsterinsights_sitenote_active":false,"_monsterinsights_sitenote_note":"","_monsterinsights_sitenote_category":0,"neve_meta_sidebar":"","neve_meta_container":"","neve_meta_enable_content_width":"off","neve_meta_content_width":70,"neve_meta_title_alignment":"","neve_meta_author_avatar":"","neve_post_elements_order":"","neve_meta_disable_header":"","neve_meta_disable_footer":"","neve_meta_disable_title":"","_jetpack_memberships_contains_paid_content":false,"footnotes":"","jetpack_publicize_message":"","jetpack_publicize_feature_enabled":true,"jetpack_social_post_already_shared":true,"jetpack_social_options":{"image_generator_settings":{"template":"highway","default_image_id":0,"font":"","enabled":false},"version":2}},"categories":[127],"tags":[64,40],"class_list":["post-4221","post","type-post","status-publish","format-standard","has-post-thumbnail","hentry","category-le-menoux","tag-concert","tag-musique"],"aioseo_notices":[],"jetpack_publicize_connections":[],"jetpack_featured_media_url":"https:\/\/www.brenne-au-coeur.com\/wp-content\/uploads\/2023\/05\/767px-Le_Menoux_Eglise_Notre-Dame_Innen_Chor_2.jpg","jetpack-related-posts":[],"jetpack_sharing_enabled":true,"_links":{"self":[{"href":"https:\/\/www.brenne-au-coeur.com\/index.php\/wp-json\/wp\/v2\/posts\/4221","targetHints":{"allow":["GET"]}}],"collection":[{"href":"https:\/\/www.brenne-au-coeur.com\/index.php\/wp-json\/wp\/v2\/posts"}],"about":[{"href":"https:\/\/www.brenne-au-coeur.com\/index.php\/wp-json\/wp\/v2\/types\/post"}],"author":[{"embeddable":true,"href":"https:\/\/www.brenne-au-coeur.com\/index.php\/wp-json\/wp\/v2\/users\/1"}],"replies":[{"embeddable":true,"href":"https:\/\/www.brenne-au-coeur.com\/index.php\/wp-json\/wp\/v2\/comments?post=4221"}],"version-history":[{"count":4,"href":"https:\/\/www.brenne-au-coeur.com\/index.php\/wp-json\/wp\/v2\/posts\/4221\/revisions"}],"predecessor-version":[{"id":4260,"href":"https:\/\/www.brenne-au-coeur.com\/index.php\/wp-json\/wp\/v2\/posts\/4221\/revisions\/4260"}],"wp:featuredmedia":[{"embeddable":true,"href":"https:\/\/www.brenne-au-coeur.com\/index.php\/wp-json\/wp\/v2\/media\/4257"}],"wp:attachment":[{"href":"https:\/\/www.brenne-au-coeur.com\/index.php\/wp-json\/wp\/v2\/media?parent=4221"}],"wp:term":[{"taxonomy":"category","embeddable":true,"href":"https:\/\/www.brenne-au-coeur.com\/index.php\/wp-json\/wp\/v2\/categories?post=4221"},{"taxonomy":"post_tag","embeddable":true,"href":"https:\/\/www.brenne-au-coeur.com\/index.php\/wp-json\/wp\/v2\/tags?post=4221"}],"curies":[{"name":"wp","href":"https:\/\/api.w.org\/{rel}","templated":true}]}}