{"id":4213,"date":"2023-04-22T16:10:32","date_gmt":"2023-04-22T14:10:32","guid":{"rendered":"https:\/\/www.brenne-au-coeur.com\/?p=4213"},"modified":"2023-04-26T09:36:59","modified_gmt":"2023-04-26T07:36:59","slug":"salut-lartiste","status":"publish","type":"post","link":"https:\/\/www.brenne-au-coeur.com\/index.php\/2023\/04\/22\/salut-lartiste\/communes\/azay-le-ferron-communes\/4213\/","title":{"rendered":"Salut l\u2019artiste\u00a0!"},"content":{"rendered":"<figure id=\"attachment_4215\" aria-describedby=\"caption-attachment-4215\" style=\"width: 300px\" class=\"wp-caption alignleft\"><a href=\"https:\/\/www.brenne-au-coeur.com\/wp-content\/uploads\/2023\/04\/HommageC.Boutet-4-scaled.jpg\" rel=\"lightbox[4213]\"><img loading=\"lazy\" decoding=\"async\" class=\"wp-image-4215 size-medium\" src=\"https:\/\/www.brenne-au-coeur.com\/wp-content\/uploads\/2023\/04\/HommageC.Boutet-4-300x225.jpg\" alt=\"\" width=\"300\" height=\"225\" srcset=\"https:\/\/www.brenne-au-coeur.com\/wp-content\/uploads\/2023\/04\/HommageC.Boutet-4-300x225.jpg 300w, https:\/\/www.brenne-au-coeur.com\/wp-content\/uploads\/2023\/04\/HommageC.Boutet-4-1024x768.jpg 1024w, https:\/\/www.brenne-au-coeur.com\/wp-content\/uploads\/2023\/04\/HommageC.Boutet-4-150x113.jpg 150w, https:\/\/www.brenne-au-coeur.com\/wp-content\/uploads\/2023\/04\/HommageC.Boutet-4-768x576.jpg 768w, https:\/\/www.brenne-au-coeur.com\/wp-content\/uploads\/2023\/04\/HommageC.Boutet-4-1536x1152.jpg 1536w, https:\/\/www.brenne-au-coeur.com\/wp-content\/uploads\/2023\/04\/HommageC.Boutet-4-2048x1536.jpg 2048w\" sizes=\"auto, (max-width: 300px) 100vw, 300px\" \/><\/a><figcaption id=\"caption-attachment-4215\" class=\"wp-caption-text\">Les amis de Claude, animateurs de la soir\u00e9e<\/figcaption><\/figure>\n<p><span style=\"font-size: large;\">Le 5 janvier dernier, l&rsquo;artiste Claude Boutet s\u2019en est all\u00e9. Vendredi 14 avril, ses amis, de longues dates ou plus r\u00e9cents, lui ont consacr\u00e9 une soir\u00e9e \u00e0 la <a href=\"https:\/\/www.facebook.com\/people\/M%C3%A9diath%C3%A8que-dAzay-le-Ferron\/100064589056359\/\">m\u00e9diath\u00e8que d\u2019Azay-le-Ferron<\/a>. Un hommage artistique pour saluer le po\u00e8te. <a href=\"https:\/\/www.facebook.com\/roger.houlet.5\/\">Roger Houlet<\/a> a pr\u00e9sent\u00e9 quelques textes, des enregistrements o\u00f9 l\u2019on a pu entendre la voix de Claude. Le chant, la po\u00e9sie, la musique qu\u2019il partageait avec Roger, repr\u00e9sentant d\u2019un certain courant litt\u00e9raire et po\u00e9tique. Celui dans lequel se retrouvent entre autres, <a href=\"https:\/\/fr.wikipedia.org\/wiki\/Maurice_Rollinat\">Maurice Rollinat<\/a>, Gabriel <a href=\"https:\/\/fr.wikipedia.org\/wiki\/Gabriel_Nigond\">Nigond<\/a> ou encore Gaston <a href=\"https:\/\/fr.wikipedia.org\/wiki\/Gaston_Cout%C3%A9\">Cout\u00e9<\/a>. Comme ses compagnons de c\u0153ur, <a href=\"https:\/\/printempsdespoetes.com\/Claude-Pierre-Boutet\">Claude Boutet<\/a> \u00e9crivit des po\u00e8mes qui parlent de la nature, de la vie, de la mort. Il produira de nombreux recueils dont \u00ab\u00a0S\u00e9dimentaires\u00a0\u00bb qui re\u00e7u en 1982, le prix Jacques Normand d\u00e9cern\u00e9 par la Soci\u00e9t\u00e9 des Gens de Lettres de France. <a href=\"https:\/\/www.sylvainguillaumet.fr\/\">Sylvain Guillaumet<\/a>, pour sa part, choisira \u00ab&nbsp;Esquisses&nbsp;\u00bb, pour illustrer l\u2019\u0153uvre po\u00e9tique de son ami. L\u2019interpr\u00e9tation est int\u00e9gralement restitu\u00e9e ci-dessous.<\/span><\/p>\n<div class=\"nv-iframe-embed\"><div class=\"lyte-wrapper fourthree\" title=\"Hommage &agrave; Claude Boutet vendredi 14 avril 2023, m&eacute;diath&egrave;que Azay-le-Ferron\" style=\"width:420px;max-width:100%;margin:5px auto;\"><div class=\"lyMe hidef\" id=\"WYL_xMcoAQw6mZ4\" itemprop=\"video\" itemscope itemtype=\"https:\/\/schema.org\/VideoObject\"><div><meta itemprop=\"thumbnailUrl\" content=\"https:\/\/www.brenne-au-coeur.com\/wp-content\/plugins\/wp-youtube-lyte\/lyteCache.php?origThumbUrl=https%3A%2F%2Fi.ytimg.com%2Fvi%2FxMcoAQw6mZ4%2Fmaxresdefault.jpg\" \/><meta itemprop=\"embedURL\" content=\"https:\/\/www.youtube.com\/embed\/xMcoAQw6mZ4\" \/><meta itemprop=\"duration\" content=\"PT11M51S\" \/><meta itemprop=\"uploadDate\" content=\"2023-04-16T14:31:06Z\" \/><\/div><div id=\"lyte_xMcoAQw6mZ4\" data-src=\"https:\/\/www.brenne-au-coeur.com\/wp-content\/plugins\/wp-youtube-lyte\/lyteCache.php?origThumbUrl=https%3A%2F%2Fi.ytimg.com%2Fvi%2FxMcoAQw6mZ4%2Fmaxresdefault.jpg\" class=\"pL\"><div class=\"tC\"><div class=\"tT\" itemprop=\"name\">Hommage \u00e0 Claude Boutet vendredi 14 avril 2023, m\u00e9diath\u00e8que Azay-le-Ferron<\/div><\/div><div class=\"play\"><\/div><div class=\"ctrl\"><div class=\"Lctrl\"><\/div><div class=\"Rctrl\"><\/div><\/div><\/div><noscript><a href=\"https:\/\/youtu.be\/xMcoAQw6mZ4\" rel=\"nofollow\"><img loading=\"lazy\" decoding=\"async\" src=\"https:\/\/www.brenne-au-coeur.com\/wp-content\/plugins\/wp-youtube-lyte\/lyteCache.php?origThumbUrl=https%3A%2F%2Fi.ytimg.com%2Fvi%2FxMcoAQw6mZ4%2F0.jpg\" alt=\"Hommage &agrave; Claude Boutet vendredi 14 avril 2023, m&eacute;diath&egrave;que Azay-le-Ferron\" width=\"420\" height=\"295\" \/><br \/>Lire cette vid\u00e9o sur YouTube<\/a><\/noscript><meta itemprop=\"description\" content=\"Hommage \u00e0 Claude Boutet vendredi 14 avril 2023, m\u00e9diath\u00e8que Azay-le-Ferron\"><\/div><\/div><div class=\"lL\" style=\"max-width:100%;width:420px;margin:5px auto;\"><\/div><\/div>\n<p><span style=\"font-size: large;\">L\u2019app\u00e9tence de Claude Boutet pour l\u2019expression artistique se manifestait \u00e9galement pour le th\u00e9\u00e2tre. Annie Houlait rappellera \u00e0 quel point il aimait se produire sur les planches en compagnie de ses amis. \u00ab\u00a0<i>Pour lui, le th\u00e9\u00e2tre, <\/i><i>c<\/i><i>\u2019\u00e9tait le rire et l\u2019amusement. Il se d\u00e9lectait \u00e0 improviser <\/i><i>lors de <\/i><i>ses interpr\u00e9tations, \u00e0 ajouter du texte selon son humeur\u00a0<\/i>\u00bb.<\/span><\/p>\n<p><span style=\"font-size: large;\">Des anecdotes, son amie Jocelyne en contera aussi. Notamment celles qui remontent \u00e0 son enfance. \u00ab\u00a0<i>La jeunesse de Claude a \u00e9t\u00e9 marqu\u00e9e par trois passions&nbsp;: la chasse, la p\u00eache et la forge dont il eut, tr\u00e8s t\u00f4t, la responsabilit\u00e9 de maintenir l\u2019activit\u00e9\u00a0<\/i>\u00bb. Elle narra ainsi certains \u00ab\u00a0exploits\u00a0\u00bb du jeune Claude, qui traduisit ses souvenirs dans un livre. Par une prose po\u00e9tique, il d\u00e9crivit dans le d\u00e9tail comment il s\u2019initiera et appr\u00e9hendera ces trois activit\u00e9s. Caroline Maigne-Neveu, biblioth\u00e9caire de la m\u00e9diath\u00e8que d\u2019Azay-le-Ferron, pr\u00e9senta des extraits de ce texte, intitul\u00e9 tout simplement \u00ab\u00a0La chasse la p\u00eache, suivi de La forge\u00a0\u00bb. Caroline \u00e9tait accompagn\u00e9e musicalement \u00e0 la fl\u00fbte, par Sylvain Neveu, son mari. <\/span><\/p>\n<div class=\"nv-iframe-embed\"><div class=\"lyte-wrapper fourthree\" title=\"hommage &agrave; Claude Boutet, m&eacute;diath&egrave;que d&amp;#039;Azay-le-Ferron, vendredi 14 avril 2023\" style=\"width:420px;max-width:100%;margin:5px auto;\"><div class=\"lyMe hidef\" id=\"WYL_4f9ksmh7NKU\" itemprop=\"video\" itemscope itemtype=\"https:\/\/schema.org\/VideoObject\"><div><meta itemprop=\"thumbnailUrl\" content=\"https:\/\/www.brenne-au-coeur.com\/wp-content\/plugins\/wp-youtube-lyte\/lyteCache.php?origThumbUrl=https%3A%2F%2Fi.ytimg.com%2Fvi%2F4f9ksmh7NKU%2Fmaxresdefault.jpg\" \/><meta itemprop=\"embedURL\" content=\"https:\/\/www.youtube.com\/embed\/4f9ksmh7NKU\" \/><meta itemprop=\"duration\" content=\"PT3M23S\" \/><meta itemprop=\"uploadDate\" content=\"2023-04-16T14:23:42Z\" \/><\/div><div id=\"lyte_4f9ksmh7NKU\" data-src=\"https:\/\/www.brenne-au-coeur.com\/wp-content\/plugins\/wp-youtube-lyte\/lyteCache.php?origThumbUrl=https%3A%2F%2Fi.ytimg.com%2Fvi%2F4f9ksmh7NKU%2Fmaxresdefault.jpg\" class=\"pL\"><div class=\"tC\"><div class=\"tT\" itemprop=\"name\">hommage \u00e0 Claude Boutet, m\u00e9diath\u00e8que d&#039;Azay-le-Ferron, vendredi 14 avril 2023<\/div><\/div><div class=\"play\"><\/div><div class=\"ctrl\"><div class=\"Lctrl\"><\/div><div class=\"Rctrl\"><\/div><\/div><\/div><noscript><a href=\"https:\/\/youtu.be\/4f9ksmh7NKU\" rel=\"nofollow\"><img loading=\"lazy\" decoding=\"async\" src=\"https:\/\/www.brenne-au-coeur.com\/wp-content\/plugins\/wp-youtube-lyte\/lyteCache.php?origThumbUrl=https%3A%2F%2Fi.ytimg.com%2Fvi%2F4f9ksmh7NKU%2F0.jpg\" alt=\"hommage &agrave; Claude Boutet, m&eacute;diath&egrave;que d&amp;#039;Azay-le-Ferron, vendredi 14 avril 2023\" width=\"420\" height=\"295\" \/><br \/>Lire cette vid\u00e9o sur YouTube<\/a><\/noscript><meta itemprop=\"description\" content=\"hommage \u00e0 Claude Boutet, m\u00e9diath\u00e8que d&#039;Azay-le-Ferron, vendredi 14 avril 2023\"><\/div><\/div><div class=\"lL\" style=\"max-width:100%;width:420px;margin:5px auto;\"><\/div><\/div>\n<p><span style=\"font-size: large;\">Sylvain, \u00e9galement calligraphe, proposa des cr\u00e9ations, visualis\u00e9es en direct sur le mur de la salle, par un retro-projecteur. Un mur qui accueillit \u00e0 plusieurs reprises les toiles de Claude. Car l\u2019homme de lettres \u00e9tait aussi peintre. <\/span><span style=\"font-size: large;\">Il aimait \u00e0 reproduire les rues de son village, telles qu\u2019elles se pr\u00e9sentaient il y a plusieurs d\u00e9cennies. L\u2019entr\u00e9e d\u2019Azay en 1930, une ruelle du bourg. \u00ab\u00a0<i>C\u2019est ici que nous venions puiser l\u2019eau<\/i>\u00a0\u00bb, commentait Claude Boutet. On d\u00e9couvrait le prieur\u00e9 et les champs qui l\u2019entouraient, bien avant la construction de la m\u00e9diath\u00e8que. Plusieurs \u0153uvres \u00e9taient \u00e9videmment consacr\u00e9es au ch\u00e2teau. Village et campagne se c\u00f4toyaient harmonieusement.<\/span><\/p>\n<p><span style=\"font-size: large;\">Le temps d\u2019une soir\u00e9e, Claude est revenu parmi ses amis. Pour eux, son souvenir ne les quittera pas. Pour celles et ceux qui ne l\u2019ont pas ou peu connu il reste ses textes, des disques, ses peintures. Histoire de d\u00e9couvrir une belle \u0153uvre \u00e0 l\u2019image d\u2019un homme d\u2019une sensibilit\u00e9 qui n\u2019avait d\u2019\u00e9gale que sa modestie. <\/span><\/p>\n<figure id=\"attachment_4216\" aria-describedby=\"caption-attachment-4216\" style=\"width: 300px\" class=\"wp-caption aligncenter\"><a href=\"https:\/\/www.brenne-au-coeur.com\/wp-content\/uploads\/2023\/04\/Hommage-C.Boutet-3-scaled.jpg\" rel=\"lightbox[4213]\"><img loading=\"lazy\" decoding=\"async\" class=\"wp-image-4216 size-medium\" src=\"https:\/\/www.brenne-au-coeur.com\/wp-content\/uploads\/2023\/04\/Hommage-C.Boutet-3-300x225.jpg\" alt=\"\" width=\"300\" height=\"225\" srcset=\"https:\/\/www.brenne-au-coeur.com\/wp-content\/uploads\/2023\/04\/Hommage-C.Boutet-3-300x225.jpg 300w, https:\/\/www.brenne-au-coeur.com\/wp-content\/uploads\/2023\/04\/Hommage-C.Boutet-3-1024x768.jpg 1024w, https:\/\/www.brenne-au-coeur.com\/wp-content\/uploads\/2023\/04\/Hommage-C.Boutet-3-150x113.jpg 150w, https:\/\/www.brenne-au-coeur.com\/wp-content\/uploads\/2023\/04\/Hommage-C.Boutet-3-768x576.jpg 768w, https:\/\/www.brenne-au-coeur.com\/wp-content\/uploads\/2023\/04\/Hommage-C.Boutet-3-1536x1152.jpg 1536w, https:\/\/www.brenne-au-coeur.com\/wp-content\/uploads\/2023\/04\/Hommage-C.Boutet-3-2048x1536.jpg 2048w\" sizes=\"auto, (max-width: 300px) 100vw, 300px\" \/><\/a><figcaption id=\"caption-attachment-4216\" class=\"wp-caption-text\">Calligraphie de Sylvain Neveu<\/figcaption><\/figure>\n","protected":false},"excerpt":{"rendered":"<p>Le 5 janvier dernier, l&rsquo;artiste Claude Boutet s\u2019en est all\u00e9. Vendredi 14 avril, ses amis, de longues dates ou plus r\u00e9cents, lui ont consacr\u00e9 une soir\u00e9e \u00e0 la m\u00e9diath\u00e8que d\u2019Azay-le-Ferron. Un hommage artistique pour saluer le po\u00e8te. Roger Houlet a pr\u00e9sent\u00e9 quelques textes, des enregistrements o\u00f9 l\u2019on a pu entendre la voix de Claude. Le&hellip;&nbsp;<a href=\"https:\/\/www.brenne-au-coeur.com\/index.php\/2023\/04\/22\/salut-lartiste\/communes\/azay-le-ferron-communes\/4213\/\" rel=\"bookmark\">Lire la suite&nbsp;&raquo;<span class=\"screen-reader-text\">Salut l\u2019artiste\u00a0!<\/span><\/a><\/p>\n","protected":false},"author":1,"featured_media":4214,"comment_status":"open","ping_status":"open","sticky":false,"template":"","format":"standard","meta":{"rop_custom_images_group":[],"rop_custom_messages_group":[],"rop_publish_now":"initial","rop_publish_now_accounts":[],"rop_publish_now_history":[],"rop_publish_now_status":"pending","_monsterinsights_skip_tracking":false,"_monsterinsights_sitenote_active":false,"_monsterinsights_sitenote_note":"","_monsterinsights_sitenote_category":0,"neve_meta_sidebar":"","neve_meta_container":"","neve_meta_enable_content_width":"off","neve_meta_content_width":70,"neve_meta_title_alignment":"","neve_meta_author_avatar":"","neve_post_elements_order":"","neve_meta_disable_header":"","neve_meta_disable_footer":"","neve_meta_disable_title":"","_jetpack_memberships_contains_paid_content":false,"footnotes":"","jetpack_publicize_message":"","jetpack_publicize_feature_enabled":true,"jetpack_social_post_already_shared":true,"jetpack_social_options":{"image_generator_settings":{"template":"highway","default_image_id":0,"font":"","enabled":false},"version":2}},"categories":[10,59],"tags":[126,39,61],"class_list":["post-4213","post","type-post","status-publish","format-standard","has-post-thumbnail","hentry","category-azay-le-ferron-communes","category-mediatheque","tag-hommage","tag-litterature","tag-poesie"],"aioseo_notices":[],"jetpack_publicize_connections":[],"jetpack_featured_media_url":"https:\/\/www.brenne-au-coeur.com\/wp-content\/uploads\/2023\/04\/IMG_5419.resized-scaled.jpg","jetpack-related-posts":[],"jetpack_sharing_enabled":true,"_links":{"self":[{"href":"https:\/\/www.brenne-au-coeur.com\/index.php\/wp-json\/wp\/v2\/posts\/4213","targetHints":{"allow":["GET"]}}],"collection":[{"href":"https:\/\/www.brenne-au-coeur.com\/index.php\/wp-json\/wp\/v2\/posts"}],"about":[{"href":"https:\/\/www.brenne-au-coeur.com\/index.php\/wp-json\/wp\/v2\/types\/post"}],"author":[{"embeddable":true,"href":"https:\/\/www.brenne-au-coeur.com\/index.php\/wp-json\/wp\/v2\/users\/1"}],"replies":[{"embeddable":true,"href":"https:\/\/www.brenne-au-coeur.com\/index.php\/wp-json\/wp\/v2\/comments?post=4213"}],"version-history":[{"count":4,"href":"https:\/\/www.brenne-au-coeur.com\/index.php\/wp-json\/wp\/v2\/posts\/4213\/revisions"}],"predecessor-version":[{"id":4228,"href":"https:\/\/www.brenne-au-coeur.com\/index.php\/wp-json\/wp\/v2\/posts\/4213\/revisions\/4228"}],"wp:featuredmedia":[{"embeddable":true,"href":"https:\/\/www.brenne-au-coeur.com\/index.php\/wp-json\/wp\/v2\/media\/4214"}],"wp:attachment":[{"href":"https:\/\/www.brenne-au-coeur.com\/index.php\/wp-json\/wp\/v2\/media?parent=4213"}],"wp:term":[{"taxonomy":"category","embeddable":true,"href":"https:\/\/www.brenne-au-coeur.com\/index.php\/wp-json\/wp\/v2\/categories?post=4213"},{"taxonomy":"post_tag","embeddable":true,"href":"https:\/\/www.brenne-au-coeur.com\/index.php\/wp-json\/wp\/v2\/tags?post=4213"}],"curies":[{"name":"wp","href":"https:\/\/api.w.org\/{rel}","templated":true}]}}