{"id":4144,"date":"2023-04-15T15:07:42","date_gmt":"2023-04-15T13:07:42","guid":{"rendered":"https:\/\/www.brenne-au-coeur.com\/?p=4144"},"modified":"2023-04-30T19:26:58","modified_gmt":"2023-04-30T17:26:58","slug":"sommet-international-des-peuples-pour-la-paix-en-ukraine","status":"publish","type":"post","link":"https:\/\/www.brenne-au-coeur.com\/index.php\/2023\/04\/15\/sommet-international-des-peuples-pour-la-paix-en-ukraine\/la-paix\/4144\/","title":{"rendered":"Sommet international des peuples pour la Paix en Ukraine\u00a0"},"content":{"rendered":"<figure id=\"attachment_4145\" aria-describedby=\"caption-attachment-4145\" style=\"width: 340px\" class=\"wp-caption alignleft\"><a href=\"https:\/\/www.brenne-au-coeur.com\/wp-content\/uploads\/2023\/04\/conference-ukraine-2.jpeg\" rel=\"lightbox[4144]\"><img loading=\"lazy\" decoding=\"async\" class=\"wp-image-4145\" src=\"https:\/\/www.brenne-au-coeur.com\/wp-content\/uploads\/2023\/04\/conference-ukraine-2.jpeg\" alt=\"Drapeau &quot;We stand with ukraine&quot; de l'organisation de soutien aux ukrainiens\" width=\"340\" height=\"200\" srcset=\"https:\/\/www.brenne-au-coeur.com\/wp-content\/uploads\/2023\/04\/conference-ukraine-2.jpeg 292w, https:\/\/www.brenne-au-coeur.com\/wp-content\/uploads\/2023\/04\/conference-ukraine-2-150x88.jpeg 150w\" sizes=\"auto, (max-width: 340px) 100vw, 340px\" \/><\/a><figcaption id=\"caption-attachment-4145\" class=\"wp-caption-text\">Drapeau \u00ab\u00a0We stand with ukraine\u00a0\u00bb de l&rsquo;organisation de soutien aux ukrainiens<\/figcaption><\/figure>\n<p>L&rsquo;objectif de ce Sommet pour la paix, qui aura lieu le samedi 10 et le dimanche 11 juin \u00e0 vienne, en Autriche, est de publier un appel mondial urgent. La \u00ab\u00a0D\u00e9claration de Vienne pour la paix\u00a0\u00bb, appelant les dirigeants politiques \u00e0 agir en faveur d&rsquo;un cessez-le-feu et de n\u00e9gociations en Ukraine.<\/p>\n<p>Ce sommet se d\u00e9roulera en plusieurs parties&nbsp;:<\/p>\n<p>Une conf\u00e9rence pour discuter des questions controvers\u00e9es li\u00e9es \u00e0 la guerre russo-ukrainienne, pour entendre les voix des repr\u00e9sentants de la soci\u00e9t\u00e9 civile des diff\u00e9rents pays de l&rsquo;OTAN, ainsi que des repr\u00e9sentants de la Russie et de l&rsquo;Ukraine qui soutiennent les objectifs du sommet pour la paix. Les participants des pays du sud feront part des cons\u00e9quences dramatiques de cette guerre pour les populations de leurs pays et souligneront comment ils peuvent contribuer \u00e0 la paix. La conf\u00e9rence ne se concentrera pas seulement sur les critiques et les analyses, elle abordera \u00e9galement les solutions cr\u00e9atives et les moyens de mettre fin \u00e0 la guerre et de pr\u00e9parer les n\u00e9gociations. Cette t\u00e2che incombe non seulement aux \u00c9tats et aux diplomates, mais aussi, de plus en plus aujourd\u2019hui, \u00e0 la soci\u00e9t\u00e9 mondiale.<\/p>\n<p>La conf\u00e9rence comportera une s\u00e9rie de conf\u00e9rences, de groupes de travail, de groupes d&rsquo;experts et de dialogues.<\/p>\n<figure id=\"attachment_4146\" aria-describedby=\"caption-attachment-4146\" style=\"width: 331px\" class=\"wp-caption alignright\"><a href=\"https:\/\/www.brenne-au-coeur.com\/wp-content\/uploads\/2023\/04\/conference-ukraine-1.jpg\" rel=\"lightbox[4144]\"><img loading=\"lazy\" decoding=\"async\" class=\"wp-image-4146\" src=\"https:\/\/www.brenne-au-coeur.com\/wp-content\/uploads\/2023\/04\/conference-ukraine-1-300x225.jpg\" alt=\"Manifestation de &quot;En marche pour la paix&quot;\" width=\"331\" height=\"248\" srcset=\"https:\/\/www.brenne-au-coeur.com\/wp-content\/uploads\/2023\/04\/conference-ukraine-1-300x225.jpg 300w, https:\/\/www.brenne-au-coeur.com\/wp-content\/uploads\/2023\/04\/conference-ukraine-1-150x113.jpg 150w, https:\/\/www.brenne-au-coeur.com\/wp-content\/uploads\/2023\/04\/conference-ukraine-1-768x576.jpg 768w, https:\/\/www.brenne-au-coeur.com\/wp-content\/uploads\/2023\/04\/conference-ukraine-1.jpg 1024w\" sizes=\"auto, (max-width: 331px) 100vw, 331px\" \/><\/a><figcaption id=\"caption-attachment-4146\" class=\"wp-caption-text\">Photo d&rsquo;ext\u00e9rieur, repr\u00e9sentant la t\u00eate d&rsquo;une manifestation pour la paix en Ukraine<\/figcaption><\/figure>\n<p>Apr\u00e8s le sommet, une marche aura lieu \u00e0 Vienne vers les ambassades des diff\u00e9rents pays de l&rsquo;OTAN, ainsi que vers les ambassades de Russie et d&rsquo;Ukraine et vers les organisations internationales \u00e9tablies \u00e0 Vienne, afin de rencontrer les repr\u00e9sentants des ambassades et de leur remettre la D\u00e9claration de Vienne pour la paix issue des peuples du monde entier. Le sommet accompagnera \u00e9galement d&rsquo;un d\u00e9part de d\u00e9l\u00e9gations qui se rendront dans les capitales de diff\u00e9rents pays europ\u00e9ens avec l&rsquo;objectif de rencontrer des repr\u00e9sentants des gouvernements et des organisations internationales. D&rsquo;autres \u00e9v\u00e9nements seront \u00e9galement organis\u00e9s d&rsquo;ici la fin de l&rsquo;ann\u00e9e 2023.<\/p>\n<p><em>Pourquoi Vienne&nbsp;?<br \/>\n<\/em>L&rsquo;Autriche est un pays neutre. C&rsquo;est une \u00ab\u00a0Cit\u00e9 de l&rsquo;ONU\u00a0\u00bb et le si\u00e8ge du Secr\u00e9tariat de l&rsquo;OSCE, qui \u00e9tait charg\u00e9e de surveiller la situation dans le Donbass depuis la signature de l&rsquo;accord de Minsk II.<\/p>\n<p><em>Rejoignez le Sommet des peuples pour la paix&nbsp;!<br \/>\n<\/em>Il est de la responsabilit\u00e9 des mouvements pacifistes du monde entier et de tous les peuples \u00e9pris de paix de renforcer ces efforts. Le sommet de Vienne pour la paix en Ukraine peut \u00eatre un puissant signe d&rsquo;espoir et un catalyseur pour des actions de paix plus nombreuses et plus fortes \u00e0 l&rsquo;\u00e9chelle mondiale. L&rsquo;avenir de l&rsquo;humanit\u00e9 est en jeu&nbsp;; nous devons saisir l&rsquo;occasion avant qu&rsquo;il ne soit trop tard.<\/p>\n<p><em>Organisations invitantes <\/em><em>: <a href=\"https:\/\/www.ipb.org\/\">Bureau International de la Paix<\/a>, <a href=\"https:\/\/www.codepink.org\/\">CODEPINK<\/a>, <a href=\"https:\/\/fr.wikipedia.org\/wiki\/Forum_social_mondial\">Assembl\u00e9e du Forum Social Mondial<\/a>, Transform Europe, Europe for Peace, <a href=\"https:\/\/www.ifor.org\/\">International Fellowship of Reconciliation (IFOR)<\/a>, Peace in Ukraine, Campaign for Peace Disarmament and Common Security (CPDCS).<\/em><\/p>\n<p><em>Organisateurs et soutiens locaux&nbsp;: <\/em><em>AbFaNG (Action Alliance for Peace, active Neutrality and Non-violence), Institute for Intercultural Research and Cooperation (IIRC), Austrian Center for Peace (ACP) in Stadtschlaining, Herbert C. Kelman Institute for Interactive Conflict Transformation, \u00d6GB &#8211; \u00d6sterreichischerGewerkschaftsbund, WILPF Austria, ATTAC Austria, IFOR Austria.<\/em><\/p>\n","protected":false},"excerpt":{"rendered":"<p>L&rsquo;objectif de ce Sommet pour la paix, qui aura lieu le samedi 10 et le dimanche 11 juin \u00e0 vienne, en Autriche, est de publier un appel mondial urgent. La \u00ab\u00a0D\u00e9claration de Vienne pour la paix\u00a0\u00bb, appelant les dirigeants politiques \u00e0 agir en faveur d&rsquo;un cessez-le-feu et de n\u00e9gociations en Ukraine. Ce sommet se d\u00e9roulera&hellip;&nbsp;<a href=\"https:\/\/www.brenne-au-coeur.com\/index.php\/2023\/04\/15\/sommet-international-des-peuples-pour-la-paix-en-ukraine\/la-paix\/4144\/\" rel=\"bookmark\">Lire la suite&nbsp;&raquo;<span class=\"screen-reader-text\">Sommet international des peuples pour la Paix en Ukraine\u00a0<\/span><\/a><\/p>\n","protected":false},"author":1,"featured_media":4146,"comment_status":"open","ping_status":"open","sticky":false,"template":"","format":"standard","meta":{"rop_custom_images_group":[],"rop_custom_messages_group":[],"rop_publish_now":"initial","rop_publish_now_accounts":[],"rop_publish_now_history":[],"rop_publish_now_status":"pending","_monsterinsights_skip_tracking":false,"_monsterinsights_sitenote_active":false,"_monsterinsights_sitenote_note":"","_monsterinsights_sitenote_category":0,"neve_meta_sidebar":"","neve_meta_container":"","neve_meta_enable_content_width":"off","neve_meta_content_width":70,"neve_meta_title_alignment":"","neve_meta_author_avatar":"","neve_post_elements_order":"","neve_meta_disable_header":"","neve_meta_disable_footer":"","neve_meta_disable_title":"","_jetpack_memberships_contains_paid_content":false,"footnotes":"","jetpack_publicize_message":"","jetpack_publicize_feature_enabled":true,"jetpack_social_post_already_shared":true,"jetpack_social_options":{"image_generator_settings":{"template":"highway","default_image_id":0,"font":"","enabled":false},"version":2}},"categories":[128],"tags":[125],"class_list":["post-4144","post","type-post","status-publish","format-standard","has-post-thumbnail","hentry","category-la-paix","tag-pacifisme"],"aioseo_notices":[],"jetpack_publicize_connections":[],"jetpack_featured_media_url":"https:\/\/www.brenne-au-coeur.com\/wp-content\/uploads\/2023\/04\/conference-ukraine-1.jpg","jetpack-related-posts":[],"jetpack_sharing_enabled":true,"_links":{"self":[{"href":"https:\/\/www.brenne-au-coeur.com\/index.php\/wp-json\/wp\/v2\/posts\/4144","targetHints":{"allow":["GET"]}}],"collection":[{"href":"https:\/\/www.brenne-au-coeur.com\/index.php\/wp-json\/wp\/v2\/posts"}],"about":[{"href":"https:\/\/www.brenne-au-coeur.com\/index.php\/wp-json\/wp\/v2\/types\/post"}],"author":[{"embeddable":true,"href":"https:\/\/www.brenne-au-coeur.com\/index.php\/wp-json\/wp\/v2\/users\/1"}],"replies":[{"embeddable":true,"href":"https:\/\/www.brenne-au-coeur.com\/index.php\/wp-json\/wp\/v2\/comments?post=4144"}],"version-history":[{"count":3,"href":"https:\/\/www.brenne-au-coeur.com\/index.php\/wp-json\/wp\/v2\/posts\/4144\/revisions"}],"predecessor-version":[{"id":4152,"href":"https:\/\/www.brenne-au-coeur.com\/index.php\/wp-json\/wp\/v2\/posts\/4144\/revisions\/4152"}],"wp:featuredmedia":[{"embeddable":true,"href":"https:\/\/www.brenne-au-coeur.com\/index.php\/wp-json\/wp\/v2\/media\/4146"}],"wp:attachment":[{"href":"https:\/\/www.brenne-au-coeur.com\/index.php\/wp-json\/wp\/v2\/media?parent=4144"}],"wp:term":[{"taxonomy":"category","embeddable":true,"href":"https:\/\/www.brenne-au-coeur.com\/index.php\/wp-json\/wp\/v2\/categories?post=4144"},{"taxonomy":"post_tag","embeddable":true,"href":"https:\/\/www.brenne-au-coeur.com\/index.php\/wp-json\/wp\/v2\/tags?post=4144"}],"curies":[{"name":"wp","href":"https:\/\/api.w.org\/{rel}","templated":true}]}}