{"id":4139,"date":"2023-04-15T14:44:55","date_gmt":"2023-04-15T12:44:55","guid":{"rendered":"https:\/\/www.brenne-au-coeur.com\/?p=4139"},"modified":"2023-05-03T16:26:21","modified_gmt":"2023-05-03T14:26:21","slug":"cultiver-le-vivre-ensemble-dans-la-paix","status":"publish","type":"post","link":"https:\/\/www.brenne-au-coeur.com\/index.php\/2023\/04\/15\/cultiver-le-vivre-ensemble-dans-la-paix\/la-paix\/4139\/","title":{"rendered":"Cultiver le vivre ensemble dans la paix"},"content":{"rendered":"<figure id=\"attachment_4141\" aria-describedby=\"caption-attachment-4141\" style=\"width: 339px\" class=\"wp-caption alignleft\"><a href=\"https:\/\/www.brenne-au-coeur.com\/wp-content\/uploads\/2023\/04\/paix-2.jpeg\" rel=\"lightbox[4139]\"><img loading=\"lazy\" decoding=\"async\" class=\"wp-image-4141\" src=\"https:\/\/www.brenne-au-coeur.com\/wp-content\/uploads\/2023\/04\/paix-2.jpeg\" alt=\"Photo d'une manifestation pour la paix, dans laquelle une personne brandit un drapeau sur lequel est \u00e9crit &quot;Peace and love&quot; (Paix et Amour)\" width=\"339\" height=\"205\" srcset=\"https:\/\/www.brenne-au-coeur.com\/wp-content\/uploads\/2023\/04\/paix-2.jpeg 289w, https:\/\/www.brenne-au-coeur.com\/wp-content\/uploads\/2023\/04\/paix-2-150x91.jpeg 150w\" sizes=\"auto, (max-width: 339px) 100vw, 339px\" \/><\/a><figcaption id=\"caption-attachment-4141\" class=\"wp-caption-text\">Manifestation pour la paix<\/figcaption><\/figure>\n<p align=\"left\"><span style=\"font-size: large;\">La paix est indispensable pour cultiver le vivre ensemble, lui-m\u00eame facteur de paix. En cette p\u00e9riode lourde de menaces, en raison du d\u00e9veloppement des conflits arm\u00e9s, Brenne au c\u0153ur ne peut que fort logiquement se faire l\u2019\u00e9cho des voix pacifistes. <\/span><\/p>\n<p align=\"left\"><span style=\"font-size: large;\">\u00ab&nbsp;Brenne au c\u0153ur&nbsp;\u00bb existe pour relayer l\u2019information, concernant des \u00e9v\u00e9nements culturels, festifs ou sportifs se d\u00e9roulant, pour l\u2019essentiel, sur le secteur de la communaut\u00e9 de communes \u00ab&nbsp;C\u0153ur de Brenne&nbsp;\u00bb, plus largement sur le territoire du parc naturel r\u00e9gional de la Brenne et parfois au-del\u00e0. Ce blog se fixe pour objectif de valoriser tous types d\u2019initiatives&nbsp;: associatives, publiques ou priv\u00e9es qui rassemblent les gens. Un concert, une exposition, une animation dans une m\u00e9diath\u00e8que, un spectacle dans une salle des f\u00eates etc. La volont\u00e9 de \u00ab&nbsp;<a href=\"https:\/\/www.brenne-au-coeur.com\/\">Brenne au c\u0153ur<\/a>&nbsp;\u00bb est de montrer \u00e0 quel point notre r\u00e9gion est riche de l\u2019esprit cr\u00e9atif de ses habitants et qu\u2019ils peuvent se c\u00f4toyer autour des diverses r\u00e9alisations ou initiatives. Les activit\u00e9s culturelles, artistiques et festives, sous toutes leurs formes, permettent non seulement de s\u2019exprimer, mais aussi de cr\u00e9er du lien, d\u2019aller \u00e0 le rencontre de l\u2019autre. Elles favorisent une vie harmonieuse entre les individus, des relations pacifi\u00e9es, en phase de surcro\u00eet, avec la nature qui nous entoure. Elles d\u00e9montrent que la vie en commun est source d\u2019\u00e9panouissement lorsqu\u2019elle s\u2019\u00e9carte des rapports de domination et de violence, qui malheureusement semblent s\u2019imposer un peu partout sur la plan\u00e8te.<\/span><\/p>\n<p align=\"left\"><span style=\"font-size: large;\">Car en effet, comment ne pas s\u2019alarmer au regard des nouvelles qui mobilisent l\u2019information. Ces derni\u00e8res ann\u00e9es, le monde est secou\u00e9 par les guerres. Les conflits au moyen-orient, l\u2019invasion russe en Ukraine, les dictatures, le fanatisme, le terrorisme portent sur le devant de la sc\u00e8ne la haine, les massacres, la souffrance des populations civiles. <\/span><\/p>\n<figure id=\"attachment_4142\" aria-describedby=\"caption-attachment-4142\" style=\"width: 225px\" class=\"wp-caption alignright\"><a href=\"https:\/\/www.brenne-au-coeur.com\/wp-content\/uploads\/2023\/04\/paix-1.jpeg\" rel=\"lightbox[4139]\"><img loading=\"lazy\" decoding=\"async\" class=\"wp-image-4142 size-full\" src=\"https:\/\/www.brenne-au-coeur.com\/wp-content\/uploads\/2023\/04\/paix-1.jpeg\" alt=\"Photo prise en plong\u00e9e d'une foule dont le rassemblement repr\u00e9sente l\u2019ic\u00f4ne &quot;Peace and Love&quot; (Paix et Amour)\" width=\"225\" height=\"225\" srcset=\"https:\/\/www.brenne-au-coeur.com\/wp-content\/uploads\/2023\/04\/paix-1.jpeg 225w, https:\/\/www.brenne-au-coeur.com\/wp-content\/uploads\/2023\/04\/paix-1-150x150.jpeg 150w, https:\/\/www.brenne-au-coeur.com\/wp-content\/uploads\/2023\/04\/paix-1-45x45.jpeg 45w\" sizes=\"auto, (max-width: 225px) 100vw, 225px\" \/><\/a><figcaption id=\"caption-attachment-4142\" class=\"wp-caption-text\">Peace and love (Paix et Amour)<\/figcaption><\/figure>\n<p align=\"left\"><span style=\"font-size: large;\">Pour toute r\u00e9ponse \u00e0 ces maux, le surarmement est pr\u00e9sent\u00e9 comme le seul rem\u00e8de. Une escalade d\u00e9lirante o\u00f9 sont engouffr\u00e9s de milliards qui manquent cruellement pour r\u00e9sorber la mis\u00e8re, les famines, d\u00e9velopper des programmes d\u2019\u00e9ducation. <\/span><\/p>\n<p align=\"left\"><span style=\"font-size: large;\">Or, les guerres n\u2019ont jamais rien r\u00e9gl\u00e9, \u00e0 part enrichir les marchands d\u2019armes. Elles poussent au repli sur soi, opposent les peuples. <\/span><\/p>\n<p align=\"left\"><span style=\"font-size: large;\">Vivre en paix sur la terre appara\u00eet d\u00e9sormais comme un doux r\u00eave totalement irr\u00e9aliste.<\/span><\/p>\n<p align=\"left\"><span style=\"font-size: large;\">Pourtant, m\u00eame si les voix qui revendiquent la primaut\u00e9 de la n\u00e9gociation \u00e0 celle de l\u2019affrontement sont peu audibles par les temps qui courent, il n\u2019y a pas d\u2019issue en dehors d\u2019une d\u00e9marche pacifiste favorisant les initiatives diplomatiques. Le d\u00e9ferlement d\u2019armes toujours plus sophistiqu\u00e9es et la menace du nucl\u00e9aire ne sont pas une solution mais un danger qui p\u00e8se sur le monde. Personne ne peut se sentir \u00e0 l\u2019abri.<\/span><\/p>\n<p align=\"left\"><span style=\"font-size: large;\">Il serait donc vain de croire que la vie paisible en Brenne ne risque pas comme d\u2019autres r\u00e9gions de faire les frais de cette escalade suicidaire. <\/span><\/p>\n<p><img loading=\"lazy\" decoding=\"async\" class=\"wp-image-4250 size-medium alignleft\" src=\"https:\/\/www.brenne-au-coeur.com\/wp-content\/uploads\/2023\/04\/paix-3-1-300x300.png\" alt=\"\" width=\"300\" height=\"300\" srcset=\"https:\/\/www.brenne-au-coeur.com\/wp-content\/uploads\/2023\/04\/paix-3-1-300x300.png 300w, https:\/\/www.brenne-au-coeur.com\/wp-content\/uploads\/2023\/04\/paix-3-1-150x150.png 150w, https:\/\/www.brenne-au-coeur.com\/wp-content\/uploads\/2023\/04\/paix-3-1-45x45.png 45w, https:\/\/www.brenne-au-coeur.com\/wp-content\/uploads\/2023\/04\/paix-3-1.png 500w\" sizes=\"auto, (max-width: 300px) 100vw, 300px\" \/><\/p>\n<p align=\"left\"><span style=\"font-size: large;\">Pour cultiver notre vivre ensemble nous avons besoin de la paix. Aussi, tout en poursuivant chaque semaine la chronique des activit\u00e9s culturelles et de divertissement, \u00ab&nbsp;Brenne au coeur&nbsp;\u00bb se fera l\u2019\u00e9cho, des voix qui ne se r\u00e9signent pas, ne baissent pas les bras face aux cris de tous les va-t-en-guerre. Le blog relaiera notamment, les prises de positions et initiatives du \u00ab\u00a0<a href=\"https:\/\/www.mvtpaix.org\/wordpress\/\">Mouvement de la paix<\/a>\u00ab\u00a0, une organisation pacifiste fond\u00e9e \u00e0 la sortie de la deuxi\u00e8me guerre mondiale, dont la d\u00e9marche se r\u00e9sume par le slogan&nbsp;: \u00ab&nbsp;<i>L<\/i><i>a paix a besoin de monde &#8230;Le monde a besoin de paix\u00a0<\/i>\u00bb.<\/span><\/p>\n<p align=\"left\">\n","protected":false},"excerpt":{"rendered":"<p>La paix est indispensable pour cultiver le vivre ensemble, lui-m\u00eame facteur de paix. En cette p\u00e9riode lourde de menaces, en raison du d\u00e9veloppement des conflits arm\u00e9s, Brenne au c\u0153ur ne peut que fort logiquement se faire l\u2019\u00e9cho des voix pacifistes. \u00ab&nbsp;Brenne au c\u0153ur&nbsp;\u00bb existe pour relayer l\u2019information, concernant des \u00e9v\u00e9nements culturels, festifs ou sportifs se&hellip;&nbsp;<a href=\"https:\/\/www.brenne-au-coeur.com\/index.php\/2023\/04\/15\/cultiver-le-vivre-ensemble-dans-la-paix\/la-paix\/4139\/\" rel=\"bookmark\">Lire la suite&nbsp;&raquo;<span class=\"screen-reader-text\">Cultiver le vivre ensemble dans la paix<\/span><\/a><\/p>\n","protected":false},"author":1,"featured_media":4141,"comment_status":"open","ping_status":"open","sticky":false,"template":"","format":"standard","meta":{"rop_custom_images_group":[],"rop_custom_messages_group":[],"rop_publish_now":"initial","rop_publish_now_accounts":[],"rop_publish_now_history":[],"rop_publish_now_status":"pending","_monsterinsights_skip_tracking":false,"_monsterinsights_sitenote_active":false,"_monsterinsights_sitenote_note":"","_monsterinsights_sitenote_category":0,"neve_meta_sidebar":"","neve_meta_container":"","neve_meta_enable_content_width":"off","neve_meta_content_width":70,"neve_meta_title_alignment":"","neve_meta_author_avatar":"","neve_post_elements_order":"","neve_meta_disable_header":"","neve_meta_disable_footer":"","neve_meta_disable_title":"","_jetpack_memberships_contains_paid_content":false,"footnotes":"","jetpack_publicize_message":"","jetpack_publicize_feature_enabled":true,"jetpack_social_post_already_shared":true,"jetpack_social_options":{"image_generator_settings":{"template":"highway","default_image_id":0,"font":"","enabled":false},"version":2}},"categories":[128],"tags":[125],"class_list":["post-4139","post","type-post","status-publish","format-standard","has-post-thumbnail","hentry","category-la-paix","tag-pacifisme"],"aioseo_notices":[],"jetpack_publicize_connections":[],"jetpack_featured_media_url":"https:\/\/www.brenne-au-coeur.com\/wp-content\/uploads\/2023\/04\/paix-2.jpeg","jetpack-related-posts":[],"jetpack_sharing_enabled":true,"_links":{"self":[{"href":"https:\/\/www.brenne-au-coeur.com\/index.php\/wp-json\/wp\/v2\/posts\/4139","targetHints":{"allow":["GET"]}}],"collection":[{"href":"https:\/\/www.brenne-au-coeur.com\/index.php\/wp-json\/wp\/v2\/posts"}],"about":[{"href":"https:\/\/www.brenne-au-coeur.com\/index.php\/wp-json\/wp\/v2\/types\/post"}],"author":[{"embeddable":true,"href":"https:\/\/www.brenne-au-coeur.com\/index.php\/wp-json\/wp\/v2\/users\/1"}],"replies":[{"embeddable":true,"href":"https:\/\/www.brenne-au-coeur.com\/index.php\/wp-json\/wp\/v2\/comments?post=4139"}],"version-history":[{"count":6,"href":"https:\/\/www.brenne-au-coeur.com\/index.php\/wp-json\/wp\/v2\/posts\/4139\/revisions"}],"predecessor-version":[{"id":4263,"href":"https:\/\/www.brenne-au-coeur.com\/index.php\/wp-json\/wp\/v2\/posts\/4139\/revisions\/4263"}],"wp:featuredmedia":[{"embeddable":true,"href":"https:\/\/www.brenne-au-coeur.com\/index.php\/wp-json\/wp\/v2\/media\/4141"}],"wp:attachment":[{"href":"https:\/\/www.brenne-au-coeur.com\/index.php\/wp-json\/wp\/v2\/media?parent=4139"}],"wp:term":[{"taxonomy":"category","embeddable":true,"href":"https:\/\/www.brenne-au-coeur.com\/index.php\/wp-json\/wp\/v2\/categories?post=4139"},{"taxonomy":"post_tag","embeddable":true,"href":"https:\/\/www.brenne-au-coeur.com\/index.php\/wp-json\/wp\/v2\/tags?post=4139"}],"curies":[{"name":"wp","href":"https:\/\/api.w.org\/{rel}","templated":true}]}}