{"id":4135,"date":"2023-04-15T14:14:35","date_gmt":"2023-04-15T12:14:35","guid":{"rendered":"https:\/\/www.brenne-au-coeur.com\/?p=4135"},"modified":"2023-04-15T20:13:28","modified_gmt":"2023-04-15T18:13:28","slug":"accompagnement-solidaire-createur-de-lien-social","status":"publish","type":"post","link":"https:\/\/www.brenne-au-coeur.com\/index.php\/2023\/04\/15\/accompagnement-solidaire-createur-de-lien-social\/communaute-de-communes\/4135\/","title":{"rendered":"\u00ab\u00a0Accompagnement Solidaire\u00a0\u00bb: cr\u00e9ateur de lien social."},"content":{"rendered":"<p><span style=\"font-size: large;\"><a href=\"https:\/\/www.brenne-au-coeur.com\/wp-content\/uploads\/2023\/04\/activite-accompagnement-solidaire.jpg\" rel=\"lightbox[4135]\"><img loading=\"lazy\" decoding=\"async\" class=\"alignleft wp-image-4136 size-medium\" src=\"https:\/\/www.brenne-au-coeur.com\/wp-content\/uploads\/2023\/04\/activite-accompagnement-solidaire-207x300.jpg\" alt=\"\" width=\"207\" height=\"300\" srcset=\"https:\/\/www.brenne-au-coeur.com\/wp-content\/uploads\/2023\/04\/activite-accompagnement-solidaire-207x300.jpg 207w, https:\/\/www.brenne-au-coeur.com\/wp-content\/uploads\/2023\/04\/activite-accompagnement-solidaire-707x1024.jpg 707w, https:\/\/www.brenne-au-coeur.com\/wp-content\/uploads\/2023\/04\/activite-accompagnement-solidaire-104x150.jpg 104w, https:\/\/www.brenne-au-coeur.com\/wp-content\/uploads\/2023\/04\/activite-accompagnement-solidaire-768x1112.jpg 768w, https:\/\/www.brenne-au-coeur.com\/wp-content\/uploads\/2023\/04\/activite-accompagnement-solidaire-1061x1536.jpg 1061w, https:\/\/www.brenne-au-coeur.com\/wp-content\/uploads\/2023\/04\/activite-accompagnement-solidaire-1415x2048.jpg 1415w, https:\/\/www.brenne-au-coeur.com\/wp-content\/uploads\/2023\/04\/activite-accompagnement-solidaire.jpg 1707w\" sizes=\"auto, (max-width: 207px) 100vw, 207px\" \/><\/a>Depuis deux ans maintenant, l\u2019association Familles Rurales propose un service \u00e0 ses adh\u00e9rents\u00a0: les accompagner en voiture pour les aider \u00e0 effectuer les multiples d\u00e9marches du quotidien qui n\u00e9cessitent souvent de se d\u00e9placer loin de son domicile. Acc\u00e8s facile, co\u00fbt int\u00e9ressant, \u00ab\u00a0Accompagnement solidaire\u00a0\u00bb favorise aussi le lien social.<\/span><\/p>\n<p><span style=\"font-size: large;\">\u00ab\u00a0<i>Le transport solidaire n\u2019est pas nouveau. Je n\u2019ai rien invent\u00e9, conc\u00e8de Catherine Robert, <\/i><i>\u00e0 l\u2019origine de sa mise en place. J<\/i><i>\u2019ai <\/i><i>constat\u00e9 que ce dispositif<\/i><i> <\/i><i>fonctionnait bien<\/i><i> dans une autre r\u00e9gion. <\/i><i>C<\/i><i>e service r\u00e9pond v\u00e9ritablement <\/i><i>aux<\/i><i> besoins <\/i><i>de notre milieu rural<\/i><i>\u00a0<\/i>\u00bb. <\/span><\/p>\n<p><span style=\"font-size: large;\">M\u00e9decin de M\u00e9zi\u00e8res-en-Brenne en retraite et conseill\u00e8re municipale, elle conna\u00eet bien la vie des gens. D\u00e9cid\u00e9e \u00e0 apporter des r\u00e9ponses concr\u00e8tes aux difficult\u00e9s de d\u00e9placement de nombreuses personnes, elle a choisi de s\u2019appuyer sur une structure en place\u00a0: l\u2019association <a href=\"https:\/\/www.famillesrurales.org\/\">Familles Rurales<\/a> de Saint-Michel et de M\u00e9zi\u00e8res. Elle lance l\u2019id\u00e9e il y a d\u00e9j\u00e0 plusieurs ann\u00e9es, mais sa concr\u00e9tisation est retard\u00e9e \u00e0 cause du COVID. L\u2019organisation d\u00e9marre le 15 octobre 2020.<\/span><\/p>\n<p><span style=\"font-size: large;\">Le principe est simple. Une liste de chauffeurs b\u00e9n\u00e9voles avec leur num\u00e9ro de t\u00e9l\u00e9phone est disponible (mairies, Brenne Box etc.). Les personnes int\u00e9ress\u00e9es peuvent les contacter, pour convenir du jour et de l\u2019heure du rendez-vous. Elles s\u2019adressent \u00e0 des femmes et des hommes qui se sont port\u00e9s volontaire dans le but de rendre service. \u00ab\u00a0<i>J\u2019ai vu <\/i><i>un papier sur mon pare-brise qui informait sur cette initiative. Je me suis inscrit naturellement, pour aider. J\u2019ai du temps de libre<\/i>\u00a0\u00bb, explique Christian, habitant de Paulnay. \u00ab\u00a0<i>On est l\u00e0 pour assister les personnes qui en ont besoin<\/i>\u00a0\u00bb, confirme Marie-France, Mac\u00e9rienne et pr\u00e9sidente de Familles Rurales. <\/span><\/p>\n<p><span style=\"font-size: large;\">L\u2019affaire est entendue. Il faut avoir envie de se mettre \u00e0 la disposition des gens pour participer \u00e0 \u00ab\u00a0Accompagnement Solidaire\u00a0\u00bb. Le principe est de conduire une personne \u00e0 un lieu pr\u00e9cis et de la ramener \u00e0 son domicile. Ce qui suppose d\u2019attendre que le rendez-vous soit termin\u00e9, comme chez le coiffeur, ou d\u2019apporter une aide tr\u00e8s concr\u00e8te. \u00ab\u00a0<i>Lorsque l\u2019on accompagne quelqu\u2019un pour faire les courses, on peut, <\/i><i>par exemple,<\/i><i> pousser le caddie<\/i>\u00bb, pr\u00e9cise Marie-France. Car les personnes qui font appel \u00e0 \u00ab\u00a0Accompagnement Solidaire\u00a0\u00bb ont besoin souvent de soutien. Pour l\u2019essentiel, ce sont des personnes \u00e2g\u00e9es qui ne poss\u00e8dent pas de voiture ou ne sont plus en mesure de conduire. <\/span><\/p>\n<p><span style=\"font-size: large;\">Les motivations des d\u00e9placements sont multiples. R\u00e9gler des d\u00e9marches administratives, se rendre \u00e0 la gare, faire une visite \u00e0 des amis, ou honorer un rendez-vous m\u00e9dical. Cette derni\u00e8re raison constitue la majorit\u00e9 des d\u00e9placements. Les examens n\u00e9cessitent souvent d\u2019aller aux h\u00f4pitaux du Blanc, de Ch\u00e2teauroux, de Tours voire de Poitiers. \u00ab\u00a0<i>Une prise en charge qui exclut les cas d\u2019urgence. Il faut pour cela s\u2019adresser aux services comp\u00e9tents, comme les ambulances<\/i>\u00a0\u00bb, rappelle Catherine Robert. <\/span><\/p>\n<p><span style=\"font-size: large;\"><a href=\"https:\/\/www.brenne-au-coeur.com\/wp-content\/uploads\/2023\/04\/accompagnement-solidaire-flyer-main.jpg\" rel=\"lightbox[4135]\"><img loading=\"lazy\" decoding=\"async\" class=\"alignright wp-image-4137\" src=\"https:\/\/www.brenne-au-coeur.com\/wp-content\/uploads\/2023\/04\/accompagnement-solidaire-flyer-main-300x201.jpg\" alt=\"\" width=\"334\" height=\"224\" srcset=\"https:\/\/www.brenne-au-coeur.com\/wp-content\/uploads\/2023\/04\/accompagnement-solidaire-flyer-main-300x201.jpg 300w, https:\/\/www.brenne-au-coeur.com\/wp-content\/uploads\/2023\/04\/accompagnement-solidaire-flyer-main-1024x684.jpg 1024w, https:\/\/www.brenne-au-coeur.com\/wp-content\/uploads\/2023\/04\/accompagnement-solidaire-flyer-main-150x100.jpg 150w, https:\/\/www.brenne-au-coeur.com\/wp-content\/uploads\/2023\/04\/accompagnement-solidaire-flyer-main-768x513.jpg 768w, https:\/\/www.brenne-au-coeur.com\/wp-content\/uploads\/2023\/04\/accompagnement-solidaire-flyer-main-930x620.jpg 930w, https:\/\/www.brenne-au-coeur.com\/wp-content\/uploads\/2023\/04\/accompagnement-solidaire-flyer-main-272x182.jpg 272w, https:\/\/www.brenne-au-coeur.com\/wp-content\/uploads\/2023\/04\/accompagnement-solidaire-flyer-main.jpg 1137w\" sizes=\"auto, (max-width: 334px) 100vw, 334px\" \/><\/a>\u00ab\u00a0Accompagnement solidaire\u00a0\u00bb est une solution de transport, mais qui favorise le contact humain. Les trajets offre la possibilit\u00e9 de discuter, de rompre parfois l\u2019isolement. Des liens se tissent entre accompagnateurs et accompagn\u00e9s. Ainsi comme le relate Christian, apr\u00e8s une course, un couple m\u2019a invit\u00e9 au restaurant, prolongeant le service par un moment convivial.<\/span><\/p>\n<p><span style=\"font-size: large;\">Le partage est bien la base de l\u2019action entreprise par Catherine Robert et Familles Rurales. <\/span><\/p>\n<p><span style=\"font-size: large;\">Un cadre claire est fix\u00e9. Les b\u00e9n\u00e9ficiaires doivent vivre sur le territoire de la Communaut\u00e9 de Communes \u00ab\u00a0<a href=\"https:\/\/www.coeurdebrenne.fr\/\">C\u0153ur de Brenne<\/a>\u00a0\u00bb et \u00eatre membres de Familles Rurales. L\u2019adh\u00e9sion est de 24 \u20ac par an et tous les membres du foyer b\u00e9n\u00e9ficient du dispositif. Le prix de la course est de 30 centimes du km. Un forfait de 3 \u20ac est demand\u00e9 lorsque la personne vit \u00e0 plus de 5 km du domicile du conducteur. Des conditions financi\u00e8res qui doivent \u00eatre appr\u00e9ciables pour tout le monde. L\u2019objectif est bien de conserver l\u2019aspect social et b\u00e9n\u00e9vole de la d\u00e9marche. <\/span><\/p>\n<p><span style=\"font-size: large;\">Un concept qui s\u00e9duit, puisque l\u2019an pass\u00e9, 44 personnes ont sollicit\u00e9 \u00ab\u00a0Accompagnement Solidaire\u00a0\u00bb pour un total de 196 voyages assur\u00e9s par dix chauffeurs. \u00ab\u00a0<i>Les gens qui nous appellent sont tous tr\u00e8s satisfaits de ce service\u00a0<\/i>\u00bb, se r\u00e9jouit Catherine Robert. Comme le confirme une habitante de Saulnay qui a eu recours par trois fois \u00e0 ce service. Toujours pour des raisons m\u00e9dicales. \u00ab\u00a0<i>J\u2019ai eu \u00e0 faire \u00e0 trois conducteurs diff\u00e9rents, tous tr\u00e8s gentils. Je n\u2019h\u00e9siterai pas \u00e0 l\u2019avenir \u00e0 les solliciter de nouveau\u00a0<\/i>\u00bb, explique-t-elle. <\/span><\/p>\n<p><span style=\"font-size: large;\">La satisfaction affich\u00e9e par les organisateurs et les utilisateurs de ce service laisse pr\u00e9sager un fort potentiel de d\u00e9veloppement. L\u2019\u00e9largissement du maillage est \u00e0 l\u2019\u00e9tude pour associer deux autres Communaut\u00e9 de Communes\u00a0: la <a href=\"https:\/\/cdc-mova.fr\/\">MOVA<\/a> (Marche Occitane Val d\u2019Anglin) et Val de l\u2019Indre Brenne et cr\u00e9er un poste pour recueillir les appels. <\/span><\/p>\n","protected":false},"excerpt":{"rendered":"<p>Depuis deux ans maintenant, l\u2019association Familles Rurales propose un service \u00e0 ses adh\u00e9rents\u00a0: les accompagner en voiture pour les aider \u00e0 effectuer les multiples d\u00e9marches du quotidien qui n\u00e9cessitent souvent de se d\u00e9placer loin de son domicile. Acc\u00e8s facile, co\u00fbt int\u00e9ressant, \u00ab\u00a0Accompagnement solidaire\u00a0\u00bb favorise aussi le lien social. \u00ab\u00a0Le transport solidaire n\u2019est pas nouveau. Je&hellip;&nbsp;<a href=\"https:\/\/www.brenne-au-coeur.com\/index.php\/2023\/04\/15\/accompagnement-solidaire-createur-de-lien-social\/communaute-de-communes\/4135\/\" rel=\"bookmark\">Lire la suite&nbsp;&raquo;<span class=\"screen-reader-text\">\u00ab\u00a0Accompagnement Solidaire\u00a0\u00bb: cr\u00e9ateur de lien social.<\/span><\/a><\/p>\n","protected":false},"author":1,"featured_media":4136,"comment_status":"open","ping_status":"open","sticky":false,"template":"","format":"standard","meta":{"rop_custom_images_group":[],"rop_custom_messages_group":[],"rop_publish_now":"initial","rop_publish_now_accounts":[],"rop_publish_now_history":[],"rop_publish_now_status":"pending","_monsterinsights_skip_tracking":false,"_monsterinsights_sitenote_active":false,"_monsterinsights_sitenote_note":"","_monsterinsights_sitenote_category":0,"neve_meta_sidebar":"","neve_meta_container":"","neve_meta_enable_content_width":"off","neve_meta_content_width":70,"neve_meta_title_alignment":"","neve_meta_author_avatar":"","neve_post_elements_order":"","neve_meta_disable_header":"","neve_meta_disable_footer":"","neve_meta_disable_title":"","_jetpack_memberships_contains_paid_content":false,"footnotes":"","jetpack_publicize_message":"","jetpack_publicize_feature_enabled":true,"jetpack_social_post_already_shared":true,"jetpack_social_options":{"image_generator_settings":{"template":"highway","default_image_id":0,"font":"","enabled":false},"version":2}},"categories":[85],"tags":[31],"class_list":["post-4135","post","type-post","status-publish","format-standard","has-post-thumbnail","hentry","category-communaute-de-communes","tag-associations"],"aioseo_notices":[],"jetpack_publicize_connections":[],"jetpack_featured_media_url":"https:\/\/www.brenne-au-coeur.com\/wp-content\/uploads\/2023\/04\/activite-accompagnement-solidaire.jpg","jetpack-related-posts":[],"jetpack_sharing_enabled":true,"_links":{"self":[{"href":"https:\/\/www.brenne-au-coeur.com\/index.php\/wp-json\/wp\/v2\/posts\/4135","targetHints":{"allow":["GET"]}}],"collection":[{"href":"https:\/\/www.brenne-au-coeur.com\/index.php\/wp-json\/wp\/v2\/posts"}],"about":[{"href":"https:\/\/www.brenne-au-coeur.com\/index.php\/wp-json\/wp\/v2\/types\/post"}],"author":[{"embeddable":true,"href":"https:\/\/www.brenne-au-coeur.com\/index.php\/wp-json\/wp\/v2\/users\/1"}],"replies":[{"embeddable":true,"href":"https:\/\/www.brenne-au-coeur.com\/index.php\/wp-json\/wp\/v2\/comments?post=4135"}],"version-history":[{"count":1,"href":"https:\/\/www.brenne-au-coeur.com\/index.php\/wp-json\/wp\/v2\/posts\/4135\/revisions"}],"predecessor-version":[{"id":4138,"href":"https:\/\/www.brenne-au-coeur.com\/index.php\/wp-json\/wp\/v2\/posts\/4135\/revisions\/4138"}],"wp:featuredmedia":[{"embeddable":true,"href":"https:\/\/www.brenne-au-coeur.com\/index.php\/wp-json\/wp\/v2\/media\/4136"}],"wp:attachment":[{"href":"https:\/\/www.brenne-au-coeur.com\/index.php\/wp-json\/wp\/v2\/media?parent=4135"}],"wp:term":[{"taxonomy":"category","embeddable":true,"href":"https:\/\/www.brenne-au-coeur.com\/index.php\/wp-json\/wp\/v2\/categories?post=4135"},{"taxonomy":"post_tag","embeddable":true,"href":"https:\/\/www.brenne-au-coeur.com\/index.php\/wp-json\/wp\/v2\/tags?post=4135"}],"curies":[{"name":"wp","href":"https:\/\/api.w.org\/{rel}","templated":true}]}}