{"id":4035,"date":"2023-03-11T15:09:29","date_gmt":"2023-03-11T14:09:29","guid":{"rendered":"https:\/\/www.brenne-au-coeur.com\/?p=4035"},"modified":"2023-03-11T15:09:29","modified_gmt":"2023-03-11T14:09:29","slug":"des-livres-et-des-combats","status":"publish","type":"post","link":"https:\/\/www.brenne-au-coeur.com\/index.php\/2023\/03\/11\/des-livres-et-des-combats\/communes\/mezieres-en-brenne\/4035\/","title":{"rendered":"Des livres et des combats"},"content":{"rendered":"<p><span style=\"color: #000000;\"><span style=\"font-family: Arial, sans-serif;\"><span style=\"font-size: large;\">La diversit\u00e9 des ouvrages pr\u00e9sent\u00e9s, lors de la derni\u00e8re r\u00e9union du club de lecture de M\u00e9zi\u00e8res, a n\u00e9anmoins plac\u00e9 cette rencontre litt\u00e9raire sous le signe des combats et des destin\u00e9es, souvent tragiques.<\/span><\/span><\/span><\/p>\n<p><span style=\"font-family: Arial, sans-serif;\"><span style=\"font-size: large;\"><span style=\"color: #000000;\"><i><b><a href=\"https:\/\/www.brenne-au-coeur.com\/wp-content\/uploads\/2023\/03\/CVT_Les-fossoyeurs_6448.jpg\" rel=\"lightbox[4035]\"><img loading=\"lazy\" decoding=\"async\" class=\"alignleft wp-image-4037 size-medium\" src=\"https:\/\/www.brenne-au-coeur.com\/wp-content\/uploads\/2023\/03\/CVT_Les-fossoyeurs_6448-186x300.jpg\" alt=\"\" width=\"186\" height=\"300\" srcset=\"https:\/\/www.brenne-au-coeur.com\/wp-content\/uploads\/2023\/03\/CVT_Les-fossoyeurs_6448-186x300.jpg 186w, https:\/\/www.brenne-au-coeur.com\/wp-content\/uploads\/2023\/03\/CVT_Les-fossoyeurs_6448-93x150.jpg 93w, https:\/\/www.brenne-au-coeur.com\/wp-content\/uploads\/2023\/03\/CVT_Les-fossoyeurs_6448.jpg 250w\" sizes=\"auto, (max-width: 186px) 100vw, 186px\" \/><\/a>Les fossoyeurs.<\/b><\/i><\/span> <b>Victor Castanet.<\/b><\/span><\/span><\/p>\n<p><span style=\"font-family: Arial, sans-serif;\"><span style=\"font-size: large;\">Enqu\u00eate. 2022. Editeur Fayard. 383 pages. Prix Albert Londres 2022.<\/span><\/span><\/p>\n<p><span style=\"font-family: Arial, sans-serif;\"><span style=\"font-size: large;\"><i><b>Pour Yvette, \u00ab\u00a0l\u2019auteur est quelqu\u2019un de courageux. Il a subi des pressions. Une proposition de quinze millions d\u2019euros lui a \u00e9t\u00e9 faite pour ne pas sortir ce livre.\u00a0\u00bb<\/b><\/i><\/span><\/span><\/p>\n<p><span style=\"font-family: Arial, sans-serif;\"><span style=\"font-size: large;\">Apr\u00e8s trois ans d\u2019investigations, Victor Castanet livre une plong\u00e9e inqui\u00e9tante dans les secrets du groupe Orp\u00e9a, leader mondial des Ehpad et des cliniques. Truff\u00e9 de r\u00e9v\u00e9lations spectaculaires, ce r\u00e9cit haletant et \u00e9mouvant met au jour de multiples d\u00e9rives, bien loin du d\u00e9vouement des \u00e9quipes d\u2019aidants et de soignants, majoritairement attach\u00e9es au soutien des plus fragiles.<br \/>\nPersonnes \u00e2g\u00e9es maltrait\u00e9es, salari\u00e9s malmen\u00e9s, acrobaties comptables, argent public dilapid\u00e9\u2026 Nous sommes tous concern\u00e9s.<\/span><\/span><\/p>\n<p align=\"justify\">\n<p><span style=\"font-family: Arial, sans-serif;\"><span style=\"font-size: large;\">Trois ans d\u2019investigations, 250 t\u00e9moins, le courage d\u2019une poign\u00e9e de lanceurs d\u2019alerte, des dizaines de documents explosifs, plusieurs personnalit\u00e9s impliqu\u00e9es\u2026<br \/>\nVoici une plong\u00e9e inqui\u00e9tante dans les secrets du groupe Orp\u00e9a, leader mondial des Ehpad et des cliniques.<\/p>\n<p>Victor Castanet est journaliste d\u2019investigation ind\u00e9pendant. Durant trois ans, il a r\u00e9sist\u00e9 \u00e0 toutes les pressions pour livrer ce document \u00e9prouvant, tirant peu \u00e0 peu les ficelles d\u2019une incroyable enqu\u00eate. Au nom de son grand-p\u00e8re.<\/span><\/span><\/p>\n<p><span style=\"font-family: Arial, sans-serif;\"><span style=\"font-size: large;\"><span style=\"color: #000000;\"><i><b><a href=\"https:\/\/www.brenne-au-coeur.com\/wp-content\/uploads\/2023\/03\/CVT_Une-Femme_3007.jpg\" rel=\"lightbox[4035]\"><img loading=\"lazy\" decoding=\"async\" class=\"alignright wp-image-4041 size-medium\" src=\"https:\/\/www.brenne-au-coeur.com\/wp-content\/uploads\/2023\/03\/CVT_Une-Femme_3007-188x300.jpg\" alt=\"\" width=\"188\" height=\"300\" srcset=\"https:\/\/www.brenne-au-coeur.com\/wp-content\/uploads\/2023\/03\/CVT_Une-Femme_3007-188x300.jpg 188w, https:\/\/www.brenne-au-coeur.com\/wp-content\/uploads\/2023\/03\/CVT_Une-Femme_3007-94x150.jpg 94w, https:\/\/www.brenne-au-coeur.com\/wp-content\/uploads\/2023\/03\/CVT_Une-Femme_3007.jpg 250w\" sizes=\"auto, (max-width: 188px) 100vw, 188px\" \/><\/a>Une femme.<\/b><\/i><\/span> <b>Annie Ernaux.<\/b> <\/span><\/span><\/p>\n<p><span style=\"font-family: Arial, sans-serif;\"><span style=\"font-size: large;\">Roman. 1987. Editeur\u00a0: Gallimard. 105 pages.<\/span><\/span><\/p>\n<p><span style=\"font-family: Arial, sans-serif;\"><span style=\"font-size: large;\"><i><b>\u00ab\u00a0Un texte fort qui retrace la destin\u00e9e d\u2019une femme et traite de la complexit\u00e9 des sentiments\u00a0\u00bb a estim\u00e9 Philippe<\/b><\/i><\/span><\/span><\/p>\n<p><span style=\"font-family: Arial, sans-serif;\"><span style=\"font-size: large;\">Apr\u00e8s avoir \u00e9crit sur la mort de son p\u00e8re dans \u00ab\u00a0La place\u00a0\u00bb, Annie Ernaux r\u00e9cidive avec la perte de sa m\u00e8re &#8211; \u00ab\u00a0Une femme\u00a0\u00bb. Parler de la femme de son imaginaire, mais aussi la femme r\u00e9elle, celle qui a exist\u00e9 en dehors d&rsquo;elle, mettre en mots le portrait d&rsquo;une femme, comme pour \u00ab\u00a0mettre au monde sa m\u00e8re\u00a0\u00bb. Dessiner le parcours de celle-ci, son enfance en Normandie, son milieu modeste, ouvrier, la volont\u00e9 de s&rsquo;\u00e9lever, d&rsquo;\u00eatre commer\u00e7ante, indispensable pour les autres, mais \u00eatre au-dessus. Pousser sa fille \u00e0 faire des \u00e9tudes, \u00e0 r\u00e9ussir, \u00e0 s&rsquo;en sortir et basculer dans le monde bourgeois, d&rsquo;o\u00f9 vicieusement la m\u00e8re se sentira exclue, flou\u00e9e, d\u00e9\u00e7ue, etc&#8230;<br \/>\n<\/span><\/span><\/p>\n<p><span style=\"font-family: Arial, sans-serif;\"><span style=\"font-size: large;\">Le portrait qu&rsquo;Annie Ernaux fait de sa m\u00e8re est \u00e9crit au plus juste, sans tendance lacrymale, contrairement \u00e0 \u00ab\u00a0Une place\u00a0\u00bb qui m&rsquo;avait davantage touch\u00e9e. \u00ab\u00a0Une femme\u00a0\u00bb est aussi tendre et attendrissant, toutefois la maladie de la m\u00e8re laisse une tra\u00een\u00e9e presque am\u00e8re. Cette femme forte et lumineuse devenue d\u00e9mente&#8230; dit-elle. Dans un autre livre (\u00ab\u00a0Je ne suis pas sortie de ma nuit\u00a0\u00bb) l&rsquo;auteur s&rsquo;\u00e9tend plus \u00e0 ce sujet. Il y a cependant de tr\u00e8s beaux passages sur cette maman, quitt\u00e9e la veille devant Jacques Martin pour apprendre sa mort le lendemain \u00e0 dix heures. La honte, la col\u00e8re, le ras-le-bol, la culpabilit\u00e9&#8230; c&rsquo;est une petite fille qui parle aujourd&rsquo;hui, qui se sent seule et abandonn\u00e9e, orpheline. Aussi ce livre est une tr\u00e8s belle d\u00e9claration d&rsquo;amour, pleine de d\u00e9licatesse et d&rsquo;acuit\u00e9. \u00ab\u00a0Il fallait que ma m\u00e8re, n\u00e9e dans un milieu domin\u00e9, dont elle a voulu sortir, devienne histoire pour que je me sente moins seule et factice dans le monde dominant des mots et des id\u00e9es o\u00f9, selon son d\u00e9sir, je suis pass\u00e9e\u00a0\u00bb. Juste monnaie de la pi\u00e8ce&#8230; <\/span><\/span><\/p>\n<figure id=\"attachment_4036\" aria-describedby=\"caption-attachment-4036\" style=\"width: 225px\" class=\"wp-caption alignleft\"><a href=\"https:\/\/www.brenne-au-coeur.com\/wp-content\/uploads\/2023\/03\/aglais-nettoyer-france-2.resized.jpg\" rel=\"lightbox[4035]\"><img loading=\"lazy\" decoding=\"async\" class=\"wp-image-4036 size-medium\" src=\"https:\/\/www.brenne-au-coeur.com\/wp-content\/uploads\/2023\/03\/aglais-nettoyer-france-2.resized-225x300.jpg\" alt=\"\" width=\"225\" height=\"300\" srcset=\"https:\/\/www.brenne-au-coeur.com\/wp-content\/uploads\/2023\/03\/aglais-nettoyer-france-2.resized-225x300.jpg 225w, https:\/\/www.brenne-au-coeur.com\/wp-content\/uploads\/2023\/03\/aglais-nettoyer-france-2.resized-113x150.jpg 113w, https:\/\/www.brenne-au-coeur.com\/wp-content\/uploads\/2023\/03\/aglais-nettoyer-france-2.resized.jpg 346w\" sizes=\"auto, (max-width: 225px) 100vw, 225px\" \/><\/a><figcaption id=\"caption-attachment-4036\" class=\"wp-caption-text\">dav<\/figcaption><\/figure>\n<p><span style=\"font-family: Arial, sans-serif;\"><span style=\"font-size: large;\"><span style=\"color: #000000;\"><i><b>L\u2019Anglais qui voulait n<\/b><\/i><\/span><span style=\"color: #000000;\"><i><b>ettoyer la France. <\/b><\/i><\/span><b>Edmund Platt Natacha Neveu.<\/b> <\/span><\/span><\/p>\n<p><span style=\"font-family: Arial, sans-serif;\"><span style=\"font-size: large;\">2021. Editions Librinova.<\/span><\/span><\/p>\n<p><span style=\"color: #000000;\"><span style=\"font-family: Arial, sans-serif;\"><span style=\"font-size: large;\"><i><b>\u00ab\u00a0L\u2019enthousiasme de cet anglais est communicatif et responsabilisant. On ne regarde plus les d\u00e9chets de la m\u00eame fa\u00e7on apr\u00e8s avoir lu ce livre\u00a0\u00bb a conc\u00e9d\u00e9 Philippe.<\/b><\/i><\/span><\/span><\/span><\/p>\n<p><span style=\"font-family: Arial, sans-serif;\"><span style=\"font-size: large;\">En 2017, Edmund Platt, alias l\u2019Escargot Anglais, s\u2019est lanc\u00e9 dans un tour de France de 8. 000 kilom\u00e8tres en auto-stop pour ramasser les d\u00e9chets que <\/span><\/span><strong><span style=\"font-family: Arial, sans-serif;\"><span style=\"font-size: large;\">1 Fran\u00e7ais sur 3<\/span><\/span><\/strong><span style=\"font-family: Arial, sans-serif;\"><span style=\"font-size: large;\"> jette chaque jour de sa voiture.<\/span><\/span><\/p>\n<p><span style=\"font-family: Arial, sans-serif;\"><span style=\"font-size: large;\">D\u00e9termin\u00e9 \u00e0 d\u00e9noncer haut et fort le probl\u00e8me des d\u00e9chets et son impact d\u00e9sastreux sur la plan\u00e8te, tout comme celui du plastique qui \u00e9touffe nos oc\u00e9ans et notre soci\u00e9t\u00e9 de consommation d\u00e9faillante, Eddie d\u00e9livre un message <\/span><\/span><strong><span style=\"font-family: Arial, sans-serif;\"><span style=\"font-size: large;\">honn\u00eate, juste, extr\u00eamement puissant et plein de v\u00e9rit\u00e9s qui d\u00e9rangent<\/span><\/span><\/strong><span style=\"font-family: Arial, sans-serif;\"><span style=\"font-size: large;\">. Tr\u00e8s attendu par les m\u00e9dias et les fans, son premier livre d\u00e9taille l\u2019essentiel de son p\u00e9riple sur les routes du pays des cuisses de grenouilles et de l\u2019ap\u00e9ro. Seul avec son sac \u00e0 dos, sa pince \u00e0 d\u00e9chets et son insatiable soif de bi\u00e8re, l\u2019Escargot Anglais a voyag\u00e9 pendant trois mois autour de l&rsquo;Hexagone. Son r\u00e9cit chamboulera votre mani\u00e8re de voir la vie, et peut-\u00eatre m\u00eame vos priorit\u00e9s. <\/span><\/span><strong><span style=\"font-family: Arial, sans-serif;\"><span style=\"font-size: large;\">Le temps, ce n\u2019est pas de l\u2019argent. C\u2019est bien plus pr\u00e9cieux que \u00e7a, bordel de merde&nbsp;!<\/span><\/span><\/strong><\/p>\n<p><span style=\"font-family: Arial, sans-serif;\"><span style=\"font-size: large;\">Ce livre est une aventure humaine, une montagne russe parsem\u00e9e de rebondissements auxquels n&rsquo;importe qui peut s\u2019identifier. <strong>Riche en spontan\u00e9it\u00e9, amusant et r\u00e9v\u00e9lateur<\/strong>, <i>L\u2019Anglais qui voulait nettoyer la France<\/i> est la gifle et le coup de fouet ultimes dont nous avons tous besoin <\/span><\/span><\/p>\n<p>&nbsp;<\/p>\n<p><span style=\"font-family: Arial, sans-serif;\"><span style=\"font-size: large;\"><span style=\"color: #000000;\"><i><b><a href=\"https:\/\/www.brenne-au-coeur.com\/wp-content\/uploads\/2023\/03\/CVT_Autant-en-emporte-le-vent_1635.jpg\" rel=\"lightbox[4035]\"><img loading=\"lazy\" decoding=\"async\" class=\"alignright wp-image-4042 size-medium\" src=\"https:\/\/www.brenne-au-coeur.com\/wp-content\/uploads\/2023\/03\/CVT_Autant-en-emporte-le-vent_1635-225x300.jpg\" alt=\"\" width=\"225\" height=\"300\" srcset=\"https:\/\/www.brenne-au-coeur.com\/wp-content\/uploads\/2023\/03\/CVT_Autant-en-emporte-le-vent_1635-225x300.jpg 225w, https:\/\/www.brenne-au-coeur.com\/wp-content\/uploads\/2023\/03\/CVT_Autant-en-emporte-le-vent_1635-113x150.jpg 113w, https:\/\/www.brenne-au-coeur.com\/wp-content\/uploads\/2023\/03\/CVT_Autant-en-emporte-le-vent_1635.jpg 250w\" sizes=\"auto, (max-width: 225px) 100vw, 225px\" \/><\/a>Autant en apporte le vent.<\/b><\/i><\/span> <b>Margaret Mitchell.<\/b> <\/span><\/span><\/p>\n<p><span style=\"font-family: Arial, sans-serif;\"><span style=\"font-size: large;\">Roman historique.1936. Editeur\u00a0:Gallimard. 1936. 1407 pages.<\/span><\/span><\/p>\n<p><span style=\"font-family: Arial, sans-serif;\"><span style=\"font-size: large;\"><i><b>\u00ab\u00a0En lisant ce livre on se dit que d\u00e9cid\u00e9ment le sud ne pouvait pas gagner la guerre de S\u00e9cession\u00a0\u00bb a rappel\u00e9 Jean<\/b><\/i><\/span><\/span><\/p>\n<p><span style=\"font-family: Arial, sans-serif;\"><span style=\"font-size: large;\">Best-seller absolu depuis sa parution en 1936&nbsp;! En pleine guerre de S\u00e9cession, la ravissante et tr\u00e8s d\u00e9termin\u00e9e Scarlett O&rsquo;Hara voit le bel avenir qui lui \u00e9tait r\u00e9serv\u00e9 \u00e0 jamais ravag\u00e9. Dou\u00e9e d&rsquo;une \u00e9nergie peu commune, elle va se battre sur tous les fronts, dans la G\u00e9orgie en feu, pour sauver la terre et le domaine paternels&nbsp;: Tara. Ses amours&nbsp;? Le fragile et distingu\u00e9 Ashley Wilkes et Rhett Butler, forceur de blocus et s\u00e9duisante canaille, attir\u00e9 par Scarlett parce qu&rsquo;elle n&rsquo;a pas plus de scrupules que lui&#8230; Amours romantiques, violentes, impossibles, rythment ce grand moment de l&rsquo;histoire am\u00e9ricaine, le drame du Sud. <\/span><\/span><\/p>\n<p><span style=\"font-family: Arial, sans-serif;\"><span style=\"font-size: large;\"><span style=\"color: #000000;\"><i><b><a href=\"https:\/\/www.brenne-au-coeur.com\/wp-content\/uploads\/2023\/03\/CVT_Impact_7978.jpg\" rel=\"lightbox[4035]\"><img loading=\"lazy\" decoding=\"async\" class=\"alignleft wp-image-4040 size-medium\" src=\"https:\/\/www.brenne-au-coeur.com\/wp-content\/uploads\/2023\/03\/CVT_Impact_7978-187x300.jpg\" alt=\"\" width=\"187\" height=\"300\" srcset=\"https:\/\/www.brenne-au-coeur.com\/wp-content\/uploads\/2023\/03\/CVT_Impact_7978-187x300.jpg 187w, https:\/\/www.brenne-au-coeur.com\/wp-content\/uploads\/2023\/03\/CVT_Impact_7978-93x150.jpg 93w, https:\/\/www.brenne-au-coeur.com\/wp-content\/uploads\/2023\/03\/CVT_Impact_7978.jpg 249w\" sizes=\"auto, (max-width: 187px) 100vw, 187px\" \/><\/a>Impact.<\/b><\/i><\/span> <b>Olivier Norek.<\/b> <\/span><\/span><\/p>\n<p><span style=\"font-family: Arial, sans-serif;\"><span style=\"font-size: large;\">Roman policier. Editeur\u00a0: Lafon. 343 pages. Livre de la BDI, <span style=\"color: #000000;\">actuellement \u00e0 la M\u00e9diath\u00e8que de M\u00e9zi\u00e8res. Largevision.<\/span><\/span><\/span><\/p>\n<p><span style=\"font-family: Arial, sans-serif;\"><span style=\"font-size: large;\"><i><b>Martine a soulign\u00e9 \u00ab\u00a0l\u2019efficacit\u00e9 du genre. Un policier pour d\u00e9noncer les probl\u00e8mes environnementaux\u00a0\u00bb<\/b><\/i><\/span><\/span><\/p>\n<p>&nbsp;<\/p>\n<p><span style=\"font-family: Arial, sans-serif;\"><span style=\"font-size: large;\">Ce n\u2019est pas vraiment une dystopie, ni\u00a0un \u00ab\u00a0romanqu\u00eate\u00a0\u00bb, mais un peu les deux \u00e0\u00a0la fois. Fond\u00e9 sur un impressionnant travail de documentation, <em>Impact,<\/em> le sixi\u00e8me roman d\u2019Olivier Norek, recense et accole toutes les manifestations du d\u00e9r\u00e8glement climatique de la derni\u00e8re d\u00e9cennie pour imaginer une France en pleine crise, \u00e0 l\u2019aube de l\u2019\u00e9lection pr\u00e9sidentielle de 2022.<\/span><\/span><\/p>\n<p><span style=\"font-family: Arial, sans-serif;\"><span style=\"font-size: large;\">Virgil Solal, soldat des forces sp\u00e9ciales, sait \u00e0 quel point ce monde (pr\u00e9) apocalyptique peut \u00eatre dangereux. Sa fille est mort-n\u00e9e \u00e0\u00a0cause de la pollution atmosph\u00e9rique. Il d\u00e9cide donc de faire payer ceux qu\u2019il tient pour responsables\u00a0: les grands \u00adpatrons, les financiers, les politiques. Il devient alors un \u00e9coterroriste \u00e0 la t\u00eate de\u00a0Greenwar (sorte de branche arm\u00e9e de Greenpeace) dont la population soutient l\u2019action.<\/span><\/span><\/p>\n<p><span style=\"font-family: Arial, sans-serif;\"><span style=\"font-size: large;\">Journal Le Monde.<\/span><\/span><\/p>\n<p><span style=\"font-family: Arial, sans-serif;\"><span style=\"font-size: large;\">Biographie de l\u2019auteur.<\/span><\/span><\/p>\n<p><span style=\"font-family: Arial, sans-serif;\"><span style=\"font-size: large;\">Capitaine de la police judiciaire pendant dix-huit ans, Olivier Norek est l&rsquo;auteur de quatre polars &#8211;\u00a0<i>Code 93, Territoires, Surtensions<\/i> et <i>Surface<\/i>\u00a0-, qui ont re\u00e7u plusieurs prix litt\u00e9raires prestigieux et ont \u00e9t\u00e9 traduits dans de nombreux pays.<br \/>\nMais ce n&rsquo;est pas pour rien que cet \u00e9crivain s&rsquo;est lanc\u00e9 dans l&rsquo;humanitaire avant de devenir policier. R\u00e9guli\u00e8rement lui prend l&rsquo;envie de s&rsquo;attaquer \u00e0 des probl\u00e8mes sociaux, comme ce fut le cas dans <i>Entre deux mondes<\/i>, bouleversant roman salu\u00e9 par la critique. Avec <i>Impact<\/i>, il va plus loin\u00a0: son enqu\u00eate s&rsquo;\u00e9tend au monde entier et concerne notre survie. <\/span><\/span><\/p>\n<p><span style=\"font-family: Arial, sans-serif;\"><span style=\"font-size: large;\"><span style=\"color: #000000;\"><i><b><a href=\"https:\/\/www.brenne-au-coeur.com\/wp-content\/uploads\/2023\/03\/CVT_Berezina_2019.jpg\" rel=\"lightbox[4035]\"><img loading=\"lazy\" decoding=\"async\" class=\"alignright wp-image-4043 size-medium\" src=\"https:\/\/www.brenne-au-coeur.com\/wp-content\/uploads\/2023\/03\/CVT_Berezina_2019-190x300.jpg\" alt=\"\" width=\"190\" height=\"300\" srcset=\"https:\/\/www.brenne-au-coeur.com\/wp-content\/uploads\/2023\/03\/CVT_Berezina_2019-190x300.jpg 190w, https:\/\/www.brenne-au-coeur.com\/wp-content\/uploads\/2023\/03\/CVT_Berezina_2019-95x150.jpg 95w, https:\/\/www.brenne-au-coeur.com\/wp-content\/uploads\/2023\/03\/CVT_Berezina_2019.jpg 210w\" sizes=\"auto, (max-width: 190px) 100vw, 190px\" \/><\/a>La Ber<\/b><\/i><\/span><span style=\"color: #000000;\"><i><b>e<\/b><\/i><\/span><span style=\"color: #000000;\"><i><b>zina.<\/b><\/i><\/span><b> <\/b><span style=\"color: #000000;\"><b>Sy<\/b><\/span><span style=\"color: #000000;\"><b>l<\/b><\/span><span style=\"color: #000000;\"><b>vain<\/b><\/span><b> Tesson. en audio. 4 heures<\/b><\/span><\/span><\/p>\n<p><span style=\"font-family: Arial, sans-serif;\"><span style=\"font-size: large;\"><i><b>\u00ab\u00a0Cette mani\u00e8re de pr\u00e9senter des faits, rend le t\u00e9moignage affreux et doublement int\u00e9ressant\u00a0\u00bb, selon Gilles.<\/b><\/i><\/span><\/span><\/p>\n<p><span style=\"font-family: Arial, sans-serif;\"><span style=\"font-size: large;\">Sylvain Tesson\u00a0 raconte son voyage en side-car de Moscou \u00e0 Paris, sur les traces de Napol\u00e9on, 200 ans, presque jour pour jour, apr\u00e8s la retraite de Russie. La d\u00e9b\u00e2cle tragique de l&rsquo;arm\u00e9e fran\u00e7aise, les tourments des soldats, les \u00e9tapes du parcours (Smolensk, Minsk, la Berezina, Vilnius, etc.) sont relat\u00e9s. <\/span><\/span><\/p>\n<p><span style=\"font-family: Arial, sans-serif;\"><span style=\"font-size: large;\"><span style=\"color: #000000;\"><i><b><a href=\"https:\/\/www.brenne-au-coeur.com\/wp-content\/uploads\/2023\/03\/CVT_Un-long-si-long-apres-midi_378.jpg\" rel=\"lightbox[4035]\"><img loading=\"lazy\" decoding=\"async\" class=\"alignleft wp-image-4039 size-medium\" src=\"https:\/\/www.brenne-au-coeur.com\/wp-content\/uploads\/2023\/03\/CVT_Un-long-si-long-apres-midi_378-198x300.jpg\" alt=\"\" width=\"198\" height=\"300\" srcset=\"https:\/\/www.brenne-au-coeur.com\/wp-content\/uploads\/2023\/03\/CVT_Un-long-si-long-apres-midi_378-198x300.jpg 198w, https:\/\/www.brenne-au-coeur.com\/wp-content\/uploads\/2023\/03\/CVT_Un-long-si-long-apres-midi_378-99x150.jpg 99w, https:\/\/www.brenne-au-coeur.com\/wp-content\/uploads\/2023\/03\/CVT_Un-long-si-long-apres-midi_378.jpg 250w\" sizes=\"auto, (max-width: 198px) 100vw, 198px\" \/><\/a>Un long, si long apr\u00e8s-midi. Les endroits les lumineux abritent les secrets les plus sombres.<\/b><\/i><\/span> <b>Inga Vesper.<\/b> <\/span><\/span><\/p>\n<p><span style=\"font-family: Arial, sans-serif;\"><span style=\"font-size: large;\">Roman policier. Editions de la Martini\u00e8re. 408 pages<span style=\"color: #3465a4;\">. <\/span><span style=\"color: #000000;\">Livre de la BDI, actuellement \u00e0 Azay le Ferron.<\/span><\/span><\/span><\/p>\n<p><span style=\"font-family: Arial, sans-serif;\"><span style=\"font-size: large;\"><i><b>\u00ab\u00a0Un beau roman, pour moi qui n\u2019en lis pas beaucoup\u00a0\u00bb a pr\u00e9cis\u00e9 Michel<\/b><\/i><\/span><\/span><\/p>\n<p><span style=\"font-family: Arial, sans-serif;\"><span style=\"font-size: large;\">Dans un quartier riche et ensoleill\u00e9 de Los Angeles, tout semble parfait. Mais la perfection n\u2019existe pas, et l\u00e0 o\u00f9 il y a soleil, il y a ombre.<br \/>\nSecrets et trag\u00e9dies se cachent \u00e0 chaque coin de rue.<br \/>\nDans une veine qui rappelle \u00ab&nbsp;La Couleur des sentiments&nbsp;\u00bb ou \u00ab&nbsp;Desperate Housewives&nbsp;\u00bb, \u00ab&nbsp;Un long, si long apr\u00e8s-midi&nbsp;\u00bb est un premier roman \u00e9poustouflant au c\u0153ur d\u2019une Am\u00e9rique asphyxi\u00e9e par son sexisme et son racisme ordinaires.<br \/>\n\u00ab&nbsp;Hier, j\u2019ai embrass\u00e9 mon mari pour la derni\u00e8re fois. Il ne le sait pas, bien-s\u00fbr. Pas encore. En r\u00e9alit\u00e9, j\u2019ai du mal \u00e0 y croire moi-m\u00eame. Pourtant, quand je me suis r\u00e9veill\u00e9e ce matin, j\u2019ai su que c\u2019\u00e9tait vrai.&nbsp;\u00bb<br \/>\nC\u2019est l\u2019\u00e9t\u00e9 1959, les pelouses bien taill\u00e9es de Sunnylakes, en Californie, cuisent sous le soleil. Dans la chaleur \u00e9touffante d\u2019une trop longue apr\u00e8s-midi, Joyce, une m\u00e8re de famille comme on en rencontre dans les belles histoires du r\u00eave am\u00e9ricain, s\u2019ennuie. Ses enfants crient, son mari va bient\u00f4t rentrer, les minutes rampent comme des limaces.<br \/>\nRuby, la femme de m\u00e9nage de Joyce, rejoint la maison o\u00f9 elle doit effectuer ses derni\u00e8res heures de travail de la journ\u00e9e. Mais Joyce a disparu et ne subsiste plus dans la cuisine qu\u2019une mince t\u00e2che de sang sur le sol.<br \/>\nOn suspecte un crime, la femme de m\u00e9nage noire et c\u00e9libataire est toujours la meilleure des suspectes. Le fusible \u00e0 faire sauter pour \u00e9viter que n\u2019explose le grand miroir des faux semblants. Si ce n\u2019est que Ruby a d\u00e9cid\u00e9 de se saisir de son propre sort. L\u2019\u00e9mancipation f\u00e9minine et raciale n\u2019est pas encore \u00e0 la mode, mais elle est d\u00e9termin\u00e9e \u00e0 faire entendre sa voix. <\/span><\/span><\/p>\n<p><span style=\"font-family: Arial, sans-serif;\"><span style=\"font-size: large;\"><span style=\"color: #000000;\"><i><b><a href=\"https:\/\/www.brenne-au-coeur.com\/wp-content\/uploads\/2023\/03\/CVT_LOdyssee-dHakim-tome-1-De-la-Syrie-a-la-Turqui_8981.jpg\" rel=\"lightbox[4035]\"><img loading=\"lazy\" decoding=\"async\" class=\"alignright wp-image-4038 size-full\" src=\"https:\/\/www.brenne-au-coeur.com\/wp-content\/uploads\/2023\/03\/CVT_LOdyssee-dHakim-tome-1-De-la-Syrie-a-la-Turqui_8981.jpg\" alt=\"\" width=\"195\" height=\"272\" srcset=\"https:\/\/www.brenne-au-coeur.com\/wp-content\/uploads\/2023\/03\/CVT_LOdyssee-dHakim-tome-1-De-la-Syrie-a-la-Turqui_8981.jpg 195w, https:\/\/www.brenne-au-coeur.com\/wp-content\/uploads\/2023\/03\/CVT_LOdyssee-dHakim-tome-1-De-la-Syrie-a-la-Turqui_8981-108x150.jpg 108w\" sizes=\"auto, (max-width: 195px) 100vw, 195px\" \/><\/a>L\u2019O<\/b><\/i><\/span><span style=\"color: #000000;\"><i><b>d<\/b><\/i><\/span><span style=\"color: #000000;\"><i><b>yss\u00e9e d\u2019Hakim.<\/b><\/i><\/span> Fabien Toulm\u00e9. <\/span><\/span><\/p>\n<p><span style=\"font-family: Arial, sans-serif;\"><span style=\"font-size: large;\">Bandes dessin\u00e9es. 2020. Editeur\u00a0: Delcourt. <span style=\"color: #000000;\">Livre<\/span><span style=\"color: #000000;\">s<\/span><span style=\"color: #000000;\"> de la BDI, <\/span><span style=\"color: #000000;\">les 3 volumes <\/span><span style=\"color: #000000;\">actuellement \u00e0 la M\u00e9diath\u00e8que de M\u00e9zi\u00e8res.<\/span><\/span><\/span><\/p>\n<p><span style=\"font-family: Arial, sans-serif;\"><span style=\"font-size: large;\"><span style=\"color: #000000;\"><i><b>L&rsquo; odyss\u00e9e d&rsquo;Hakim .<\/b><\/i><\/span> <span style=\"color: #000000;\">(<\/span><span style=\"color: #000000;\"><b>1<\/b><\/span><span style=\"color: #000000;\"><b>)<\/b><\/span>, De la Syrie \u00e0 la Turquie .<br \/>\nR\u00e9sum\u00e9 Hakim, jeune Syrien, raconte les circonstances qui l&rsquo;ont conduit \u00e0 quitter les siens pendant la guerre en Syrie et \u00e0 chercher refuge en Turquie. Prix R\u00e9gion Centre, Val-de-Loire 2018 (BD Boum). <\/span><\/span><\/p>\n<p><span style=\"font-family: Arial, sans-serif;\"><span style=\"font-size: large;\"><span style=\"color: #000000;\"><i><b>L\u2019odyss\u00e9e d\u2019Hakim<\/b><\/i><\/span><b> <\/b><span style=\"color: #000000;\"><b>(<\/b><\/span><span style=\"color: #000000;\"><b>2<\/b><\/span><span style=\"color: #000000;\"><b>)<\/b><\/span><\/span><\/span><\/p>\n<p><span style=\"font-family: Arial, sans-serif;\"><span style=\"font-size: large;\">En Turquie, Hakim et sa femme Najmeh, r\u00e9fugi\u00e9s syriens, ont un fils, Hadi. De nouvelles difficult\u00e9s s\u00e9parent la famille et Hakim se retrouve seul avec son enfant. Il d\u00e9cide de faire appel \u00e0 des passeurs pour traverser la M\u00e9diterran\u00e9e sur un canot de fortune.<br \/>\n<\/span><\/span><\/p>\n<p><span style=\"font-family: Arial, sans-serif;\"><span style=\"font-size: large;\"><span style=\"color: #000000;\"><i><b>L\u2019odyss\u00e9e d\u2019<\/b><\/i><\/span><span style=\"color: #000000;\"><i><b>H<\/b><\/i><\/span><span style=\"color: #000000;\"><i><b>akim<\/b><\/i><\/span><b> <\/b><span style=\"color: #000000;\"><b>(<\/b><\/span><span style=\"color: #000000;\"><b> 3<\/b><\/span><span style=\"color: #000000;\"><b>)<\/b><\/span> <\/span><\/span><\/p>\n<p><span style=\"font-family: Arial, sans-serif;\"><span style=\"font-size: large;\">Enfin arriv\u00e9s en Europe sain et saufs, Hakim et son fils Hadi affrontent d\u00e9sormais le rejet et la x\u00e9nophobie ambiante sur le chemin qui les m\u00e8ne \u00e0 la France mais rencontrent aussi des inconnus qui leur viennent en aide. Dernier tome de la s\u00e9rie.<\/span><\/span><\/p>\n","protected":false},"excerpt":{"rendered":"<p>La diversit\u00e9 des ouvrages pr\u00e9sent\u00e9s, lors de la derni\u00e8re r\u00e9union du club de lecture de M\u00e9zi\u00e8res, a n\u00e9anmoins plac\u00e9 cette rencontre litt\u00e9raire sous le signe des combats et des destin\u00e9es, souvent tragiques. Les fossoyeurs. Victor Castanet. Enqu\u00eate. 2022. Editeur Fayard. 383 pages. Prix Albert Londres 2022. Pour Yvette, \u00ab\u00a0l\u2019auteur est quelqu\u2019un de courageux. Il a&hellip;&nbsp;<a href=\"https:\/\/www.brenne-au-coeur.com\/index.php\/2023\/03\/11\/des-livres-et-des-combats\/communes\/mezieres-en-brenne\/4035\/\" rel=\"bookmark\">Lire la suite&nbsp;&raquo;<span class=\"screen-reader-text\">Des livres et des combats<\/span><\/a><\/p>\n","protected":false},"author":1,"featured_media":4043,"comment_status":"open","ping_status":"open","sticky":false,"template":"","format":"standard","meta":{"rop_custom_images_group":[],"rop_custom_messages_group":[],"rop_publish_now":"initial","rop_publish_now_accounts":[],"rop_publish_now_history":[],"rop_publish_now_status":"pending","_monsterinsights_skip_tracking":false,"_monsterinsights_sitenote_active":false,"_monsterinsights_sitenote_note":"","_monsterinsights_sitenote_category":0,"neve_meta_sidebar":"","neve_meta_container":"","neve_meta_enable_content_width":"off","neve_meta_content_width":70,"neve_meta_title_alignment":"","neve_meta_author_avatar":"","neve_post_elements_order":"","neve_meta_disable_header":"","neve_meta_disable_footer":"","neve_meta_disable_title":"","_jetpack_memberships_contains_paid_content":false,"footnotes":"","jetpack_publicize_message":"","jetpack_publicize_feature_enabled":true,"jetpack_social_post_already_shared":true,"jetpack_social_options":{"image_generator_settings":{"template":"highway","default_image_id":0,"font":"","enabled":false},"version":2}},"categories":[59,12],"tags":[39],"class_list":["post-4035","post","type-post","status-publish","format-standard","has-post-thumbnail","hentry","category-mediatheque","category-mezieres-en-brenne","tag-litterature"],"aioseo_notices":[],"jetpack_publicize_connections":[],"jetpack_featured_media_url":"https:\/\/www.brenne-au-coeur.com\/wp-content\/uploads\/2023\/03\/CVT_Berezina_2019.jpg","jetpack-related-posts":[],"jetpack_sharing_enabled":true,"_links":{"self":[{"href":"https:\/\/www.brenne-au-coeur.com\/index.php\/wp-json\/wp\/v2\/posts\/4035","targetHints":{"allow":["GET"]}}],"collection":[{"href":"https:\/\/www.brenne-au-coeur.com\/index.php\/wp-json\/wp\/v2\/posts"}],"about":[{"href":"https:\/\/www.brenne-au-coeur.com\/index.php\/wp-json\/wp\/v2\/types\/post"}],"author":[{"embeddable":true,"href":"https:\/\/www.brenne-au-coeur.com\/index.php\/wp-json\/wp\/v2\/users\/1"}],"replies":[{"embeddable":true,"href":"https:\/\/www.brenne-au-coeur.com\/index.php\/wp-json\/wp\/v2\/comments?post=4035"}],"version-history":[{"count":1,"href":"https:\/\/www.brenne-au-coeur.com\/index.php\/wp-json\/wp\/v2\/posts\/4035\/revisions"}],"predecessor-version":[{"id":4044,"href":"https:\/\/www.brenne-au-coeur.com\/index.php\/wp-json\/wp\/v2\/posts\/4035\/revisions\/4044"}],"wp:featuredmedia":[{"embeddable":true,"href":"https:\/\/www.brenne-au-coeur.com\/index.php\/wp-json\/wp\/v2\/media\/4043"}],"wp:attachment":[{"href":"https:\/\/www.brenne-au-coeur.com\/index.php\/wp-json\/wp\/v2\/media?parent=4035"}],"wp:term":[{"taxonomy":"category","embeddable":true,"href":"https:\/\/www.brenne-au-coeur.com\/index.php\/wp-json\/wp\/v2\/categories?post=4035"},{"taxonomy":"post_tag","embeddable":true,"href":"https:\/\/www.brenne-au-coeur.com\/index.php\/wp-json\/wp\/v2\/tags?post=4035"}],"curies":[{"name":"wp","href":"https:\/\/api.w.org\/{rel}","templated":true}]}}