{"id":3993,"date":"2023-02-27T15:51:03","date_gmt":"2023-02-27T14:51:03","guid":{"rendered":"https:\/\/www.brenne-au-coeur.com\/?p=3993"},"modified":"2023-02-27T15:51:03","modified_gmt":"2023-02-27T14:51:03","slug":"carnaval-a-martizay","status":"publish","type":"post","link":"https:\/\/www.brenne-au-coeur.com\/index.php\/2023\/02\/27\/carnaval-a-martizay\/communes\/martizay\/3993\/","title":{"rendered":"Carnaval \u00e0 Martizay"},"content":{"rendered":"<p align=\"left\"><span style=\"font-size: large;\">Dimanche 26 f\u00e9vrier, les rues de Martizay se sont anim\u00e9es durant une bonne partie de la matin\u00e9e. Le d\u00e9sormais, traditionnel carnaval, a r\u00e9chauff\u00e9 quelque peu, la fra\u00eeche atmosph\u00e8re de cette belle journ\u00e9e hivernale. Le d\u00e9fil\u00e9, organis\u00e9 par \u00ab\u00a0La Maison du village\u00a0\u00bb et la <a href=\"https:\/\/martizay.fr\/\">M\u00e9diath\u00e8que de Martizay<\/a>, \u00e9tait cette ann\u00e9e, sur le th\u00e8me du jeu. Damier g\u00e9ant, game boy, magic cube, jeu de cartes, dominos, legos tr\u00f4naient sur les chars. La reproduction de ces jouets embl\u00e9matiques, accompagn\u00e9e par les c\u00e9l\u00e8bres personnages de la s\u00e9rie \u00ab&nbsp;Casa de papel&nbsp;\u00bb ont parcouru les rues du village, rythm\u00e9es par la musique de la fanfare. Parmi le d\u00e9fil\u00e9, on remarquait la pr\u00e9sence de sorci\u00e8res, du reconnaissable Super Mario, de f\u00e9es. Toute une foule d\u00e9guis\u00e9e, grim\u00e9e, m\u00eal\u00e9e aux badauds, entoura ainsi le joyeux cort\u00e8ge. De quoi r\u00e9jouir grands et petits et donner envie de renouveler une animation cr\u00e9\u00e9e en 2012. <i>\u00ab&nbsp;Chaque ann\u00e9e nous choisissons un th\u00e8me diff\u00e9rent. <\/i><i>Auparavant<\/i><i>, nous av<\/i><i>i<\/i><i>ons organis\u00e9 les d\u00e9fil\u00e9s sur les th\u00e8mes des pays du monde, des h\u00e9ros de jeunesse, d\u2019Hollywood etc.\u00a0\u00bb,<\/i> explique Marjorie. La responsable de la m\u00e9diath\u00e8que, v\u00e9ritable cheville ouvri\u00e8re, assure en compagnie de Patricia de La Maison du village, la majeure partie de la r\u00e9alisation du carnaval. Une pr\u00e9paration qui demande du temps, de l\u2019imagination, la participation de b\u00e9n\u00e9voles et de beaucoup de d\u00e9brouille. Un important travail, finalis\u00e9 dans les derniers quinze jours, pr\u00e9c\u00e9dant le d\u00e9fil\u00e9. Le carnaval de Martizay, montre de toute \u00e9vidence que l\u2019enthousiasme et les id\u00e9es de quelques personnes permettent d\u2019offrir \u00e0 tous, un spectacle vivant et vivifiant. <\/span><\/p>\n<div class=\"nv-iframe-embed\"><div class=\"lyte-wrapper fourthree\" title=\"Carnaval de Martizay 26 f&eacute;vrier 2023\" style=\"width:420px;max-width:100%;margin:5px auto;\"><div class=\"lyMe hidef\" id=\"WYL_1SzZXrUh9Vk\" itemprop=\"video\" itemscope itemtype=\"https:\/\/schema.org\/VideoObject\"><div><meta itemprop=\"thumbnailUrl\" content=\"https:\/\/www.brenne-au-coeur.com\/wp-content\/plugins\/wp-youtube-lyte\/lyteCache.php?origThumbUrl=https%3A%2F%2Fi.ytimg.com%2Fvi%2F1SzZXrUh9Vk%2Fmaxresdefault.jpg\" \/><meta itemprop=\"embedURL\" content=\"https:\/\/www.youtube.com\/embed\/1SzZXrUh9Vk\" \/><meta itemprop=\"duration\" content=\"PT3M13S\" \/><meta itemprop=\"uploadDate\" content=\"2023-02-27T14:32:47Z\" \/><\/div><div id=\"lyte_1SzZXrUh9Vk\" data-src=\"https:\/\/www.brenne-au-coeur.com\/wp-content\/plugins\/wp-youtube-lyte\/lyteCache.php?origThumbUrl=https%3A%2F%2Fi.ytimg.com%2Fvi%2F1SzZXrUh9Vk%2Fmaxresdefault.jpg\" class=\"pL\"><div class=\"tC\"><div class=\"tT\" itemprop=\"name\">Carnaval de Martizay 26 f\u00e9vrier 2023<\/div><\/div><div class=\"play\"><\/div><div class=\"ctrl\"><div class=\"Lctrl\"><\/div><div class=\"Rctrl\"><\/div><\/div><\/div><noscript><a href=\"https:\/\/youtu.be\/1SzZXrUh9Vk\" rel=\"nofollow\"><img loading=\"lazy\" decoding=\"async\" src=\"https:\/\/www.brenne-au-coeur.com\/wp-content\/plugins\/wp-youtube-lyte\/lyteCache.php?origThumbUrl=https%3A%2F%2Fi.ytimg.com%2Fvi%2F1SzZXrUh9Vk%2F0.jpg\" alt=\"Carnaval de Martizay 26 f&eacute;vrier 2023\" width=\"420\" height=\"295\" \/><br \/>Lire cette vid\u00e9o sur YouTube<\/a><\/noscript><meta itemprop=\"description\" content=\"Carnaval de Martizay 26 f\u00e9vrier 2023\"><\/div><\/div><div class=\"lL\" style=\"max-width:100%;width:420px;margin:5px auto;\"><\/div><\/div>\n","protected":false},"excerpt":{"rendered":"<p>Dimanche 26 f\u00e9vrier, les rues de Martizay se sont anim\u00e9es durant une bonne partie de la matin\u00e9e. Le d\u00e9sormais, traditionnel carnaval, a r\u00e9chauff\u00e9 quelque peu, la fra\u00eeche atmosph\u00e8re de cette belle journ\u00e9e hivernale. Le d\u00e9fil\u00e9, organis\u00e9 par \u00ab\u00a0La Maison du village\u00a0\u00bb et la M\u00e9diath\u00e8que de Martizay, \u00e9tait cette ann\u00e9e, sur le th\u00e8me du jeu. Damier&hellip;&nbsp;<a href=\"https:\/\/www.brenne-au-coeur.com\/index.php\/2023\/02\/27\/carnaval-a-martizay\/communes\/martizay\/3993\/\" rel=\"bookmark\">Lire la suite&nbsp;&raquo;<span class=\"screen-reader-text\">Carnaval \u00e0 Martizay<\/span><\/a><\/p>\n","protected":false},"author":1,"featured_media":3994,"comment_status":"open","ping_status":"open","sticky":false,"template":"","format":"standard","meta":{"rop_custom_images_group":[],"rop_custom_messages_group":[],"rop_publish_now":"initial","rop_publish_now_accounts":[],"rop_publish_now_history":[],"rop_publish_now_status":"pending","_monsterinsights_skip_tracking":false,"_monsterinsights_sitenote_active":false,"_monsterinsights_sitenote_note":"","_monsterinsights_sitenote_category":0,"neve_meta_sidebar":"","neve_meta_container":"","neve_meta_enable_content_width":"off","neve_meta_content_width":70,"neve_meta_title_alignment":"","neve_meta_author_avatar":"","neve_post_elements_order":"","neve_meta_disable_header":"","neve_meta_disable_footer":"","neve_meta_disable_title":"","_jetpack_memberships_contains_paid_content":false,"footnotes":"","jetpack_publicize_message":"","jetpack_publicize_feature_enabled":true,"jetpack_social_post_already_shared":true,"jetpack_social_options":{"image_generator_settings":{"template":"highway","default_image_id":0,"font":"","enabled":false},"version":2}},"categories":[21,11,59],"tags":[71],"class_list":["post-3993","post","type-post","status-publish","format-standard","has-post-thumbnail","hentry","category-evenements","category-martizay","category-mediatheque","tag-animation"],"aioseo_notices":[],"jetpack_publicize_connections":[],"jetpack_featured_media_url":"https:\/\/www.brenne-au-coeur.com\/wp-content\/uploads\/2023\/02\/carnaval-martizay-scaled.jpg","jetpack-related-posts":[],"jetpack_sharing_enabled":true,"_links":{"self":[{"href":"https:\/\/www.brenne-au-coeur.com\/index.php\/wp-json\/wp\/v2\/posts\/3993","targetHints":{"allow":["GET"]}}],"collection":[{"href":"https:\/\/www.brenne-au-coeur.com\/index.php\/wp-json\/wp\/v2\/posts"}],"about":[{"href":"https:\/\/www.brenne-au-coeur.com\/index.php\/wp-json\/wp\/v2\/types\/post"}],"author":[{"embeddable":true,"href":"https:\/\/www.brenne-au-coeur.com\/index.php\/wp-json\/wp\/v2\/users\/1"}],"replies":[{"embeddable":true,"href":"https:\/\/www.brenne-au-coeur.com\/index.php\/wp-json\/wp\/v2\/comments?post=3993"}],"version-history":[{"count":1,"href":"https:\/\/www.brenne-au-coeur.com\/index.php\/wp-json\/wp\/v2\/posts\/3993\/revisions"}],"predecessor-version":[{"id":3995,"href":"https:\/\/www.brenne-au-coeur.com\/index.php\/wp-json\/wp\/v2\/posts\/3993\/revisions\/3995"}],"wp:featuredmedia":[{"embeddable":true,"href":"https:\/\/www.brenne-au-coeur.com\/index.php\/wp-json\/wp\/v2\/media\/3994"}],"wp:attachment":[{"href":"https:\/\/www.brenne-au-coeur.com\/index.php\/wp-json\/wp\/v2\/media?parent=3993"}],"wp:term":[{"taxonomy":"category","embeddable":true,"href":"https:\/\/www.brenne-au-coeur.com\/index.php\/wp-json\/wp\/v2\/categories?post=3993"},{"taxonomy":"post_tag","embeddable":true,"href":"https:\/\/www.brenne-au-coeur.com\/index.php\/wp-json\/wp\/v2\/tags?post=3993"}],"curies":[{"name":"wp","href":"https:\/\/api.w.org\/{rel}","templated":true}]}}