{"id":3909,"date":"2023-02-11T10:01:03","date_gmt":"2023-02-11T09:01:03","guid":{"rendered":"https:\/\/www.brenne-au-coeur.com\/?p=3909"},"modified":"2023-02-11T16:53:29","modified_gmt":"2023-02-11T15:53:29","slug":"si-mezieres-metait-conte","status":"publish","type":"post","link":"https:\/\/www.brenne-au-coeur.com\/index.php\/2023\/02\/11\/si-mezieres-metait-conte\/communes\/mezieres-en-brenne\/3909\/","title":{"rendered":"Si M\u00e9zi\u00e8res m\u2019\u00e9tait cont\u00e9&#8230;"},"content":{"rendered":"<figure id=\"attachment_3913\" aria-describedby=\"caption-attachment-3913\" style=\"width: 300px\" class=\"wp-caption alignleft\"><a href=\"https:\/\/www.brenne-au-coeur.com\/wp-content\/uploads\/2023\/02\/expo-chantal-2-scaled.jpg\" rel=\"lightbox[3909]\"><img loading=\"lazy\" decoding=\"async\" class=\"wp-image-3913 size-medium\" src=\"https:\/\/www.brenne-au-coeur.com\/wp-content\/uploads\/2023\/02\/expo-chantal-2-300x200.jpg\" alt=\"\" width=\"300\" height=\"200\" srcset=\"https:\/\/www.brenne-au-coeur.com\/wp-content\/uploads\/2023\/02\/expo-chantal-2-300x200.jpg 300w, https:\/\/www.brenne-au-coeur.com\/wp-content\/uploads\/2023\/02\/expo-chantal-2-1024x682.jpg 1024w, https:\/\/www.brenne-au-coeur.com\/wp-content\/uploads\/2023\/02\/expo-chantal-2-150x100.jpg 150w, https:\/\/www.brenne-au-coeur.com\/wp-content\/uploads\/2023\/02\/expo-chantal-2-768x511.jpg 768w, https:\/\/www.brenne-au-coeur.com\/wp-content\/uploads\/2023\/02\/expo-chantal-2-1536x1023.jpg 1536w, https:\/\/www.brenne-au-coeur.com\/wp-content\/uploads\/2023\/02\/expo-chantal-2-2048x1364.jpg 2048w, https:\/\/www.brenne-au-coeur.com\/wp-content\/uploads\/2023\/02\/expo-chantal-2-930x620.jpg 930w, https:\/\/www.brenne-au-coeur.com\/wp-content\/uploads\/2023\/02\/expo-chantal-2-272x182.jpg 272w\" sizes=\"auto, (max-width: 300px) 100vw, 300px\" \/><\/a><figcaption id=\"caption-attachment-3913\" class=\"wp-caption-text\">Une partie de l&rsquo;expo&nbsp;: panneaux, paniers et ancienne balance<\/figcaption><\/figure>\n<p><span style=\"font-family: Liberation Serif, serif;\"><span style=\"font-size: large;\"><span style=\"color: #000000;\">Le Moulin de <a href=\"https:\/\/www.brenne-au-coeur.com\/index.php\/mezieres-en-brenne\/\">M\u00e9zi\u00e8res<\/a> accueille jusqu\u2019au 2 mars, l\u2019exposition \u00ab&nbsp;Mon panier de course&nbsp;\u00bb r\u00e9alis\u00e9e par l<\/span><span style=\"color: #000000;\">&lsquo;<\/span><a href=\"https:\/\/associations-info.fr\/W361004120\/ass-culturelle-macerienne.html\"><span style=\"color: #000000;\">A<\/span><span style=\"color: #000000;\">ssociation <\/span><span style=\"color: #000000;\">C<\/span><span style=\"color: #000000;\">ulturelle <\/span><span style=\"color: #000000;\">M<\/span><span style=\"color: #000000;\">ac\u00e9rienne <\/span><\/a><span style=\"color: #000000;\">(ACM).<\/span> <\/span><\/span><\/p>\n<p><span style=\"color: #000000;\"><span style=\"font-family: Liberation Serif, serif;\"><span style=\"font-size: large;\">Dix-huit panneaux regroupant 150 visuels, couvrent 120 ans de la vie de la capitale de la Brenne, de 1899 \u00e0 2022. <\/span><\/span><\/span><\/p>\n<p><span style=\"color: #000000;\"><span style=\"font-family: Liberation Serif, serif;\"><span style=\"font-size: large;\">Chaque panneau est consacr\u00e9 \u00e0 une place ou une rue. <\/span><\/span><\/span><span style=\"color: #000000;\"><span style=\"font-family: Liberation Serif, serif;\"><span style=\"font-size: large;\">Ainsi, p<\/span><\/span><\/span><span style=\"color: #000000;\"><span style=\"font-family: Liberation Serif, serif;\"><span style=\"font-size: large;\">hotographies et documents transportent le visiteur au c\u0153ur du dernier si\u00e8cle \u00e9coul\u00e9. <\/span><\/span><\/span><\/p>\n<p><span style=\"color: #000000;\"><span style=\"font-family: Liberation Serif, serif;\"><span style=\"font-size: large;\">Les anciens mac\u00e9riens retrouveront les lieux et les gens qu\u2019ils ont fr\u00e9quent\u00e9<\/span><\/span><\/span><span style=\"color: #000000;\"><span style=\"font-family: Liberation Serif, serif;\"><span style=\"font-size: large;\">s<\/span><\/span><\/span><span style=\"color: #000000;\"><span style=\"font-family: Liberation Serif, serif;\"><span style=\"font-size: large;\">. Les plus jeunes pourront imaginer leur village tel qu\u2019il <\/span><\/span><\/span><span style=\"color: #000000;\"><span style=\"font-family: Liberation Serif, serif;\"><span style=\"font-size: large;\">\u00e9tait par le pass\u00e9. <\/span><\/span><\/span><\/p>\n<p><span style=\"color: #000000;\"><span style=\"font-family: Liberation Serif, serif;\"><span style=\"font-size: large;\">Les nombreuses notes et anecdotes permett<\/span><\/span><\/span><span style=\"color: #000000;\"><span style=\"font-family: Liberation Serif, serif;\"><span style=\"font-size: large;\">e<\/span><\/span><\/span><span style=\"color: #000000;\"><span style=\"font-family: Liberation Serif, serif;\"><span style=\"font-size: large;\">nt de se familiariser avec l\u2019histoire du village.<\/span><\/span><\/span><\/p>\n<figure id=\"attachment_3911\" aria-describedby=\"caption-attachment-3911\" style=\"width: 164px\" class=\"wp-caption alignright\"><a href=\"https:\/\/www.brenne-au-coeur.com\/wp-content\/uploads\/2023\/02\/P1290542-scaled.jpg\" rel=\"lightbox[3909]\"><img loading=\"lazy\" decoding=\"async\" class=\"wp-image-3911 size-medium\" src=\"https:\/\/www.brenne-au-coeur.com\/wp-content\/uploads\/2023\/02\/P1290542-164x300.jpg\" alt=\"\" width=\"164\" height=\"300\" srcset=\"https:\/\/www.brenne-au-coeur.com\/wp-content\/uploads\/2023\/02\/P1290542-164x300.jpg 164w, https:\/\/www.brenne-au-coeur.com\/wp-content\/uploads\/2023\/02\/P1290542-561x1024.jpg 561w, https:\/\/www.brenne-au-coeur.com\/wp-content\/uploads\/2023\/02\/P1290542-82x150.jpg 82w, https:\/\/www.brenne-au-coeur.com\/wp-content\/uploads\/2023\/02\/P1290542-768x1402.jpg 768w, https:\/\/www.brenne-au-coeur.com\/wp-content\/uploads\/2023\/02\/P1290542-841x1536.jpg 841w, https:\/\/www.brenne-au-coeur.com\/wp-content\/uploads\/2023\/02\/P1290542-1122x2048.jpg 1122w, https:\/\/www.brenne-au-coeur.com\/wp-content\/uploads\/2023\/02\/P1290542-scaled.jpg 1402w\" sizes=\"auto, (max-width: 164px) 100vw, 164px\" \/><\/a><figcaption id=\"caption-attachment-3911\" class=\"wp-caption-text\">\u00c9tiquette de galoches de M. Dumazet<\/figcaption><\/figure>\n<p><span style=\"color: #000000;\"><span style=\"font-family: Liberation Serif, serif;\"><span style=\"font-size: large;\">On apprend qu\u2019une fabrique de galoches se tenait rue du pont Malientras, que l\u2019H\u00f4tel-Restaurant \u00ab&nbsp;Le B\u0153uf couronn\u00e9&nbsp;\u00bb se dresse sur la place aujourd\u2019hui baptis\u00e9 Place du G\u00e9n\u00e9ral de Gaulle, depuis 1648, que l\u2019\u00e9picerie \u00ab&nbsp;Le petit march\u00e9&nbsp;\u00bb tenu par Malika et Lahcen est un commerce alimentaire depuis 1899. Des photographies t\u00e9moignent d\u2019enseignes disparues comme ce garage agricole, plac\u00e9 en face de l\u2019h\u00f4tel \u00ab&nbsp;La promenade&nbsp;\u00bb, tout comme une pompe \u00e0 essence, rue E et A Plateaux. <\/span><\/span><\/span><\/p>\n<p><span style=\"color: #000000;\"><span style=\"font-family: Liberation Serif, serif;\"><span style=\"font-size: large;\">C\u2019est une partie de l\u2019histoire de M\u00e9zi\u00e8res-en-Brenne qui est cont\u00e9 par l\u2019interm\u00e9diaire de l\u2019activit\u00e9 des commer\u00e7ants\u00a0\u00ab\u00a0<\/span><\/span><\/span><span style=\"color: #000000;\"><span style=\"font-family: Liberation Serif, serif;\"><span style=\"font-size: large;\"><i>qui fa\u00e7onnent la vie d\u2019un village<\/i><\/span><\/span><\/span><span style=\"color: #000000;\"><span style=\"font-family: Liberation Serif, serif;\"><span style=\"font-size: large;\">\u00a0\u00bb comme l\u2019a rappel\u00e9, lors du vernissage,<\/span><\/span><\/span> <span style=\"color: #000000;\"><span style=\"font-family: Liberation Serif, serif;\"><span style=\"font-size: large;\"><a href=\"https:\/\/www.brenne-au-coeur.com\/?s=Chantal+Kroliczak\">Chantal Kroliczak<\/a>, <\/span><\/span><\/span><span style=\"color: #000000;\"><span style=\"font-family: Liberation Serif, serif;\"><span style=\"font-size: large;\">pr\u00e9sidente de l\u2019ACM, \u00e0 l\u2019origine de l\u2019exposition.<\/span><\/span><\/span><\/p>\n<figure id=\"attachment_3912\" aria-describedby=\"caption-attachment-3912\" style=\"width: 205px\" class=\"wp-caption alignleft\"><a href=\"https:\/\/www.brenne-au-coeur.com\/wp-content\/uploads\/2023\/02\/garage-angles-rues-du-Nord-ChA\u00a2tellerault-1990-Source-Blanchet-Jacqueline-scaled.jpg\" rel=\"lightbox[3909]\"><img loading=\"lazy\" decoding=\"async\" class=\"wp-image-3912 size-medium\" src=\"https:\/\/www.brenne-au-coeur.com\/wp-content\/uploads\/2023\/02\/garage-angles-rues-du-Nord-ChA\u00a2tellerault-1990-Source-Blanchet-Jacqueline-205x300.jpg\" alt=\"\" width=\"205\" height=\"300\" srcset=\"https:\/\/www.brenne-au-coeur.com\/wp-content\/uploads\/2023\/02\/garage-angles-rues-du-Nord-ChA\u00a2tellerault-1990-Source-Blanchet-Jacqueline-205x300.jpg 205w, https:\/\/www.brenne-au-coeur.com\/wp-content\/uploads\/2023\/02\/garage-angles-rues-du-Nord-ChA\u00a2tellerault-1990-Source-Blanchet-Jacqueline-701x1024.jpg 701w, https:\/\/www.brenne-au-coeur.com\/wp-content\/uploads\/2023\/02\/garage-angles-rues-du-Nord-ChA\u00a2tellerault-1990-Source-Blanchet-Jacqueline-103x150.jpg 103w, https:\/\/www.brenne-au-coeur.com\/wp-content\/uploads\/2023\/02\/garage-angles-rues-du-Nord-ChA\u00a2tellerault-1990-Source-Blanchet-Jacqueline-768x1123.jpg 768w, https:\/\/www.brenne-au-coeur.com\/wp-content\/uploads\/2023\/02\/garage-angles-rues-du-Nord-ChA\u00a2tellerault-1990-Source-Blanchet-Jacqueline-1051x1536.jpg 1051w, https:\/\/www.brenne-au-coeur.com\/wp-content\/uploads\/2023\/02\/garage-angles-rues-du-Nord-ChA\u00a2tellerault-1990-Source-Blanchet-Jacqueline-1401x2048.jpg 1401w, https:\/\/www.brenne-au-coeur.com\/wp-content\/uploads\/2023\/02\/garage-angles-rues-du-Nord-ChA\u00a2tellerault-1990-Source-Blanchet-Jacqueline-scaled.jpg 1751w\" sizes=\"auto, (max-width: 205px) 100vw, 205px\" \/><\/a><figcaption id=\"caption-attachment-3912\" class=\"wp-caption-text\">L&rsquo;ancien garage agricole<\/figcaption><\/figure>\n<p><em><span style=\"color: #000000;\"><span style=\"font-family: Liberation Serif, serif;\"><span style=\"font-size: large;\">\u00ab&nbsp;Je suis passionn\u00e9e d&rsquo;histoire et j&rsquo;aime transmettre. Je commente les visites accompagn\u00e9es de la commune et de l&rsquo;\u00e9glise depuis 2017.<\/span><\/span><\/span><\/em><span style=\"color: #000000;\"><span style=\"font-family: Liberation Serif, serif;\"><span style=\"font-size: large;\">\u00bb<\/span><\/span><\/span><span style=\"color: #000000;\"><span style=\"font-family: Liberation Serif, serif;\"><span style=\"font-size: large;\">\u00a0<\/span><\/span><\/span><span style=\"color: #000000;\"><span style=\"font-family: Liberation Serif, serif;\"><span style=\"font-size: large;\">Le projet de cette exposition est n\u00e9 en octobre 2019\u00a0 en r\u00e9unissant les anciens et anciennes de la commune, le samedi matin \u00e0 la m\u00e9diath\u00e8que afin qu&rsquo;ils puissent transcrire sur une feuille blanche leurs souvenirs des commerces du centre-bou<\/span><\/span><\/span><span style=\"color: #000000;\"><span style=\"font-family: Liberation Serif, serif;\"><span style=\"font-size: large;\">r<\/span><\/span><\/span><span style=\"color: #000000;\"><span style=\"font-family: Liberation Serif, serif;\"><span style=\"font-size: large;\">g.\u00a0<\/span><\/span><\/span><em><span style=\"color: #000000;\"><span style=\"font-family: Liberation Serif, serif;\"><span style=\"font-size: large;\">\u00a0<\/span><\/span><\/span><\/em><em><span style=\"color: #000000;\"><span style=\"font-family: Liberation Serif, serif;\"><span style=\"font-size: large;\">\u00abLes \u00e9changes ont \u00e9t\u00e9 d&rsquo;une grande richesse. Des noms, des dates fusaient aussi vite que les souvenirs remontaient les uns apr\u00e8s les autres. Il fallait les saisir au vol sans pouvoir, de suite, les remettre dans leur contexte.\u00bb <\/span><\/span><\/span><\/em><span style=\"color: #000000;\"><span style=\"font-family: Liberation Serif, serif;\"><span style=\"font-size: large;\">En plus de ces riches t\u00e9moignages, un long travail de recherche s&rsquo;est mis en place que ce soit dans les archives du registre cadastral, le fonds Thibault ou les vieilles boites poussi\u00e9reuses remplies de quelques tr\u00e9sors comme des photographies, des articles de journaux ou<\/span><\/span><\/span><span style=\"color: #000000;\"><span style=\"font-family: Liberation Serif, serif;\"><span style=\"font-size: large;\">\u00a0<\/span><\/span><\/span><span style=\"color: #000000;\"><span style=\"font-family: Liberation Serif, serif;\"><span style=\"font-size: large;\">des affiches publicitaires. <\/span><\/span><\/span><span style=\"color: #000000;\"><span style=\"font-family: Liberation Serif, serif;\"><span style=\"font-size: large;\">\u00c0<\/span><\/span><\/span><span style=\"color: #000000;\"><span style=\"font-family: Liberation Serif, serif;\"><span style=\"font-size: large;\"> cela s&rsquo;est ajout\u00e9 le confinement li\u00e9 au COVID-19 qui a stopp\u00e9 les \u00e9changes \u00e0 la m\u00e9diath\u00e8que.\u00a0<\/span><\/span><\/span><em><span style=\"color: #000000;\"><span style=\"font-family: Liberation Serif, serif;\"><span style=\"font-size: large;\">\u00abFinalement, les gens ont eu du temps pour chercher dans les greniers et la communication n&rsquo;a pas \u00e9t\u00e9 rompue. Nous \u00e9changions par t\u00e9l\u00e9phone et nous nous faisions passer les documents dans les boites aux lettres.\u00a0\u00bb\u00a0<\/span><\/span><\/span><\/em><span style=\"color: #000000;\"><span style=\"font-family: Liberation Serif, serif;\"><span style=\"font-size: large;\">explique Chantal Kroliczak.\u00a0\u00a0\u00ab<\/span><\/span><\/span><em><span style=\"color: #000000;\"><span style=\"font-family: Liberation Serif, serif;\"><span style=\"font-size: large;\">C&rsquo;est ainsi qu&rsquo;ont \u00e9t\u00e9 r\u00e9pertori\u00e9s les anciens commer\u00e7ants et artisans qui ont tenu boutique dans le bourg depuis 1899.\u00a0<\/span><\/span><\/span><\/em><span style=\"color: #000000;\"><span style=\"font-family: Liberation Serif, serif;\"><span style=\"font-size: large;\">\u00bb<\/span><\/span><\/span><span style=\"color: #000000;\"><span style=\"font-family: Liberation Serif, serif;\"><span style=\"font-size: large;\">\u00a0<\/span><\/span><\/span><\/p>\n<p><span style=\"font-family: Liberation Serif, serif;\"><span style=\"font-size: large;\">Un travail remarquable qui permet d&rsquo;immortaliser la m\u00e9moire mac\u00e9rienne.\u00a0<\/span><\/span><\/p>\n<p><span style=\"font-family: Liberation Serif, serif;\"><span style=\"font-size: large;\">Exposition visible les mardi, mercredi, vendredi de 14 h \u00e0 18 h et les jeudi et samedi de 9 h 30 \u00e0 12 h 30 et de 14 h \u00e0 18 h . Entr\u00e9e libre. Contact&nbsp;: 02.54.38.12.24.<\/span><\/span><\/p>\n","protected":false},"excerpt":{"rendered":"<p>Le Moulin de M\u00e9zi\u00e8res accueille jusqu\u2019au 2 mars, l\u2019exposition \u00ab&nbsp;Mon panier de course&nbsp;\u00bb r\u00e9alis\u00e9e par l&lsquo;Association Culturelle Mac\u00e9rienne (ACM). Dix-huit panneaux regroupant 150 visuels, couvrent 120 ans de la vie de la capitale de la Brenne, de 1899 \u00e0 2022. Chaque panneau est consacr\u00e9 \u00e0 une place ou une rue. Ainsi, photographies et documents transportent&hellip;&nbsp;<a href=\"https:\/\/www.brenne-au-coeur.com\/index.php\/2023\/02\/11\/si-mezieres-metait-conte\/communes\/mezieres-en-brenne\/3909\/\" rel=\"bookmark\">Lire la suite&nbsp;&raquo;<span class=\"screen-reader-text\">Si M\u00e9zi\u00e8res m\u2019\u00e9tait cont\u00e9&#8230;<\/span><\/a><\/p>\n","protected":false},"author":1,"featured_media":3910,"comment_status":"open","ping_status":"open","sticky":false,"template":"","format":"standard","meta":{"rop_custom_images_group":[],"rop_custom_messages_group":[],"rop_publish_now":"initial","rop_publish_now_accounts":[],"rop_publish_now_history":[],"rop_publish_now_status":"pending","_monsterinsights_skip_tracking":false,"_monsterinsights_sitenote_active":false,"_monsterinsights_sitenote_note":"","_monsterinsights_sitenote_category":0,"neve_meta_sidebar":"","neve_meta_container":"","neve_meta_enable_content_width":"off","neve_meta_content_width":70,"neve_meta_title_alignment":"","neve_meta_author_avatar":"","neve_post_elements_order":"","neve_meta_disable_header":"","neve_meta_disable_footer":"","neve_meta_disable_title":"","_jetpack_memberships_contains_paid_content":false,"footnotes":"","jetpack_publicize_message":"","jetpack_publicize_feature_enabled":true,"jetpack_social_post_already_shared":true,"jetpack_social_options":{"image_generator_settings":{"template":"highway","default_image_id":0,"font":"","enabled":false},"version":2}},"categories":[12,54],"tags":[31,52,49],"class_list":["post-3909","post","type-post","status-publish","format-standard","has-post-thumbnail","hentry","category-mezieres-en-brenne","category-moulin","tag-associations","tag-exposition","tag-histoire"],"aioseo_notices":[],"jetpack_publicize_connections":[],"jetpack_featured_media_url":"https:\/\/www.brenne-au-coeur.com\/wp-content\/uploads\/2023\/02\/Pinard-pA\u00a2tisserie-1926-ou-1927-scaled.jpg","jetpack-related-posts":[],"jetpack_sharing_enabled":true,"_links":{"self":[{"href":"https:\/\/www.brenne-au-coeur.com\/index.php\/wp-json\/wp\/v2\/posts\/3909","targetHints":{"allow":["GET"]}}],"collection":[{"href":"https:\/\/www.brenne-au-coeur.com\/index.php\/wp-json\/wp\/v2\/posts"}],"about":[{"href":"https:\/\/www.brenne-au-coeur.com\/index.php\/wp-json\/wp\/v2\/types\/post"}],"author":[{"embeddable":true,"href":"https:\/\/www.brenne-au-coeur.com\/index.php\/wp-json\/wp\/v2\/users\/1"}],"replies":[{"embeddable":true,"href":"https:\/\/www.brenne-au-coeur.com\/index.php\/wp-json\/wp\/v2\/comments?post=3909"}],"version-history":[{"count":6,"href":"https:\/\/www.brenne-au-coeur.com\/index.php\/wp-json\/wp\/v2\/posts\/3909\/revisions"}],"predecessor-version":[{"id":3931,"href":"https:\/\/www.brenne-au-coeur.com\/index.php\/wp-json\/wp\/v2\/posts\/3909\/revisions\/3931"}],"wp:featuredmedia":[{"embeddable":true,"href":"https:\/\/www.brenne-au-coeur.com\/index.php\/wp-json\/wp\/v2\/media\/3910"}],"wp:attachment":[{"href":"https:\/\/www.brenne-au-coeur.com\/index.php\/wp-json\/wp\/v2\/media?parent=3909"}],"wp:term":[{"taxonomy":"category","embeddable":true,"href":"https:\/\/www.brenne-au-coeur.com\/index.php\/wp-json\/wp\/v2\/categories?post=3909"},{"taxonomy":"post_tag","embeddable":true,"href":"https:\/\/www.brenne-au-coeur.com\/index.php\/wp-json\/wp\/v2\/tags?post=3909"}],"curies":[{"name":"wp","href":"https:\/\/api.w.org\/{rel}","templated":true}]}}