{"id":3890,"date":"2023-02-04T13:27:20","date_gmt":"2023-02-04T12:27:20","guid":{"rendered":"https:\/\/www.brenne-au-coeur.com\/?p=3890"},"modified":"2023-02-09T20:20:16","modified_gmt":"2023-02-09T19:20:16","slug":"3890","status":"publish","type":"post","link":"https:\/\/www.brenne-au-coeur.com\/index.php\/2023\/02\/04\/3890\/breves\/3890\/","title":{"rendered":""},"content":{"rendered":"<p>Conf\u00e9rence \u00ab\u00a0de la graine au jardin\u00a0\u00bb et atelier, samedi 11 f\u00e9vrier, de 14h \u00e0 17h, m\u00e9diath\u00e8que de M\u00e9zi\u00e8res.\u00a0 La conf\u00e9rence sera pr\u00e9sent\u00e9e par Nathalie Policard. Dans le cadre de l&rsquo;atelier semis&nbsp;: \u00e9change de graines et inauguration de la grainoth\u00e8que. Animation \u00e0 partager en famille<\/p>\n","protected":false},"excerpt":{"rendered":"<p>Conf\u00e9rence \u00ab\u00a0de la graine au jardin\u00a0\u00bb et atelier, samedi 11 f\u00e9vrier, de 14h \u00e0 17h, m\u00e9diath\u00e8que de M\u00e9zi\u00e8res.\u00a0 La conf\u00e9rence sera pr\u00e9sent\u00e9e par Nathalie Policard. Dans le cadre de l&rsquo;atelier semis&nbsp;: \u00e9change de graines et inauguration de la grainoth\u00e8que. Animation \u00e0 partager en famille<\/p>\n","protected":false},"author":1,"featured_media":0,"comment_status":"open","ping_status":"open","sticky":false,"template":"","format":"standard","meta":{"rop_custom_images_group":[],"rop_custom_messages_group":[],"rop_publish_now":"initial","rop_publish_now_accounts":[],"rop_publish_now_history":[],"rop_publish_now_status":"pending","_monsterinsights_skip_tracking":false,"_monsterinsights_sitenote_active":false,"_monsterinsights_sitenote_note":"","_monsterinsights_sitenote_category":0,"neve_meta_sidebar":"","neve_meta_container":"","neve_meta_enable_content_width":"off","neve_meta_content_width":70,"neve_meta_title_alignment":"","neve_meta_author_avatar":"","neve_post_elements_order":"","neve_meta_disable_header":"","neve_meta_disable_footer":"","neve_meta_disable_title":"","_jetpack_memberships_contains_paid_content":false,"footnotes":"","jetpack_publicize_message":"","jetpack_publicize_feature_enabled":true,"jetpack_social_post_already_shared":false,"jetpack_social_options":{"image_generator_settings":{"template":"highway","default_image_id":0,"font":"","enabled":false},"version":2}},"categories":[124],"tags":[],"class_list":["post-3890","post","type-post","status-publish","format-standard","hentry","category-breves"],"aioseo_notices":[],"jetpack_publicize_connections":[],"jetpack_featured_media_url":"","jetpack-related-posts":[],"jetpack_sharing_enabled":true,"_links":{"self":[{"href":"https:\/\/www.brenne-au-coeur.com\/index.php\/wp-json\/wp\/v2\/posts\/3890","targetHints":{"allow":["GET"]}}],"collection":[{"href":"https:\/\/www.brenne-au-coeur.com\/index.php\/wp-json\/wp\/v2\/posts"}],"about":[{"href":"https:\/\/www.brenne-au-coeur.com\/index.php\/wp-json\/wp\/v2\/types\/post"}],"author":[{"embeddable":true,"href":"https:\/\/www.brenne-au-coeur.com\/index.php\/wp-json\/wp\/v2\/users\/1"}],"replies":[{"embeddable":true,"href":"https:\/\/www.brenne-au-coeur.com\/index.php\/wp-json\/wp\/v2\/comments?post=3890"}],"version-history":[{"count":2,"href":"https:\/\/www.brenne-au-coeur.com\/index.php\/wp-json\/wp\/v2\/posts\/3890\/revisions"}],"predecessor-version":[{"id":3905,"href":"https:\/\/www.brenne-au-coeur.com\/index.php\/wp-json\/wp\/v2\/posts\/3890\/revisions\/3905"}],"wp:attachment":[{"href":"https:\/\/www.brenne-au-coeur.com\/index.php\/wp-json\/wp\/v2\/media?parent=3890"}],"wp:term":[{"taxonomy":"category","embeddable":true,"href":"https:\/\/www.brenne-au-coeur.com\/index.php\/wp-json\/wp\/v2\/categories?post=3890"},{"taxonomy":"post_tag","embeddable":true,"href":"https:\/\/www.brenne-au-coeur.com\/index.php\/wp-json\/wp\/v2\/tags?post=3890"}],"curies":[{"name":"wp","href":"https:\/\/api.w.org\/{rel}","templated":true}]}}