{"id":3855,"date":"2023-02-05T19:00:49","date_gmt":"2023-02-05T18:00:49","guid":{"rendered":"https:\/\/www.brenne-au-coeur.com\/?p=3855"},"modified":"2023-02-06T13:20:04","modified_gmt":"2023-02-06T12:20:04","slug":"question-de-nature","status":"publish","type":"post","link":"https:\/\/www.brenne-au-coeur.com\/index.php\/2023\/02\/05\/question-de-nature\/communes\/mezieres-en-brenne\/3855\/","title":{"rendered":"Question de nature"},"content":{"rendered":"<p class=\"western\"><span style=\"font-family: Times New Roman, serif;\"><span style=\"font-size: medium;\">J&rsquo;ai cr\u00e9\u00e9 ce blog pour informer les lecteurs des activit\u00e9s r\u00e9alis\u00e9es principalement par les habitants de M\u00e9zi\u00e8res et des villages environnants. Cette fois-ci, une fois n&rsquo;est pas coutume je vous propose de d\u00e9couvrir une \u00ab\u00a0nouvelle\u00a0\u00bb de ma composition. Je vous souhaite une bonne lecture.<br \/>\n<\/span><\/span><\/p>\n<p class=\"western\"><span style=\"font-family: Times New Roman, serif;\"><span style=\"font-size: medium;\"><a href=\"https:\/\/www.brenne-au-coeur.com\/wp-content\/uploads\/2023\/02\/appart.jpeg\" rel=\"lightbox[3855]\"><img loading=\"lazy\" decoding=\"async\" class=\"alignright wp-image-3857 size-full\" src=\"https:\/\/www.brenne-au-coeur.com\/wp-content\/uploads\/2023\/02\/appart.jpeg\" alt=\"\" width=\"275\" height=\"183\" srcset=\"https:\/\/www.brenne-au-coeur.com\/wp-content\/uploads\/2023\/02\/appart.jpeg 275w, https:\/\/www.brenne-au-coeur.com\/wp-content\/uploads\/2023\/02\/appart-150x100.jpeg 150w, https:\/\/www.brenne-au-coeur.com\/wp-content\/uploads\/2023\/02\/appart-272x182.jpeg 272w\" sizes=\"auto, (max-width: 275px) 100vw, 275px\" \/><\/a><\/span><\/span><\/p>\n<p>&nbsp;<\/p>\n<p>&nbsp;<\/p>\n<p class=\"western\"><span style=\"font-family: Times New Roman, serif;\"><span style=\"font-size: medium;\">Dominique en avait soup\u00e9 de toute cette histoire et n\u2019avait qu\u2019une h\u00e2te, partir le plus vite possible. C\u2019\u00e9tait devenu une obsession. Le genre de souci qui perturbe le sommeil. Cette nuit encore, pas moyen de fermer l\u2019\u0153il. Il a tourn\u00e9, vir\u00e9 dans toutes les pi\u00e8ces de l\u2019appartement. Et fatalement, un vieux coup de fatigue lui est tomb\u00e9 dessus au milieu de l\u2019apr\u00e8s-midi.<\/span><\/span><\/p>\n<p class=\"western\"><a name=\"_GoBack\"><\/a> <span style=\"font-family: Times New Roman, serif;\"><span style=\"font-size: medium;\">Affal\u00e9 sur le canap\u00e9 du salon, Dominique dormait profond\u00e9ment. Un claquement de porte le fit sursauter. Il ouvrit les yeux et demeura l\u00e0. Quelques secondes, immobile. Le regard dans le vague. Puis lascivement, il s\u2019\u00e9tira de tout son long. Tr\u00e8s vite, une pens\u00e9e vint \u00e0 son esprit. Toujours la m\u00eame. \u00ab\u00a0Combien de temps encore vais-je rester ici\u00a0?\u00a0\u00bb<\/span><\/span><\/p>\n<p class=\"western\"><span style=\"font-family: Times New Roman, serif;\"><span style=\"font-size: medium;\">C\u00e2lin\u00e9 par un doux rayon de soleil de printemps, il ne bougea pas d\u2019un poil. Pour la \u00e9ni\u00e8me fois, il se rem\u00e9morait sa vie. <\/span><\/span><\/p>\n<p class=\"western\"><span style=\"font-family: Times New Roman, serif;\"><span style=\"font-size: medium;\">\u00ab\u00a0Je viens d\u2019avoir 15 ans. D\u00e9j\u00e0. Qu\u2019il <\/span><\/span><span style=\"font-family: Times New Roman, serif;\"><span style=\"font-size: medium;\">me para<\/span><\/span><span style=\"color: #000000;\"><span style=\"font-family: Times New Roman, serif;\"><span style=\"font-size: medium;\"><span lang=\"fr-FR\">\u00eet<\/span><\/span><\/span><\/span><span style=\"font-family: Times New Roman, serif;\"><span style=\"font-size: medium;\"> loin le temps de ma tendre jeunesse pass\u00e9e au c\u0153ur des Pyr\u00e9n\u00e9es, dans la ferme de Fernand et Marie. Ils \u00e9taient rudes parfois, mais g\u00e9n\u00e9reux. Ils m\u2019ont offert leur vie simple de paysans pour me faire oublier les drames de ma naissance. Des parents trop t\u00f4t disparus, la s\u00e9paration de mes fr\u00e8res et s\u0153urs. Alors, j\u2019ai grandi parmi les animaux. Un chien un peu bourru mais pas m\u00e9chant, des cochons et des ch\u00e8vres pour compagnons. Et pour terrain de jeux\u00a0: les pr\u00e9s, les bois et la montagne o\u00f9 je gambadais \u00e0 ma guise.<\/span><\/span><\/p>\n<p class=\"western\"><span style=\"font-family: Times New Roman, serif;\"><span style=\"font-size: medium;\"><a href=\"https:\/\/www.brenne-au-coeur.com\/wp-content\/uploads\/2023\/02\/montagne.jpeg\" rel=\"lightbox[3855]\"><img loading=\"lazy\" decoding=\"async\" class=\"alignleft wp-image-3856 size-full\" src=\"https:\/\/www.brenne-au-coeur.com\/wp-content\/uploads\/2023\/02\/montagne.jpeg\" alt=\"\" width=\"275\" height=\"183\" srcset=\"https:\/\/www.brenne-au-coeur.com\/wp-content\/uploads\/2023\/02\/montagne.jpeg 275w, https:\/\/www.brenne-au-coeur.com\/wp-content\/uploads\/2023\/02\/montagne-150x100.jpeg 150w, https:\/\/www.brenne-au-coeur.com\/wp-content\/uploads\/2023\/02\/montagne-272x182.jpeg 272w\" sizes=\"auto, (max-width: 275px) 100vw, 275px\" \/><\/a>La libert\u00e9 totale quoi\u00a0!<\/span><\/span><\/p>\n<p class=\"western\"><span style=\"font-family: Times New Roman, serif;\"><span style=\"font-size: medium;\">Sans ce stupide accident de voiture qui me priva pour toujours de Fernand et Marie, je serais sans doute encore l\u00e0-bas. Mais je ne pouvais pas rester. La ferme fut vendue et un jeune couple s\u2019est occup\u00e9 de moi. Ils m\u2019ont emmen\u00e9 en ville, loin de mes ch\u00e8res montagnes. <\/span><\/span><\/p>\n<p class=\"western\"><span style=\"font-family: Times New Roman, serif;\"><span style=\"font-size: medium;\">Impossible de m\u2019y faire\u00a0! <\/span><\/span><\/p>\n<p class=\"western\"><span style=\"font-family: Times New Roman, serif;\"><span style=\"font-size: medium;\">\u00c0 la premi\u00e8re occasion je me suis enfui. J\u2019avais 7 ans. Premi\u00e8re fugue, premi\u00e8res courses effr\u00e9n\u00e9es et la griserie de la libert\u00e9 retrouv\u00e9e. D\u00e8s lors je n\u2019ai eu de cesse de m\u2019\u00e9chapper d\u00e8s que je le pouvais. Le couple n\u2019a pas support\u00e9. J\u2019\u00e9tais intenable, ing\u00e9rable comme il disait. Ils ne comprenaient rien. Je voulais simplement vivre ma vie. D\u00e8s lors, les familles d\u2019accueil se sont succ\u00e9d\u00e9. Jusqu\u2019\u00e0 la rencontre de Raymonde et D\u00e9d\u00e9, voil\u00e0 un an. Ils sont gentils ces deux-l\u00e0. Ils me rappellent Fernand et Marie. Ils essaient de me construire une nouvelle vie, de respecter ma vrai nature. Ils me laissent tranquille. Pas du style \u00e0 \u00eatre constamment sur mon dos. Mais depuis quelques temps je me sens de nouveau oppress\u00e9. Comme partout, j\u2019ai l\u2019impression de vivre dans une prison dor\u00e9e. J\u2019ai besoin d\u2019air, d\u2019espace. J\u2019\u00e9touffe ici.\u00a0\u00bb<\/span><\/span><\/p>\n<p class=\"western\"><span style=\"font-family: Times New Roman, serif;\"><span style=\"font-size: medium;\">Soudain, Dominique se redressa, fixa la fen\u00eatre grande ouverte. D\u2019un bond il se propulsa sur le balcon, puis sur la terrasse de l\u2019\u00e9tage inf\u00e9rieur. En moins de temps qu\u2019il ne faut pour le dire, il se retrouva dans la cour de l\u2019immeuble. Il tourna la t\u00eate une derni\u00e8re fois vers l\u2019appartement.<\/span><\/span><\/p>\n<p class=\"western\"><span style=\"font-family: Times New Roman, serif;\"><span style=\"font-size: medium;\">\u00ab\u00a0Si les gens croient que je vais accepter une existence pareille. Je ne suis pas comme eux. Il faudrait bien qu\u2019ils le comprennent un jour. Et puis quelle id\u00e9e de m\u2019appeler Dominique. Ce n\u2019est pas un <a href=\"https:\/\/lemagduchat.ouest-france.fr\/dossier-232-50-noms-chat-rigolos.html\">nom de chat<\/a>\u00a0!\u00a0\u00bb<\/span><\/span><\/p>\n","protected":false},"excerpt":{"rendered":"<p>J&rsquo;ai cr\u00e9\u00e9 ce blog pour informer les lecteurs des activit\u00e9s r\u00e9alis\u00e9es principalement par les habitants de M\u00e9zi\u00e8res et des villages environnants. Cette fois-ci, une fois n&rsquo;est pas coutume je vous propose de d\u00e9couvrir une \u00ab\u00a0nouvelle\u00a0\u00bb de ma composition. Je vous souhaite une bonne lecture. &nbsp; &nbsp; Dominique en avait soup\u00e9 de toute cette histoire et&hellip;&nbsp;<a href=\"https:\/\/www.brenne-au-coeur.com\/index.php\/2023\/02\/05\/question-de-nature\/communes\/mezieres-en-brenne\/3855\/\" rel=\"bookmark\">Lire la suite&nbsp;&raquo;<span class=\"screen-reader-text\">Question de nature<\/span><\/a><\/p>\n","protected":false},"author":1,"featured_media":3856,"comment_status":"open","ping_status":"open","sticky":false,"template":"","format":"standard","meta":{"rop_custom_images_group":[],"rop_custom_messages_group":[],"rop_publish_now":"initial","rop_publish_now_accounts":[],"rop_publish_now_history":[],"rop_publish_now_status":"pending","_monsterinsights_skip_tracking":false,"_monsterinsights_sitenote_active":false,"_monsterinsights_sitenote_note":"","_monsterinsights_sitenote_category":0,"neve_meta_sidebar":"","neve_meta_container":"","neve_meta_enable_content_width":"off","neve_meta_content_width":70,"neve_meta_title_alignment":"","neve_meta_author_avatar":"","neve_post_elements_order":"","neve_meta_disable_header":"","neve_meta_disable_footer":"","neve_meta_disable_title":"","_jetpack_memberships_contains_paid_content":false,"footnotes":"","jetpack_publicize_message":"","jetpack_publicize_feature_enabled":true,"jetpack_social_post_already_shared":false,"jetpack_social_options":{"image_generator_settings":{"template":"highway","default_image_id":0,"font":"","enabled":false},"version":2}},"categories":[12],"tags":[39],"class_list":["post-3855","post","type-post","status-publish","format-standard","has-post-thumbnail","hentry","category-mezieres-en-brenne","tag-litterature"],"aioseo_notices":[],"jetpack_publicize_connections":[],"jetpack_featured_media_url":"https:\/\/www.brenne-au-coeur.com\/wp-content\/uploads\/2023\/02\/montagne.jpeg","jetpack-related-posts":[],"jetpack_sharing_enabled":true,"_links":{"self":[{"href":"https:\/\/www.brenne-au-coeur.com\/index.php\/wp-json\/wp\/v2\/posts\/3855","targetHints":{"allow":["GET"]}}],"collection":[{"href":"https:\/\/www.brenne-au-coeur.com\/index.php\/wp-json\/wp\/v2\/posts"}],"about":[{"href":"https:\/\/www.brenne-au-coeur.com\/index.php\/wp-json\/wp\/v2\/types\/post"}],"author":[{"embeddable":true,"href":"https:\/\/www.brenne-au-coeur.com\/index.php\/wp-json\/wp\/v2\/users\/1"}],"replies":[{"embeddable":true,"href":"https:\/\/www.brenne-au-coeur.com\/index.php\/wp-json\/wp\/v2\/comments?post=3855"}],"version-history":[{"count":4,"href":"https:\/\/www.brenne-au-coeur.com\/index.php\/wp-json\/wp\/v2\/posts\/3855\/revisions"}],"predecessor-version":[{"id":3862,"href":"https:\/\/www.brenne-au-coeur.com\/index.php\/wp-json\/wp\/v2\/posts\/3855\/revisions\/3862"}],"wp:featuredmedia":[{"embeddable":true,"href":"https:\/\/www.brenne-au-coeur.com\/index.php\/wp-json\/wp\/v2\/media\/3856"}],"wp:attachment":[{"href":"https:\/\/www.brenne-au-coeur.com\/index.php\/wp-json\/wp\/v2\/media?parent=3855"}],"wp:term":[{"taxonomy":"category","embeddable":true,"href":"https:\/\/www.brenne-au-coeur.com\/index.php\/wp-json\/wp\/v2\/categories?post=3855"},{"taxonomy":"post_tag","embeddable":true,"href":"https:\/\/www.brenne-au-coeur.com\/index.php\/wp-json\/wp\/v2\/tags?post=3855"}],"curies":[{"name":"wp","href":"https:\/\/api.w.org\/{rel}","templated":true}]}}