{"id":3848,"date":"2023-02-05T17:13:26","date_gmt":"2023-02-05T16:13:26","guid":{"rendered":"https:\/\/www.brenne-au-coeur.com\/?p=3848"},"modified":"2023-02-05T18:37:37","modified_gmt":"2023-02-05T17:37:37","slug":"villiers-place-des-courts-metrages","status":"publish","type":"post","link":"https:\/\/www.brenne-au-coeur.com\/index.php\/2023\/02\/05\/villiers-place-des-courts-metrages\/communes\/villiers\/3848\/","title":{"rendered":"Villiers, place des courts m\u00e9trages"},"content":{"rendered":"<figure id=\"attachment_3849\" aria-describedby=\"caption-attachment-3849\" style=\"width: 300px\" class=\"wp-caption alignleft\"><a href=\"https:\/\/www.brenne-au-coeur.com\/wp-content\/uploads\/2023\/02\/cine-villiers.resized.jpg\" rel=\"lightbox[3848]\"><img loading=\"lazy\" decoding=\"async\" class=\"wp-image-3849 size-medium\" src=\"https:\/\/www.brenne-au-coeur.com\/wp-content\/uploads\/2023\/02\/cine-villiers.resized-300x200.jpg\" alt=\"\" width=\"300\" height=\"200\" srcset=\"https:\/\/www.brenne-au-coeur.com\/wp-content\/uploads\/2023\/02\/cine-villiers.resized-300x200.jpg 300w, https:\/\/www.brenne-au-coeur.com\/wp-content\/uploads\/2023\/02\/cine-villiers.resized-150x100.jpg 150w, https:\/\/www.brenne-au-coeur.com\/wp-content\/uploads\/2023\/02\/cine-villiers.resized-272x182.jpg 272w, https:\/\/www.brenne-au-coeur.com\/wp-content\/uploads\/2023\/02\/cine-villiers.resized.jpg 400w\" sizes=\"auto, (max-width: 300px) 100vw, 300px\" \/><\/a><figcaption id=\"caption-attachment-3849\" class=\"wp-caption-text\">Quelques secondes avant la projection<\/figcaption><\/figure>\n<p><span style=\"font-size: large;\">Vendredi 3 f\u00e9vrier, la salle des f\u00eates de Villiers a ouvert ses portes pour une s\u00e9ance de cin\u00e9ma. La municipalit\u00e9 reprenait ses soir\u00e9es \u00ab\u00a0projection de courts m\u00e9trages\u00a0\u00bb, suspendues depuis la crise sanitaire. Comme par le pass\u00e9, Andr\u00e9 Jeanpierre avait concoct\u00e9 un programme d\u00e9lib\u00e9r\u00e9ment vari\u00e9. Film d\u2019animation, documentaires, fictions abordent des sujets graves ou beaucoup plus l\u00e9gers. \u00ab<i>\u00a0<\/i><i>Tous ces courts m\u00e9tr<\/i><i>a<\/i><i>ges sont d\u2019une grande qualit\u00e9 et r\u00e9alis\u00e9s par des amateurs. Ce serait dommage de ne pas les visionner\u00a0\u00bb<\/i>, a expliqu\u00e9 Andr\u00e9. Les spectateurs ont pu ainsi d\u00e9couvrir \u00ab&nbsp;Passion fleurie&nbsp;\u00bb, un documentaire sur la r\u00e9alisation et la r\u00e9paration des broderies de bonnets , \u00ab&nbsp;Deux poids, deux mesures&nbsp;\u00bb un tr\u00e8s court sketch \u00e0 la chute d\u00e9coiffante, \u00ab&nbsp;Liyoki&nbsp;\u00bb, un film d\u2019animation d\u2019une grande beaut\u00e9 esth\u00e9tique portant une belle morale, \u00ab&nbsp;Exprimer&nbsp;\u00bb, documentaire sur la r\u00e9alisation d\u2019un spectacle \u00e9crit et interpr\u00e9t\u00e9 par des personnes victimes d\u2019agressions sexuelles, \u00ab&nbsp;Casting&nbsp;\u00bb, une fiction tir\u00e9e d\u2019un fait r\u00e9el, reposant sur une interpr\u00e9tation bluffante d\u2019une com\u00e9dienne et enfin \u00ab&nbsp;Madagascar, l\u2019\u00eele rouge&nbsp;\u00bb, documentaire sur l\u2019action humanitaire de <a href=\"http:\/\/nirina.madagascar.free.fr\/\">Nirina<\/a>, une association qui aide les habitants de ce pays. <\/span><\/p>\n<p><span style=\"font-size: large;\">Marie-H\u00e9l\u00e8ne et Didier Gosselin r\u00e9alisateurs de ce film \u00e9taient pr\u00e9sents dans la salle. Une discussion s\u2019est engag\u00e9e \u00e0 la suite de la projection. Les spectateurs ont pu \u00e9chang\u00e9, poser des questions, pour mieux conna\u00eetre la r\u00e9alit\u00e9 de ce pays et les conditions dans lesquelles le documentaire a \u00e9t\u00e9 r\u00e9alis\u00e9. Tous les deux, sont membres de l\u2019association <a href=\"https:\/\/cpcl.fr\/\">Cam\u00e9ra Photo Club du Lochois<\/a> (CPCL). Didier en est le pr\u00e9sident. Ils ont ainsi expliqu\u00e9 comment leur association r\u00e9pondait aux demandes, pour monter des films sur divers sujets. La vie et les activit\u00e9s au sein de l\u2019h\u00f4pital de Loches, la restauration du clocher de Beaulieu, la pr\u00e9sentation de f\u00eates d\u2019\u00e9coles etc.<\/span><\/p>\n<div class=\"nv-iframe-embed\"><div class=\"lyte-wrapper fourthree\" title=\"Un h&ocirc;pital pr&egrave;s de chez nous\" style=\"width:420px;max-width:100%;margin:5px auto;\"><div class=\"lyMe hidef qsa_\\&amp;start\\=1\" id=\"WYL_GPaKF6NBnAA\" itemprop=\"video\" itemscope itemtype=\"https:\/\/schema.org\/VideoObject\"><div><meta itemprop=\"thumbnailUrl\" content=\"https:\/\/www.brenne-au-coeur.com\/wp-content\/plugins\/wp-youtube-lyte\/lyteCache.php?origThumbUrl=https%3A%2F%2Fi.ytimg.com%2Fvi%2FGPaKF6NBnAA%2Fmaxresdefault.jpg\" \/><meta itemprop=\"embedURL\" content=\"https:\/\/www.youtube.com\/embed\/GPaKF6NBnAA\" \/><meta itemprop=\"duration\" content=\"PT7M28S\" \/><meta itemprop=\"uploadDate\" content=\"2022-04-05T10:48:37Z\" \/><\/div><div id=\"lyte_GPaKF6NBnAA\" data-src=\"https:\/\/www.brenne-au-coeur.com\/wp-content\/plugins\/wp-youtube-lyte\/lyteCache.php?origThumbUrl=https%3A%2F%2Fi.ytimg.com%2Fvi%2FGPaKF6NBnAA%2Fmaxresdefault.jpg\" class=\"pL\"><div class=\"tC\"><div class=\"tT\" itemprop=\"name\">Un h\u00f4pital pr\u00e8s de chez nous<\/div><\/div><div class=\"play\"><\/div><div class=\"ctrl\"><div class=\"Lctrl\"><\/div><div class=\"Rctrl\"><\/div><\/div><\/div><noscript><a href=\"https:\/\/youtu.be\/GPaKF6NBnAA\" rel=\"nofollow\"><img loading=\"lazy\" decoding=\"async\" src=\"https:\/\/www.brenne-au-coeur.com\/wp-content\/plugins\/wp-youtube-lyte\/lyteCache.php?origThumbUrl=https%3A%2F%2Fi.ytimg.com%2Fvi%2FGPaKF6NBnAA%2F0.jpg\" alt=\"Un h&ocirc;pital pr&egrave;s de chez nous\" width=\"420\" height=\"295\" \/><br \/>Lire cette vid\u00e9o sur YouTube<\/a><\/noscript><meta itemprop=\"description\" content=\"L&#039; h\u00f4pital de LOCHES !\"><\/div><\/div><div class=\"lL\" style=\"max-width:100%;width:420px;margin:5px auto;\"><\/div><\/div>\n<p><span style=\"font-size: large;\">Renata Caillebot, \u00e9galement membre du CPCL qui a tourn\u00e9 \u00ab\u00a0Exprimer\u00a0\u00bb, a pr\u00e9cis\u00e9 tout le sens du travail accompli par les participants \u00e0 cette expression artistique. <\/span><\/p>\n<p><span style=\"font-size: large;\">Les s\u00e9ances de projection de courts m\u00e9trages \u00e0 Villiers renouent avec l\u2019esprit \u00ab\u00a0cin\u00e9-club\u00a0\u00bb. C\u2019est un mani\u00e8re diff\u00e9rente de voir des films. Elle favorise les rencontres, la d\u00e9couverte d\u2019\u0153uvres de qualit\u00e9 qui \u00e9chappent au circuit commercial, provoque les \u00e9changes dans une ambiance conviviale. Ainsi les spectateurs peuvent continuer \u00e0 d\u00e9battre autour d\u2019un verre. <\/span><\/p>\n<p><span style=\"font-size: large;\">On ne peut d\u00e8s lors que se r\u00e9jouir de la reprise de ce type de soir\u00e9es. La prochaine s\u00e9ance devrait avoir lieu le 7 avril. Brenne-au-c\u0153ur ne manquera pas d&rsquo;annoncer le programme. <\/span><\/p>\n","protected":false},"excerpt":{"rendered":"<p>Vendredi 3 f\u00e9vrier, la salle des f\u00eates de Villiers a ouvert ses portes pour une s\u00e9ance de cin\u00e9ma. La municipalit\u00e9 reprenait ses soir\u00e9es \u00ab\u00a0projection de courts m\u00e9trages\u00a0\u00bb, suspendues depuis la crise sanitaire. Comme par le pass\u00e9, Andr\u00e9 Jeanpierre avait concoct\u00e9 un programme d\u00e9lib\u00e9r\u00e9ment vari\u00e9. Film d\u2019animation, documentaires, fictions abordent des sujets graves ou beaucoup plus&hellip;&nbsp;<a href=\"https:\/\/www.brenne-au-coeur.com\/index.php\/2023\/02\/05\/villiers-place-des-courts-metrages\/communes\/villiers\/3848\/\" rel=\"bookmark\">Lire la suite&nbsp;&raquo;<span class=\"screen-reader-text\">Villiers, place des courts m\u00e9trages<\/span><\/a><\/p>\n","protected":false},"author":1,"featured_media":3849,"comment_status":"open","ping_status":"open","sticky":false,"template":"","format":"standard","meta":{"rop_custom_images_group":[],"rop_custom_messages_group":[],"rop_publish_now":"initial","rop_publish_now_accounts":[],"rop_publish_now_history":[],"rop_publish_now_status":"pending","_monsterinsights_skip_tracking":false,"_monsterinsights_sitenote_active":false,"_monsterinsights_sitenote_note":"","_monsterinsights_sitenote_category":0,"neve_meta_sidebar":"","neve_meta_container":"","neve_meta_enable_content_width":"off","neve_meta_content_width":70,"neve_meta_title_alignment":"","neve_meta_author_avatar":"","neve_post_elements_order":"","neve_meta_disable_header":"","neve_meta_disable_footer":"","neve_meta_disable_title":"","_jetpack_memberships_contains_paid_content":false,"footnotes":"","jetpack_publicize_message":"","jetpack_publicize_feature_enabled":true,"jetpack_social_post_already_shared":false,"jetpack_social_options":{"image_generator_settings":{"template":"highway","default_image_id":0,"font":"","enabled":false},"version":2}},"categories":[19],"tags":[47],"class_list":["post-3848","post","type-post","status-publish","format-standard","has-post-thumbnail","hentry","category-villiers","tag-cinema"],"aioseo_notices":[],"jetpack_publicize_connections":[],"jetpack_featured_media_url":"https:\/\/www.brenne-au-coeur.com\/wp-content\/uploads\/2023\/02\/cine-villiers.resized.jpg","jetpack-related-posts":[],"jetpack_sharing_enabled":true,"_links":{"self":[{"href":"https:\/\/www.brenne-au-coeur.com\/index.php\/wp-json\/wp\/v2\/posts\/3848","targetHints":{"allow":["GET"]}}],"collection":[{"href":"https:\/\/www.brenne-au-coeur.com\/index.php\/wp-json\/wp\/v2\/posts"}],"about":[{"href":"https:\/\/www.brenne-au-coeur.com\/index.php\/wp-json\/wp\/v2\/types\/post"}],"author":[{"embeddable":true,"href":"https:\/\/www.brenne-au-coeur.com\/index.php\/wp-json\/wp\/v2\/users\/1"}],"replies":[{"embeddable":true,"href":"https:\/\/www.brenne-au-coeur.com\/index.php\/wp-json\/wp\/v2\/comments?post=3848"}],"version-history":[{"count":2,"href":"https:\/\/www.brenne-au-coeur.com\/index.php\/wp-json\/wp\/v2\/posts\/3848\/revisions"}],"predecessor-version":[{"id":3854,"href":"https:\/\/www.brenne-au-coeur.com\/index.php\/wp-json\/wp\/v2\/posts\/3848\/revisions\/3854"}],"wp:featuredmedia":[{"embeddable":true,"href":"https:\/\/www.brenne-au-coeur.com\/index.php\/wp-json\/wp\/v2\/media\/3849"}],"wp:attachment":[{"href":"https:\/\/www.brenne-au-coeur.com\/index.php\/wp-json\/wp\/v2\/media?parent=3848"}],"wp:term":[{"taxonomy":"category","embeddable":true,"href":"https:\/\/www.brenne-au-coeur.com\/index.php\/wp-json\/wp\/v2\/categories?post=3848"},{"taxonomy":"post_tag","embeddable":true,"href":"https:\/\/www.brenne-au-coeur.com\/index.php\/wp-json\/wp\/v2\/tags?post=3848"}],"curies":[{"name":"wp","href":"https:\/\/api.w.org\/{rel}","templated":true}]}}