{"id":3778,"date":"2023-01-22T16:36:17","date_gmt":"2023-01-22T15:36:17","guid":{"rendered":"https:\/\/www.brenne-au-coeur.com\/?p=3778"},"modified":"2023-01-24T11:36:12","modified_gmt":"2023-01-24T10:36:12","slug":"des-mots-pour-semouvoir","status":"publish","type":"post","link":"https:\/\/www.brenne-au-coeur.com\/index.php\/2023\/01\/22\/des-mots-pour-semouvoir\/communes\/mezieres-en-brenne\/3778\/","title":{"rendered":"Des mots pour s&rsquo;\u00e9mouvoir"},"content":{"rendered":"<p align=\"left\"><span style=\"font-family: Arial, sans-serif;\"><span style=\"font-size: large;\">Les livres conduisent le lecteur au c\u0153ur d\u2019histoires dr\u00f4les ou tragiques. La vari\u00e9t\u00e9 des situations est infinie. Le choix des lecteurs du club de <a href=\"https:\/\/www.brenne-au-coeur.com\/index.php\/mezieres-en-brenne\/\">M\u00e9zi\u00e8res<\/a>, n\u2019\u00e9chappent pas \u00e0 cette r\u00e8gle. Les ouvrages pr\u00e9sent\u00e9s ce mois-ci t\u00e9moignent de situations joyeuses ou graves qu\u2019elles soient fictives ou plus souvent inspir\u00e9es de faits r\u00e9els.<\/span><\/span><\/p>\n<figure id=\"attachment_3788\" aria-describedby=\"caption-attachment-3788\" style=\"width: 195px\" class=\"wp-caption alignright\"><a href=\"https:\/\/www.brenne-au-coeur.com\/wp-content\/uploads\/2023\/01\/les-mots-se-mangent.jpg\" rel=\"lightbox[3778]\"><img loading=\"lazy\" decoding=\"async\" class=\"wp-image-3788 size-full\" src=\"https:\/\/www.brenne-au-coeur.com\/wp-content\/uploads\/2023\/01\/les-mots-se-mangent.jpg\" alt=\"\" width=\"195\" height=\"254\" srcset=\"https:\/\/www.brenne-au-coeur.com\/wp-content\/uploads\/2023\/01\/les-mots-se-mangent.jpg 195w, https:\/\/www.brenne-au-coeur.com\/wp-content\/uploads\/2023\/01\/les-mots-se-mangent-115x150.jpg 115w\" sizes=\"auto, (max-width: 195px) 100vw, 195px\" \/><\/a><figcaption id=\"caption-attachment-3788\" class=\"wp-caption-text\">Les mots se mangent. &#8211; Daniel Pennac, Florence Cestac<\/figcaption><\/figure>\n<p><span style=\"font-family: Arial, sans-serif;\"><span style=\"font-size: large;\"><span style=\"color: #000000;\"><b>Les mots se mangent.<\/b><\/span><i><b> <\/b><\/i><\/span><\/span><\/p>\n<p><span style=\"font-family: Arial, sans-serif;\"><span style=\"font-size: large;\">Daniel Pennac, Florence Cestac. Bande dessin\u00e9e. 2022. 77 pages.<\/span><\/span><\/p>\n<p><span style=\"font-family: Arial, sans-serif;\"><span style=\"font-size: large;\"><i><b>Pour Yvette \u00ab\u00a0c\u2019est une BD id\u00e9ale pour oublier les infos anxiog\u00e8nes. Chaque histoire est une gourmandise\u00a0\u00bb. <\/b><\/i><\/span><\/span><\/p>\n<p><span style=\"font-family: Arial, sans-serif;\"><span style=\"font-size: large;\">Si les mots se mangent, c&rsquo;est parce qu&rsquo;ils sont dr\u00f4lement app\u00e9tissants. Et quand Daniel Pennac et Florence Cestac passent les expressions fran\u00e7aises \u00e0 la casserole, la tendresse et l&rsquo;humour sont au menu&nbsp;!<br \/>\nPour manger, on dit aussi&#8230; go\u00fbter, grignoter, picorer, becqueter, croquer, gober, d\u00e9guster, boulotter, bouffer, d\u00e9vorer, baffrer, et cetera.<br \/>\nEh bien, nous affirmons que les mots se mangent, se go\u00fbtent, se grignotent, se picorent, se becquettent, se croquent, se gobent, se d\u00e9gustent, se boulottent, se bouffent, se d\u00e9vorent, se baffrent&#8230;<br \/>\nBon app\u00e9tit, mangeurs de mots&nbsp;!<br \/>\n<\/span><\/span><\/p>\n<figure id=\"attachment_3787\" aria-describedby=\"caption-attachment-3787\" style=\"width: 205px\" class=\"wp-caption alignleft\"><a href=\"https:\/\/www.brenne-au-coeur.com\/wp-content\/uploads\/2023\/01\/changer-leau-des-fleurs.jpg\" rel=\"lightbox[3778]\"><img loading=\"lazy\" decoding=\"async\" class=\"wp-image-3787 size-medium\" src=\"https:\/\/www.brenne-au-coeur.com\/wp-content\/uploads\/2023\/01\/changer-leau-des-fleurs-205x300.jpg\" alt=\"\" width=\"205\" height=\"300\" srcset=\"https:\/\/www.brenne-au-coeur.com\/wp-content\/uploads\/2023\/01\/changer-leau-des-fleurs-205x300.jpg 205w, https:\/\/www.brenne-au-coeur.com\/wp-content\/uploads\/2023\/01\/changer-leau-des-fleurs-102x150.jpg 102w, https:\/\/www.brenne-au-coeur.com\/wp-content\/uploads\/2023\/01\/changer-leau-des-fleurs.jpg 250w\" sizes=\"auto, (max-width: 205px) 100vw, 205px\" \/><\/a><figcaption id=\"caption-attachment-3787\" class=\"wp-caption-text\">Change l\u2019eau des fleurs &#8211; Val\u00e9rie Perrin<\/figcaption><\/figure>\n<p><span style=\"font-family: Arial, sans-serif;\"><span style=\"font-size: large;\"><span style=\"color: #000000;\"><b>Change l\u2019eau des fleurs.<\/b><\/span><\/span><\/span><\/p>\n<p><span style=\"font-family: Arial, sans-serif;\"><span style=\"font-size: large;\">Val\u00e9rie Perrin. Roman. 2019 Editeur\u00a0: Livre de Poche. 665 pages.<\/span><\/span><\/p>\n<p><span style=\"font-family: Arial, sans-serif;\"><span style=\"font-size: large;\"><i><b>\u00ab\u00a0On passe un beau moment. On est tenu en haleine jusqu\u2019\u00e0 la fin. J\u2019ai trouv\u00e9 dans ce livre une note d\u2019espoir et de bienveillance. \u00c7a fait du bien\u00a0\u00bb, a dit Yvette<\/b><\/i><\/span><\/span><\/p>\n<p><span style=\"font-family: Arial, sans-serif;\"><span style=\"font-size: large;\">Violette Toussaint est garde-cimeti\u00e8re dans une petite ville de Bourgogne. Les gens de passage et les habitu\u00e9s viennent se r\u00e9chauffer dans sa loge o\u00f9 rires et larmes se m\u00e9langent au caf\u00e9 qu&rsquo;elle leur offre. Son quotidien est rythm\u00e9 par leurs confidences. Un jour, parce qu&rsquo;un homme et une femme ont d\u00e9cid\u00e9 de reposer ensemble dans son carr\u00e9 de terre, tout bascule. Des liens qui unissent vivants et morts sont exhum\u00e9s, et certaines \u00e2mes que l&rsquo;on croyait noires, se r\u00e9v\u00e8lent lumineuses.<br \/>\nApr\u00e8s l&rsquo;\u00e9motion et le succ\u00e8s des Oubli\u00e9s du dimanche, Val\u00e9rie Perrin nous fait partager l&rsquo;histoire intense d&rsquo;une femme qui, malgr\u00e9 les \u00e9preuves, croit obstin\u00e9ment au bonheur. Avec ce talent si rare de rendre l&rsquo;ordinaire exceptionnel, Val\u00e9rie Perrin cr\u00e9e autour de cette f\u00e9e du quotidien un monde plein de po\u00e9sie et d&rsquo;humanit\u00e9.<br \/>\nUn hymne au merveilleux des choses simples. <\/span><\/span><\/p>\n<figure id=\"attachment_3786\" aria-describedby=\"caption-attachment-3786\" style=\"width: 195px\" class=\"wp-caption alignright\"><a href=\"https:\/\/www.brenne-au-coeur.com\/wp-content\/uploads\/2023\/01\/lodysseedakim-.jpg\" rel=\"lightbox[3778]\"><img loading=\"lazy\" decoding=\"async\" class=\"wp-image-3786 size-full\" src=\"https:\/\/www.brenne-au-coeur.com\/wp-content\/uploads\/2023\/01\/lodysseedakim-.jpg\" alt=\"\" width=\"195\" height=\"272\" srcset=\"https:\/\/www.brenne-au-coeur.com\/wp-content\/uploads\/2023\/01\/lodysseedakim-.jpg 195w, https:\/\/www.brenne-au-coeur.com\/wp-content\/uploads\/2023\/01\/lodysseedakim--108x150.jpg 108w\" sizes=\"auto, (max-width: 195px) 100vw, 195px\" \/><\/a><figcaption id=\"caption-attachment-3786\" class=\"wp-caption-text\">L\u2019Odyss\u00e9e d\u2019Hakim &#8211; Fabien Toulm\u00e9<\/figcaption><\/figure>\n<p><span style=\"font-family: Arial, sans-serif;\"><span style=\"font-size: large;\"><span style=\"color: #000000;\"><b>L\u2019O<\/b><\/span><span style=\"color: #000000;\"><b>d<\/b><\/span><span style=\"color: #000000;\"><b>yss\u00e9e d\u2019Hakim.<\/b><\/span> <\/span><\/span><\/p>\n<p><span style=\"font-family: Arial, sans-serif;\"><span style=\"font-size: large;\">Fabien Toulm\u00e9. Bande dessin\u00e9e. 2020. Editeur\u00a0: Delcourt. <span style=\"color: #000000;\">Livre de la BDI, actuellement \u00e0 la M\u00e9diath\u00e8que de M\u00e9zi\u00e8res.<\/span><\/span><\/span><\/p>\n<p><span style=\"font-family: Arial, sans-serif;\"><span style=\"font-size: large;\"><i><b>\u00ab\u00a0Ce livre traduit bien toutes les difficult\u00e9s auxquelles sont confront\u00e9s les migrants lorsqu\u2019ils sont contraints de tout quitter\u00a0\u00bb a expliqu\u00e9 Gilles.<\/b><\/i><\/span><\/span><\/p>\n<p><a name=\"cite_ref-LeVif_2-0\"><\/a><a name=\"cite_ref-Roure2018_5-0\"><\/a><a name=\"cite_ref-Inrocks_4-1\"><\/a> <span style=\"font-family: Arial, sans-serif;\"><span style=\"font-size: large;\">Hakim Kabdi, a\u00een\u00e9 d&rsquo;une famille de neuf enfants, grandit dans la banlieue sud de Damas. Comme son p\u00e8re, il devient horticulteur et poss\u00e8de une p\u00e9pini\u00e8re En 2011, la contestation grandit contre le r\u00e9gime de Bachar Al Assad, dans le mouvement du printemps arabe\u00a0; la r\u00e9pression est violente. Hakim est emprisonn\u00e9 pour avoir secouru des manifestants bless\u00e9s et il est tortur\u00e9, ses biens confisqu\u00e9s. Son fr\u00e8re, militant contre le r\u00e9gime, dispara\u00eet. Ses parents, qui craignent pour la vie d&rsquo;Hakim, lui enjoignent de quitter la Syrie. Hakim se rend \u00e0 Beyrouth, o\u00f9 il ne trouve pas de travail. Tentant sa chance \u00e0 Amman, il trouve un emploi temporaire dans une soci\u00e9t\u00e9 de nettoyage. Son employeur ayant disparu, il va en Turquie, \u00e0 Antalya, o\u00f9 il esp\u00e8re trouver une situation plus stable et il y rencontre des compatriotes, notamment Najmeh. Les deux jeunes gens se marient, Najmeh devient enceinte et Hakim s&rsquo;active dans des emplois pr\u00e9caires. Les parents de Najmeh, lass\u00e9s de ne pas trouver de poste apr\u00e8s 2 ans et demi de recherches, se rendent \u00e0 Istanbul, entra\u00eenant avec eux le jeune couple\u2026<\/span><\/span><\/p>\n<p>&nbsp;<\/p>\n<figure id=\"attachment_3785\" aria-describedby=\"caption-attachment-3785\" style=\"width: 207px\" class=\"wp-caption alignleft\"><a href=\"https:\/\/www.brenne-au-coeur.com\/wp-content\/uploads\/2023\/01\/le-parfum-des-cendres.jpg\" rel=\"lightbox[3778]\"><img loading=\"lazy\" decoding=\"async\" class=\"wp-image-3785 size-medium\" src=\"https:\/\/www.brenne-au-coeur.com\/wp-content\/uploads\/2023\/01\/le-parfum-des-cendres-207x300.jpg\" alt=\"\" width=\"207\" height=\"300\" srcset=\"https:\/\/www.brenne-au-coeur.com\/wp-content\/uploads\/2023\/01\/le-parfum-des-cendres-207x300.jpg 207w, https:\/\/www.brenne-au-coeur.com\/wp-content\/uploads\/2023\/01\/le-parfum-des-cendres-103x150.jpg 103w, https:\/\/www.brenne-au-coeur.com\/wp-content\/uploads\/2023\/01\/le-parfum-des-cendres.jpg 210w\" sizes=\"auto, (max-width: 207px) 100vw, 207px\" \/><\/a><figcaption id=\"caption-attachment-3785\" class=\"wp-caption-text\">Le parfum des cendres &#8211; Marie Mangez<\/figcaption><\/figure>\n<p><span style=\"font-family: Arial, sans-serif;\"><span style=\"font-size: large;\"><span style=\"color: #000000;\"><b>Le parfum des cendres.<\/b><\/span> <\/span><\/span><\/p>\n<p><span style=\"font-family: Arial, sans-serif;\"><span style=\"font-size: large;\">Marie Mangez. Premier roman. 2021. Editeur\u00a0: Finitude. 236 pages. <span style=\"color: #000000;\">Livre de la M\u00e9diath\u00e8que de M\u00e9zi\u00e8res.<\/span><\/span><\/span><\/p>\n<p><span style=\"font-family: Arial, sans-serif;\"><span style=\"font-size: large;\"><i><b>Pour Chantal, \u00ab\u00a0si la fin est mieux, l\u2019ensemble est long, charg\u00e9 de trop de descriptions\u00a0\u00bb.<\/b><\/i><\/span><\/span><\/p>\n<p><span style=\"font-family: Arial, sans-serif;\"><span style=\"font-size: large;\">Les parfums sont toute la vie de Sylvain Bragonard. Il a le don de cerner n&rsquo;importe quelle personnalit\u00e9 gr\u00e2ce \u00e0 de simples senteurs, qu&rsquo;elles soient vives ou d\u00e9licates, subtiles ou ent\u00eatantes. Tout le monde y passe, m\u00eame les morts dont il s&rsquo;occupe tous les jours dans son m\u00e9tier d&#8217;embaumeur. Cette mani\u00e8re insolite de dresser des portraits stup\u00e9fie Alice, une jeune th\u00e9sarde qui s&rsquo;int\u00e9resse \u00e0 son \u00e9trange profession.<br \/>\nPour elle, Sylvain lui-m\u00eame est une v\u00e9ritable \u00e9nigme&nbsp;: bourru, taiseux, il semble plus \u00e0 l&rsquo;aise avec les morts qu&rsquo;avec les vivants. Elle sent qu&rsquo;il cache quelque chose et cette curieuse imp\u00e9nitente veut percer le myst\u00e8re. Doucement, elle va l&rsquo;apprivoiser, partager avec lui sa passion pour la musique, et comprendre ce qu&rsquo;il cache depuis quinze ans. <\/span><\/span><\/p>\n<figure id=\"attachment_3784\" aria-describedby=\"caption-attachment-3784\" style=\"width: 205px\" class=\"wp-caption alignright\"><a href=\"https:\/\/www.brenne-au-coeur.com\/wp-content\/uploads\/2023\/01\/le-chat-du-bibliothecaire.jpg\" rel=\"lightbox[3778]\"><img loading=\"lazy\" decoding=\"async\" class=\"wp-image-3784 size-medium\" src=\"https:\/\/www.brenne-au-coeur.com\/wp-content\/uploads\/2023\/01\/le-chat-du-bibliothecaire-205x300.jpg\" alt=\"\" width=\"205\" height=\"300\" srcset=\"https:\/\/www.brenne-au-coeur.com\/wp-content\/uploads\/2023\/01\/le-chat-du-bibliothecaire-205x300.jpg 205w, https:\/\/www.brenne-au-coeur.com\/wp-content\/uploads\/2023\/01\/le-chat-du-bibliothecaire-103x150.jpg 103w, https:\/\/www.brenne-au-coeur.com\/wp-content\/uploads\/2023\/01\/le-chat-du-bibliothecaire.jpg 250w\" sizes=\"auto, (max-width: 205px) 100vw, 205px\" \/><\/a><figcaption id=\"caption-attachment-3784\" class=\"wp-caption-text\">Le chat du biblioth\u00e9caire &#8211; Miranda James<\/figcaption><\/figure>\n<p><span style=\"font-family: Arial, sans-serif;\"><span style=\"font-size: large;\"><span style=\"color: #000000;\"><b>Le chat d<\/b><\/span><span style=\"color: #000000;\"><b>u<\/b><\/span><span style=\"color: #000000;\"><b> biblioth\u00e9caire.<\/b><\/span><b> <\/b><\/span><\/span><\/p>\n<p><span style=\"font-family: Arial, sans-serif;\"><span style=\"font-size: large;\">Miranda James. Roman policier. 2021\u00a0Editeur\u00a0: J\u2019ai Lu. 5 tomes.<\/span><\/span><\/p>\n<p><span style=\"color: #000000;\"><span style=\"font-family: Arial, sans-serif;\"><span style=\"font-size: large;\"><i><b>\u00ab\u00a0L\u2019intrigue polici\u00e8re est d\u00e9cevante.L\u2019int\u00e9r\u00eat du livre se trouve plus dans la pr\u00e9sence du chat\u00a0\u00bb a estim\u00e9 Martine.<\/b><\/i><\/span><\/span><\/span><\/p>\n<p><span style=\"font-family: Arial, sans-serif;\"><span style=\"font-size: large;\">\u00c0 Athena, dans le Mississippi, Charlie Harris coule des jours paisibles en compagnie de Diesel, son fid\u00e8le maine coon, v\u00e9ritable coqueluche de la ville. Pour le biblioth\u00e9caire, la pr\u00e9sence du f\u00e9lin est une source de bonheur, tout comme celle des \u00e9tudiants \u00e0 qui il offre le g\u00eete et le couvert dans sa charmante maison. Cependant, sous ses airs tranquilles, Athena rec\u00e8le mille et un secrets sur le point d&rsquo;\u00eatre d\u00e9voil\u00e9s lorsque Godfrey Priest est retrouv\u00e9 inerte dans sa chambre d&rsquo;h\u00f4tel. Le c\u00e9l\u00e8bre auteur de thrillers, enfant du pays, venait assister \u00e0 un d\u00eener de gala en son honneur. Pour s\u00fbr, le criminel est un habitant du coin&#8230; Si l&rsquo;enqu\u00eate est officiellement confi\u00e9e au bureau du sh\u00e9rif, Charlie et son compagnon \u00e0 quatre pattes se lancent incognito dans leurs propres recherches&#8230; <\/span><\/span><\/p>\n<figure id=\"attachment_3789\" aria-describedby=\"caption-attachment-3789\" style=\"width: 199px\" class=\"wp-caption alignleft\"><a href=\"https:\/\/www.brenne-au-coeur.com\/wp-content\/uploads\/2023\/01\/CVT_Nord-et-Sud_9326.jpg\" rel=\"lightbox[3778]\"><img loading=\"lazy\" decoding=\"async\" class=\"wp-image-3789 size-medium\" src=\"https:\/\/www.brenne-au-coeur.com\/wp-content\/uploads\/2023\/01\/CVT_Nord-et-Sud_9326-199x300.jpg\" alt=\"\" width=\"199\" height=\"300\" srcset=\"https:\/\/www.brenne-au-coeur.com\/wp-content\/uploads\/2023\/01\/CVT_Nord-et-Sud_9326-199x300.jpg 199w, https:\/\/www.brenne-au-coeur.com\/wp-content\/uploads\/2023\/01\/CVT_Nord-et-Sud_9326-99x150.jpg 99w, https:\/\/www.brenne-au-coeur.com\/wp-content\/uploads\/2023\/01\/CVT_Nord-et-Sud_9326.jpg 210w\" sizes=\"auto, (max-width: 199px) 100vw, 199px\" \/><\/a><figcaption id=\"caption-attachment-3789\" class=\"wp-caption-text\">Nord et Sud &#8211; John Jakes<\/figcaption><\/figure>\n<p><span style=\"font-family: Arial, sans-serif;\"><span style=\"font-size: large;\"><span style=\"color: #000000;\"><b>N<\/b><\/span><span style=\"color: #000000;\"><b>ord et Sud.<\/b><\/span><\/span><\/span><\/p>\n<p><span style=\"font-family: Arial, sans-serif;\"><span style=\"font-size: large;\">John Jakes. Roman historique. 1984. Editeur\u00a0: France-Loisirs. 337 pages.<\/span><\/span><\/p>\n<p><span style=\"font-family: Arial, sans-serif;\"><span style=\"font-size: large;\"><i><b>\u00ab\u00a0Int\u00e9ressante description de l\u2019antagonisme entre esclavagistes et antiesclavagistes. On se rend compte que le Sud ne gagnera jamais. C\u2019est tr\u00e8s bien \u00e9crit\u00a0\u00bb, a expliqu\u00e9 Jean.<\/b><\/i><\/span><\/span><\/p>\n<p><span style=\"font-family: Arial, sans-serif;\"><span style=\"font-size: large;\">Louisiane, Georgie, Nouvelle-Orl\u00e9ans, Caroline du Sud, immense Mississippi et fronti\u00e8re du Mexique, paysages de r\u00eave, arbres immenses enserr\u00e9s dans les lianes, existences choy\u00e9es dans de somptueuses propri\u00e9t\u00e9s&#8230;<br \/>\nNord et Sud nous offre cette atmosph\u00e8re romantique, d\u00e9licieuse pour les uns, le plus souvent insupportable pour les esclaves noirs.<br \/>\nIl nous d\u00e9peint les vicissitudes, les amours et les joies de deux familles, unies durant deux g\u00e9n\u00e9rations par l&rsquo;amiti\u00e9 n\u00e9e de la rencontre de deux jeunes hommes \u00e0 West Point (le Saint-Cyr am\u00e9ricain). 1861. La guerre de S\u00e9cession \u00e9clate aux Etats-Unis, creusant un foss\u00e9 entre ces deux grandes familles les Hazard, ma\u00eetres de forges de Pennsylvanie, au Nord, et les Main, planteurs de Caroline du Sud, qui se trouvent dans des camps oppos\u00e9s malgr\u00e9 les liens d&rsquo;amiti\u00e9 qui les unissent.<br \/>\nA travers leurs destins parall\u00e8les se dessine la r\u00e9alit\u00e9 d&rsquo;un conflit o\u00f9 les hauts faits, les exploits h\u00e9ro\u00efques, les attitudes chevaleresques entre adversaires c\u00e8dent bient\u00f4t la place \u00e0 la boue des tranch\u00e9es, aux tueries inutiles. <\/span><\/span><\/p>\n<p><span style=\"font-family: Arial, sans-serif;\"><span style=\"font-size: large;\">La guerre va bouleverser non seulement les anciennes valeurs, mais les sentiments de chacun.<br \/>\nLa fresque de John Jakes s&rsquo;\u00e9tend sur cinq ann\u00e9es terribles, des premi\u00e8res d\u00e9faites du Nord \u00e0 l&rsquo;effondrement du Sud, des champs de bataille \u00e0 l&rsquo;arri\u00e8re, de New York \u00e0 la Georgie, des chantiers navals de Liverpool aux d\u00e9serts de l&rsquo;Ouest, du fond du port de Charleston (o\u00f9 \u00e9volue un des premiers sous-marins) aux camps de prisonniers, en passant par les bars et les bordels, les chambres \u00e0 coucher et les salles de bal.<br \/>\nProdigieuse \u00e9pop\u00e9e d&rsquo;un pays et double saga familiale dont on retrouve fid\u00e8lement le souffle \u00e9pique dans l&rsquo;une des plus grande s\u00e9rie t\u00e9l\u00e9vis\u00e9e de ces derni\u00e8res ann\u00e9es. <\/span><\/span><\/p>\n<figure id=\"attachment_3783\" aria-describedby=\"caption-attachment-3783\" style=\"width: 195px\" class=\"wp-caption alignright\"><a href=\"https:\/\/www.brenne-au-coeur.com\/wp-content\/uploads\/2023\/01\/CVT_Le-Grand-Monde_1995.jpg\" rel=\"lightbox[3778]\"><img loading=\"lazy\" decoding=\"async\" class=\"wp-image-3783 size-full\" src=\"https:\/\/www.brenne-au-coeur.com\/wp-content\/uploads\/2023\/01\/CVT_Le-Grand-Monde_1995.jpg\" alt=\"\" width=\"195\" height=\"293\" srcset=\"https:\/\/www.brenne-au-coeur.com\/wp-content\/uploads\/2023\/01\/CVT_Le-Grand-Monde_1995.jpg 195w, https:\/\/www.brenne-au-coeur.com\/wp-content\/uploads\/2023\/01\/CVT_Le-Grand-Monde_1995-100x150.jpg 100w\" sizes=\"auto, (max-width: 195px) 100vw, 195px\" \/><\/a><figcaption id=\"caption-attachment-3783\" class=\"wp-caption-text\">Le grand monde &#8211; Pierre Lema\u00eetre<\/figcaption><\/figure>\n<p><span style=\"font-family: Arial, sans-serif;\"><span style=\"font-size: large;\"><span style=\"color: #000000;\"><b>L<\/b><\/span><span style=\"color: #000000;\"><b>e grand monde.<\/b><\/span><i><b> <\/b><\/i><\/span><\/span><\/p>\n<p><span style=\"font-family: Arial, sans-serif;\"><span style=\"font-size: large;\">Pierre Lema\u00eetre. Roman. 2022. Editeur\u00a0: Calmann Levy. 592 pages. <span style=\"color: #000000;\">Livre de la M\u00e9diath\u00e8que d\u2019Azay Le Ferron.<\/span><\/span><\/span><\/p>\n<p><span style=\"font-family: Arial, sans-serif;\"><span style=\"font-size: large;\"><i><b>\u00ab\u00a0Pierre Le ma\u00eetre a l\u2019art et la mani\u00e8re de restituer les situations, de passer du l\u00e9ger \u00e0 l\u2019horrible et de dessiner des personnages extraordinaires sous des aspects banals\u00a0\u00bb a rapport\u00e9 Philippe.<\/b><\/i><\/span><\/span><\/p>\n<p><span style=\"font-family: Arial, sans-serif;\"><span style=\"font-size: large;\">La famille Pelletier.<br \/>\nTrois histoires d\u2019amour, un lanceur d\u2019alerte, une adolescente \u00e9gar\u00e9e, deux processions, Bouddha et Confucius, un journaliste ambitieux, une mort tragique, le chat Joseph, une \u00e9pouse impossible, un sale trafic, une actrice incognito, une descente aux enfers, cet imb\u00e9cile de Doueiri, un accent myst\u00e9rieux, la posti\u00e8re de Lamberghem, grosse promotion sur le linge de maison, le retour du pass\u00e9, un parfum d\u2019exotisme, une passion soudaine et irr\u00e9sistible. Et quelques meurtres.<br \/>\nLes romans de Pierre Lema\u00eetre ont \u00e9t\u00e9 r\u00e9compens\u00e9s par de nombreux prix litt\u00e9raires nationaux et internationaux. Apr\u00e8s sa remarquable fresque de l\u2019entre-deux-guerres, il nous propose aujourd\u2019hui une plong\u00e9e mouvement\u00e9e et jubilatoire dans les Trente Glorieuses. <\/span><\/span><\/p>\n<figure id=\"attachment_3782\" aria-describedby=\"caption-attachment-3782\" style=\"width: 181px\" class=\"wp-caption alignleft\"><a href=\"https:\/\/www.brenne-au-coeur.com\/wp-content\/uploads\/2023\/01\/CVT_La-nostalgie-nest-plus-ce-quelle-etait_922.jpg\" rel=\"lightbox[3778]\"><img loading=\"lazy\" decoding=\"async\" class=\"wp-image-3782 size-medium\" src=\"https:\/\/www.brenne-au-coeur.com\/wp-content\/uploads\/2023\/01\/CVT_La-nostalgie-nest-plus-ce-quelle-etait_922-181x300.jpg\" alt=\"\" width=\"181\" height=\"300\" srcset=\"https:\/\/www.brenne-au-coeur.com\/wp-content\/uploads\/2023\/01\/CVT_La-nostalgie-nest-plus-ce-quelle-etait_922-181x300.jpg 181w, https:\/\/www.brenne-au-coeur.com\/wp-content\/uploads\/2023\/01\/CVT_La-nostalgie-nest-plus-ce-quelle-etait_922-90x150.jpg 90w, https:\/\/www.brenne-au-coeur.com\/wp-content\/uploads\/2023\/01\/CVT_La-nostalgie-nest-plus-ce-quelle-etait_922.jpg 210w\" sizes=\"auto, (max-width: 181px) 100vw, 181px\" \/><\/a><figcaption id=\"caption-attachment-3782\" class=\"wp-caption-text\">La nostalgie n\u2019est plus ce qu\u2019elle \u00e9tait &#8211; Simone Signoret<\/figcaption><\/figure>\n<p><span style=\"font-family: Arial, sans-serif;\"><span style=\"font-size: large;\"><span style=\"color: #000000;\"><b>La nostalgie n\u2019est plus ce qu\u2019elle \u00e9tait.<\/b><\/span> <\/span><\/span><\/p>\n<p><span style=\"font-family: Arial, sans-serif;\"><span style=\"font-size: large;\"><a href=\"https:\/\/fr.wikipedia.org\/wiki\/Simone_Signoret\">Simone Signoret<\/a>. Autobiographie. 1978. Editeur\u00a0: Editions du Seuil<span style=\"color: #3465a4;\">.<\/span><b> <\/b><span style=\"color: #000000;\">Livre <\/span><span style=\"color: #000000;\">\u00e0<\/span><span style=\"color: #000000;\"> la Bdi, dans les r\u00e9serves.<\/span><\/span><\/span><\/p>\n<p><span style=\"font-family: Arial, sans-serif;\"><span style=\"font-size: large;\"><i><b>\u00ab\u00a0Les souvenirs d\u2019une vie hors du commun pour Simone Signoret et son mari Yves Montand. Un couple de stars de l\u2019\u00e9poque plong\u00e9s au coeur de la vie politique internationale comme il n\u2019en n\u2019existe plus. Un r\u00e9cit captivant\u00a0\u00bb a constat\u00e9 Philippe.<\/b><\/i><\/span><\/span><\/p>\n<p><span style=\"font-family: Arial, sans-serif;\"><span style=\"font-size: large;\">Simone Signoret, de son vrai nom Simone Kaminker, est une actrice fran\u00e7aise, n\u00e9e le 25 mars 1921 \u00e0 Wiesbaden (Allemagne), sous occupation fran\u00e7aise suite \u00e0 la Premi\u00e8re Guerre mondiale, d\u00e9c\u00e9d\u00e9e le 30 septembre 1985 \u00e0 Autheuil-Authouillet, Normandie, France.<br \/>\nElle est la fille a\u00een\u00e9e d&rsquo;Andr\u00e9 Kaminker, un Juif polonais traducteur et de son \u00e9pouse fran\u00e7aise, n\u00e9e Signoret. Elle a eu deux jeunes fr\u00e8res, Alain et Jean-Pierre.<br \/>\nAndr\u00e9 Kaminker (1888-1961) avait r\u00e9alis\u00e9 en 1934 une traduction simultan\u00e9e d\u2019un discours d\u2019Hitler \u00e0 Nuremberg. Il rejoint en 1940 la France libre \u00e0 Londres puis devient speaker \u00e0 Radio Brazzaville. Encore plus tard il devient chef interpr\u00e8te du Conseil de l&rsquo;Europe. Il participe \u00e0 la cr\u00e9ation de l\u2019Association internationale des interpr\u00e8tes dont il est le pr\u00e9sident. <\/span><\/span><\/p>\n<p><span style=\"font-family: Arial, sans-serif;\"><span style=\"font-size: large;\">S\u00e9journant en Bretagne pendant la deuxi\u00e8me guerre mondiale, Simone est \u00e9l\u00e8ve au lyc\u00e9e de Vannes, o\u00f9 elle a quelques mois pour professeur d\u2019histoire Lucie Aubrac, dont elle parle dans La nostalgie n&rsquo;est plus ce qu&rsquo;elle \u00e9tait. De retour \u00e0 Paris, elle devient, en 1941, quelque temps la secr\u00e9taire de Jean Luchaire et fait de la figuration au cin\u00e9ma gr\u00e2ce \u00e0 la fille de celui-ci Corinne.<br \/>\nElle choisit, pour nom de sc\u00e8ne, de substituer \u00e0 son nom de famille (Kaminker) celui de sa m\u00e8re (Signoret).<br \/>\nElle rencontre Yves All\u00e9gret en 1943 et l&rsquo;\u00e9pouse en 1948. Leur fille Catherine na\u00eet le 9 avril 1946. Cette m\u00eame ann\u00e9e, sa carri\u00e8re est lanc\u00e9e avec le film Macadam pour lequel elle obtient le Prix Suzanne Bianchetti en 1947&#8230; <\/span><\/span><\/p>\n<figure id=\"attachment_3781\" aria-describedby=\"caption-attachment-3781\" style=\"width: 186px\" class=\"wp-caption alignright\"><a href=\"https:\/\/www.brenne-au-coeur.com\/wp-content\/uploads\/2023\/01\/CVT_Sadapter_7094.jpg\" rel=\"lightbox[3778]\"><img loading=\"lazy\" decoding=\"async\" class=\"wp-image-3781 size-medium\" src=\"https:\/\/www.brenne-au-coeur.com\/wp-content\/uploads\/2023\/01\/CVT_Sadapter_7094-186x300.jpg\" alt=\"\" width=\"186\" height=\"300\" srcset=\"https:\/\/www.brenne-au-coeur.com\/wp-content\/uploads\/2023\/01\/CVT_Sadapter_7094-186x300.jpg 186w, https:\/\/www.brenne-au-coeur.com\/wp-content\/uploads\/2023\/01\/CVT_Sadapter_7094-93x150.jpg 93w, https:\/\/www.brenne-au-coeur.com\/wp-content\/uploads\/2023\/01\/CVT_Sadapter_7094.jpg 250w\" sizes=\"auto, (max-width: 186px) 100vw, 186px\" \/><\/a><figcaption id=\"caption-attachment-3781\" class=\"wp-caption-text\">S\u2019adapter &#8211; Clara Dupond-Monod<\/figcaption><\/figure>\n<p><span style=\"font-family: Arial, sans-serif;\"><span style=\"font-size: large;\"><span style=\"color: #000000;\"><b>S\u2019adapter.<\/b><\/span><i><b> <\/b><\/i><\/span><\/span><\/p>\n<p><span style=\"font-family: Arial, sans-serif;\"><span style=\"font-size: large;\">Clara Dupond-Monod. Roman. 2021. Editeur\u00a0: Stock. Prix Goncourt des Lyc\u00e9ens et prix F\u00e9mina 2021.<\/span><\/span><\/p>\n<p><span style=\"font-size: large;\"><i><b>\u00ab\u00a0Ce livre tr\u00e8s bien \u00e9crit traite d\u2019un sujet grave qui touche aux capacit\u00e9s des gens \u00e0 s\u2019adapter, comme suite \u00e0 l\u2019arriv\u00e9e dans une famille, d\u2019un enfant handicap\u00e9\u00a0\u00bb, a expliqu\u00e9 Chantal<\/b><\/i><\/span><\/p>\n<p><span style=\"font-family: Arial, sans-serif;\"><span style=\"font-size: large;\">\u00ab\u00a0S&rsquo;adapter \u00a0\u00bb traite de l&rsquo;arriv\u00e9e d&rsquo;un enfant handicap\u00e9 dans une famille. C&rsquo;est une belle histoire sur l&rsquo;acceptation de la diff\u00e9rence.<\/span><\/span><\/p>\n<p><span style=\"font-family: Arial, sans-serif;\"><span style=\"font-size: large;\">Le lourd handicap de ce troisi\u00e8me enfant est vite d\u00e9tect\u00e9. L&rsquo;a\u00een\u00e9 qui a \u00e0 peine dix ans est tr\u00e8s attentionn\u00e9 avec son petit fr\u00e8re au point qu&rsquo;il se coupe de tous ses amis et qu&rsquo;il ne vit que pour apporter un peu de bonheur \u00e0 son fr\u00e8re. Pour sa cadette, c&rsquo;est l&rsquo;inverse&nbsp;: ce fr\u00e8re ne lui inspire que d\u00e9go\u00fbt et col\u00e8re.\u00a0 Les parents quant \u00e0 eux, ils essaient de g\u00e9rer au mieux tous ces probl\u00e8mes mais leur vie tourne uniquement autour de cet enfant qui ne parle pas, ne marche pas.<\/span><\/span><\/p>\n<p><span style=\"font-family: Arial, sans-serif;\"><span style=\"font-size: large;\">Comme les m\u00e9decins l&rsquo;avaient annonc\u00e9, cet enfant d\u00e9c\u00e9dera \u00e0 l&rsquo;adolescence.\u00a0 Un quatri\u00e8me enfant na\u00eetra. Ce dernier vivra dans l&rsquo;ombre des fant\u00f4mes familiaux (l&rsquo;angoisse des parents, les comportements \u00e9tranges de son fr\u00e8re et de sa soeur). Toutefois c&rsquo;est par lui que toute la famille se r\u00e9concilier et se retrouvera.\u00a0<\/span><\/span><\/p>\n<p><span style=\"font-family: Arial, sans-serif;\"><span style=\"font-size: large;\">Ce roman traite d&rsquo;un sujet grave et triste mais la capacit\u00e9 de l&rsquo;\u00eatre humain \u00e0 s&rsquo;adapter rassure et donne de l&rsquo;espoir.\u00a0<\/span><\/span><\/p>\n<p><span style=\"font-family: Arial, sans-serif;\"><span style=\"font-size: large;\">Clara DUPONT-MONOD est n\u00e9e en 1973. Elle est dipl\u00f4m\u00e9e en ancien fran\u00e7ais.\u00a0 Elle a commenc\u00e9 sa carri\u00e8re en tant que journaliste pour diff\u00e9rents journaux et m\u00e9dias.\u00a0 Elle intervient encore comme chroniqueuse sur France Inter.<\/span><\/span><\/p>\n<figure id=\"attachment_3780\" aria-describedby=\"caption-attachment-3780\" style=\"width: 192px\" class=\"wp-caption alignleft\"><a href=\"https:\/\/www.brenne-au-coeur.com\/wp-content\/uploads\/2023\/01\/CVT_Vivre-vite_5977.jpg\" rel=\"lightbox[3778]\"><img loading=\"lazy\" decoding=\"async\" class=\"wp-image-3780 size-medium\" src=\"https:\/\/www.brenne-au-coeur.com\/wp-content\/uploads\/2023\/01\/CVT_Vivre-vite_5977-192x300.jpg\" alt=\"\" width=\"192\" height=\"300\" srcset=\"https:\/\/www.brenne-au-coeur.com\/wp-content\/uploads\/2023\/01\/CVT_Vivre-vite_5977-192x300.jpg 192w, https:\/\/www.brenne-au-coeur.com\/wp-content\/uploads\/2023\/01\/CVT_Vivre-vite_5977-96x150.jpg 96w, https:\/\/www.brenne-au-coeur.com\/wp-content\/uploads\/2023\/01\/CVT_Vivre-vite_5977.jpg 195w\" sizes=\"auto, (max-width: 192px) 100vw, 192px\" \/><\/a><figcaption id=\"caption-attachment-3780\" class=\"wp-caption-text\">Vivre vite &#8211; Brigitte Girault<\/figcaption><\/figure>\n<p><span style=\"font-family: Arial, sans-serif;\"><span style=\"font-size: large;\"><span style=\"color: #000000;\"><b>Vivre vite.<\/b><\/span> <\/span><\/span><\/p>\n<p><span style=\"font-family: Arial, sans-serif;\"><span style=\"font-size: large;\">Brigitte Girault. <\/span><\/span><\/p>\n<p><span style=\"font-family: Arial, sans-serif;\"><span style=\"font-size: large;\">Roman autobiographique.2022. Editeur Flammarion.205pages. <span style=\"color: #000000;\">Livre de la M\u00e9diath\u00e8que de M\u00e9zi\u00e8res.<\/span><\/span><\/span><\/p>\n<p><span style=\"font-family: Arial, sans-serif;\"><span style=\"font-size: medium;\"><i><b>\u00ab\u00a0Ce livre qui explique les circonstances d\u2019un accident entra\u00eenant le d\u00e9c\u00e8s du mari de l\u2019auteure, est d\u2019une grande tristesse\u00a0\u00bb, a ressenti Bernadette.<\/b><\/i><\/span><\/span><\/p>\n<p><span style=\"font-family: Arial, sans-serif;\"><span style=\"font-size: large;\">\u00ab\u00a0J&rsquo;ai \u00e9t\u00e9 aimant\u00e9e par cette double mission impossible. Acheter la maison et retrouver les armes cach\u00e9es. C&rsquo;\u00e9tait inesp\u00e9r\u00e9 et je n&rsquo;ai pas flair\u00e9 l&rsquo;engrenage qui allait faire basculer notre existence.Parce que la maison est au coeur de ce qui a provoqu\u00e9 l&rsquo;accident.\u00a0\u00bbEn un r\u00e9cit tendu qui agit comme un v\u00e9ritable compte \u00e0 rebours, Brigitte Giraud tente de comprendre ce qui a conduit \u00e0 l&rsquo;accident de moto qui a co\u00fbt\u00e9 la vie \u00e0 son mari le 22 juin 1999. Vingt ans apr\u00e8s, elle fait pour ainsi dire le tour du propri\u00e9taire et sonde une derni\u00e8re fois les questions rest\u00e9es sans r\u00e9ponse. Hasard, destin, co\u00efncidences&nbsp;? Elle revient sur ces journ\u00e9es qui s&rsquo;\u00e9taient emball\u00e9es en une suite de d\u00e9r\u00e8glements impr\u00e9visibles jusqu&rsquo;\u00e0 produire l&rsquo;in\u00e9luctable. \u00c0 ce point \u00e9lectris\u00e9 par la perspective du d\u00e9m\u00e9nagement, \u00e0 ce point press\u00e9 de commencer les travaux de r\u00e9novation, le couple en avait oubli\u00e9 que vivre \u00e9tait dangereux.Brigitte Giraud m\u00e8ne l&rsquo;enqu\u00eate et met en sc\u00e8ne la vie de Claude, et la leur, miraculeusement ranim\u00e9es. <\/span><\/span><\/p>\n<p><span style=\"font-family: Arial, sans-serif;\"><span style=\"font-size: large;\">Claude, jeune papa moderne et critique de rock pointu. Brigitte Giraud aurait pu \u00e9taler ses plaies au grand jour, nous en faire voir de toutes les douleurs. Heureusement pour nous, \u00ab\u2009Vivre vite\u2009\u00bb n\u2019est pas un requiem plombant mais un r\u00e9cit qui carbure \u00e0 l\u2019\u00e9nergie, \u00e0 l\u2019amour et \u00e0 la musique rock pour mieux interroger les caprices du destin. \u00ab\u2009C\u2019est un livre o\u00f9 j\u2019essaie de comprendre l\u2019incompr\u00e9hensible<\/span><\/span><\/p>\n<figure id=\"attachment_3779\" aria-describedby=\"caption-attachment-3779\" style=\"width: 195px\" class=\"wp-caption alignright\"><a href=\"https:\/\/www.brenne-au-coeur.com\/wp-content\/uploads\/2023\/01\/CVT_La-ou-se-termine-la-terre_9777.jpg\" rel=\"lightbox[3778]\"><img loading=\"lazy\" decoding=\"async\" class=\"wp-image-3779 size-full\" src=\"https:\/\/www.brenne-au-coeur.com\/wp-content\/uploads\/2023\/01\/CVT_La-ou-se-termine-la-terre_9777.jpg\" alt=\"\" width=\"195\" height=\"283\" srcset=\"https:\/\/www.brenne-au-coeur.com\/wp-content\/uploads\/2023\/01\/CVT_La-ou-se-termine-la-terre_9777.jpg 195w, https:\/\/www.brenne-au-coeur.com\/wp-content\/uploads\/2023\/01\/CVT_La-ou-se-termine-la-terre_9777-103x150.jpg 103w\" sizes=\"auto, (max-width: 195px) 100vw, 195px\" \/><\/a><figcaption id=\"caption-attachment-3779\" class=\"wp-caption-text\">L\u00e0 o\u00f9 se termine la terre (Chili 1948-1970.) &#8211; D\u00e9sir\u00e9e et Alain Frappier<\/figcaption><\/figure>\n<p><span style=\"font-family: Arial, sans-serif;\"><span style=\"font-size: large;\"><span style=\"color: #000000;\"><b>L\u00e0 o\u00f9 se termine la terre., Chili 1948-1970.<\/b><\/span> <\/span><\/span><\/p>\n<p><span style=\"font-family: Arial, sans-serif;\"><span style=\"font-size: large;\">D\u00e9sir\u00e9e et Alain Frappier. 2017. Bande dessin\u00e9e. Editeur\u00a0: Steinkis..200 pages. <span style=\"color: #000000;\">Livre \u00e0 la B<\/span><span style=\"color: #000000;\">D<\/span><span style=\"color: #000000;\">I<\/span><span style=\"color: #3465a4;\">,<\/span> <\/span><\/span><\/p>\n<p><span style=\"font-family: Arial, sans-serif;\"><span style=\"font-size: large;\"><i><b>\u00ab\u00a0Ce livre fait conna\u00eetre un pays grandiose, \u00e9galement lieu de beaucoup d\u2019injustices o\u00f9 la France joissait \u00e0 une \u00e9poque d\u2019une bonne image\u00a0\u00bb, a rappel\u00e9 Michel.<\/b><\/i><\/span><\/span><\/p>\n<p><span style=\"font-family: Arial, sans-serif;\"><span style=\"font-size: large;\">Ce splendide roman graphique raconte le Chili d\u2019avant Pinochet avec comme fil conducteur Pedro Atias qui y passa sa <\/span><\/span><span style=\"font-family: Arial, sans-serif;\"><span style=\"font-size: medium;\">j<\/span><\/span><span style=\"font-family: Arial, sans-serif;\"><span style=\"font-size: medium;\">eunesse avant de devoir s\u2019exiler en France.<\/span><\/span><\/p>\n<p><span style=\"font-family: Arial, sans-serif;\"><span style=\"font-size: medium;\">Les souvenirs de Pedro sont baign\u00e9s de flou et ont la douceur de l\u2019enfance&nbsp;: baignades dans l\u2019oc\u00e9an, sieste \u00e0 l\u2019ombre des eucalyptus, d\u00e9couverte du bonheur de lire, coupe du monde de 1962, bouleversant voyage plein Sud\u2026<\/span><\/span><\/p>\n<p><span style=\"font-family: Arial, sans-serif;\"><span style=\"font-size: medium;\">Ce splendide roman graphique raconte le Chili d\u2019avant Pinochet avec comme fil conducteur Pedro Atias qui y passa sa j<\/span><\/span><\/p>\n<p><span style=\"font-family: Arial, sans-serif;\"><span style=\"font-size: medium;\">Mais les forces souterraines \u00e0 l\u2019origine du s\u00e9isme qui projeta Pedro \u00e0 des milliers de kilom\u00e8tres de son pays natal sont d\u00e9j\u00e0 \u00e0 l\u2019\u0153uvre. Fils d\u2019un \u00e9crivain politis\u00e9 et d\u2019une m\u00e8re chr\u00e9tienne, scolaris\u00e9 dans un \u00e9tablissement \u00e9litiste puis lui-m\u00eame militant, Pedro est le t\u00e9moin des clivages et des luttes sociales qui montent dans tout le pays, des r\u00e9percussions de la guerre froide et de la r\u00e9volution cubaine, des ing\u00e9rences \u00e9tasuniennes et de l\u2019espoir immense suscit\u00e9 par Salvador Allende. Cette histoire, c\u2019est aussi celle de l\u2019\u00e9veil d\u2019une conscience politique.<\/span><\/span><\/p>\n<p><span style=\"font-family: Arial, sans-serif;\"><span style=\"font-size: medium;\">La composition semble refl\u00e9ter ce propos doux-amer qui voit la douceur de l\u2019enfance s\u2019entrem\u00ealer avec la douleur de l\u2019exil, par l\u2019alternance de pages bouillonnantes o\u00f9 slogans et foules d\u00e9bordent les cases et de somptueuses cases muettes (ou presque) rendant hommage aux paysages chiliens. D\u00e9sir\u00e9e Frappier met tr\u00e8s joliment en mot les r\u00e9flexions de Pedro sur l\u2019exil, les r\u00eaves, l\u2019espoir, l\u2019\u00e9nergie de la jeunesse&#8230;<\/span><\/span><\/p>\n<p>&nbsp;<\/p>\n","protected":false},"excerpt":{"rendered":"<p>Les livres conduisent le lecteur au c\u0153ur d\u2019histoires dr\u00f4les ou tragiques. La vari\u00e9t\u00e9 des situations est infinie. Le choix des lecteurs du club de M\u00e9zi\u00e8res, n\u2019\u00e9chappent pas \u00e0 cette r\u00e8gle. Les ouvrages pr\u00e9sent\u00e9s ce mois-ci t\u00e9moignent de situations joyeuses ou graves qu\u2019elles soient fictives ou plus souvent inspir\u00e9es de faits r\u00e9els. Les mots se mangent.&hellip;&nbsp;<a href=\"https:\/\/www.brenne-au-coeur.com\/index.php\/2023\/01\/22\/des-mots-pour-semouvoir\/communes\/mezieres-en-brenne\/3778\/\" rel=\"bookmark\">Lire la suite&nbsp;&raquo;<span class=\"screen-reader-text\">Des mots pour s&rsquo;\u00e9mouvoir<\/span><\/a><\/p>\n","protected":false},"author":1,"featured_media":3788,"comment_status":"open","ping_status":"open","sticky":false,"template":"","format":"standard","meta":{"rop_custom_images_group":[],"rop_custom_messages_group":[],"rop_publish_now":"initial","rop_publish_now_accounts":[],"rop_publish_now_history":[],"rop_publish_now_status":"pending","_monsterinsights_skip_tracking":false,"_monsterinsights_sitenote_active":false,"_monsterinsights_sitenote_note":"","_monsterinsights_sitenote_category":0,"neve_meta_sidebar":"","neve_meta_container":"","neve_meta_enable_content_width":"off","neve_meta_content_width":70,"neve_meta_title_alignment":"","neve_meta_author_avatar":"","neve_post_elements_order":"","neve_meta_disable_header":"","neve_meta_disable_footer":"","neve_meta_disable_title":"","_jetpack_memberships_contains_paid_content":false,"footnotes":"","jetpack_publicize_message":"","jetpack_publicize_feature_enabled":true,"jetpack_social_post_already_shared":false,"jetpack_social_options":{"image_generator_settings":{"template":"highway","default_image_id":0,"font":"","enabled":false},"version":2}},"categories":[70,59,12],"tags":[39],"class_list":["post-3778","post","type-post","status-publish","format-standard","has-post-thumbnail","hentry","category-a-lire","category-mediatheque","category-mezieres-en-brenne","tag-litterature"],"aioseo_notices":[],"jetpack_publicize_connections":[],"jetpack_featured_media_url":"https:\/\/www.brenne-au-coeur.com\/wp-content\/uploads\/2023\/01\/les-mots-se-mangent.jpg","jetpack-related-posts":[],"jetpack_sharing_enabled":true,"_links":{"self":[{"href":"https:\/\/www.brenne-au-coeur.com\/index.php\/wp-json\/wp\/v2\/posts\/3778","targetHints":{"allow":["GET"]}}],"collection":[{"href":"https:\/\/www.brenne-au-coeur.com\/index.php\/wp-json\/wp\/v2\/posts"}],"about":[{"href":"https:\/\/www.brenne-au-coeur.com\/index.php\/wp-json\/wp\/v2\/types\/post"}],"author":[{"embeddable":true,"href":"https:\/\/www.brenne-au-coeur.com\/index.php\/wp-json\/wp\/v2\/users\/1"}],"replies":[{"embeddable":true,"href":"https:\/\/www.brenne-au-coeur.com\/index.php\/wp-json\/wp\/v2\/comments?post=3778"}],"version-history":[{"count":4,"href":"https:\/\/www.brenne-au-coeur.com\/index.php\/wp-json\/wp\/v2\/posts\/3778\/revisions"}],"predecessor-version":[{"id":3795,"href":"https:\/\/www.brenne-au-coeur.com\/index.php\/wp-json\/wp\/v2\/posts\/3778\/revisions\/3795"}],"wp:featuredmedia":[{"embeddable":true,"href":"https:\/\/www.brenne-au-coeur.com\/index.php\/wp-json\/wp\/v2\/media\/3788"}],"wp:attachment":[{"href":"https:\/\/www.brenne-au-coeur.com\/index.php\/wp-json\/wp\/v2\/media?parent=3778"}],"wp:term":[{"taxonomy":"category","embeddable":true,"href":"https:\/\/www.brenne-au-coeur.com\/index.php\/wp-json\/wp\/v2\/categories?post=3778"},{"taxonomy":"post_tag","embeddable":true,"href":"https:\/\/www.brenne-au-coeur.com\/index.php\/wp-json\/wp\/v2\/tags?post=3778"}],"curies":[{"name":"wp","href":"https:\/\/api.w.org\/{rel}","templated":true}]}}