{"id":3743,"date":"2023-01-16T16:46:14","date_gmt":"2023-01-16T15:46:14","guid":{"rendered":"https:\/\/www.brenne-au-coeur.com\/?p=3743"},"modified":"2023-01-16T19:31:14","modified_gmt":"2023-01-16T18:31:14","slug":"une-seconde-vie-pour-les-livres","status":"publish","type":"post","link":"https:\/\/www.brenne-au-coeur.com\/index.php\/2023\/01\/16\/une-seconde-vie-pour-les-livres\/communes\/mezieres-en-brenne\/3743\/","title":{"rendered":"Une seconde vie pour les livres"},"content":{"rendered":"<figure id=\"attachment_3745\" aria-describedby=\"caption-attachment-3745\" style=\"width: 300px\" class=\"wp-caption alignleft\"><a href=\"https:\/\/www.brenne-au-coeur.com\/wp-content\/uploads\/2023\/01\/pliage-1.resized.jpg\" rel=\"lightbox[3743]\"><img loading=\"lazy\" decoding=\"async\" class=\"wp-image-3745 size-medium\" src=\"https:\/\/www.brenne-au-coeur.com\/wp-content\/uploads\/2023\/01\/pliage-1.resized-300x200.jpg\" alt=\"Groupe de personnes s'adonnant au pliage de feuilles d'un livre\" width=\"300\" height=\"200\" srcset=\"https:\/\/www.brenne-au-coeur.com\/wp-content\/uploads\/2023\/01\/pliage-1.resized-300x200.jpg 300w, https:\/\/www.brenne-au-coeur.com\/wp-content\/uploads\/2023\/01\/pliage-1.resized-150x100.jpg 150w, https:\/\/www.brenne-au-coeur.com\/wp-content\/uploads\/2023\/01\/pliage-1.resized-272x182.jpg 272w, https:\/\/www.brenne-au-coeur.com\/wp-content\/uploads\/2023\/01\/pliage-1.resized.jpg 400w\" sizes=\"auto, (max-width: 300px) 100vw, 300px\" \/><\/a><figcaption id=\"caption-attachment-3745\" class=\"wp-caption-text\">Des premiers conseils pour le marquage<\/figcaption><\/figure>\n<p><span style=\"font-size: large;\">Samedi 14 janvier, la <a href=\"https:\/\/www.parc-naturel-brenne.fr\/le-parc\/les-services-du-territoire\/grandir-ici\/jouer\/mediatheque-de-mezieres-en-brenne-272\">m\u00e9diath\u00e8que de M\u00e9zi\u00e8res<\/a> proposait un atelier \u00ab&nbsp;pliage de livres&nbsp;\u00bb. Le but \u00e9tait de pr\u00e9senter la technique de base pour cr\u00e9er des \u00e9l\u00e9ments en relief sur la tranche des livres. Au cours de cette premi\u00e8re s\u00e9ance, \u00c9milie Fumal biblioth\u00e9caire, a mis \u00e0 la disposition de chaque participante un \u00ab&nbsp;patron&nbsp;\u00bb, sur lequel figure les consignes \u00e0 suivre scrupuleusement. Il indique le format du livre, le nombre de pages n\u00e9cessaires en fonction du mod\u00e8le \u00e0 reproduire et les mesures pour le marquage. Accompagn\u00e9es des conseils de l\u2019animatrice, les apprenties passent imm\u00e9diatement \u00e0 la pratique. On commence par marquer une dizaine de pages puis on attaque la phase de pliage. Et on recommence l\u2019op\u00e9ration. Le r\u00e9sultat est saisissant. En une seule s\u00e9ance, les livres trouvent une seconde vie. Apr\u00e8s avoir racont\u00e9 une histoire, ils sont transform\u00e9s en sculptures de papier. Depuis pr\u00e8s de deux ans \u00c9milie pratique cette activit\u00e9. <em>\u00ab&nbsp;Je trouvais dommage de jeter des livres. Je me suis inform\u00e9e et form\u00e9e sur internet o\u00f9 il existe de nombreux <a href=\"https:\/\/livresplies.fr\/\">sites<\/a>, des tutos&nbsp;\u00bb<\/em>. Naturellement, elle a d\u00e9cid\u00e9 de partager ses connaissances \u00e0 propos d\u2019une technique qui demande beaucoup d\u2019attention, de rigueur, de pr\u00e9cision et de patience.<\/span><\/p>\n<figure id=\"attachment_3746\" aria-describedby=\"caption-attachment-3746\" style=\"width: 300px\" class=\"wp-caption alignright\"><a href=\"https:\/\/www.brenne-au-coeur.com\/wp-content\/uploads\/2023\/01\/pliage-2.resized.jpg\" rel=\"lightbox[3743]\"><img loading=\"lazy\" decoding=\"async\" class=\"wp-image-3746 size-medium\" src=\"https:\/\/www.brenne-au-coeur.com\/wp-content\/uploads\/2023\/01\/pliage-2.resized-300x200.jpg\" alt=\"Une femme, prise en plong\u00e9e photographique, plie les pages d'un livre.\" width=\"300\" height=\"200\" srcset=\"https:\/\/www.brenne-au-coeur.com\/wp-content\/uploads\/2023\/01\/pliage-2.resized-300x200.jpg 300w, https:\/\/www.brenne-au-coeur.com\/wp-content\/uploads\/2023\/01\/pliage-2.resized-150x100.jpg 150w, https:\/\/www.brenne-au-coeur.com\/wp-content\/uploads\/2023\/01\/pliage-2.resized-272x182.jpg 272w, https:\/\/www.brenne-au-coeur.com\/wp-content\/uploads\/2023\/01\/pliage-2.resized.jpg 400w\" sizes=\"auto, (max-width: 300px) 100vw, 300px\" \/><\/a><figcaption id=\"caption-attachment-3746\" class=\"wp-caption-text\">Le pliage, une phase d\u00e9licate<\/figcaption><\/figure>\n<p><span style=\"font-size: large;\">Avec l\u2019exp\u00e9rience, le d\u00e9veloppement de ce savoir faire permet de cr\u00e9er des objets de toute beaut\u00e9, complexes et tr\u00e8s impressionnants qu\u2019il est ais\u00e9 d\u2019admirer sur Internet. <\/span><\/p>\n<p><span style=\"font-size: large;\">De son c\u00f4t\u00e9, \u00c9milie pense proposer de nouveau, ce type d\u2019atelier \u00e0 la m\u00e9diath\u00e8que de <a href=\"https:\/\/www.brenne-au-coeur.com\/index.php\/mezieres-en-brenne\/\">M\u00e9zi\u00e8res<\/a>, dans le courant de l\u2019ann\u00e9e.<\/span><\/p>\n","protected":false},"excerpt":{"rendered":"<p>Samedi 14 janvier, la m\u00e9diath\u00e8que de M\u00e9zi\u00e8res proposait un atelier \u00ab&nbsp;pliage de livres&nbsp;\u00bb. Le but \u00e9tait de pr\u00e9senter la technique de base pour cr\u00e9er des \u00e9l\u00e9ments en relief sur la tranche des livres. Au cours de cette premi\u00e8re s\u00e9ance, \u00c9milie Fumal biblioth\u00e9caire, a mis \u00e0 la disposition de chaque participante un \u00ab&nbsp;patron&nbsp;\u00bb, sur lequel figure&hellip;&nbsp;<a href=\"https:\/\/www.brenne-au-coeur.com\/index.php\/2023\/01\/16\/une-seconde-vie-pour-les-livres\/communes\/mezieres-en-brenne\/3743\/\" rel=\"bookmark\">Lire la suite&nbsp;&raquo;<span class=\"screen-reader-text\">Une seconde vie pour les livres<\/span><\/a><\/p>\n","protected":false},"author":1,"featured_media":3744,"comment_status":"open","ping_status":"open","sticky":false,"template":"","format":"standard","meta":{"rop_custom_images_group":[],"rop_custom_messages_group":[],"rop_publish_now":"initial","rop_publish_now_accounts":[],"rop_publish_now_history":[],"rop_publish_now_status":"pending","_monsterinsights_skip_tracking":false,"_monsterinsights_sitenote_active":false,"_monsterinsights_sitenote_note":"","_monsterinsights_sitenote_category":0,"neve_meta_sidebar":"","neve_meta_container":"","neve_meta_enable_content_width":"off","neve_meta_content_width":70,"neve_meta_title_alignment":"","neve_meta_author_avatar":"","neve_post_elements_order":"","neve_meta_disable_header":"","neve_meta_disable_footer":"","neve_meta_disable_title":"","_jetpack_memberships_contains_paid_content":false,"footnotes":"","jetpack_publicize_message":"","jetpack_publicize_feature_enabled":true,"jetpack_social_post_already_shared":false,"jetpack_social_options":{"image_generator_settings":{"template":"highway","default_image_id":0,"font":"","enabled":false},"version":2}},"categories":[59,12],"tags":[71,50],"class_list":["post-3743","post","type-post","status-publish","format-standard","has-post-thumbnail","hentry","category-mediatheque","category-mezieres-en-brenne","tag-animation","tag-artisanat"],"aioseo_notices":[],"jetpack_publicize_connections":[],"jetpack_featured_media_url":"https:\/\/www.brenne-au-coeur.com\/wp-content\/uploads\/2023\/01\/pliage-livre-1.resized.jpg","jetpack-related-posts":[],"jetpack_sharing_enabled":true,"_links":{"self":[{"href":"https:\/\/www.brenne-au-coeur.com\/index.php\/wp-json\/wp\/v2\/posts\/3743","targetHints":{"allow":["GET"]}}],"collection":[{"href":"https:\/\/www.brenne-au-coeur.com\/index.php\/wp-json\/wp\/v2\/posts"}],"about":[{"href":"https:\/\/www.brenne-au-coeur.com\/index.php\/wp-json\/wp\/v2\/types\/post"}],"author":[{"embeddable":true,"href":"https:\/\/www.brenne-au-coeur.com\/index.php\/wp-json\/wp\/v2\/users\/1"}],"replies":[{"embeddable":true,"href":"https:\/\/www.brenne-au-coeur.com\/index.php\/wp-json\/wp\/v2\/comments?post=3743"}],"version-history":[{"count":3,"href":"https:\/\/www.brenne-au-coeur.com\/index.php\/wp-json\/wp\/v2\/posts\/3743\/revisions"}],"predecessor-version":[{"id":3749,"href":"https:\/\/www.brenne-au-coeur.com\/index.php\/wp-json\/wp\/v2\/posts\/3743\/revisions\/3749"}],"wp:featuredmedia":[{"embeddable":true,"href":"https:\/\/www.brenne-au-coeur.com\/index.php\/wp-json\/wp\/v2\/media\/3744"}],"wp:attachment":[{"href":"https:\/\/www.brenne-au-coeur.com\/index.php\/wp-json\/wp\/v2\/media?parent=3743"}],"wp:term":[{"taxonomy":"category","embeddable":true,"href":"https:\/\/www.brenne-au-coeur.com\/index.php\/wp-json\/wp\/v2\/categories?post=3743"},{"taxonomy":"post_tag","embeddable":true,"href":"https:\/\/www.brenne-au-coeur.com\/index.php\/wp-json\/wp\/v2\/tags?post=3743"}],"curies":[{"name":"wp","href":"https:\/\/api.w.org\/{rel}","templated":true}]}}