{"id":3730,"date":"2023-01-15T13:00:22","date_gmt":"2023-01-15T12:00:22","guid":{"rendered":"https:\/\/www.brenne-au-coeur.com\/?p=3730"},"modified":"2023-01-16T20:34:33","modified_gmt":"2023-01-16T19:34:33","slug":"violette-expose-au-moulin","status":"publish","type":"post","link":"https:\/\/www.brenne-au-coeur.com\/index.php\/2023\/01\/15\/violette-expose-au-moulin\/communes\/mezieres-en-brenne\/3730\/","title":{"rendered":"Violette expose au Moulin"},"content":{"rendered":"<figure id=\"attachment_3732\" aria-describedby=\"caption-attachment-3732\" style=\"width: 165px\" class=\"wp-caption alignleft\"><a href=\"https:\/\/www.brenne-au-coeur.com\/wp-content\/uploads\/2023\/01\/expo-violette-2.resized-rotated.jpg\" rel=\"lightbox[3730]\"><img loading=\"lazy\" decoding=\"async\" class=\"wp-image-3732\" src=\"https:\/\/www.brenne-au-coeur.com\/wp-content\/uploads\/2023\/01\/expo-violette-2.resized-200x300.jpg\" alt=\"Peinture naturaliste d'un sous-bois\" width=\"165\" height=\"248\" srcset=\"https:\/\/www.brenne-au-coeur.com\/wp-content\/uploads\/2023\/01\/expo-violette-2.resized-200x300.jpg 200w, https:\/\/www.brenne-au-coeur.com\/wp-content\/uploads\/2023\/01\/expo-violette-2.resized-100x150.jpg 100w, https:\/\/www.brenne-au-coeur.com\/wp-content\/uploads\/2023\/01\/expo-violette-2.resized-rotated.jpg 266w\" sizes=\"auto, (max-width: 165px) 100vw, 165px\" \/><\/a><figcaption id=\"caption-attachment-3732\" class=\"wp-caption-text\">Sous-bois petite Creuse<\/figcaption><\/figure>\n<figure id=\"attachment_3734\" aria-describedby=\"caption-attachment-3734\" style=\"width: 300px\" class=\"wp-caption alignright\"><a href=\"https:\/\/www.brenne-au-coeur.com\/wp-content\/uploads\/2023\/01\/expo-violette-4.resized.jpg\" rel=\"lightbox[3730]\"><img loading=\"lazy\" decoding=\"async\" class=\"wp-image-3734 size-medium\" src=\"https:\/\/www.brenne-au-coeur.com\/wp-content\/uploads\/2023\/01\/expo-violette-4.resized-300x200.jpg\" alt=\"Peinture d'un bord de mer en Bretagne sud\" width=\"300\" height=\"200\" srcset=\"https:\/\/www.brenne-au-coeur.com\/wp-content\/uploads\/2023\/01\/expo-violette-4.resized-300x200.jpg 300w, https:\/\/www.brenne-au-coeur.com\/wp-content\/uploads\/2023\/01\/expo-violette-4.resized-150x100.jpg 150w, https:\/\/www.brenne-au-coeur.com\/wp-content\/uploads\/2023\/01\/expo-violette-4.resized-272x182.jpg 272w, https:\/\/www.brenne-au-coeur.com\/wp-content\/uploads\/2023\/01\/expo-violette-4.resized.jpg 400w\" sizes=\"auto, (max-width: 300px) 100vw, 300px\" \/><\/a><figcaption id=\"caption-attachment-3734\" class=\"wp-caption-text\">Morbihan septembre<\/figcaption><\/figure>\n<p><span style=\"color: #000000;\"><span style=\"font-family: Liberation Serif, serif;\"><span style=\"font-size: large;\">L&rsquo;association <a href=\"http:\/\/www.gite-moulin.fr\/fr\/expositions-moulin\">Le Moulin<\/a> a ouvert <\/span><\/span><\/span><span style=\"color: #000000;\"><span style=\"font-family: Liberation Serif, serif;\"><span style=\"font-size: large;\">s<\/span><\/span><\/span><span style=\"color: #000000;\"><span style=\"font-family: Liberation Serif, serif;\"><span style=\"font-size: large;\">es portes <\/span><\/span><\/span><span style=\"color: #000000;\"><span style=\"font-family: Liberation Serif, serif;\"><span style=\"font-size: large;\">\u00e0 <\/span><\/span><\/span><span style=\"color: #000000;\"><span style=\"font-family: Liberation Serif, serif;\"><span style=\"font-size: large;\">Isabelle Violette, laur\u00e9ate du prix du conseil d\u00e9partemental de l&rsquo;Indre au 36\u00e8me salon des peintres de la Brenne en juillet 2022. <\/span><\/span><\/span><span style=\"color: #000000;\"><span style=\"font-family: Liberation Serif, serif;\"><span style=\"font-size: large;\">Jusqu\u2019au 3 f\u00e9vrier, elle pr\u00e9sente <\/span><\/span><\/span><span style=\"color: #000000;\"><span style=\"font-family: Liberation Serif, serif;\"><span style=\"font-size: large;\">une magnifique collection de peintures repr\u00e9sentant, tant\u00f4t la Brenne, tant\u00f4t la vall\u00e9e de la Creuse et son village de c\u0153ur, Fresselines, mais aussi les c\u00f4tes du Morbihan. Son m\u00e9dium de pr\u00e9dilection est la peinture \u00e0 l&rsquo;huile au pinceau, mais elle s&rsquo;exerce aussi au couteau et \u00e0 l&rsquo;acrylique, selon son ressenti. Dans les ann\u00e9es 1980, elle a particip\u00e9 \u00e0 un atelier acad\u00e9mique de dessin en r\u00e9gion parisienne, o\u00f9 elle vivait \u00e0 l&rsquo;\u00e9poque. Dans les ann\u00e9es 90, sa passion pour l&rsquo;art se d\u00e9veloppait \u00e0 travers son m\u00e9tier de designer textile. Passionn\u00e9e de musique, de th\u00e9\u00e2tre et de marionnettes, elle int\u00e9grera par la suite la compagnie th\u00e9\u00e2trale Ta\u00efko \u00e0 titre professionnel o\u00f9 elle cr\u00e9e et interpr\u00e8te des spectacles, jusqu&rsquo;\u00e0 la pand\u00e9mie qui stoppe tout.<\/span><\/span><\/span><em><span style=\"color: #000000;\"><span style=\"font-family: Liberation Serif, serif;\"><span style=\"font-size: large;\">\u00ab<\/span><\/span><\/span><\/em><em><span style=\"color: #000000;\"><span style=\"font-family: Liberation Serif, serif;\"><span style=\"font-size: large;\"><i> C&rsquo;est l\u00e0, que je me remets \u00e0 la peinture ce qui m&rsquo;apporte du r\u00e9confort, un effet curateur par rapport au contexte sanitaire.\u00bb <\/i><\/span><\/span><\/span><\/em><span style=\"color: #000000;\"><span style=\"font-family: Liberation Serif, serif;\"><span style=\"font-size: large;\">Revenue vivre dans <a href=\"https:\/\/www.creuse.fr\/Vallee-des-Peintres-entre-Berry-et-Limousin\">la vall\u00e9e de la Creus<\/a><\/span><\/span><\/span><span style=\"color: #000000;\"><span style=\"font-family: Liberation Serif, serif;\"><span style=\"font-size: large;\">e en 2005, r\u00e9gion ch\u00e8re \u00e0 son enfance, elle aime l&rsquo;univers de <a href=\"https:\/\/fr.wikipedia.org\/wiki\/George_Sand\">George Sand<\/a>, de <a href=\"https:\/\/fr.wikipedia.org\/wiki\/Maurice_Rollinat\">Maurice Rollinat<\/a> et bien-s\u00fbr de <a href=\"https:\/\/fr.muzeo.com\/artiste\/claude-monet\">Claude Monet<\/a> dont elle s&rsquo;inspire. L&rsquo;une de ses \u0153uvres peinte au couteau repr\u00e9sentant <\/span><\/span><\/span><span style=\"color: #000000;\"><span style=\"font-family: Liberation Serif, serif;\"><span style=\"font-size: large;\">l<\/span><\/span><\/span><span style=\"color: #000000;\"><span style=\"font-family: Liberation Serif, serif;\"><span style=\"font-size: large;\">e\u00a0confluent des deux creuses<\/span><\/span><\/span><em><span style=\"color: #000000;\"><span style=\"font-family: Liberation Serif, serif;\"><span style=\"font-size: large;\">,<\/span><\/span><\/span><\/em><span style=\"color: #000000;\"><span style=\"font-family: Liberation Serif, serif;\"><span style=\"font-size: large;\">\u00a0\u00e9tait comme une \u00e9vidence.\u00a0\u00a0<\/span><\/span><\/span><span style=\"color: #000000;\"><span style=\"font-family: Liberation Serif, serif;\"><span style=\"font-size: large;\"><i>\u00ab\u00a0<\/i><\/span><\/span><\/span><em><span style=\"color: #000000;\"><span style=\"font-family: Liberation Serif, serif;\"><span style=\"font-size: large;\"><i>Monet a peint ce m\u00eame lieu en 1889 le surplombant. C&rsquo;est un point diff\u00e9rent, difficile d&rsquo;acc\u00e8s, car en envahi par la v\u00e9g\u00e9tation aujourd&rsquo;hui. <\/i><\/span><\/span><\/span><\/em><span style=\"color: #000000;\"><span style=\"font-family: Liberation Serif, serif;\"><span style=\"font-size: large;\"><i>\u00bb<\/i><\/span><\/span><\/span><span style=\"color: #000000;\"><span style=\"font-family: Liberation Serif, serif;\"><span style=\"font-size: large;\"> Les peintures de Violette mettent en avant des paysages tr\u00e8s\u00a0verts et des chemins invitant \u00e0 la promenade\u00a0au fil des saisons.\u00a0<\/span><\/span><\/span><span style=\"color: #000000;\"><span style=\"font-family: Liberation Serif, serif;\"><span style=\"font-size: large;\">S<\/span><\/span><\/span><span style=\"color: #000000;\"><span style=\"font-family: Liberation Serif, serif;\"><span style=\"font-size: large;\">on travail commence souvent par une sortie en ext\u00e9rieur.\u00a0<\/span><\/span><\/span><span style=\"color: #000000;\"><span style=\"font-family: Liberation Serif, serif;\"><span style=\"font-size: large;\"><em>\u00abJe r\u00e9alise des pastels pr\u00e9paratoires \u00e0 mon travail lors de sorties en plein air. <\/em><\/span><\/span><\/span><span style=\"color: #000000;\"><span style=\"font-family: Liberation Serif, serif;\"><span style=\"font-size: large;\"><em>J<\/em><\/span><\/span><\/span><span style=\"color: #000000;\"><span style=\"font-family: Liberation Serif, serif;\"><span style=\"font-size: large;\"><em>e r\u00e9alise ce qu&rsquo;on appelle une pochade, ex\u00e9cut\u00e9e sur le vif, il s&rsquo;agit d&rsquo;une toile d\u00e9j\u00e0 bien avanc\u00e9e que je reprends par la suite dans mon atelier. J&rsquo;aime aussi beaucoup travaill\u00e9 dans mon atelier o\u00f9 je suis livr\u00e9e \u00e0 ma cr\u00e9ativit\u00e9 sans contraintes <\/em><\/span><\/span><\/span><span style=\"color: #000000;\"><span style=\"font-family: Liberation Serif, serif;\"><span style=\"font-size: large;\"><em>de<\/em><\/span><\/span><\/span><span style=\"color: #000000;\"><span style=\"font-family: Liberation Serif, serif;\"><span style=\"font-size: large;\"><em> temps ou m\u00e9t\u00e9orologiques.<\/em><\/span><\/span><\/span><span style=\"color: #000000;\"><span style=\"font-family: Liberation Serif, serif;\"><span style=\"font-size: large;\">\u00bb\u00a0 En partenariat avec l&rsquo;espace Monet Rollinat, Isabelle Violette proposera au printemps des sorties pour deux personnes afin d&rsquo;aller d\u00e9couvrir les bases de la peinture sur le motif en plein air avec la toile et le chevalet de campagne sous le bras. Un beau moment de partage en perspective.\u00a0<\/span><\/span><\/span><\/p>\n<p>&nbsp;<\/p>\n<p>&nbsp;<\/p>\n","protected":false},"excerpt":{"rendered":"<p>L&rsquo;association Le Moulin a ouvert ses portes \u00e0 Isabelle Violette, laur\u00e9ate du prix du conseil d\u00e9partemental de l&rsquo;Indre au 36\u00e8me salon des peintres de la Brenne en juillet 2022. Jusqu\u2019au 3 f\u00e9vrier, elle pr\u00e9sente une magnifique collection de peintures repr\u00e9sentant, tant\u00f4t la Brenne, tant\u00f4t la vall\u00e9e de la Creuse et son village de c\u0153ur, Fresselines,&hellip;&nbsp;<a href=\"https:\/\/www.brenne-au-coeur.com\/index.php\/2023\/01\/15\/violette-expose-au-moulin\/communes\/mezieres-en-brenne\/3730\/\" rel=\"bookmark\">Lire la suite&nbsp;&raquo;<span class=\"screen-reader-text\">Violette expose au Moulin<\/span><\/a><\/p>\n","protected":false},"author":15,"featured_media":3731,"comment_status":"open","ping_status":"open","sticky":false,"template":"","format":"standard","meta":{"rop_custom_images_group":[],"rop_custom_messages_group":[],"rop_publish_now":"initial","rop_publish_now_accounts":[],"rop_publish_now_history":[],"rop_publish_now_status":"pending","_monsterinsights_skip_tracking":false,"_monsterinsights_sitenote_active":false,"_monsterinsights_sitenote_note":"","_monsterinsights_sitenote_category":0,"neve_meta_sidebar":"","neve_meta_container":"","neve_meta_enable_content_width":"off","neve_meta_content_width":70,"neve_meta_title_alignment":"","neve_meta_author_avatar":"","neve_post_elements_order":"","neve_meta_disable_header":"","neve_meta_disable_footer":"","neve_meta_disable_title":"","_jetpack_memberships_contains_paid_content":false,"footnotes":"","jetpack_publicize_message":"","jetpack_publicize_feature_enabled":true,"jetpack_social_post_already_shared":false,"jetpack_social_options":{"image_generator_settings":{"template":"highway","default_image_id":0,"font":"","enabled":false},"version":2}},"categories":[21,12,54],"tags":[52,46],"class_list":["post-3730","post","type-post","status-publish","format-standard","has-post-thumbnail","hentry","category-evenements","category-mezieres-en-brenne","category-moulin","tag-exposition","tag-peinture"],"aioseo_notices":[],"jetpack_publicize_connections":[],"jetpack_featured_media_url":"https:\/\/www.brenne-au-coeur.com\/wp-content\/uploads\/2023\/01\/expo-violette-1.resized-rotated.jpg","jetpack-related-posts":[],"jetpack_sharing_enabled":true,"_links":{"self":[{"href":"https:\/\/www.brenne-au-coeur.com\/index.php\/wp-json\/wp\/v2\/posts\/3730","targetHints":{"allow":["GET"]}}],"collection":[{"href":"https:\/\/www.brenne-au-coeur.com\/index.php\/wp-json\/wp\/v2\/posts"}],"about":[{"href":"https:\/\/www.brenne-au-coeur.com\/index.php\/wp-json\/wp\/v2\/types\/post"}],"author":[{"embeddable":true,"href":"https:\/\/www.brenne-au-coeur.com\/index.php\/wp-json\/wp\/v2\/users\/15"}],"replies":[{"embeddable":true,"href":"https:\/\/www.brenne-au-coeur.com\/index.php\/wp-json\/wp\/v2\/comments?post=3730"}],"version-history":[{"count":4,"href":"https:\/\/www.brenne-au-coeur.com\/index.php\/wp-json\/wp\/v2\/posts\/3730\/revisions"}],"predecessor-version":[{"id":3739,"href":"https:\/\/www.brenne-au-coeur.com\/index.php\/wp-json\/wp\/v2\/posts\/3730\/revisions\/3739"}],"wp:featuredmedia":[{"embeddable":true,"href":"https:\/\/www.brenne-au-coeur.com\/index.php\/wp-json\/wp\/v2\/media\/3731"}],"wp:attachment":[{"href":"https:\/\/www.brenne-au-coeur.com\/index.php\/wp-json\/wp\/v2\/media?parent=3730"}],"wp:term":[{"taxonomy":"category","embeddable":true,"href":"https:\/\/www.brenne-au-coeur.com\/index.php\/wp-json\/wp\/v2\/categories?post=3730"},{"taxonomy":"post_tag","embeddable":true,"href":"https:\/\/www.brenne-au-coeur.com\/index.php\/wp-json\/wp\/v2\/tags?post=3730"}],"curies":[{"name":"wp","href":"https:\/\/api.w.org\/{rel}","templated":true}]}}