{"id":3688,"date":"2023-01-08T15:48:40","date_gmt":"2023-01-08T14:48:40","guid":{"rendered":"https:\/\/www.brenne-au-coeur.com\/?p=3688"},"modified":"2023-01-16T19:40:12","modified_gmt":"2023-01-16T18:40:12","slug":"la-peinture-intuitive-de-murielle-vincent","status":"publish","type":"post","link":"https:\/\/www.brenne-au-coeur.com\/index.php\/2023\/01\/08\/la-peinture-intuitive-de-murielle-vincent\/communes\/azay-le-ferron-communes\/3688\/","title":{"rendered":"La peinture intuitive de Murielle Vincent"},"content":{"rendered":"<figure id=\"attachment_3690\" aria-describedby=\"caption-attachment-3690\" style=\"width: 300px\" class=\"wp-caption alignleft\"><a href=\"https:\/\/www.brenne-au-coeur.com\/wp-content\/uploads\/2023\/01\/murielle-2.resized.jpg\" rel=\"lightbox[3688]\"><img loading=\"lazy\" decoding=\"async\" class=\"wp-image-3690 size-medium\" src=\"https:\/\/www.brenne-au-coeur.com\/wp-content\/uploads\/2023\/01\/murielle-2.resized-300x200.jpg\" alt=\"Toile abstraite repr\u00e9sentant deux cadres color\u00e9s \" width=\"300\" height=\"200\" srcset=\"https:\/\/www.brenne-au-coeur.com\/wp-content\/uploads\/2023\/01\/murielle-2.resized-300x200.jpg 300w, https:\/\/www.brenne-au-coeur.com\/wp-content\/uploads\/2023\/01\/murielle-2.resized-150x100.jpg 150w, https:\/\/www.brenne-au-coeur.com\/wp-content\/uploads\/2023\/01\/murielle-2.resized-272x182.jpg 272w, https:\/\/www.brenne-au-coeur.com\/wp-content\/uploads\/2023\/01\/murielle-2.resized.jpg 400w\" sizes=\"auto, (max-width: 300px) 100vw, 300px\" \/><\/a><figcaption id=\"caption-attachment-3690\" class=\"wp-caption-text\">Enjoy<\/figcaption><\/figure>\n<p><span style=\"font-size: large;\">La m\u00e9diath\u00e8que d\u2019<a href=\"https:\/\/www.brenne-au-coeur.com\/index.php\/azay-le-ferron\/\">Azay-le-Ferron<\/a> a ouvert ses portes \u00e0 Murielle Vincent. Ses tableaux y sont expos\u00e9s jusqu\u2019au 28 f\u00e9vrier. Des toiles saisissantes par la for<\/span><span style=\"font-size: large;\">ce des couleurs qui passent des oranges et rouges chatoyants aux bleus plus profonds. Toute une palette de teintes et de tons qui transforment d\u2019un coup, la salle de la m\u00e9diath\u00e8que.\u00ab&nbsp;<i>Je ne peints pas, je vibre, revendique Murielle Vincent. Ma source d\u2019inspiration, je la puise au c\u0153ur de mes \u00e9motions, de mes pulsions\u00a0<\/i>\u00bb. C\u2019est par l\u2019interm\u00e9diaire d\u2019une peinture intuitive qu\u2019elle se livre en toute spontan\u00e9it\u00e9. Car la construction de ses toiles r\u00e9pond avant tout \u00e0 l\u2019inspiration du moment. <i>\u00ab\u00a0Soit je commence un tableau en sachant o\u00f9 je vais mais sans conna\u00eetre le chemin, soit d\u00e8s le d\u00e9part, ce sont les couleurs qui me guident\u00a0\u00bb. <\/i>Pour se faire, Murielle travaille majoritairement avec l\u2019acrylique. \u00ab&nbsp;<i>La plasticit\u00e9 de ce m\u00e9dium me permet ais\u00e9ment de capter certaines fulgurances<\/i>\u00a0\u00bb. <\/span><\/p>\n<p>&nbsp;<\/p>\n<p><span style=\"font-size: large;\">C\u2019est souvent au c\u0153ur de la nuit que l\u2019artiste aime \u00e0 se retrouver et profiter de ces heures au cours desquelles le silence est propre \u00e0 la cr\u00e9ation. <\/span><\/p>\n<figure id=\"attachment_3692\" aria-describedby=\"caption-attachment-3692\" style=\"width: 300px\" class=\"wp-caption alignright\"><a href=\"https:\/\/www.brenne-au-coeur.com\/wp-content\/uploads\/2023\/01\/murielle-5.resized.jpg\" rel=\"lightbox[3688]\"><img loading=\"lazy\" decoding=\"async\" class=\"wp-image-3692 size-medium\" src=\"https:\/\/www.brenne-au-coeur.com\/wp-content\/uploads\/2023\/01\/murielle-5.resized-300x200.jpg\" alt=\"Toile abstraite d'un couch\u00e9 de soleil\" width=\"300\" height=\"200\" srcset=\"https:\/\/www.brenne-au-coeur.com\/wp-content\/uploads\/2023\/01\/murielle-5.resized-300x200.jpg 300w, https:\/\/www.brenne-au-coeur.com\/wp-content\/uploads\/2023\/01\/murielle-5.resized-150x100.jpg 150w, https:\/\/www.brenne-au-coeur.com\/wp-content\/uploads\/2023\/01\/murielle-5.resized-272x182.jpg 272w, https:\/\/www.brenne-au-coeur.com\/wp-content\/uploads\/2023\/01\/murielle-5.resized.jpg 400w\" sizes=\"auto, (max-width: 300px) 100vw, 300px\" \/><\/a><figcaption id=\"caption-attachment-3692\" class=\"wp-caption-text\">Quantum 0<\/figcaption><\/figure>\n<p><span style=\"font-size: large;\">Peut-\u00eatre est-ce une mani\u00e8re de rattraper le temps, pour quelqu\u2019un qui a toujours \u00e9t\u00e9 sensible \u00e0 l\u2019expression artistique. Une attirance ressentie d\u00e8s sa plus tendre enfance. \u00ab\u00a0<i>Petite, j\u2019aimais dessiner. J\u2019\u00e9tais encourag\u00e9<\/i><i>e<\/i><i> par mon p\u00e8re. <\/i><i>Plus tard ma grand-m\u00e8re, couturi\u00e8re, m\u2019incitait \u00e0 pers\u00e9v\u00e9rer dans <\/i><i>son<\/i><i> domaine. Je confectionnais des v\u00eatements.\u00a0Tu devrais \u00eatre styliste<\/i>\u00a0\u00bb, me disait-elle.<\/span><\/p>\n<p><span style=\"font-size: large;\">Mais, comme souvent, les \u00e9tudes, le mariage et le rythme de la vie prennent le dessus et \u00e9loignent de la cr\u00e9ation artistique. Il faudra un divorce pour que Murielle reprenne en mains, tubes de peintures et pinceaux.<\/span><\/p>\n<figure id=\"attachment_3689\" aria-describedby=\"caption-attachment-3689\" style=\"width: 300px\" class=\"wp-caption alignleft\"><a href=\"https:\/\/www.brenne-au-coeur.com\/wp-content\/uploads\/2023\/01\/murielle-3.resized.jpg\" rel=\"lightbox[3688]\"><img loading=\"lazy\" decoding=\"async\" class=\"wp-image-3689 size-medium\" src=\"https:\/\/www.brenne-au-coeur.com\/wp-content\/uploads\/2023\/01\/murielle-3.resized-300x200.jpg\" alt=\"Repr\u00e9sentation architecturale abstraite\" width=\"300\" height=\"200\" srcset=\"https:\/\/www.brenne-au-coeur.com\/wp-content\/uploads\/2023\/01\/murielle-3.resized-300x200.jpg 300w, https:\/\/www.brenne-au-coeur.com\/wp-content\/uploads\/2023\/01\/murielle-3.resized-150x100.jpg 150w, https:\/\/www.brenne-au-coeur.com\/wp-content\/uploads\/2023\/01\/murielle-3.resized-272x182.jpg 272w, https:\/\/www.brenne-au-coeur.com\/wp-content\/uploads\/2023\/01\/murielle-3.resized.jpg 400w\" sizes=\"auto, (max-width: 300px) 100vw, 300px\" \/><\/a><figcaption id=\"caption-attachment-3689\" class=\"wp-caption-text\">Nagasaki soul<\/figcaption><\/figure>\n<p><span style=\"font-size: large;\">Aujourd\u2019hui l\u2019artiste, totalement autodidacte, partage son temps entre sa passion et son m\u00e9tier de consultante syndrome de Diog\u00e8ne. Ce trouble du comportement qui est associ\u00e9 \u00e0 une n\u00e9gligence extr\u00eame de l\u2019hygi\u00e8ne corporelle et domestique. \u00ab\u00a0<i>C\u2019est une vraie pathologie, souligne Murielle. Ces personnes sont en grande souffrance. Je les aide \u00e0 avancer \u00e0 sortir ce qu\u2019elles ont enfoui au plus profond d\u2019elles m\u00eames<\/i>\u00a0\u00bb. <\/span><\/p>\n<p><span style=\"font-size: large;\">Qu\u2019elle accompagne des individus \u00e0 sonder leur \u00e2me ou qu\u2019elle projette la sienne gr\u00e2ce \u00e0 la peinture, le terrain d\u2019exploration de Murielle reste le m\u00eame. Ainsi exprime t-elle sa d\u00e9marche artistique. \u00ab&nbsp;<i>Peindre intuitivement signifie transf\u00e9rer d\u2019un univers \u00e0 l\u2019autre notre imagerie int\u00e9rieure vers un m\u00e9dium physique. Le pinceau pour conducteur, la toile comme support. La fabrication d\u2019une imagerie intuitive demeure myst\u00e9rieuse\u00a0<\/i>\u00bb. Tout comme demeure myst\u00e9rieux le rapport du public avec des \u0153uvres<\/span><\/p>\n<p><span style=\"font-size: large;\">abstraites telles que les pr\u00e9sente Murielle Vincent. Le visiteur est entra\u00een\u00e9 au c\u0153ur de ces belles peintures et peut se laisser aller, s\u2019y <\/span><span style=\"font-size: large;\">plonger et peut-\u00eatre m\u00eame s\u2019y retrouver. <\/span><\/p>\n<p>Les tableaux de Murielle sont en vente. Les prix s&rsquo;\u00e9chelonnent entre 70 \u20acet 350 \u20ac. Les minis tableaux avec chevalets&nbsp;: 10 \u20ac l&rsquo;unit\u00e9, 45 \u20ac les 5.<\/p>\n<p>En cliquant sur <a href=\"https:\/\/www.brenne-au-coeur.com\/wp-content\/uploads\/2023\/01\/Murielle-Vincent-oeuvres.pdf\">ce lien<\/a>, vous aurez un aper\u00e7u de l&rsquo;ensemble des \u0153uvres propos\u00e9es ainsi que les tarifs.<\/p>\n<p>&nbsp;<\/p>\n","protected":false},"excerpt":{"rendered":"<p>La m\u00e9diath\u00e8que d\u2019Azay-le-Ferron a ouvert ses portes \u00e0 Murielle Vincent. Ses tableaux y sont expos\u00e9s jusqu\u2019au 28 f\u00e9vrier. Des toiles saisissantes par la force des couleurs qui passent des oranges et rouges chatoyants aux bleus plus profonds. Toute une palette de teintes et de tons qui transforment d\u2019un coup, la salle de la m\u00e9diath\u00e8que.\u00ab&nbsp;Je ne&hellip;&nbsp;<a href=\"https:\/\/www.brenne-au-coeur.com\/index.php\/2023\/01\/08\/la-peinture-intuitive-de-murielle-vincent\/communes\/azay-le-ferron-communes\/3688\/\" rel=\"bookmark\">Lire la suite&nbsp;&raquo;<span class=\"screen-reader-text\">La peinture intuitive de Murielle Vincent<\/span><\/a><\/p>\n","protected":false},"author":1,"featured_media":3691,"comment_status":"open","ping_status":"open","sticky":false,"template":"","format":"standard","meta":{"rop_custom_images_group":[],"rop_custom_messages_group":[],"rop_publish_now":"initial","rop_publish_now_accounts":[],"rop_publish_now_history":[],"rop_publish_now_status":"pending","_monsterinsights_skip_tracking":false,"_monsterinsights_sitenote_active":false,"_monsterinsights_sitenote_note":"","_monsterinsights_sitenote_category":0,"neve_meta_sidebar":"","neve_meta_container":"","neve_meta_enable_content_width":"off","neve_meta_content_width":70,"neve_meta_title_alignment":"","neve_meta_author_avatar":"","neve_post_elements_order":"","neve_meta_disable_header":"","neve_meta_disable_footer":"","neve_meta_disable_title":"","_jetpack_memberships_contains_paid_content":false,"footnotes":"","jetpack_publicize_message":"","jetpack_publicize_feature_enabled":true,"jetpack_social_post_already_shared":false,"jetpack_social_options":{"image_generator_settings":{"template":"highway","default_image_id":0,"font":"","enabled":false},"version":2}},"categories":[10,59],"tags":[52,46],"class_list":["post-3688","post","type-post","status-publish","format-standard","has-post-thumbnail","hentry","category-azay-le-ferron-communes","category-mediatheque","tag-exposition","tag-peinture"],"aioseo_notices":[],"jetpack_publicize_connections":[],"jetpack_featured_media_url":"https:\/\/www.brenne-au-coeur.com\/wp-content\/uploads\/2023\/01\/murielle1.resized.jpg","jetpack-related-posts":[],"jetpack_sharing_enabled":true,"_links":{"self":[{"href":"https:\/\/www.brenne-au-coeur.com\/index.php\/wp-json\/wp\/v2\/posts\/3688","targetHints":{"allow":["GET"]}}],"collection":[{"href":"https:\/\/www.brenne-au-coeur.com\/index.php\/wp-json\/wp\/v2\/posts"}],"about":[{"href":"https:\/\/www.brenne-au-coeur.com\/index.php\/wp-json\/wp\/v2\/types\/post"}],"author":[{"embeddable":true,"href":"https:\/\/www.brenne-au-coeur.com\/index.php\/wp-json\/wp\/v2\/users\/1"}],"replies":[{"embeddable":true,"href":"https:\/\/www.brenne-au-coeur.com\/index.php\/wp-json\/wp\/v2\/comments?post=3688"}],"version-history":[{"count":5,"href":"https:\/\/www.brenne-au-coeur.com\/index.php\/wp-json\/wp\/v2\/posts\/3688\/revisions"}],"predecessor-version":[{"id":3753,"href":"https:\/\/www.brenne-au-coeur.com\/index.php\/wp-json\/wp\/v2\/posts\/3688\/revisions\/3753"}],"wp:featuredmedia":[{"embeddable":true,"href":"https:\/\/www.brenne-au-coeur.com\/index.php\/wp-json\/wp\/v2\/media\/3691"}],"wp:attachment":[{"href":"https:\/\/www.brenne-au-coeur.com\/index.php\/wp-json\/wp\/v2\/media?parent=3688"}],"wp:term":[{"taxonomy":"category","embeddable":true,"href":"https:\/\/www.brenne-au-coeur.com\/index.php\/wp-json\/wp\/v2\/categories?post=3688"},{"taxonomy":"post_tag","embeddable":true,"href":"https:\/\/www.brenne-au-coeur.com\/index.php\/wp-json\/wp\/v2\/tags?post=3688"}],"curies":[{"name":"wp","href":"https:\/\/api.w.org\/{rel}","templated":true}]}}