{"id":3642,"date":"2022-12-31T17:17:46","date_gmt":"2022-12-31T16:17:46","guid":{"rendered":"https:\/\/www.brenne-au-coeur.com\/?p=3642"},"modified":"2023-01-16T19:58:32","modified_gmt":"2023-01-16T18:58:32","slug":"histoires-et-defis-dhier-et-daujourdhui","status":"publish","type":"post","link":"https:\/\/www.brenne-au-coeur.com\/index.php\/2022\/12\/31\/histoires-et-defis-dhier-et-daujourdhui\/communes\/mezieres-en-brenne\/3642\/","title":{"rendered":"Histoires et d\u00e9fis, d\u2019hier et d\u2019aujourd\u2019hui"},"content":{"rendered":"<p align=\"justify\"><span style=\"font-family: Arial, sans-serif;\"><span style=\"font-size: large;\">C\u2019est sous le signe de la vari\u00e9t\u00e9 des genres que s\u2019est d\u00e9roul\u00e9 la derni\u00e8re r\u00e9union du club de lecture de <a href=\"https:\/\/www.brenne-au-coeur.com\/index.php\/mezieres-en-brenne\/\">M\u00e9zi\u00e8res<\/a>. Essais, t\u00e9moignages historiques, Bande dessin\u00e9e, thriller, roman historique, policier. Il y en avait pour tous les go\u00fbts. En voici les r\u00e9sum\u00e9s et les commentaires.<\/span><\/span><\/p>\n<figure id=\"attachment_3677\" aria-describedby=\"caption-attachment-3677\" style=\"width: 177px\" class=\"wp-caption alignleft\"><a href=\"https:\/\/www.brenne-au-coeur.com\/wp-content\/uploads\/2022\/12\/enigma.jpg\" rel=\"lightbox[3642]\"><img loading=\"lazy\" decoding=\"async\" class=\"wp-image-3677 size-full\" src=\"https:\/\/www.brenne-au-coeur.com\/wp-content\/uploads\/2022\/12\/enigma.jpg\" alt=\"Couverture d'un livre repr\u00e9sentant, en filigrane sous le titre, un aigle enserrant une croix gamm\u00e9e\" width=\"177\" height=\"285\" srcset=\"https:\/\/www.brenne-au-coeur.com\/wp-content\/uploads\/2022\/12\/enigma.jpg 177w, https:\/\/www.brenne-au-coeur.com\/wp-content\/uploads\/2022\/12\/enigma-93x150.jpg 93w\" sizes=\"auto, (max-width: 177px) 100vw, 177px\" \/><\/a><figcaption id=\"caption-attachment-3677\" class=\"wp-caption-text\">Enigma &#8211; Turing Dermot<\/figcaption><\/figure>\n<p align=\"justify\"><span style=\"font-family: Arial, sans-serif;\"><span style=\"font-size: large;\"><span style=\"color: #000000;\"><b>E<\/b><\/span><span style=\"color: #000000;\"><b>n<\/b><\/span><span style=\"color: #000000;\"><b>i<\/b><\/span><span style=\"color: #000000;\"><b>gma<\/b><\/span><span style=\"color: #c9211e;\"><i><b>.<\/b><\/i><\/span> <\/span><\/span><\/p>\n<p align=\"justify\"><span style=\"font-family: Arial, sans-serif;\"><span style=\"font-size: large;\"><b>Turing Dermot<\/b>. <\/span><\/span><\/p>\n<p align=\"justify\"><span style=\"font-family: Arial, sans-serif;\"><span style=\"font-size: large;\">Histoire. 2019. Editeur\u00a0: Nouveau Monde. 402 pages. <span style=\"color: #000000;\">Livre de la M\u00e9diath\u00e8que de M\u00e9zi\u00e8res.<\/span><\/span><\/span><\/p>\n<p align=\"justify\"><span style=\"font-family: Arial, sans-serif;\"><span style=\"font-size: large;\"><b><i>\u00ab&nbsp;<\/i><i>J\u2019ai \u00e9t\u00e9 souffl\u00e9 par le travail r\u00e9alis\u00e9\u00a0\u00bb, a expliqu\u00e9 Jean.<\/i>\u00a0<\/b><\/span><\/span><\/p>\n<p align=\"justify\"><span style=\"font-family: Arial, sans-serif;\"><span style=\"font-size: large;\">1932. Dans la salle de bain d&rsquo;un h\u00f4tel bruxellois, un espion fran\u00e7ais photographie les premiers documents d\u00e9crivant une nouvelle machine \u00e0 coder a priori inviolable&nbsp;: Enigma. Une machine que s\u2019appr\u00eatent \u00e0 adopter les services secrets allemands. Quelques mois plus tard, avec l\u2019aide des Fran\u00e7ais, un groupe de math\u00e9maticiens polonais entreprend de percer \u00e0 jour le fonctionnement complexe de la machine.<br \/>\n1940. Malgr\u00e9 la d\u00e9faite fran\u00e7aise face aux nazis, les Fran\u00e7ais et les Polonais transmettent leurs trouvailles aux Britanniques. \u00c0 Bletchley Park se d\u00e9ploie alors une gigantesque entreprise de d\u00e9codage.<br \/>\n1942. Sous le nez des Allemands, dans la France de Vichy, Fran\u00e7ais et Polonais continuent leurs efforts de d\u00e9chiffrement. La Gestapo est \u00e0 leurs trousses et le MI-6 a pour priorit\u00e9 absolue de les exfiltrer. Pendant ce temps, les U-Boote allemands m\u00e8nent une traque d\u00e9vastatrice contre les navires alli\u00e9s qui ravitaillent la Grande-Bretagne. Si les messages de la Marine allemande ne sont pas rapidement d\u00e9cod\u00e9s, le Royaume-Uni ne tiendra pas. \u00c0 Bletchley Park, l\u2019un des cerveaux les plus brillants de l\u2019histoire scientifique, Alan Turing, va apporter une contribution d\u00e9cisive&#8230; Passionn\u00e9 par l\u2019histoire de son oncle, Dermot Turing a obtenu l\u2019ouverture exceptionnelle des archives de la DGSE fran\u00e7aise sur Enigma, ainsi que des services britanniques et polonais. Pour la premi\u00e8re fois, est ici racont\u00e9e l\u2019histoire compl\u00e8te d\u2019Enigma&nbsp;: celle d\u2019un extraordinaire passage de relais entre espions, scientifiques et militaires de trois pays. <\/span><\/span><\/p>\n<figure id=\"attachment_3674\" aria-describedby=\"caption-attachment-3674\" style=\"width: 205px\" class=\"wp-caption alignright\"><a href=\"https:\/\/www.brenne-au-coeur.com\/wp-content\/uploads\/2022\/12\/CVT_La-laitiere-de-Bangalore_4924.jpg\" rel=\"lightbox[3642]\"><img loading=\"lazy\" decoding=\"async\" class=\"wp-image-3674 size-medium\" src=\"https:\/\/www.brenne-au-coeur.com\/wp-content\/uploads\/2022\/12\/CVT_La-laitiere-de-Bangalore_4924-205x300.jpg\" alt=\"Couverture du livre, illustr\u00e9e dans sa moiti\u00e9 inf\u00e9rieure, de la photo d'une femme en sari c\u00e2linant un b\u0153uf.\" width=\"205\" height=\"300\" srcset=\"https:\/\/www.brenne-au-coeur.com\/wp-content\/uploads\/2022\/12\/CVT_La-laitiere-de-Bangalore_4924-205x300.jpg 205w, https:\/\/www.brenne-au-coeur.com\/wp-content\/uploads\/2022\/12\/CVT_La-laitiere-de-Bangalore_4924-103x150.jpg 103w, https:\/\/www.brenne-au-coeur.com\/wp-content\/uploads\/2022\/12\/CVT_La-laitiere-de-Bangalore_4924.jpg 250w\" sizes=\"auto, (max-width: 205px) 100vw, 205px\" \/><\/a><figcaption id=\"caption-attachment-3674\" class=\"wp-caption-text\">La laiti\u00e8re de Bangalore &#8211; Narayan Shoba<\/figcaption><\/figure>\n<p align=\"justify\"><span style=\"font-family: Arial, sans-serif;\"><span style=\"font-size: large;\"><span style=\"color: #000000;\"><b>La laiti\u00e8re de Bangalore.<\/b><\/span> <\/span><\/span><\/p>\n<p align=\"justify\"><span style=\"font-family: Arial, sans-serif;\"><span style=\"font-size: large;\"><b>Narayan Shoba.<\/b> <\/span><\/span><\/p>\n<p align=\"justify\"><span style=\"font-family: Arial, sans-serif;\"><span style=\"font-size: large;\">Roman. 2020. Editeur\u00a0: A vue d\u2019oeil. <span style=\"color: #000000;\">Largevision. Livre de la M\u00e9diath\u00e8que de M\u00e9zi\u00e8res.<\/span><\/span><\/span><\/p>\n<p align=\"justify\"><span style=\"font-family: Arial, sans-serif;\"><span style=\"font-size: large;\"><i><b>\u00ab\u00a0Ce livre permet de comprendre le r\u00f4le de la vache sacr\u00e9e dans la vie indienne. Il donne des explications sur toutes les races\u00a0\u00bb a pr\u00e9cis\u00e9 Chantal<\/b><\/i><\/span><\/span><\/p>\n<p align=\"justify\"><span style=\"font-family: Arial, sans-serif;\"><span style=\"font-size: large;\">Apr\u00e8s plus de vingt ans pass\u00e9s aux \u00c9tats-Unis, Shoba rentre en Inde avec sa famille. Dans les rues de Bangalore, hommes d\u2019affaires c\u00f4toient vendeurs \u00e0 la sauvette, mendiants, travestis et&#8230; vaches! Shoba se lie bient\u00f4t d\u2019amiti\u00e9 avec Sarala, sa voisine laiti\u00e8re dont les vaches vagabondent dans les champs. Mais lorsque Sarala propose \u00e0 Shoba de participer \u00e0 l\u2019achat d\u2019une nouvelle b\u00eate commence une dr\u00f4le d\u2019\u00e9pop\u00e9e! Acheter une vache en Inde n\u2019est pas une mince affaire&#8230; Il y a des r\u00e8gles strictes et d\u2019innombrables traditions \u00e0 respecter. Et comment choisir parmi les quarante races indig\u00e8nes de bovins \u2013 sans compter les hybrides! De foires aux bestiaux en marchandages sans fin, Shoba red\u00e9couvre l\u2019omnipr\u00e9sence de l\u2019animal dans la vie indienne&nbsp;: on boit son lait, mais on utilise aussi sa bouse pour purifier les maisons, son urine pour fabriquer des m\u00e9dicaments&#8230; Dans une succession de sc\u00e8nes cocasses et \u00e9mouvantes o\u00f9 les vaches ont le premier r\u00f4le, Shoba Narayan \u00e9voque aussi les mantras, Bollywood, la m\u00e9decine ayurv\u00e9dique, le syst\u00e8me de castes, et dresse ainsi un portrait contrast\u00e9 de l\u2019Inde d&rsquo;aujourd&rsquo;hui. <\/span><\/span><\/p>\n<figure id=\"attachment_3675\" aria-describedby=\"caption-attachment-3675\" style=\"width: 207px\" class=\"wp-caption alignleft\"><a href=\"https:\/\/www.brenne-au-coeur.com\/wp-content\/uploads\/2022\/12\/CVT_Numero-deux_9120.jpg\" rel=\"lightbox[3642]\"><img loading=\"lazy\" decoding=\"async\" class=\"wp-image-3675 size-medium\" src=\"https:\/\/www.brenne-au-coeur.com\/wp-content\/uploads\/2022\/12\/CVT_Numero-deux_9120-207x300.jpg\" alt=\"Couverture du livre, dont la moiti\u00e9 inf\u00e9rieure affiche une photo de  quelques fauteuils de th\u00e9\u00e2tre ou de cin\u00e9ma vides\" width=\"207\" height=\"300\" srcset=\"https:\/\/www.brenne-au-coeur.com\/wp-content\/uploads\/2022\/12\/CVT_Numero-deux_9120-207x300.jpg 207w, https:\/\/www.brenne-au-coeur.com\/wp-content\/uploads\/2022\/12\/CVT_Numero-deux_9120-103x150.jpg 103w, https:\/\/www.brenne-au-coeur.com\/wp-content\/uploads\/2022\/12\/CVT_Numero-deux_9120.jpg 250w\" sizes=\"auto, (max-width: 207px) 100vw, 207px\" \/><\/a><figcaption id=\"caption-attachment-3675\" class=\"wp-caption-text\">Num\u00e9ro deux &#8211; David Foenkinos<\/figcaption><\/figure>\n<p align=\"justify\"><span style=\"font-family: Arial, sans-serif;\"><span style=\"font-size: large;\"><span style=\"color: #000000;\"><b>Num\u00e9ro deux.<\/b><\/span> <\/span><\/span><\/p>\n<p align=\"justify\"><span style=\"font-family: Arial, sans-serif;\"><span style=\"font-size: large;\"><b>David Foenkino<\/b><b>s<\/b><b>.<\/b> <\/span><\/span><\/p>\n<p align=\"justify\"><span style=\"font-family: Arial, sans-serif;\"><span style=\"font-size: large;\">Roman. 2022. Editeur\u00a0: Gallimard. 230 pages. <span style=\"color: #000000;\">Livre de la M\u00e9diath\u00e8que de M\u00e9zi\u00e8res.<\/span><\/span><\/span><\/p>\n<p align=\"justify\"><span style=\"font-family: Arial, sans-serif;\"><span style=\"font-size: large;\"><i><b>Pour Martine, \u00ab\u00a0la mani\u00e8re de pr\u00e9senter le ressenti du gar\u00e7on, vivant tout comme un \u00e9chec, est tr\u00e8s int\u00e9ressante\u00a0\u00bb.<\/b><\/i><\/span><\/span><\/p>\n<p><span style=\"font-family: Arial, sans-serif;\"><span style=\"font-size: large;\">Le roman relate l&rsquo;histoire fictive de Martin Hill, un jeune gar\u00e7on ayant \u00e9t\u00e9 rep\u00e9r\u00e9 par le producteur des <\/span><\/span><span style=\"font-family: Arial, sans-serif;\"><span style=\"font-size: large;\">films <\/span><\/span><span style=\"font-family: Arial, sans-serif;\"><span style=\"font-size: large;\">Harry Potter<\/span><\/span> <span style=\"font-family: Arial, sans-serif;\"><span style=\"font-size: large;\"> en <\/span><\/span><span style=\"font-family: Arial, sans-serif;\"><span style=\"font-size: large;\">1999<\/span><\/span><span style=\"font-family: Arial, sans-serif;\"><span style=\"font-size: large;\">. Apr\u00e8s avoir \u00e9chou\u00e9 au casting final face \u00e0 <\/span><\/span><span style=\"font-family: Arial, sans-serif;\"><span style=\"font-size: large;\">Daniel Radcliffe<\/span><\/span><span style=\"font-family: Arial, sans-serif;\"><span style=\"font-size: large;\">, il ne parvient pas \u00e0 surmonter son sentiment d&rsquo;\u00e9chec du fait d&rsquo;\u00eatre t\u00e9moin en tous lieux et en toutes circonstances du ph\u00e9nom\u00e8ne <\/span><\/span><span style=\"font-family: Arial, sans-serif;\"><span style=\"font-size: large;\">Harry Potter <\/span><\/span><span style=\"font-family: Arial, sans-serif;\"><span style=\"font-size: large;\">et du succ\u00e8s grandissant du gar\u00e7on qui lui a \u00ab\u00a0vol\u00e9\u00a0\u00bb son destin. <\/span><\/span><\/p>\n<p><span style=\"font-family: Arial, sans-serif;\"><span style=\"font-size: large;\">Peu connaisseur de <\/span><\/span><span style=\"font-family: Arial, sans-serif;\"><span style=\"font-size: large;\">l\u2019univers de Harry Potter<\/span><\/span><span style=\"font-family: Arial, sans-serif;\"><span style=\"font-size: large;\"> avant 2020, David Foenkinos s&rsquo;int\u00e9resse au casting du <\/span><\/span><span style=\"font-family: Arial, sans-serif;\"><span style=\"font-size: large;\">premier film<\/span><\/span><span style=\"font-family: Arial, sans-serif;\"><span style=\"font-size: large;\"> de la saga et \u00e0 la vie de la romanci\u00e8re <\/span><\/span><span style=\"font-family: Arial, sans-serif;\"><span style=\"font-size: large;\">J.K Rowling<\/span><\/span><span style=\"font-family: Arial, sans-serif;\"><span style=\"font-size: large;\"> pendant le confinement instaur\u00e9 en France au moment de la <\/span><\/span><span style=\"font-family: Arial, sans-serif;\"><span style=\"font-size: large;\">pand\u00e9mie de Covid-19.<\/span><\/span><span style=\"font-family: Arial, sans-serif;\"><span style=\"font-size: large;\"> En d\u00e9couvrant qu&rsquo;au moment de choisir entre les deux derniers gar\u00e7ons pr\u00e9-retenus pour le r\u00f4le de <\/span><\/span><span style=\"font-family: Arial, sans-serif;\"><span style=\"font-size: large;\">Harry Potter<\/span><\/span><span style=\"font-family: Arial, sans-serif;\"><span style=\"font-size: large;\">, Radcliffe a finalement \u00e9t\u00e9 choisi parce qu&rsquo;il avait \u00ab\u00a0un petit quelque chose en plus\u00a0\u00bb, Foenkinos se penche alors sur l\u2019immense sentiment d&rsquo;\u00e9chec qu&rsquo;\u00e0 pu ressentir le gar\u00e7on \u00ab\u00a0num\u00e9ro deux\u00a0\u00bb et sur sa reconstruction. <\/span><\/span><\/p>\n<p><span style=\"font-family: Arial, sans-serif;\"><span style=\"font-size: large;\">L&rsquo;humour, le rythme vif et l&rsquo;optimisme du roman font qu&rsquo;il est globalement bien accueilli par les critiques francophones.<\/span><\/span><\/p>\n<figure id=\"attachment_3648\" aria-describedby=\"caption-attachment-3648\" style=\"width: 195px\" class=\"wp-caption alignright\"><a href=\"https:\/\/www.brenne-au-coeur.com\/wp-content\/uploads\/2022\/12\/le-monde-sans-fin.jpg\" rel=\"lightbox[3642]\"><img loading=\"lazy\" decoding=\"async\" class=\"wp-image-3648 size-full\" src=\"https:\/\/www.brenne-au-coeur.com\/wp-content\/uploads\/2022\/12\/le-monde-sans-fin.jpg\" alt=\"Couverture illustr\u00e9e d'un dessin d'une cit\u00e9 post-industrielle dystopique. \" width=\"195\" height=\"237\" srcset=\"https:\/\/www.brenne-au-coeur.com\/wp-content\/uploads\/2022\/12\/le-monde-sans-fin.jpg 195w, https:\/\/www.brenne-au-coeur.com\/wp-content\/uploads\/2022\/12\/le-monde-sans-fin-123x150.jpg 123w\" sizes=\"auto, (max-width: 195px) 100vw, 195px\" \/><\/a><figcaption id=\"caption-attachment-3648\" class=\"wp-caption-text\">Le monde sans fin &#8211; Christophe Blain, Jean Marc Jancovici.<\/figcaption><\/figure>\n<p align=\"justify\"><span style=\"font-family: Arial, sans-serif;\"><span style=\"font-size: large;\"><span style=\"color: #000000;\"><b>Le monde sans fin.<\/b><\/span> <span style=\"color: #000000;\"><i><b>Du miracle \u00e9nerg\u00e9tique \u00e0 la d\u00e9rive climatique<\/b><\/i><\/span><span style=\"color: #c9211e;\"><i><b>.<\/b><\/i><\/span> <\/span><\/span><\/p>\n<p align=\"justify\"><span style=\"font-family: Arial, sans-serif;\"><span style=\"font-size: large;\"><b>Christophe Blain. Jean Marc Jancovici.<\/b> <\/span><\/span><\/p>\n<p align=\"justify\"><span style=\"font-family: Arial, sans-serif;\"><span style=\"font-size: large;\">Bande dessin\u00e9e. 2021. <span style=\"color: #000000;\">Livre de la M\u00e9diath\u00e8que de M\u00e9zi\u00e8res.<\/span><\/span><\/span><\/p>\n<p align=\"justify\"><span style=\"font-family: Arial, sans-serif;\"><span style=\"font-size: large;\"><i><b>\u00ab\u00a0Ce livre regroupe beaucoup de documentations. Il faut par cons\u00e9quent du temps pour l\u2019assimiler\u00a0\u00bb, a comment\u00e9 Gilles.<\/b><\/i><\/span><\/span><\/p>\n<p align=\"justify\"><span style=\"font-family: Arial, sans-serif;\"><span style=\"font-size: large;\">La rencontre entre un auteur majeur de la bande dessin\u00e9e et d\u2019un \u00e9minent sp\u00e9cialiste des questions \u00e9nerg\u00e9tiques et de l\u2019impact sur le climat a abouti \u00e0 ce projet, comme une \u00e9vidence, une n\u00e9cessit\u00e9 de t\u00e9moigner sur des sujets qui nous concernent tous. Intelligent, limpide, non d\u00e9nu\u00e9 d\u2019humour, cet ouvrage explique sous forme de chapitres les changements profonds que notre plan\u00e8te vit actuellement et quelles cons\u00e9quences, d\u00e9j\u00e0 observ\u00e9es, ces changements parfois radicaux signifient. Jean-Marc Jancovici \u00e9taye sa vision remarquablement argument\u00e9e en pla\u00e7ant la question de l\u2019\u00e9nergie et du changement climatique au c\u0153ur de sa r\u00e9flexion tout en \u00e9voquant les enjeux \u00e9conomiques (la course \u00e0 la croissance \u00e0 tout prix est-elle un leurre&nbsp;?), \u00e9cologiques et soci\u00e9taux. Ce t\u00e9moignage \u00e9clair\u00e9 s\u2019av\u00e8re pr\u00e9cieux, passionnant et invite \u00e0 la r\u00e9flexion sur des sujets parfois clivants, notamment celui de la transition \u00e9nerg\u00e9tique. Christophe Blain, se place dans le r\u00f4le du candide, \u00e0 la fa\u00e7on de son livre \u00ab\u00a0En cuisine avec Alain Passard\u00a0\u00bb et de \u00ab\u00a0Quai d\u2019Orsay\u00a0\u00bb sign\u00e9 avec l\u2019expertise d\u2019un co-auteur&nbsp;: un pav\u00e9 de 120 pages indispensable pour mieux comprendre notre monde, tout simplement&nbsp;! <\/span><\/span><\/p>\n<figure id=\"attachment_3676\" aria-describedby=\"caption-attachment-3676\" style=\"width: 202px\" class=\"wp-caption alignleft\"><a href=\"https:\/\/www.brenne-au-coeur.com\/wp-content\/uploads\/2022\/12\/CVT_Pieces-Detachees_4341.jpg\" rel=\"lightbox[3642]\"><img loading=\"lazy\" decoding=\"async\" class=\"wp-image-3676\" src=\"https:\/\/www.brenne-au-coeur.com\/wp-content\/uploads\/2022\/12\/CVT_Pieces-Detachees_4341-185x300.jpg\" alt=\"Couverture illustr\u00e9e de la photo sombre d'une \u00e9tag\u00e8re en forme de maisonnette dont quelques cases contiennent des morceaux de poup\u00e9e de porcelaine\" width=\"202\" height=\"328\" srcset=\"https:\/\/www.brenne-au-coeur.com\/wp-content\/uploads\/2022\/12\/CVT_Pieces-Detachees_4341-185x300.jpg 185w, https:\/\/www.brenne-au-coeur.com\/wp-content\/uploads\/2022\/12\/CVT_Pieces-Detachees_4341-92x150.jpg 92w, https:\/\/www.brenne-au-coeur.com\/wp-content\/uploads\/2022\/12\/CVT_Pieces-Detachees_4341.jpg 250w\" sizes=\"auto, (max-width: 202px) 100vw, 202px\" \/><\/a><figcaption id=\"caption-attachment-3676\" class=\"wp-caption-text\">Pi\u00e8ces d\u00e9tach\u00e9es &#8211; Phoebe Morgan<\/figcaption><\/figure>\n<p align=\"justify\"><span style=\"font-family: Arial, sans-serif;\"><span style=\"font-size: large;\"><span style=\"color: #000000;\"><b>P<\/b><\/span><span style=\"color: #000000;\"><b>i\u00e8ces d\u00e9tach\u00e9es.<\/b><\/span> <\/span><\/span><\/p>\n<p align=\"justify\"><span style=\"font-family: Arial, sans-serif;\"><span style=\"font-size: large;\"><b>Phoebe Morgan.<\/b> <\/span><\/span><\/p>\n<p align=\"justify\"><span style=\"font-family: Arial, sans-serif;\"><span style=\"font-size: large;\">2020. Thriller. Editeur\u00a0: L\u2019Archipel. 381 pages. <span style=\"color: #000000;\">Livre de la M\u00e9diath\u00e8que de M\u00e9zi\u00e8res.<\/span><\/span><\/span><\/p>\n<p align=\"justify\"><span style=\"font-family: Arial, sans-serif;\"><span style=\"font-size: large;\"><i><b>\u00ab\u00a0Cette histoire est impressionnante par la tension permanente entre les personnages\u00a0\u00bb, a d\u00e9crit Gilles.<\/b><\/i><\/span><\/span><\/p>\n<p align=\"justify\"><span style=\"font-family: Arial, sans-serif;\"><span style=\"font-size: large;\">Corinne, Londonienne de 34 ans, a d\u00e9j\u00e0 eu recours \u00e0 trois FIV. Mais cette fois, elle en est su\u0302re, c\u2019est la bonne. Elle va tomber enceinte. Cette chemin\u00e9e miniature en terre cuite, qu\u2019elle d\u00e9couvre un matin sur le pas de sa porte, n\u2019est-elle pas un signe du destin?<\/span><\/span><\/p>\n<p align=\"justify\"><span style=\"font-family: Arial, sans-serif;\"><span style=\"font-size: large;\">Cette chemin\u00e9e coiffait le toit de la maison de poup\u00e9e que son p\u00e8re ador\u00e9 \u2013 c\u00e9l\u00e8bre architecte d\u00e9c\u00e9d\u00e9 il y a bient\u00f4t un an \u2013 avait construite pour elle et sa s\u0153ur Ashley quand elles \u00e9taient enfants.<\/span><\/span><\/p>\n<p align=\"justify\"><span style=\"font-family: Arial, sans-serif;\"><span style=\"font-size: large;\">Bient\u00f4t, d\u2019autres \u00e9l\u00e9ments de cette maison de poup\u00e9e font leur apparition&nbsp;: une petite porte bleue sur le clavier de son ordinateur, un minuscule cheval \u00e0 bascule sur son oreiller\u2026<\/span><\/span><\/p>\n<p align=\"justify\"><span style=\"font-family: Arial, sans-serif;\"><span style=\"font-size: large;\">Corinne prend peur. Qui s\u2019introduit chez elle&nbsp;? Qui l\u2019espionne&nbsp;? La m\u00eame personne qui passe des coups de t\u00e9l\u00e9phone anonymes \u00e0 Ashley&nbsp;? Y a-t-il encore quelqu\u2019un en qui la jeune femme puisse avoir confiance? <\/span><\/span><\/p>\n<p align=\"justify\"><span style=\"font-family: Arial, sans-serif;\"><span style=\"font-size: large;\">\u00ab&nbsp;Un premier roman aussi brillant qu&rsquo;angoissant&nbsp;!&nbsp;\u00bb<\/span><\/span><\/p>\n<figure id=\"attachment_3646\" aria-describedby=\"caption-attachment-3646\" style=\"width: 185px\" class=\"wp-caption alignright\"><a href=\"https:\/\/www.brenne-au-coeur.com\/wp-content\/uploads\/2022\/12\/entre-fauves.jpg\" rel=\"lightbox[3642]\"><img loading=\"lazy\" decoding=\"async\" class=\"wp-image-3646 size-medium\" src=\"https:\/\/www.brenne-au-coeur.com\/wp-content\/uploads\/2022\/12\/entre-fauves-185x300.jpg\" alt=\"Nom de l'auteur et titre en gros caract\u00e8re sur une photo de studio d'un gros plan de la t\u00eate d'un lion fixant l'objectif\" width=\"185\" height=\"300\" srcset=\"https:\/\/www.brenne-au-coeur.com\/wp-content\/uploads\/2022\/12\/entre-fauves-185x300.jpg 185w, https:\/\/www.brenne-au-coeur.com\/wp-content\/uploads\/2022\/12\/entre-fauves-93x150.jpg 93w, https:\/\/www.brenne-au-coeur.com\/wp-content\/uploads\/2022\/12\/entre-fauves.jpg 195w\" sizes=\"auto, (max-width: 185px) 100vw, 185px\" \/><\/a><figcaption id=\"caption-attachment-3646\" class=\"wp-caption-text\">Entre fauves &#8211; Colin Niel<\/figcaption><\/figure>\n<p align=\"justify\"><span style=\"font-family: Arial, sans-serif;\"><span style=\"font-size: large;\"><span style=\"color: #000000;\"><b>Entre fauves.<\/b><\/span> <\/span><\/span><\/p>\n<p align=\"justify\"><span style=\"font-family: Arial, sans-serif;\"><span style=\"font-size: large;\"><b>Colin Niel.<\/b> <\/span><\/span><\/p>\n<p align=\"justify\"><span style=\"font-family: Arial, sans-serif;\"><span style=\"font-size: large;\">Roman. 2022. Editeur\u00a0A vue d\u2019oeil.: 528 pages. <span style=\"color: #000000;\">Large vision. Livre de la BDI, actuellement \u00e0 La M\u00e9diath\u00e8que de M\u00e9zi\u00e8res.<\/span><\/span><\/span><\/p>\n<p align=\"justify\"><span style=\"font-family: Arial, sans-serif;\"><span style=\"font-size: large;\"><i><b>\u00ab\u00a0En g\u00e9n\u00e9ral, je n\u2019aime pas les romans policiers, mais j\u2019ai ador\u00e9 celui-l\u00e0\u00a0\u00bb a confi\u00e9 Yvette.<\/b><\/i><\/span><\/span><\/p>\n<p align=\"justify\"><span style=\"font-family: Arial, sans-serif;\"><span style=\"font-size: large;\">Martin est garde au parc national des Pyr\u00e9n\u00e9es. Il travaille notamment au suivi des derniers ours. Mais depuis des mois, on n\u2019a plus trouv\u00e9 la moindre trace de Cannellito, le seul plantigrade avec un peu de sang pyr\u00e9n\u00e9en qui fr\u00e9quentait encore ces for\u00eats. Pas d\u2019empreinte de tout l\u2019hiver, aucun poil sur les centaines d\u2019arbres observ\u00e9s. Martin en est chaque jour plus convaincu&nbsp;: les chasseurs auront eu la peau de l\u2019animal. L\u2019histoire des hommes, n\u2019est-ce pas celle du massacre de la faune sauvage&nbsp;? Alors, quand sur Internet il voit le clich\u00e9 d\u2019une jeune femme devant la d\u00e9pouille d\u2019un lion, arc de chasse en main, il est d\u00e9termin\u00e9 \u00e0 la retrouver et \u00e0 la livrer en p\u00e2ture \u00e0 l\u2019opinion publique. M\u00eame si d\u2019elle, il ne conna\u00eet qu\u2019un pseudonyme sur les r\u00e9seaux sociaux. Et rien de ce qui s\u2019est jou\u00e9, quelques semaines plus t\u00f4t, en Afrique.<\/span><\/span><\/p>\n<p>Entre chasse au fauve et chasse \u00e0 l\u2019homme, vall\u00e9e d\u2019Aspe dans les Pyr\u00e9n\u00e9es enneig\u00e9es et d\u00e9sert du Kaokoland en Namibie, Colin Niel tisse une intrigue cruelle o\u00f9 aucun chasseur n\u2019est jamais s\u00fbr de sa proie.<\/p>\n<figure id=\"attachment_3678\" aria-describedby=\"caption-attachment-3678\" style=\"width: 120px\" class=\"wp-caption alignleft\"><a href=\"https:\/\/www.brenne-au-coeur.com\/wp-content\/uploads\/2022\/12\/Poussiere-dans-le-vent_1517.jpg\" rel=\"lightbox[3642]\"><img loading=\"lazy\" decoding=\"async\" class=\"wp-image-3678 size-full\" src=\"https:\/\/www.brenne-au-coeur.com\/wp-content\/uploads\/2022\/12\/Poussiere-dans-le-vent_1517.jpg\" alt=\"Photo en gros plan des visages d'un homme et d'une femme riant, l'un contre l'autre.\" width=\"120\" height=\"184\" srcset=\"https:\/\/www.brenne-au-coeur.com\/wp-content\/uploads\/2022\/12\/Poussiere-dans-le-vent_1517.jpg 120w, https:\/\/www.brenne-au-coeur.com\/wp-content\/uploads\/2022\/12\/Poussiere-dans-le-vent_1517-98x150.jpg 98w\" sizes=\"auto, (max-width: 120px) 100vw, 120px\" \/><\/a><figcaption id=\"caption-attachment-3678\" class=\"wp-caption-text\">Poussi\u00e8re dans le vent &#8211; L\u00e9onardo Padura<\/figcaption><\/figure>\n<p align=\"justify\"><span style=\"font-family: Arial, sans-serif;\"><span style=\"font-size: large;\"><span style=\"color: #000000;\"><b>Poussi\u00e8re dans le vent<\/b><\/span><span style=\"color: #000000;\"><i><b>.<\/b><\/i><\/span> <\/span><\/span><\/p>\n<p align=\"justify\"><span style=\"font-family: Arial, sans-serif;\"><span style=\"font-size: large;\"><b>L\u00e9onardo P<\/b><b>adura<\/b><b>.<\/b> <\/span><\/span><\/p>\n<p align=\"justify\"><span style=\"font-family: Arial, sans-serif;\"><span style=\"font-size: large;\">Roman. 2021. \u00c9ditions M\u00e9taili\u00e9. <span style=\"color: #000000;\">Livre de la<\/span><span style=\"color: #000000;\"> M\u00e9diath\u00e8que d&rsquo;<a href=\"https:\/\/www.brenne-au-coeur.com\/index.php\/azay-le-ferron\/\">Azay le Ferron<\/a>.<\/span><\/span><\/span><\/p>\n<p align=\"justify\"><span style=\"font-family: Arial, sans-serif;\"><span style=\"font-size: large;\"><i><b>\u00ab\u00a0Ce n\u2019est pas forc\u00e9ment simple \u00e0 lire, mais c\u2019est tr\u00e8s, tr\u00e8s bien \u00e9crit. Le texte est un peu long et pourtant passionnant car parsem\u00e9 de nombreuses histoires\u00a0\u00bb a comment\u00e9 Chantal.<\/b><\/i><\/span><\/span><\/p>\n<p><span style=\"font-family: Arial, sans-serif;\"><span style=\"font-size: large;\">L\u00e9onardo Padura est cubain. Il est n\u00e9 en 1955 \u00e0 La Havane et il y vit.<\/span><\/span><\/p>\n<p><span style=\"font-family: Arial, sans-serif;\"><span style=\"font-size: large;\">L&rsquo;histoire d\u00e9bute en 1990 un an apr\u00e8s la chute du mur de Berlin, pour se terminer en 2016. C&rsquo;est 30 ans de la vie \u00ab\u00a0d&rsquo;un clan\u00a0\u00bb, un groupe d&rsquo;amis qui se sont connus au lyc\u00e9e \u00e0 la Havane.<\/span><\/span><\/p>\n<p><span style=\"font-family: Arial, sans-serif;\"><span style=\"font-size: large;\">Ce roman historique traite de l&rsquo;atmosph\u00e8re pesante et de la vie difficile des cubains rest\u00e9s sur l&rsquo;\u00eele, des effets d\u00e9chirants de l&rsquo;exil pour ceux qui ont choisi de partir, de la force de l&rsquo;amiti\u00e9 et de la fid\u00e9lit\u00e9, mais aussi des trahisons.<\/span><\/span><\/p>\n<p><span style=\"font-family: Arial, sans-serif;\"><span style=\"font-size: large;\">A travers la vie des h\u00e9ros, l&rsquo;auteur nous fait voyager de Cuba, aux \u00c9tats Unis, \u00e0 Madrid, Barcelone, en Italie et un peu la France.<\/span><\/span><\/p>\n<p><span style=\"font-family: Arial, sans-serif;\"><span style=\"font-size: large;\">Le titre a une double signification&nbsp;:<\/span><\/span><\/p>\n<p><span style=\"font-family: Arial, sans-serif;\"><span style=\"font-size: large;\">&#8211; il correspond \u00e0 celui d&rsquo;une chanson du groupe am\u00e9ricain de rock\u00a0 KANZAS c\u00e9l\u00e8bre dans les ann\u00e9es 1970. Titre qui est souvent \u00e9cout\u00e9 par \u00ab\u00a0les membres du clan\u00a0\u00bb et qui est un lien entre les huit amis qui animent\u00a0 le roman.<\/span><\/span><\/p>\n<p><span style=\"font-family: Arial, sans-serif;\"><span style=\"font-size: large;\">&#8211; il correspond, \u00e0 la fin du roman, aux cendres du principal h\u00e9ros qui seront dispers\u00e9es \u00e0 la source d&rsquo;une rivi\u00e8re mythique qui alimente la Havane en eau.<\/span><\/span><\/p>\n<p><span style=\"font-family: Arial, sans-serif;\"><span style=\"font-size: large;\">Le style de Padura, la diversit\u00e9 des th\u00e8mes trait\u00e9s,\u00a0 la ma\u00eetrise de l&rsquo;intrigue et du suspense en font un roman \u00e9mouvant,\u00a0 certes un peu long mais passionnant.\u00a0<\/span><\/span><\/p>\n<p align=\"justify\"><span style=\"color: #000000;\"><span style=\"font-family: Arial, sans-serif;\"><span style=\"font-size: large;\"><b><a href=\"https:\/\/www.brenne-au-coeur.com\/wp-content\/uploads\/2022\/12\/vania-vassia.jpg\" rel=\"lightbox[3642]\"><img loading=\"lazy\" decoding=\"async\" class=\"alignright wp-image-3644 size-full\" src=\"https:\/\/www.brenne-au-coeur.com\/wp-content\/uploads\/2022\/12\/vania-vassia.jpg\" alt=\"\" width=\"195\" height=\"293\" srcset=\"https:\/\/www.brenne-au-coeur.com\/wp-content\/uploads\/2022\/12\/vania-vassia.jpg 195w, https:\/\/www.brenne-au-coeur.com\/wp-content\/uploads\/2022\/12\/vania-vassia-100x150.jpg 100w\" sizes=\"auto, (max-width: 195px) 100vw, 195px\" \/><\/a>V<\/b><\/span><\/span><\/span><span style=\"color: #000000;\"><span style=\"font-family: Arial, sans-serif;\"><span style=\"font-size: large;\"><b>ania, Vassia et la fille de Vassia.<\/b><\/span><\/span><\/span><\/p>\n<p align=\"justify\"><span style=\"font-family: Arial, sans-serif;\"><span style=\"font-size: large;\"><b>Macha M\u00e9ril.<\/b><\/span><\/span><\/p>\n<p align=\"justify\"><span style=\"font-family: Arial, sans-serif;\"><span style=\"font-size: large;\">Roman historique. Editeur\u00a0: A vue d\u2019oeil. 2 volumes, 713 pages.<\/span><\/span> <span style=\"color: #000000;\"><span style=\"font-family: Arial, sans-serif;\"><span style=\"font-size: large;\">Large-vision. Livre de la M\u00e9diath\u00e8que de M\u00e9zi\u00e8res.<\/span><\/span><\/span><\/p>\n<p align=\"justify\"><span style=\"font-family: Arial, sans-serif;\"><span style=\"font-size: large;\"><i><b>\u00ab\u00a0On ne l\u00e2che pas ce livre,plein de rebondissement\u00a0\u00bb s\u2019est r\u00e9joui Bernadette.<\/b><\/i><\/span><\/span><\/p>\n<p align=\"justify\"><span style=\"font-family: Arial, sans-serif;\"><span style=\"font-size: large;\">D<\/span><\/span><span style=\"font-family: Arial, sans-serif;\"><span style=\"font-size: large;\">ans une petite communaut\u00e9 de Cosaques arriv\u00e9e en France apr\u00e8s la r\u00e9volution d\u2019Octobre, qui vit en autarcie dans un domaine de Corr\u00e8ze, Vassia choisit de s&rsquo;engager aux c\u00f4t\u00e9s d&rsquo;Hitler dans l&rsquo;espoir de lib\u00e9rer la Russie du bolchevisme. Il confie alors sa fille unique Sonia \u00e0 son ami Vania qui prend soin d&rsquo;elle, l&rsquo;aide \u00e0 s&rsquo;assimiler en France, puis \u00e0 se lancer dans la politique. <\/span><\/span><\/p>\n<p align=\"justify\"><span style=\"font-family: Arial, sans-serif;\"><span style=\"font-size: large;\">Vania, Vassia et Sonia, la fille de Vassia, les trois personnages de ce flamboyant roman, sont en qu\u00eate d&rsquo;un avenir qui les r\u00e9concilie avec leur pass\u00e9 de Cosaques. Cependant chacun lit cet avenir sous un angle diff\u00e9rent\u00a0: s&rsquo;int\u00e9grer en France avec un impeccable parcours, rester russe tout en d\u00e9fendant la R\u00e9publique fran\u00e7aise, reprendre co\u00fbte que co\u00fbte le combat contre Staline, quitte \u00e0 se ranger du c\u00f4t\u00e9 des nazis&#8230; Dans ce grand roman qu&rsquo;elle portait en elle depuis longtemps, Macha M\u00e9ril \u00e9voque la condition des Russes blancs en France. <\/span><\/span><\/p>\n<p align=\"justify\"><span style=\"color: #000000;\"><span style=\"font-family: Arial, sans-serif;\"><span style=\"font-size: large;\"><b><a href=\"https:\/\/www.brenne-au-coeur.com\/wp-content\/uploads\/2022\/12\/une-solution-pour-lafrique.jpg\" rel=\"lightbox[3642]\"><img loading=\"lazy\" decoding=\"async\" class=\"alignleft wp-image-3643 size-full\" src=\"https:\/\/www.brenne-au-coeur.com\/wp-content\/uploads\/2022\/12\/une-solution-pour-lafrique.jpg\" alt=\"\" width=\"195\" height=\"295\" srcset=\"https:\/\/www.brenne-au-coeur.com\/wp-content\/uploads\/2022\/12\/une-solution-pour-lafrique.jpg 195w, https:\/\/www.brenne-au-coeur.com\/wp-content\/uploads\/2022\/12\/une-solution-pour-lafrique-99x150.jpg 99w\" sizes=\"auto, (max-width: 195px) 100vw, 195px\" \/><\/a>Une solution pour l\u2019Afrique.<\/b><\/span><\/span><\/span><\/p>\n<p align=\"justify\"><span style=\"font-family: Arial, sans-serif;\"><span style=\"font-size: large;\"><b>Kako Nubukpo. <\/b><\/span><\/span><\/p>\n<p align=\"justify\"><span style=\"font-family: Arial, sans-serif;\"><span style=\"font-size: large;\">Essai. 2022. Editeur Odile Jacob. <\/span><\/span><span style=\"font-family: Arial, sans-serif;\"><span style=\"font-size: large;\">291 pages.<\/span><\/span><\/p>\n<p align=\"justify\"><span style=\"font-family: Arial, sans-serif;\"><span style=\"font-size: large;\"><i><b>\u00ab\u00a0Ce livre centr\u00e9 sur l\u2019Afrique de l\u2019Ouest expose des solutions pour un d\u00e9fi majeur du continent africain\u00a0\u00bb a r\u00e9sum\u00e9 Michel.<\/b><\/i><\/span><\/span><\/p>\n<p align=\"justify\"><span style=\"font-family: Arial, sans-serif;\"><span style=\"font-size: large;\">L&rsquo;Afrique est soumise \u00e0 un d\u00e9fi gigantesque&nbsp;: int\u00e9grer en une g\u00e9n\u00e9ration 1 milliard d&rsquo;individus suppl\u00e9mentaires dans un contexte de faible productivit\u00e9, de quasi-absence d&rsquo;industrie, d&rsquo;urbanisation acc\u00e9l\u00e9r\u00e9e, le tout coiff\u00e9 par une crise climatique devenue permanente. Cette \u00ab\u00a0urgence africaine\u00a0\u00bb impose d&rsquo;inventer un nouveau mod\u00e8le \u00e9conomique. Car l&rsquo;Afrique a trop souvent \u00e9t\u00e9 un continent cobaye, soumis \u00e0 toutes sortes de pr\u00e9dations.<br \/>\nLe huis clos inattendu de la crise du Covid-19 lui a permis de red\u00e9couvrir la richesse de son patrimoine. Forte de cette le\u00e7on, elle doit d\u00e9sormais r\u00e9inventer son d\u00e9veloppement en s&rsquo;appuyant sur ses biens communs. Mettre en place un n\u00e9oprotectionnisme africain et pr\u00e9server ses ressources propres (terres, biens num\u00e9riques&#8230;), assurer sa souverainet\u00e9 alimentaire en d\u00e9veloppant l&rsquo;agro\u00e9cologie, mon\u00e9taire et financi\u00e8re avec la cr\u00e9ation d&rsquo;une agence de la dette \u2013 sont autant de pistes pour que l&rsquo;Afrique se r\u00e9approprie son destin. Avec cette conviction&nbsp;: en promouvant une \u00e9conomie du partage, les biens communs sont aussi profond\u00e9ment ancr\u00e9s dans la r\u00e9alit\u00e9 sociale africaine.<\/span><\/span><\/p>\n<p align=\"justify\"><span style=\"font-family: Arial, sans-serif;\"><span style=\"font-size: large;\">Biographie de Kako Nubukpo<\/span><\/span><\/p>\n<p><span style=\"font-size: large;\">Kako Nubukpo est commissaire charg\u00e9 du d\u00e9partement de l&rsquo;Agriculture, des Ressources en eau et de l&rsquo;Environnement de l&rsquo;Union \u00e9conomique et mon\u00e9taire ouest-africaine (UEMOA). Economiste, opposant d\u00e9clar\u00e9 au franc CFA, il est directeur de l&rsquo;observatoire de l&rsquo;Afrique subsaharienne de la Fondation Jean-Jaur\u00e8s. Il a \u00e9t\u00e9 ministre charg\u00e9 de la Prospective et de l&rsquo;\u00e9valuation des politiques publiques au Togo (2013-2015).<br \/>\nIl est l&rsquo;auteur de L&rsquo;Urgence africaine (Odile Jacob, 2019). <\/span><\/p>\n<p>&nbsp;<\/p>\n<p><span style=\"font-size: medium;\"><i>Les r\u00e9sum\u00e9s sont tir\u00e9s de sites internet, Babelio et wikip\u00e9dia.<\/i><\/span><\/p>\n<p align=\"justify\">\n","protected":false},"excerpt":{"rendered":"<p>C\u2019est sous le signe de la vari\u00e9t\u00e9 des genres que s\u2019est d\u00e9roul\u00e9 la derni\u00e8re r\u00e9union du club de lecture de M\u00e9zi\u00e8res. Essais, t\u00e9moignages historiques, Bande dessin\u00e9e, thriller, roman historique, policier. Il y en avait pour tous les go\u00fbts. En voici les r\u00e9sum\u00e9s et les commentaires. Enigma. Turing Dermot. Histoire. 2019. Editeur\u00a0: Nouveau Monde. 402 pages.&hellip;&nbsp;<a href=\"https:\/\/www.brenne-au-coeur.com\/index.php\/2022\/12\/31\/histoires-et-defis-dhier-et-daujourdhui\/communes\/mezieres-en-brenne\/3642\/\" rel=\"bookmark\">Lire la suite&nbsp;&raquo;<span class=\"screen-reader-text\">Histoires et d\u00e9fis, d\u2019hier et d\u2019aujourd\u2019hui<\/span><\/a><\/p>\n","protected":false},"author":1,"featured_media":3648,"comment_status":"open","ping_status":"open","sticky":false,"template":"","format":"standard","meta":{"rop_custom_images_group":[],"rop_custom_messages_group":[],"rop_publish_now":"initial","rop_publish_now_accounts":[],"rop_publish_now_history":[],"rop_publish_now_status":"pending","_monsterinsights_skip_tracking":false,"_monsterinsights_sitenote_active":false,"_monsterinsights_sitenote_note":"","_monsterinsights_sitenote_category":0,"neve_meta_sidebar":"","neve_meta_container":"","neve_meta_enable_content_width":"off","neve_meta_content_width":70,"neve_meta_title_alignment":"","neve_meta_author_avatar":"","neve_post_elements_order":"","neve_meta_disable_header":"","neve_meta_disable_footer":"","neve_meta_disable_title":"","_jetpack_memberships_contains_paid_content":false,"footnotes":"","jetpack_publicize_message":"","jetpack_publicize_feature_enabled":true,"jetpack_social_post_already_shared":false,"jetpack_social_options":{"image_generator_settings":{"template":"highway","default_image_id":0,"font":"","enabled":false},"version":2}},"categories":[70,59,12],"tags":[39],"class_list":["post-3642","post","type-post","status-publish","format-standard","has-post-thumbnail","hentry","category-a-lire","category-mediatheque","category-mezieres-en-brenne","tag-litterature"],"aioseo_notices":[],"jetpack_publicize_connections":[],"jetpack_featured_media_url":"https:\/\/www.brenne-au-coeur.com\/wp-content\/uploads\/2022\/12\/le-monde-sans-fin.jpg","jetpack-related-posts":[],"jetpack_sharing_enabled":true,"_links":{"self":[{"href":"https:\/\/www.brenne-au-coeur.com\/index.php\/wp-json\/wp\/v2\/posts\/3642","targetHints":{"allow":["GET"]}}],"collection":[{"href":"https:\/\/www.brenne-au-coeur.com\/index.php\/wp-json\/wp\/v2\/posts"}],"about":[{"href":"https:\/\/www.brenne-au-coeur.com\/index.php\/wp-json\/wp\/v2\/types\/post"}],"author":[{"embeddable":true,"href":"https:\/\/www.brenne-au-coeur.com\/index.php\/wp-json\/wp\/v2\/users\/1"}],"replies":[{"embeddable":true,"href":"https:\/\/www.brenne-au-coeur.com\/index.php\/wp-json\/wp\/v2\/comments?post=3642"}],"version-history":[{"count":9,"href":"https:\/\/www.brenne-au-coeur.com\/index.php\/wp-json\/wp\/v2\/posts\/3642\/revisions"}],"predecessor-version":[{"id":3754,"href":"https:\/\/www.brenne-au-coeur.com\/index.php\/wp-json\/wp\/v2\/posts\/3642\/revisions\/3754"}],"wp:featuredmedia":[{"embeddable":true,"href":"https:\/\/www.brenne-au-coeur.com\/index.php\/wp-json\/wp\/v2\/media\/3648"}],"wp:attachment":[{"href":"https:\/\/www.brenne-au-coeur.com\/index.php\/wp-json\/wp\/v2\/media?parent=3642"}],"wp:term":[{"taxonomy":"category","embeddable":true,"href":"https:\/\/www.brenne-au-coeur.com\/index.php\/wp-json\/wp\/v2\/categories?post=3642"},{"taxonomy":"post_tag","embeddable":true,"href":"https:\/\/www.brenne-au-coeur.com\/index.php\/wp-json\/wp\/v2\/tags?post=3642"}],"curies":[{"name":"wp","href":"https:\/\/api.w.org\/{rel}","templated":true}]}}