{"id":3628,"date":"2022-12-23T16:11:31","date_gmt":"2022-12-23T15:11:31","guid":{"rendered":"https:\/\/www.brenne-au-coeur.com\/?p=3628"},"modified":"2022-12-23T17:25:58","modified_gmt":"2022-12-23T16:25:58","slug":"un-coeur-battant-pour-les-fetes","status":"publish","type":"post","link":"https:\/\/www.brenne-au-coeur.com\/index.php\/2022\/12\/23\/un-coeur-battant-pour-les-fetes\/communes\/mezieres-en-brenne\/3628\/","title":{"rendered":"Un \u00ab\u00a0C\u0153ur battant\u00a0\u00bb pour les f\u00eates"},"content":{"rendered":"<p><span style=\"font-size: large;\">Mardi 27 d\u00e9cembre, \u00e0 15h30, salle des f\u00eates de M\u00e9zi\u00e8res, Anne Boutin Pied pr\u00e9sentera \u00ab&nbsp;C\u0153ur Battant&nbsp;\u00bb, dans le cadre des Go\u00fbters Contes organis\u00e9s par l\u2019association Noces de Paroles.<\/span><\/p>\n<p><span style=\"font-size: large;\">Un spectacle, que la conteuse, musicienne, a librement adapt\u00e9 du conte d\u2019Andersen \u00ab&nbsp;La Reine des Neiges&nbsp;\u00bb, et pr\u00e9sent\u00e9 ainsi sur le site <a href=\"https:\/\/www.60decibels.org\/\">60decibels.org<\/a>.<\/span><\/p>\n<figure id=\"attachment_3629\" aria-describedby=\"caption-attachment-3629\" style=\"width: 191px\" class=\"wp-caption alignright\"><a href=\"https:\/\/www.brenne-au-coeur.com\/wp-content\/uploads\/2022\/12\/photo-Anne.jpeg\" rel=\"lightbox[3628]\"><img loading=\"lazy\" decoding=\"async\" class=\"wp-image-3629 size-medium\" src=\"https:\/\/www.brenne-au-coeur.com\/wp-content\/uploads\/2022\/12\/photo-Anne-191x300.jpeg\" alt=\"\" width=\"191\" height=\"300\" srcset=\"https:\/\/www.brenne-au-coeur.com\/wp-content\/uploads\/2022\/12\/photo-Anne-191x300.jpeg 191w, https:\/\/www.brenne-au-coeur.com\/wp-content\/uploads\/2022\/12\/photo-Anne-96x150.jpeg 96w, https:\/\/www.brenne-au-coeur.com\/wp-content\/uploads\/2022\/12\/photo-Anne.jpeg 204w\" sizes=\"auto, (max-width: 191px) 100vw, 191px\" \/><\/a><figcaption id=\"caption-attachment-3629\" class=\"wp-caption-text\">Anne Boutin Pied<\/figcaption><\/figure>\n<p><span style=\"font-size: large;\"><i>On voudrait aimer les autres pareil, tout le temps mais parfois on n\u2019y arrive pas.<br \/>\nOn aimerait s\u2019aimer soi juste assez mais parfois on se claquerait bien la porte au nez.<br \/>\nEt puis il y a des jours, o\u00f9 juste quand on en a besoin, on a la force d\u2019un g\u00e9ant.<br \/>\n\u00ab\u00a0C\u0153ur battant\u00a0\u00bb c\u2019est l\u2019histoire d\u2019une fille qui devient jeune femme en sauvant son amour envers et contre tout, en d\u00e9pit de tout et de tous.<br \/>\nC\u2019est un conte en 7 histoires sur le courage, les m\u00e8res, les femmes.<\/i><\/span><\/p>\n<p><span style=\"font-size: large;\"><i>Au cours de sa qu\u00eate Gerda rencontre toutes les m\u00e8res que nous pouvons \u00eatre \u00e0 la fois, certaines prenant plus le pas sur d\u2019autres.<br \/>\nD\u2019abord, m\u00e8re absente puisque Gerda est entour\u00e9e de sa grand-m\u00e8re et de Kay. Puis la m\u00e8re toute puissante et froide mais s\u00e9ductrice avec La Reine des Neiges et la F\u00e9e des Fleurs, la m\u00e8re futile et enthousiaste avec la Princesse, la m\u00e8re \u00ab\u00a0ogresse\u00a0\u00bbmaltraitante avec la femme de Brigand, enfin il y a la m\u00e8re sage et un peu excentrique repr\u00e9sent\u00e9e par un personnage que j\u2019appelle \u00ab\u00a0la tr\u00e8s vieille\u00a0\u00bb. Gerda se construit dans ces rencontres, dans le cycle des saisons qui passent. Elle arrive \u00e0 la fin devant le ch\u00e2teau de la Reine des Neiges constitu\u00e9e de \u00ab\u00a0toutes les Gerdas\u00a0\u00bb qu\u2019elle a \u00e9t\u00e9 et qu\u2019elle sera.<\/i><\/span><\/p>\n<p><span style=\"font-size: large;\"><i>Le r\u00e9cit se d\u00e9roule avec les points cl\u00e9s d\u2019Andersen mais aussi un propos modernis\u00e9 et des anecdotes parlantes sans qu\u2019on puisse pour autant les situer dans un temps pr\u00e9cis. Il a \u00e9t\u00e9 gard\u00e9 de fa\u00e7on tr\u00e8s pr\u00e9sente tout ce qui fait de ce conte, un conte merveilleux: dialogue avec les \u00e9l\u00e9ments, les animaux, personnages puissants, un seul h\u00e9ros-h\u00e9ro\u00efne ici-.<\/i><\/span><\/p>\n<p><strong><span style=\"font-size: large;\">Le spectacle est 5 \u20ac adh\u00e9rents et 8\u20ac non adh\u00e9rents.\u00a0<\/span><\/strong><\/p>\n","protected":false},"excerpt":{"rendered":"<p>Mardi 27 d\u00e9cembre, \u00e0 15h30, salle des f\u00eates de M\u00e9zi\u00e8res, Anne Boutin Pied pr\u00e9sentera \u00ab&nbsp;C\u0153ur Battant&nbsp;\u00bb, dans le cadre des Go\u00fbters Contes organis\u00e9s par l\u2019association Noces de Paroles. Un spectacle, que la conteuse, musicienne, a librement adapt\u00e9 du conte d\u2019Andersen \u00ab&nbsp;La Reine des Neiges&nbsp;\u00bb, et pr\u00e9sent\u00e9 ainsi sur le site 60decibels.org. On voudrait aimer les&hellip;&nbsp;<a href=\"https:\/\/www.brenne-au-coeur.com\/index.php\/2022\/12\/23\/un-coeur-battant-pour-les-fetes\/communes\/mezieres-en-brenne\/3628\/\" rel=\"bookmark\">Lire la suite&nbsp;&raquo;<span class=\"screen-reader-text\">Un \u00ab\u00a0C\u0153ur battant\u00a0\u00bb pour les f\u00eates<\/span><\/a><\/p>\n","protected":false},"author":1,"featured_media":3630,"comment_status":"open","ping_status":"open","sticky":false,"template":"","format":"standard","meta":{"rop_custom_images_group":[],"rop_custom_messages_group":[],"rop_publish_now":"initial","rop_publish_now_accounts":[],"rop_publish_now_history":[],"rop_publish_now_status":"pending","_monsterinsights_skip_tracking":false,"_monsterinsights_sitenote_active":false,"_monsterinsights_sitenote_note":"","_monsterinsights_sitenote_category":0,"neve_meta_sidebar":"","neve_meta_container":"","neve_meta_enable_content_width":"off","neve_meta_content_width":70,"neve_meta_title_alignment":"","neve_meta_author_avatar":"","neve_post_elements_order":"","neve_meta_disable_header":"","neve_meta_disable_footer":"","neve_meta_disable_title":"","_jetpack_memberships_contains_paid_content":false,"footnotes":"","jetpack_publicize_message":"","jetpack_publicize_feature_enabled":true,"jetpack_social_post_already_shared":false,"jetpack_social_options":{"image_generator_settings":{"template":"highway","default_image_id":0,"font":"","enabled":false},"version":2}},"categories":[12],"tags":[31,79],"class_list":["post-3628","post","type-post","status-publish","format-standard","has-post-thumbnail","hentry","category-mezieres-en-brenne","tag-associations","tag-contes"],"aioseo_notices":[],"jetpack_publicize_connections":[],"jetpack_featured_media_url":"https:\/\/www.brenne-au-coeur.com\/wp-content\/uploads\/2022\/12\/anne-BoutinPied-.jpeg","jetpack-related-posts":[],"jetpack_sharing_enabled":true,"_links":{"self":[{"href":"https:\/\/www.brenne-au-coeur.com\/index.php\/wp-json\/wp\/v2\/posts\/3628","targetHints":{"allow":["GET"]}}],"collection":[{"href":"https:\/\/www.brenne-au-coeur.com\/index.php\/wp-json\/wp\/v2\/posts"}],"about":[{"href":"https:\/\/www.brenne-au-coeur.com\/index.php\/wp-json\/wp\/v2\/types\/post"}],"author":[{"embeddable":true,"href":"https:\/\/www.brenne-au-coeur.com\/index.php\/wp-json\/wp\/v2\/users\/1"}],"replies":[{"embeddable":true,"href":"https:\/\/www.brenne-au-coeur.com\/index.php\/wp-json\/wp\/v2\/comments?post=3628"}],"version-history":[{"count":3,"href":"https:\/\/www.brenne-au-coeur.com\/index.php\/wp-json\/wp\/v2\/posts\/3628\/revisions"}],"predecessor-version":[{"id":3633,"href":"https:\/\/www.brenne-au-coeur.com\/index.php\/wp-json\/wp\/v2\/posts\/3628\/revisions\/3633"}],"wp:featuredmedia":[{"embeddable":true,"href":"https:\/\/www.brenne-au-coeur.com\/index.php\/wp-json\/wp\/v2\/media\/3630"}],"wp:attachment":[{"href":"https:\/\/www.brenne-au-coeur.com\/index.php\/wp-json\/wp\/v2\/media?parent=3628"}],"wp:term":[{"taxonomy":"category","embeddable":true,"href":"https:\/\/www.brenne-au-coeur.com\/index.php\/wp-json\/wp\/v2\/categories?post=3628"},{"taxonomy":"post_tag","embeddable":true,"href":"https:\/\/www.brenne-au-coeur.com\/index.php\/wp-json\/wp\/v2\/tags?post=3628"}],"curies":[{"name":"wp","href":"https:\/\/api.w.org\/{rel}","templated":true}]}}