{"id":3553,"date":"2022-12-05T11:16:00","date_gmt":"2022-12-05T10:16:00","guid":{"rendered":"https:\/\/www.brenne-au-coeur.com\/?p=3553"},"modified":"2022-12-06T18:28:44","modified_gmt":"2022-12-06T17:28:44","slug":"des-sapins-dcheu-nous","status":"publish","type":"post","link":"https:\/\/www.brenne-au-coeur.com\/index.php\/2022\/12\/05\/des-sapins-dcheu-nous\/communes\/mezieres-en-brenne\/3553\/","title":{"rendered":"Des sapins d\u2019cheu nous"},"content":{"rendered":"<p><span style=\"font-size: large;\"><a href=\"https:\/\/www.brenne-au-coeur.com\/wp-content\/uploads\/2022\/12\/curti-3.jpg\" rel=\"lightbox[3553]\"><img loading=\"lazy\" decoding=\"async\" class=\"alignleft wp-image-3557\" src=\"https:\/\/www.brenne-au-coeur.com\/wp-content\/uploads\/2022\/12\/curti-3-300x225.jpg\" alt=\"\" width=\"264\" height=\"198\" srcset=\"https:\/\/www.brenne-au-coeur.com\/wp-content\/uploads\/2022\/12\/curti-3-300x225.jpg 300w, https:\/\/www.brenne-au-coeur.com\/wp-content\/uploads\/2022\/12\/curti-3-150x113.jpg 150w, https:\/\/www.brenne-au-coeur.com\/wp-content\/uploads\/2022\/12\/curti-3.jpg 320w\" sizes=\"auto, (max-width: 264px) 100vw, 264px\" \/><\/a>\u00c0 l\u2019entr\u00e9e de <a href=\"https:\/\/www.brenne-au-coeur.com\/index.php\/mezieres-en-brenne\/\">M\u00e9zi\u00e8res<\/a>, <a href=\"https:\/\/www.google.com\/maps\/@46.8200264,1.2196429,3a,75y,22.33h,83.48t\/data=!3m6!1e1!3m4!1s8rNb50Mkgl9BOJNeL_kyyQ!2e0!7i16384!8i8192\">route de Ch\u00e2teauroux<\/a>, une vente directe de sapins est propos\u00e9e par l\u2019entreprise <a href=\"https:\/\/www.sarlcurti.com\/\">Curti<\/a>. \u00c0 partir de 20 \u20ac, le prix \u00e9voluant en fonction de la taille (de 80 cm \u00e0 2m50), les habitants peuvent acheter un <a href=\"https:\/\/fr.wikipedia.org\/wiki\/Sapin_de_Nordmann\">Nordmann<\/a> ou un <a href=\"https:\/\/fr.wikipedia.org\/wiki\/%C3%89pic%C3%A9a_commun\">\u00e9pic\u00e9a<\/a>. <\/span><\/p>\n<p><span style=\"font-size: large;\">Le premier r\u00e9put\u00e9 pour sa r\u00e9sistance et le second appr\u00e9ci\u00e9 pour le parfum qu\u2019il d\u00e9gage. Dans tous les cas, en achetant un arbre chez Curti, le client a une chance de consommer local, puisque une partie de la production est issue de Murs, un village \u00e0 quelques kilom\u00e8tres de M\u00e9zi\u00e8res.<\/span><\/p>\n<p><span style=\"font-size: large;\">Les sapins brennous ne constituent cependant qu\u2019une partie des dizaines de milliers d\u2019arbres qui sont stock\u00e9s, tri\u00e9s et conditionn\u00e9s \u00e0 <a href=\"https:\/\/www.france-voyage.com\/villes-villages\/mezieres-en-brenne-12611.htm\">M\u00e9zi\u00e8res<\/a>, depuis le d\u00e9but du mois de novembre. Au total, 160 000 sapins passeront par le vaste entrep\u00f4t que prolonge la zone de vente. <\/span><\/p>\n<p><span style=\"font-size: large;\"><i>\u00ab\u00a040 000 proviennent de notre propre production, <\/i><i>\u00e0 Murs et en Savoie. <\/i><i>120 000 <\/i><i>sont issus<\/i><i> du n\u00e9goce. <\/i><i>Nous nous fournissons dans plusieurs lieux. Dans le Morvan et en Belgique, notamment <\/i><i>\u00a0\u00bb<\/i>, explique Micha\u00ebl Bailly, dirigeant de l\u2019entreprise. <\/span><\/p>\n<p><span style=\"font-size: large;\"><a href=\"https:\/\/www.brenne-au-coeur.com\/wp-content\/uploads\/2022\/12\/curti-2.jpg\" rel=\"lightbox[3553]\"><img loading=\"lazy\" decoding=\"async\" class=\"alignright wp-image-3558\" src=\"https:\/\/www.brenne-au-coeur.com\/wp-content\/uploads\/2022\/12\/curti-2-300x225.jpg\" alt=\"\" width=\"272\" height=\"204\" srcset=\"https:\/\/www.brenne-au-coeur.com\/wp-content\/uploads\/2022\/12\/curti-2-300x225.jpg 300w, https:\/\/www.brenne-au-coeur.com\/wp-content\/uploads\/2022\/12\/curti-2-150x113.jpg 150w, https:\/\/www.brenne-au-coeur.com\/wp-content\/uploads\/2022\/12\/curti-2.jpg 320w\" sizes=\"auto, (max-width: 272px) 100vw, 272px\" \/><\/a>Tous ces arbres sont ensuite vendus un peu partout en France, essentiellement dans la grande distribution. La situation de M\u00e9zi\u00e8res, en r\u00e9gion Centre constituant un avantage pour rayonner dans le pays, m\u00eame si ce ne fut pas le crit\u00e8re principal qui d\u00e9cida les dirigeants de l\u2019entreprise \u00e0 s\u2019y installer.<\/span><\/p>\n<p><span style=\"font-size: large;\">C\u2019est en 2014, que Curti \u00e9lut domicile dans la capitale de la Brenne. <i>\u00ab&nbsp;Cela correspondait, <\/i><i>avant tout,<\/i><i> \u00e0 une volont\u00e9 de se d\u00e9ployer. C\u2019est un peu par hasard <\/i><i>que avons trouv\u00e9 ce site. C\u2019est vrai que le lieu central est appr\u00e9ciable\u00a0\u00bb<\/i>, admet Micha\u00ebl.<\/span><\/p>\n<p><span style=\"font-size: large;\">Jusqu\u2019alors, Curti d\u00e9veloppait ses affaires depuis <a href=\"http:\/\/www.st-thibaud-de-couz.fr\/\">Saint-Thibaud-de-Couz<\/a> en Savoie o\u00f9 la soci\u00e9t\u00e9 familiale est n\u00e9e en 1984. <\/span><\/p>\n<p><span style=\"font-size: large;\"><a href=\"https:\/\/www.brenne-au-coeur.com\/wp-content\/uploads\/2022\/12\/curti-1.jpg\" rel=\"lightbox[3553]\"><img loading=\"lazy\" decoding=\"async\" class=\"alignleft wp-image-3559 size-medium\" src=\"https:\/\/www.brenne-au-coeur.com\/wp-content\/uploads\/2022\/12\/curti-1-300x225.jpg\" alt=\"\" width=\"300\" height=\"225\" srcset=\"https:\/\/www.brenne-au-coeur.com\/wp-content\/uploads\/2022\/12\/curti-1-300x225.jpg 300w, https:\/\/www.brenne-au-coeur.com\/wp-content\/uploads\/2022\/12\/curti-1-150x113.jpg 150w, https:\/\/www.brenne-au-coeur.com\/wp-content\/uploads\/2022\/12\/curti-1.jpg 320w\" sizes=\"auto, (max-width: 300px) 100vw, 300px\" \/><\/a>Aujourd\u2019hui, l\u2019entreprise r\u00e9alise le plus fort de son activit\u00e9 en fin d\u2019ann\u00e9e. Ce sont pr\u00e8s d\u2019une quarantaine de personnes qui r\u00e9pondent \u00e0 une demande, par nature saisonni\u00e8re. Tout au long de l\u2019ann\u00e9e, une demi-douzaine d\u2019employ\u00e9s veillent \u00e0 l\u2019entretien de la production.<\/span><\/p>\n<p><span style=\"font-size: large;\">Tout semble indiquer que Curti ambitionne de rester fid\u00e8le \u00e0 ses valeurs mentionn\u00e9es sur le site de l\u2019entreprise\u00a0: savoir-faire, solidarit\u00e9, qualit\u00e9 et innovation.<\/span><\/p>\n<p><span style=\"font-size: large;\">La r\u00e9ussite de cet entreprenariat familial, ne conduit pas pour autant l\u2019\u00e9quipe dirigeante \u00e0 un exc\u00e8s d\u2019optimisme quant \u00e0 l\u2019avenir. La prudence serait m\u00eame de rigueur. <i>\u00ab\u00a0La conjoncture actuelle nous am\u00e8ne \u00e0 r\u00e9fl\u00e9chir sur notre mod\u00e8le \u00e9conomique, assure Micha\u00ebl. Nous souhaitons privil\u00e9gier notre ancrage local <\/i><i>et poursuivre notre travail avec les collectivit\u00e9s, les associations, de parents d\u2019\u00e9l\u00e8ves en particulier\u00a0\u00bb<\/i>.<\/span><\/p>\n<p><span style=\"font-size: large;\">Les habitants de M\u00e9zi\u00e8res et des alentours qui aiment s\u2019offrir de beaux sapins de No\u00ebl ne peuvent que se r\u00e9jouir d\u2019une telle proximit\u00e9. <\/span><\/p>\n<p>&nbsp;<\/p>\n","protected":false},"excerpt":{"rendered":"<p>\u00c0 l\u2019entr\u00e9e de M\u00e9zi\u00e8res, route de Ch\u00e2teauroux, une vente directe de sapins est propos\u00e9e par l\u2019entreprise Curti. \u00c0 partir de 20 \u20ac, le prix \u00e9voluant en fonction de la taille (de 80 cm \u00e0 2m50), les habitants peuvent acheter un Nordmann ou un \u00e9pic\u00e9a. Le premier r\u00e9put\u00e9 pour sa r\u00e9sistance et le second appr\u00e9ci\u00e9 pour&hellip;&nbsp;<a href=\"https:\/\/www.brenne-au-coeur.com\/index.php\/2022\/12\/05\/des-sapins-dcheu-nous\/communes\/mezieres-en-brenne\/3553\/\" rel=\"bookmark\">Lire la suite&nbsp;&raquo;<span class=\"screen-reader-text\">Des sapins d\u2019cheu nous<\/span><\/a><\/p>\n","protected":false},"author":1,"featured_media":3555,"comment_status":"open","ping_status":"open","sticky":false,"template":"","format":"standard","meta":{"rop_custom_images_group":[],"rop_custom_messages_group":[],"rop_publish_now":"initial","rop_publish_now_accounts":[],"rop_publish_now_history":[],"rop_publish_now_status":"pending","_monsterinsights_skip_tracking":false,"_monsterinsights_sitenote_active":false,"_monsterinsights_sitenote_note":"","_monsterinsights_sitenote_category":0,"neve_meta_sidebar":"","neve_meta_container":"","neve_meta_enable_content_width":"off","neve_meta_content_width":70,"neve_meta_title_alignment":"","neve_meta_author_avatar":"","neve_post_elements_order":"","neve_meta_disable_header":"","neve_meta_disable_footer":"","neve_meta_disable_title":"","_jetpack_memberships_contains_paid_content":false,"footnotes":"","jetpack_publicize_message":"","jetpack_publicize_feature_enabled":true,"jetpack_social_post_already_shared":true,"jetpack_social_options":{"image_generator_settings":{"template":"highway","default_image_id":0,"font":"","enabled":false},"version":2}},"categories":[12],"tags":[110,111,73],"class_list":["post-3553","post","type-post","status-publish","format-standard","has-post-thumbnail","hentry","category-mezieres-en-brenne","tag-economie","tag-fetes","tag-tradition"],"aioseo_notices":[],"jetpack_publicize_connections":[],"jetpack_featured_media_url":"https:\/\/www.brenne-au-coeur.com\/wp-content\/uploads\/2022\/12\/curti-4.resized.jpg","jetpack-related-posts":[],"jetpack_sharing_enabled":true,"_links":{"self":[{"href":"https:\/\/www.brenne-au-coeur.com\/index.php\/wp-json\/wp\/v2\/posts\/3553","targetHints":{"allow":["GET"]}}],"collection":[{"href":"https:\/\/www.brenne-au-coeur.com\/index.php\/wp-json\/wp\/v2\/posts"}],"about":[{"href":"https:\/\/www.brenne-au-coeur.com\/index.php\/wp-json\/wp\/v2\/types\/post"}],"author":[{"embeddable":true,"href":"https:\/\/www.brenne-au-coeur.com\/index.php\/wp-json\/wp\/v2\/users\/1"}],"replies":[{"embeddable":true,"href":"https:\/\/www.brenne-au-coeur.com\/index.php\/wp-json\/wp\/v2\/comments?post=3553"}],"version-history":[{"count":3,"href":"https:\/\/www.brenne-au-coeur.com\/index.php\/wp-json\/wp\/v2\/posts\/3553\/revisions"}],"predecessor-version":[{"id":3573,"href":"https:\/\/www.brenne-au-coeur.com\/index.php\/wp-json\/wp\/v2\/posts\/3553\/revisions\/3573"}],"wp:featuredmedia":[{"embeddable":true,"href":"https:\/\/www.brenne-au-coeur.com\/index.php\/wp-json\/wp\/v2\/media\/3555"}],"wp:attachment":[{"href":"https:\/\/www.brenne-au-coeur.com\/index.php\/wp-json\/wp\/v2\/media?parent=3553"}],"wp:term":[{"taxonomy":"category","embeddable":true,"href":"https:\/\/www.brenne-au-coeur.com\/index.php\/wp-json\/wp\/v2\/categories?post=3553"},{"taxonomy":"post_tag","embeddable":true,"href":"https:\/\/www.brenne-au-coeur.com\/index.php\/wp-json\/wp\/v2\/tags?post=3553"}],"curies":[{"name":"wp","href":"https:\/\/api.w.org\/{rel}","templated":true}]}}