{"id":3513,"date":"2022-12-01T18:52:06","date_gmt":"2022-12-01T17:52:06","guid":{"rendered":"https:\/\/www.brenne-au-coeur.com\/?p=3513"},"modified":"2022-12-02T12:52:07","modified_gmt":"2022-12-02T11:52:07","slug":"creations-artisanales-a-la-boutique-du-moulin","status":"publish","type":"post","link":"https:\/\/www.brenne-au-coeur.com\/index.php\/2022\/12\/01\/creations-artisanales-a-la-boutique-du-moulin\/communes\/mezieres-en-brenne\/3513\/","title":{"rendered":"Cr\u00e9ations artisanales \u00e0 la boutique du moulin"},"content":{"rendered":"<p><span style=\"font-family: Liberation Serif, serif;\"><span style=\"font-size: large;\">La boutique du <a href=\"http:\/\/www.gite-moulin.fr\/\">Moulin<\/a> \u00e0 M\u00e9zi\u00e8res-en-Brenne propose de nombreuses r\u00e9alisations artisanales. Une douzaine de cr\u00e9ateurs de la r\u00e9gion exposent et vendent des objets souvent d\u00e9coratifs, parfois utiles \u00e0 la vie quotidienne, et consommables pour certains. De quoi donner des id\u00e9es de cadeaux \u00e0 l&rsquo;approche des f\u00eates de fin d&rsquo;ann\u00e9e.<br \/>\n<\/span><\/span><\/p>\n<p><span style=\"font-family: Liberation Serif, serif;\"><span style=\"font-size: large;\"><b><a href=\"https:\/\/www.brenne-au-coeur.com\/wp-content\/uploads\/2022\/12\/boutique-moulin-7.resized-rotated.jpg\" rel=\"lightbox[3513]\"><img loading=\"lazy\" decoding=\"async\" class=\"alignleft wp-image-3520\" src=\"https:\/\/www.brenne-au-coeur.com\/wp-content\/uploads\/2022\/12\/boutique-moulin-7.resized-200x300.jpg\" alt=\"\" width=\"144\" height=\"216\" srcset=\"https:\/\/www.brenne-au-coeur.com\/wp-content\/uploads\/2022\/12\/boutique-moulin-7.resized-200x300.jpg 200w, https:\/\/www.brenne-au-coeur.com\/wp-content\/uploads\/2022\/12\/boutique-moulin-7.resized-100x150.jpg 100w, https:\/\/www.brenne-au-coeur.com\/wp-content\/uploads\/2022\/12\/boutique-moulin-7.resized-rotated.jpg 266w\" sizes=\"auto, (max-width: 144px) 100vw, 144px\" \/><\/a>Sculpture de fer <\/b><\/span><\/span><\/p>\n<p><span style=\"font-family: Liberation Serif, serif;\"><span style=\"font-size: large;\">Ariel <a href=\"https:\/\/www.facebook.com\/ariel.esteve.sculptures\/\">Esteve<\/a><\/span><\/span><\/p>\n<p><span style=\"font-family: Liberation Serif, serif;\"><span style=\"font-size: large;\">Les sculptures d\u2019Ariel Esteve, souvent inspir\u00e9es par les petites b\u00eates qui nous entourent au quotidien, prennent des allures de cr\u00e9atures mi-r\u00e9alistes, mi-fantastiques. <\/span><\/span><\/p>\n<p>&nbsp;<\/p>\n<p><span style=\"font-family: Liberation Serif, serif;\"><span style=\"font-size: large;\"><b><a href=\"https:\/\/www.brenne-au-coeur.com\/wp-content\/uploads\/2022\/12\/boutique-moulin-1.resized.jpg\" rel=\"lightbox[3513]\"><img loading=\"lazy\" decoding=\"async\" class=\"alignright wp-image-3526\" src=\"https:\/\/www.brenne-au-coeur.com\/wp-content\/uploads\/2022\/12\/boutique-moulin-1.resized-300x200.jpg\" alt=\"\" width=\"243\" height=\"162\" srcset=\"https:\/\/www.brenne-au-coeur.com\/wp-content\/uploads\/2022\/12\/boutique-moulin-1.resized-300x200.jpg 300w, https:\/\/www.brenne-au-coeur.com\/wp-content\/uploads\/2022\/12\/boutique-moulin-1.resized-150x100.jpg 150w, https:\/\/www.brenne-au-coeur.com\/wp-content\/uploads\/2022\/12\/boutique-moulin-1.resized-272x182.jpg 272w, https:\/\/www.brenne-au-coeur.com\/wp-content\/uploads\/2022\/12\/boutique-moulin-1.resized.jpg 400w\" sizes=\"auto, (max-width: 243px) 100vw, 243px\" \/><\/a><\/b><\/span><\/span><\/p>\n<p><span style=\"font-family: Liberation Serif, serif;\"><span style=\"font-size: large;\"><b><a href=\"https:\/\/www.auclairedelabulle.fr\/\">Au clair de la bulle <\/a><\/b><\/span><\/span><\/p>\n<p><span style=\"font-family: Liberation Serif, serif;\"><span style=\"font-size: large;\">C&rsquo;est dans la campagne Berrichonne, que les savons sont con\u00e7us et fabriqu\u00e9s dans le plus grand respect des mati\u00e8res premi\u00e8res et de la nature. Les savons sont \u00e0 bases d&rsquo;ingr\u00e9dients v\u00e9g\u00e9taux de qualit\u00e9s, pour prendre soin de notre peau au quotidien.<\/span><\/span><\/p>\n<p><span style=\"font-family: Liberation Serif, serif;\"><span style=\"font-size: large;\"><b><a href=\"https:\/\/www.brenne-au-coeur.com\/wp-content\/uploads\/2022\/12\/boutique-moulin-13.resized.jpg\" rel=\"lightbox[3513]\"><img loading=\"lazy\" decoding=\"async\" class=\"alignleft wp-image-3514\" src=\"https:\/\/www.brenne-au-coeur.com\/wp-content\/uploads\/2022\/12\/boutique-moulin-13.resized-300x200.jpg\" alt=\"\" width=\"204\" height=\"136\" srcset=\"https:\/\/www.brenne-au-coeur.com\/wp-content\/uploads\/2022\/12\/boutique-moulin-13.resized-300x200.jpg 300w, https:\/\/www.brenne-au-coeur.com\/wp-content\/uploads\/2022\/12\/boutique-moulin-13.resized-150x100.jpg 150w, https:\/\/www.brenne-au-coeur.com\/wp-content\/uploads\/2022\/12\/boutique-moulin-13.resized-272x182.jpg 272w, https:\/\/www.brenne-au-coeur.com\/wp-content\/uploads\/2022\/12\/boutique-moulin-13.resized.jpg 400w\" sizes=\"auto, (max-width: 204px) 100vw, 204px\" \/><\/a><a href=\"https:\/\/www.lesbougiesdegrigri.fr\/\">Les bougies de Grigri<\/a>, bougies gourmandes fondantes et parfum\u00e9es<\/b> <\/span><\/span><\/p>\n<p><span style=\"font-family: Liberation Serif, serif;\"><span style=\"font-size: large;\">La cr\u00e9ation de bougies parfum\u00e9es est exclusivement \u00e0 base de cire de soja issue d\u2019une agriculture \u00e9co-responsable, sans OGM ni pesticides. Les parfums sont issus de sources naturelles sans substances controvers\u00e9es afin d\u2019\u00eatre respectueux de notre sant\u00e9. <\/span><\/span><\/p>\n<p><span style=\"font-family: Liberation Serif, serif;\"><span style=\"font-size: large;\"><b><a href=\"https:\/\/www.brenne-au-coeur.com\/wp-content\/uploads\/2022\/12\/boutique-moulin-4.resized-rotated.jpg\" rel=\"lightbox[3513]\"><img loading=\"lazy\" decoding=\"async\" class=\"alignright wp-image-3524\" src=\"https:\/\/www.brenne-au-coeur.com\/wp-content\/uploads\/2022\/12\/boutique-moulin-4.resized-200x300.jpg\" alt=\"\" width=\"148\" height=\"223\" srcset=\"https:\/\/www.brenne-au-coeur.com\/wp-content\/uploads\/2022\/12\/boutique-moulin-4.resized-200x300.jpg 200w, https:\/\/www.brenne-au-coeur.com\/wp-content\/uploads\/2022\/12\/boutique-moulin-4.resized-100x150.jpg 100w, https:\/\/www.brenne-au-coeur.com\/wp-content\/uploads\/2022\/12\/boutique-moulin-4.resized-rotated.jpg 266w\" sizes=\"auto, (max-width: 148px) 100vw, 148px\" \/><\/a>Bijoux artisanaux en pierre fine et fantaisie<br \/>\n<\/b><\/span><\/span><\/p>\n<p><span style=\"font-size: large;\"><span style=\"font-family: Liberation Serif, serif;\"><a href=\"https:\/\/www.fee2main.com\/a-propos-de-fee-2-main.html\">F\u00e9e 2 Main<\/a> propose des bijoux et autres accessoires en pierres fines, cuir, su\u00e9dine ou encore fantaisie. Fabriqu\u00e9<\/span><span style=\"font-family: Liberation Serif, serif;\">es<\/span><span style=\"font-family: Liberation Serif, serif;\"> avec passion et soin dans un petit atelier du Berry, ces cr\u00e9ations sont uniques ou produites en toute petite s\u00e9rie. Pour tous les go\u00fbts et toutes les bourses. <\/span><span style=\"font-family: Liberation Serif, serif;\">D<\/span><span style=\"font-family: Liberation Serif, serif;\">\u00e9couvrez les vertus de pierres incroyables\u00a0!<\/span><\/span><\/p>\n<p><span style=\"font-family: Liberation Serif, serif;\"><span style=\"font-size: large;\"><b><a href=\"https:\/\/www.brenne-au-coeur.com\/wp-content\/uploads\/2022\/12\/boutique-moulin-2.resized.jpg\" rel=\"lightbox[3513]\"><img loading=\"lazy\" decoding=\"async\" class=\"alignleft wp-image-3525\" src=\"https:\/\/www.brenne-au-coeur.com\/wp-content\/uploads\/2022\/12\/boutique-moulin-2.resized-300x200.jpg\" alt=\"\" width=\"293\" height=\"195\" srcset=\"https:\/\/www.brenne-au-coeur.com\/wp-content\/uploads\/2022\/12\/boutique-moulin-2.resized-300x200.jpg 300w, https:\/\/www.brenne-au-coeur.com\/wp-content\/uploads\/2022\/12\/boutique-moulin-2.resized-150x100.jpg 150w, https:\/\/www.brenne-au-coeur.com\/wp-content\/uploads\/2022\/12\/boutique-moulin-2.resized-272x182.jpg 272w, https:\/\/www.brenne-au-coeur.com\/wp-content\/uploads\/2022\/12\/boutique-moulin-2.resized.jpg 400w\" sizes=\"auto, (max-width: 293px) 100vw, 293px\" \/><\/a><\/b><\/span><\/span><\/p>\n<p><span style=\"font-family: Liberation Serif, serif;\"><span style=\"font-size: large;\"><b>Sculpture bois et bouteille<\/b> <\/span><\/span><\/p>\n<p><span style=\"font-family: Liberation Serif, serif;\"><span style=\"font-size: large;\">Andr\u00e9 Cren<b> <\/b><\/span><\/span><\/p>\n<p><span style=\"font-family: Liberation Serif, serif;\"><span style=\"font-size: large;\">Pensionnaire de la maison de retraite de M\u00e9zi\u00e8res, Andr\u00e9 cr\u00e9e des objets en bois depuis de nombreuses ann\u00e9es. Avec un mat\u00e9riel rudimentaire il r\u00e9alise, gr\u00e2ce \u00e0 une adresse et une imagination extraordinaire, des objets pour l\u2019essentiel inspir\u00e9s par la Brenne, la vie \u00e0 la campagne.<\/span><\/span><\/p>\n<p><span style=\"font-family: Liberation Serif, serif;\"><span style=\"font-size: large;\"><b><a href=\"https:\/\/www.brenne-au-coeur.com\/wp-content\/uploads\/2022\/12\/boutique-moulin-6.resized-rotated.jpg\" rel=\"lightbox[3513]\"><img loading=\"lazy\" decoding=\"async\" class=\"alignright wp-image-3521\" src=\"https:\/\/www.brenne-au-coeur.com\/wp-content\/uploads\/2022\/12\/boutique-moulin-6.resized-200x300.jpg\" alt=\"\" width=\"151\" height=\"227\" srcset=\"https:\/\/www.brenne-au-coeur.com\/wp-content\/uploads\/2022\/12\/boutique-moulin-6.resized-200x300.jpg 200w, https:\/\/www.brenne-au-coeur.com\/wp-content\/uploads\/2022\/12\/boutique-moulin-6.resized-100x150.jpg 100w, https:\/\/www.brenne-au-coeur.com\/wp-content\/uploads\/2022\/12\/boutique-moulin-6.resized-rotated.jpg 266w\" sizes=\"auto, (max-width: 151px) 100vw, 151px\" \/><\/a><a href=\"https:\/\/www.facebook.com\/asphodele.creations\/\">Luminaires Asphod\u00e8le<\/a><\/b> <\/span><\/span><\/p>\n<p><span style=\"font-family: Liberation Serif, serif;\"><span style=\"font-size: large;\">Asphod\u00e8le Cr\u00e9ation propose de tr\u00e8s beaux luminaires en papiers japonais et\/ou n\u00e9palais. Des Lampes tubes, \u00e0 poser, avec ou sans pied<\/span><\/span><\/p>\n<p><span style=\"font-family: Liberation Serif, serif;\"><span style=\"font-size: large;\"><b><a href=\"https:\/\/www.brenne-au-coeur.com\/wp-content\/uploads\/2022\/12\/boutique-moulin-3.resized.jpg\" rel=\"lightbox[3513]\"><img loading=\"lazy\" decoding=\"async\" class=\"alignleft wp-image-3522\" src=\"https:\/\/www.brenne-au-coeur.com\/wp-content\/uploads\/2022\/12\/boutique-moulin-3.resized-300x200.jpg\" alt=\"\" width=\"237\" height=\"158\" srcset=\"https:\/\/www.brenne-au-coeur.com\/wp-content\/uploads\/2022\/12\/boutique-moulin-3.resized-300x200.jpg 300w, https:\/\/www.brenne-au-coeur.com\/wp-content\/uploads\/2022\/12\/boutique-moulin-3.resized-150x100.jpg 150w, https:\/\/www.brenne-au-coeur.com\/wp-content\/uploads\/2022\/12\/boutique-moulin-3.resized-272x182.jpg 272w, https:\/\/www.brenne-au-coeur.com\/wp-content\/uploads\/2022\/12\/boutique-moulin-3.resized.jpg 400w\" sizes=\"auto, (max-width: 237px) 100vw, 237px\" \/><\/a>Objet en bois<\/b> <\/span><\/span><\/p>\n<p><a href=\"https:\/\/www.lanouvellerepublique.fr\/indre\/commune\/buzancais\/buzancais-stephane-morisse-donne-une-seconde-vie-au-bois-qu-il-trouve\"><span style=\"font-family: Liberation Serif, serif;\"><span style=\"font-size: large;\">St\u00e9phane Moriss\u00e9 <\/span><\/span><\/a><\/p>\n<p><span style=\"font-size: large;\"><span style=\"font-family: Liberation Serif, serif;\">Passionn\u00e9 de bricolage,<\/span> <span style=\"font-family: Liberation Serif, serif;\">St\u00e9phane Moriss\u00e9 <\/span><span style=\"font-family: Liberation Serif, serif;\">r<\/span><span style=\"font-family: Liberation Serif, serif;\">\u00e9cup<\/span><span style=\"font-family: Liberation Serif, serif;\">\u00e8<\/span><span style=\"font-family: Liberation Serif, serif;\">re des b\u00fbches, branches et autres rondins autour de chez lui et y taille des objets d\u00e9coratifs, utiles et artistiques.<\/span> <span style=\"font-family: Liberation Serif, serif;\">La densit\u00e9 et la forme du bois conditionnent les objets qu\u2019il cr\u00e9e\u00a0: personnages, animaux, pots de miel, poivri\u00e8res, chandeliers\u2026<\/span><\/span><\/p>\n<p><span style=\"font-family: Liberation Serif, serif;\"><span style=\"font-size: large;\"><b>D\u00e9co maison<\/b> <\/span><\/span><\/p>\n<p><span style=\"font-family: Liberation Serif, serif;\"><span style=\"font-size: large;\">Fran\u00e7oise Cauchet <\/span><\/span><\/p>\n<p><span style=\"font-family: Liberation Serif, serif;\"><span style=\"font-size: large;\">Gr\u00e2ce \u00e0 ses cr\u00e9ations \u00e0 base de tissus, Fran\u00e7oise Cauchet donne de la douceur aux objets&nbsp;: coussins, lampes, pochettes, porte-clefs etc. <\/span><\/span><\/p>\n<p><span style=\"font-family: Liberation Serif, serif;\"><span style=\"font-size: large;\"><b><a href=\"https:\/\/www.brenne-au-coeur.com\/wp-content\/uploads\/2022\/12\/boutique-moulin-11.resized.jpg\" rel=\"lightbox[3513]\"><img loading=\"lazy\" decoding=\"async\" class=\"alignleft wp-image-3516\" src=\"https:\/\/www.brenne-au-coeur.com\/wp-content\/uploads\/2022\/12\/boutique-moulin-11.resized-300x200.jpg\" alt=\"\" width=\"251\" height=\"167\" srcset=\"https:\/\/www.brenne-au-coeur.com\/wp-content\/uploads\/2022\/12\/boutique-moulin-11.resized-300x200.jpg 300w, https:\/\/www.brenne-au-coeur.com\/wp-content\/uploads\/2022\/12\/boutique-moulin-11.resized-150x100.jpg 150w, https:\/\/www.brenne-au-coeur.com\/wp-content\/uploads\/2022\/12\/boutique-moulin-11.resized-272x182.jpg 272w, https:\/\/www.brenne-au-coeur.com\/wp-content\/uploads\/2022\/12\/boutique-moulin-11.resized.jpg 400w\" sizes=\"auto, (max-width: 251px) 100vw, 251px\" \/><\/a>D\u00e9co spray box<\/b> <\/span><\/span><\/p>\n<p><a href=\"https:\/\/www.facebook.com\/getdeffontaines\"><span style=\"font-family: Liberation Serif, serif;\"><span style=\"font-size: large;\">Ga\u00ebtan Desffontaines<\/span><\/span><\/a><\/p>\n<p><span style=\"font-family: Liberation Serif, serif;\"><span style=\"font-size: large;\">Ga\u00ebtan est connu pour ses r\u00e9alisations murales. Certaines de ses cr\u00e9ations ornent des murs de Paulnay, comme l\u2019entr\u00e9e du multi-accueil\u00a0: Bouts d\u2019ficelles. Il produit \u00e9galement des \u0153uvres plus petites telles ces spray box.<\/span><\/span><\/p>\n<p><span style=\"font-family: Liberation Serif, serif;\"><span style=\"font-size: large;\"><b><a href=\"https:\/\/www.brenne-au-coeur.com\/wp-content\/uploads\/2022\/12\/boutique-moulin-5.resized.jpg\" rel=\"lightbox[3513]\"><img loading=\"lazy\" decoding=\"async\" class=\"alignright wp-image-3523\" src=\"https:\/\/www.brenne-au-coeur.com\/wp-content\/uploads\/2022\/12\/boutique-moulin-5.resized-300x200.jpg\" alt=\"\" width=\"260\" height=\"173\" srcset=\"https:\/\/www.brenne-au-coeur.com\/wp-content\/uploads\/2022\/12\/boutique-moulin-5.resized-300x200.jpg 300w, https:\/\/www.brenne-au-coeur.com\/wp-content\/uploads\/2022\/12\/boutique-moulin-5.resized-150x100.jpg 150w, https:\/\/www.brenne-au-coeur.com\/wp-content\/uploads\/2022\/12\/boutique-moulin-5.resized-272x182.jpg 272w, https:\/\/www.brenne-au-coeur.com\/wp-content\/uploads\/2022\/12\/boutique-moulin-5.resized.jpg 400w\" sizes=\"auto, (max-width: 260px) 100vw, 260px\" \/><\/a>Sculpture et c\u00e9ramique<\/b> <\/span><\/span><\/p>\n<p><a href=\"https:\/\/www.facebook.com\/thecutegarden\/\"><span style=\"font-family: Liberation Serif, serif;\"><span style=\"font-size: large;\">The cute garden<\/span><\/span><\/a><\/p>\n<p><span style=\"font-family: Liberation Serif, serif;\"><span style=\"font-size: large;\">Suspendus au centre de la boutique du Moulin, ces petits oiseaux en c\u00e9ramique, sont saisissants de v\u00e9rit\u00e9 et assurent une belle d\u00e9coration de la pi\u00e8ce.<\/span><\/span><\/p>\n<p><span style=\"font-family: Liberation Serif, serif;\"><span style=\"font-size: large;\"><b><a href=\"https:\/\/www.brenne-au-coeur.com\/wp-content\/uploads\/2022\/12\/boutique-moulin-10.resized.jpg\" rel=\"lightbox[3513]\"><img loading=\"lazy\" decoding=\"async\" class=\"alignleft wp-image-3517\" src=\"https:\/\/www.brenne-au-coeur.com\/wp-content\/uploads\/2022\/12\/boutique-moulin-10.resized-300x200.jpg\" alt=\"\" width=\"266\" height=\"177\" srcset=\"https:\/\/www.brenne-au-coeur.com\/wp-content\/uploads\/2022\/12\/boutique-moulin-10.resized-300x200.jpg 300w, https:\/\/www.brenne-au-coeur.com\/wp-content\/uploads\/2022\/12\/boutique-moulin-10.resized-150x100.jpg 150w, https:\/\/www.brenne-au-coeur.com\/wp-content\/uploads\/2022\/12\/boutique-moulin-10.resized-272x182.jpg 272w, https:\/\/www.brenne-au-coeur.com\/wp-content\/uploads\/2022\/12\/boutique-moulin-10.resized.jpg 400w\" sizes=\"auto, (max-width: 266px) 100vw, 266px\" \/><\/a><a href=\"https:\/\/www.lanouvellerepublique.fr\/indre\/l-aperitif-des-bouchures\">Les bouchures ap\u00e9ritif<\/a> <\/b><\/span><\/span><\/p>\n<p><span style=\"font-family: Liberation Serif, serif;\"><span style=\"font-size: large;\">Pascal et Isabelle Bonargent<\/span><\/span><\/p>\n<p>&nbsp;<\/p>\n<p><span style=\"font-family: Liberation Serif, serif;\"><span style=\"font-size: large;\">La fabrication traditionnelle de cet ap\u00e9ritif est pr\u00e9cis\u00e9e sur les bouteilles. Mac\u00e9ration de feuilles dans du vin additionn\u00e9 d\u2019alcool et de sucre. Plusieurs parfums\u00a0; p\u00eache, sureau, acacia, ratafia et cerise.<\/span><\/span><\/p>\n<p><span style=\"font-family: Liberation Serif, serif;\"><span style=\"font-size: large;\"><b><a href=\"https:\/\/www.brenne-au-coeur.com\/wp-content\/uploads\/2022\/12\/boutique-moulin-9.resized.jpg\" rel=\"lightbox[3513]\"><img loading=\"lazy\" decoding=\"async\" class=\"alignright wp-image-3518\" src=\"https:\/\/www.brenne-au-coeur.com\/wp-content\/uploads\/2022\/12\/boutique-moulin-9.resized-300x200.jpg\" alt=\"\" width=\"270\" height=\"180\" srcset=\"https:\/\/www.brenne-au-coeur.com\/wp-content\/uploads\/2022\/12\/boutique-moulin-9.resized-300x200.jpg 300w, https:\/\/www.brenne-au-coeur.com\/wp-content\/uploads\/2022\/12\/boutique-moulin-9.resized-150x100.jpg 150w, https:\/\/www.brenne-au-coeur.com\/wp-content\/uploads\/2022\/12\/boutique-moulin-9.resized-272x182.jpg 272w, https:\/\/www.brenne-au-coeur.com\/wp-content\/uploads\/2022\/12\/boutique-moulin-9.resized.jpg 400w\" sizes=\"auto, (max-width: 270px) 100vw, 270px\" \/><\/a>Vins du Val-de-Loire<\/b> <\/span><\/span><\/p>\n<p><a href=\"https:\/\/www.vintouraine.com\/domaine\/domaine-philippe-galliot\/\"><span style=\"font-family: Liberation Serif, serif;\"><span style=\"font-size: large;\">Philippe Galliot <\/span><\/span><\/a><\/p>\n<p><span style=\"font-family: Liberation Serif, serif;\"><span style=\"font-size: large;\">L\u2019artisan vigneron propose une <\/span><\/span><span style=\"font-family: Liberation Serif, serif;\"><span style=\"font-size: large;\">large <\/span><\/span><span style=\"font-family: Liberation Serif, serif;\"><span style=\"font-size: large;\">gamme de vins, ros\u00e9, demi-sec moelleux, <\/span><\/span><span style=\"font-size: large;\">p\u00e9tillants, effervescents <\/span><span style=\"font-size: large;\">\u00e0 la <\/span><span style=\"font-size: large;\">m\u00e9thode champenoise. <\/span><\/p>\n","protected":false},"excerpt":{"rendered":"<p>La boutique du Moulin \u00e0 M\u00e9zi\u00e8res-en-Brenne propose de nombreuses r\u00e9alisations artisanales. Une douzaine de cr\u00e9ateurs de la r\u00e9gion exposent et vendent des objets souvent d\u00e9coratifs, parfois utiles \u00e0 la vie quotidienne, et consommables pour certains. De quoi donner des id\u00e9es de cadeaux \u00e0 l&rsquo;approche des f\u00eates de fin d&rsquo;ann\u00e9e. Sculpture de fer Ariel Esteve Les&hellip;&nbsp;<a href=\"https:\/\/www.brenne-au-coeur.com\/index.php\/2022\/12\/01\/creations-artisanales-a-la-boutique-du-moulin\/communes\/mezieres-en-brenne\/3513\/\" rel=\"bookmark\">Lire la suite&nbsp;&raquo;<span class=\"screen-reader-text\">Cr\u00e9ations artisanales \u00e0 la boutique du moulin<\/span><\/a><\/p>\n","protected":false},"author":1,"featured_media":3520,"comment_status":"open","ping_status":"open","sticky":false,"template":"","format":"standard","meta":{"rop_custom_images_group":[],"rop_custom_messages_group":[],"rop_publish_now":"initial","rop_publish_now_accounts":[],"rop_publish_now_history":[],"rop_publish_now_status":"pending","_monsterinsights_skip_tracking":false,"_monsterinsights_sitenote_active":false,"_monsterinsights_sitenote_note":"","_monsterinsights_sitenote_category":0,"neve_meta_sidebar":"","neve_meta_container":"","neve_meta_enable_content_width":"off","neve_meta_content_width":70,"neve_meta_title_alignment":"","neve_meta_author_avatar":"","neve_post_elements_order":"","neve_meta_disable_header":"","neve_meta_disable_footer":"","neve_meta_disable_title":"","_jetpack_memberships_contains_paid_content":false,"footnotes":"","jetpack_publicize_message":"","jetpack_publicize_feature_enabled":true,"jetpack_social_post_already_shared":true,"jetpack_social_options":{"image_generator_settings":{"template":"highway","default_image_id":0,"font":"","enabled":false},"version":2}},"categories":[12,54],"tags":[50],"class_list":["post-3513","post","type-post","status-publish","format-standard","has-post-thumbnail","hentry","category-mezieres-en-brenne","category-moulin","tag-artisanat"],"aioseo_notices":[],"jetpack_publicize_connections":[],"jetpack_featured_media_url":"https:\/\/www.brenne-au-coeur.com\/wp-content\/uploads\/2022\/12\/boutique-moulin-7.resized-rotated.jpg","jetpack-related-posts":[],"jetpack_sharing_enabled":true,"_links":{"self":[{"href":"https:\/\/www.brenne-au-coeur.com\/index.php\/wp-json\/wp\/v2\/posts\/3513","targetHints":{"allow":["GET"]}}],"collection":[{"href":"https:\/\/www.brenne-au-coeur.com\/index.php\/wp-json\/wp\/v2\/posts"}],"about":[{"href":"https:\/\/www.brenne-au-coeur.com\/index.php\/wp-json\/wp\/v2\/types\/post"}],"author":[{"embeddable":true,"href":"https:\/\/www.brenne-au-coeur.com\/index.php\/wp-json\/wp\/v2\/users\/1"}],"replies":[{"embeddable":true,"href":"https:\/\/www.brenne-au-coeur.com\/index.php\/wp-json\/wp\/v2\/comments?post=3513"}],"version-history":[{"count":14,"href":"https:\/\/www.brenne-au-coeur.com\/index.php\/wp-json\/wp\/v2\/posts\/3513\/revisions"}],"predecessor-version":[{"id":3547,"href":"https:\/\/www.brenne-au-coeur.com\/index.php\/wp-json\/wp\/v2\/posts\/3513\/revisions\/3547"}],"wp:featuredmedia":[{"embeddable":true,"href":"https:\/\/www.brenne-au-coeur.com\/index.php\/wp-json\/wp\/v2\/media\/3520"}],"wp:attachment":[{"href":"https:\/\/www.brenne-au-coeur.com\/index.php\/wp-json\/wp\/v2\/media?parent=3513"}],"wp:term":[{"taxonomy":"category","embeddable":true,"href":"https:\/\/www.brenne-au-coeur.com\/index.php\/wp-json\/wp\/v2\/categories?post=3513"},{"taxonomy":"post_tag","embeddable":true,"href":"https:\/\/www.brenne-au-coeur.com\/index.php\/wp-json\/wp\/v2\/tags?post=3513"}],"curies":[{"name":"wp","href":"https:\/\/api.w.org\/{rel}","templated":true}]}}