{"id":3408,"date":"2022-11-23T11:52:55","date_gmt":"2022-11-23T10:52:55","guid":{"rendered":"https:\/\/www.brenne-au-coeur.com\/?p=3408"},"modified":"2022-11-24T19:21:22","modified_gmt":"2022-11-24T18:21:22","slug":"animations-en-mediatheques","status":"publish","type":"post","link":"https:\/\/www.brenne-au-coeur.com\/index.php\/2022\/11\/23\/animations-en-mediatheques\/communes\/azay-le-ferron-communes\/3408\/","title":{"rendered":"Animations en M\u00e9diath\u00e8ques"},"content":{"rendered":"<p>Au cours des semaines \u00e0 venir, qui nous m\u00e8neront au seuil de 2023, les m\u00e9diath\u00e8ques d\u2019Azay-le-Ferron, de Martizay et de M\u00e9zi\u00e8res-en-Brenne proposent de nombreuses animations. De quoi satisfaire grands et petits. Voici quelques rendez-vous, parmi le programme de novembre et d\u00e9cembre.<\/p>\n<p><a href=\"https:\/\/www.brenne-au-coeur.com\/index.php\/azay-le-ferron\/\"><strong>Azay-le-Ferron<\/strong><\/a><\/p>\n<p>~ Cr\u00e9ations d\u2019<a href=\"https:\/\/www.facebook.com\/annie.houlet\/\">Annie Houlet<\/a><\/p>\n<figure id=\"attachment_3413\" aria-describedby=\"caption-attachment-3413\" style=\"width: 364px\" class=\"wp-caption alignleft\"><a href=\"https:\/\/www.brenne-au-coeur.com\/wp-content\/uploads\/2022\/11\/peinture-houlet.resized.jpg\" rel=\"lightbox[3408]\"><img loading=\"lazy\" decoding=\"async\" class=\"wp-image-3413\" src=\"https:\/\/www.brenne-au-coeur.com\/wp-content\/uploads\/2022\/11\/peinture-houlet.resized-300x225.jpg\" alt=\"Une exposition de peintures \u00e0 la m\u00e9diath\u00e8que d'Azay-le-Ferron. En illustration, une toile de style impressionniste repr\u00e9sente une maisonnette en pierre, dont seuls les murs subsistent, sous un ciel bleu d'\u00e9t\u00e9. Il y a, au premier plan, un champ de tournesols.\" width=\"364\" height=\"273\" srcset=\"https:\/\/www.brenne-au-coeur.com\/wp-content\/uploads\/2022\/11\/peinture-houlet.resized-300x225.jpg 300w, https:\/\/www.brenne-au-coeur.com\/wp-content\/uploads\/2022\/11\/peinture-houlet.resized.jpg 400w\" sizes=\"auto, (max-width: 364px) 100vw, 364px\" \/><\/a><figcaption id=\"caption-attachment-3413\" class=\"wp-caption-text\">Annie Houlet<\/figcaption><\/figure>\n<p>Une exposition de peintures et de miniatures r\u00e9alis\u00e9s par Annie Houlet est visible jusqu\u2019au 30 novembre. Les tableaux pr\u00e9sentent notamment des vues de la nature, des paysages de campagne ou de la mer.<\/p>\n<p>&nbsp;<\/p>\n<p>&nbsp;<\/p>\n<p>&nbsp;<\/p>\n<p>&nbsp;<\/p>\n<p>~ Vinyles 2.0<\/p>\n<p>Pour \u00e9couter de la musique, si vous souhaitez retrouver, ou d\u00e9couvrir les anciens gestes li\u00e9s aux moyens techniques d\u2019une \u00e9poque, pourtant pas si lointaine, arr\u00eatez-vous \u00e0 la <a href=\"https:\/\/www.facebook.com\/people\/M%C3%A9diath%C3%A8que-dAzay-le-Ferron\/100064589056359\/\">m\u00e9diath\u00e8que d\u2019Azay<\/a>, \u00e0 partir du 30 novembre. Une platine disque et quelques microsillons vous y attendent. Les c\u00e9l\u00e8bres \u00ab\u00a0Exodus\u00a0\u00bb de Bob Marley, \u00ab\u00a0Dark side of the moon\u00a0\u00bb des Pink Floyd et d\u2019autres disques plus r\u00e9cents.<br \/>\nUne exposition, compos\u00e9e de panneaux, couvre l\u2019histoire de ces galettes&nbsp;: mode de fabrication, \u00e9conomie et art graphique y sont abord\u00e9s. Du 78 tours au vinyle souple en passant par le picture disc.<\/p>\n<p>~ La boucle de Santiago<\/p>\n<figure id=\"attachment_3414\" aria-describedby=\"caption-attachment-3414\" style=\"width: 188px\" class=\"wp-caption alignleft\"><a href=\"https:\/\/www.brenne-au-coeur.com\/wp-content\/uploads\/2022\/11\/deleive.jpg\" rel=\"lightbox[3408]\"><img loading=\"lazy\" decoding=\"async\" class=\"wp-image-3414 \" src=\"https:\/\/www.brenne-au-coeur.com\/wp-content\/uploads\/2022\/11\/deleive.jpg\" alt=\"Jacques Deleive, auteur de ce roman dont la premi\u00e8re de couverture illustre ce paragraphe, pr\u00e9sentera son livre \u00e0 la m\u00e9diath\u00e8que d'Azay-le-Ferron. Cette premi\u00e8re de couverture repr\u00e9sente deux personnages, \u00e0 cheval, \u00e9loign\u00e9s de l'observateur. La sc\u00e8ne se passe au Chili dont on aper\u00e7oit quelques massifs montagneux en arri\u00e8re-plan.\" width=\"188\" height=\"283\" \/><\/a><figcaption id=\"caption-attachment-3414\" class=\"wp-caption-text\">La boucle de Santiago (Jacques Deleive)<\/figcaption><\/figure>\n<p>En s&#8217;embarquant pour un Chili myst\u00e9rieux, Ronan Mitral allait forcer son destin. Ce scientifique fran\u00e7ais \u00e0 la retraite, avec la qu\u00eate de l&rsquo;inconnu comme principe de vie, courut de d\u00e9couvertes en \u00e9merveillements parmi les vignobles des contreforts des Andes. Il y rencontra Athalia dont la beaut\u00e9 et la gentillesse l&rsquo;irradi\u00e8rent, avant de l&rsquo;entra\u00eener dans un d\u00e9lire imaginaire&#8230;<br \/>\n<a href=\"https:\/\/www.babelio.com\/livres\/Deleive-La-boucle-de-Santiago\/1285010\">Jacques Deleive<\/a>, auteur de ce roman, pr\u00e9sentera son livre, avec lecture d\u2019extraits et d\u00e9dicaces vendredi 25 novembre de 15h \u00e0 17h.<\/p>\n<figure id=\"attachment_3411\" aria-describedby=\"caption-attachment-3411\" style=\"width: 212px\" class=\"wp-caption alignright\"><a href=\"https:\/\/www.brenne-au-coeur.com\/wp-content\/uploads\/2022\/11\/Bricolage-pour-les-enfants-1.resized.jpg\" rel=\"lightbox[3408]\"><img loading=\"lazy\" decoding=\"async\" class=\"wp-image-3411 size-medium\" src=\"https:\/\/www.brenne-au-coeur.com\/wp-content\/uploads\/2022\/11\/Bricolage-pour-les-enfants-1.resized-212x300.jpg\" alt=\"Affiche de style enfantin de l'atelier de bricolage \u00e0 Martizay\" width=\"212\" height=\"300\" srcset=\"https:\/\/www.brenne-au-coeur.com\/wp-content\/uploads\/2022\/11\/Bricolage-pour-les-enfants-1.resized-212x300.jpg 212w, https:\/\/www.brenne-au-coeur.com\/wp-content\/uploads\/2022\/11\/Bricolage-pour-les-enfants-1.resized-724x1024.jpg 724w, https:\/\/www.brenne-au-coeur.com\/wp-content\/uploads\/2022\/11\/Bricolage-pour-les-enfants-1.resized-768x1086.jpg 768w, https:\/\/www.brenne-au-coeur.com\/wp-content\/uploads\/2022\/11\/Bricolage-pour-les-enfants-1.resized.jpg 794w\" sizes=\"auto, (max-width: 212px) 100vw, 212px\" \/><\/a><figcaption id=\"caption-attachment-3411\" class=\"wp-caption-text\">Mercredi 7 d\u00e9cembre 2022, de 15:00 \u00e0 16:30<\/figcaption><\/figure>\n<p>&nbsp;<\/p>\n<p>&nbsp;<\/p>\n<p>&nbsp;<\/p>\n<p><a href=\"https:\/\/martizay.fr\/index.php\/la-mediatheque\/\"><strong>Martizay<\/strong><\/a><\/p>\n<p>~ Atelier cr\u00e9atif<\/p>\n<p>No\u00ebl, c\u2019est encore loin. Mais rien n\u2019emp\u00eache de s\u2019y pr\u00e9parer d\u00e8s maintenant. Alors pour assurer une d\u00e9coration personnalis\u00e9e et laisser aller son inspiration, le 7 d\u00e9cembre de 15h30 \u00e0 17h un atelier cr\u00e9atif sera mis \u00e0 la disposition des tous, d\u00e8s 5 ans.<\/p>\n<p>~ Histoire du soir<\/p>\n<figure id=\"attachment_3410\" aria-describedby=\"caption-attachment-3410\" style=\"width: 212px\" class=\"wp-caption alignleft\"><a href=\"https:\/\/www.brenne-au-coeur.com\/wp-content\/uploads\/2022\/11\/Soiree-Doudou-Pyjama-2.resized.jpg\" rel=\"lightbox[3408]\"><img loading=\"lazy\" decoding=\"async\" class=\"wp-image-3410 size-medium\" src=\"https:\/\/www.brenne-au-coeur.com\/wp-content\/uploads\/2022\/11\/Soiree-Doudou-Pyjama-2.resized-212x300.jpg\" alt=\"Illustration na\u00efve de l'\u00e9v\u00e8nement. Un enfant habill\u00e9 en p\u00e8re No\u00ebl lit, assis sur des livres.\" width=\"212\" height=\"300\" \/><\/a><figcaption id=\"caption-attachment-3410\" class=\"wp-caption-text\">Vendredi 9 d\u00e9cembre, \u00e0 19:30<\/figcaption><\/figure>\n<p>&nbsp;<\/p>\n<p>&nbsp;<\/p>\n<p>Sylvie de l\u2019association \u00ab\u00a0<a href=\"https:\/\/www.lireetfairelire.org\/\">lire et faire lire<\/a>\u00a0\u00bb racontera des histoires le 9 d\u00e9cembre \u00e0 19h30. Une \u00ab\u00a0Soir\u00e9e Doudou pyjama\u00a0\u00bb pour les petits de 3 ans \u00e0 10 ans.<\/p>\n<p>&nbsp;<\/p>\n<p>&nbsp;<\/p>\n<p>&nbsp;<\/p>\n<figure id=\"attachment_3415\" aria-describedby=\"caption-attachment-3415\" style=\"width: 210px\" class=\"wp-caption alignright\"><a href=\"https:\/\/www.brenne-au-coeur.com\/wp-content\/uploads\/2022\/11\/les-chats-2.jpg\" rel=\"lightbox[3408]\"><img loading=\"lazy\" decoding=\"async\" class=\"wp-image-3415 size-medium\" src=\"https:\/\/www.brenne-au-coeur.com\/wp-content\/uploads\/2022\/11\/les-chats-2-210x300.jpg\" alt=\"Photographie d'un chat aux yeux exorbit\u00e9s, fixe la fen\u00eatre hors-champs\" width=\"210\" height=\"300\" srcset=\"https:\/\/www.brenne-au-coeur.com\/wp-content\/uploads\/2022\/11\/les-chats-2-210x300.jpg 210w, https:\/\/www.brenne-au-coeur.com\/wp-content\/uploads\/2022\/11\/les-chats-2.jpg 643w\" sizes=\"auto, (max-width: 210px) 100vw, 210px\" \/><\/a><figcaption id=\"caption-attachment-3415\" class=\"wp-caption-text\">Chat aux aguets&nbsp;!<\/figcaption><\/figure>\n<p><a href=\"https:\/\/www.facebook.com\/profile.php?id=100068914146773\"><strong>M\u00e9zi\u00e8res-en-Brenne<\/strong><\/a><\/p>\n<p>~ Les chats en photo<\/p>\n<p>On connaissait les belles photos des animaux sauvages r\u00e9alis\u00e9es par <a href=\"https:\/\/www.facebook.com\/daniel.orts\/\">Daniel Orts<\/a>, expos\u00e9es il y a quelques mois \u00e0 la m\u00e9diath\u00e8que d\u2019Azay-le-Ferron. Du 1e d\u00e9cembre au 2 janvier prochain, le photographe nous pr\u00e9sentera une exposition consacr\u00e9e aux chats.<\/p>\n<p>~ Jouons en soci\u00e9t\u00e9<\/p>\n<figure id=\"attachment_3417\" aria-describedby=\"caption-attachment-3417\" style=\"width: 225px\" class=\"wp-caption alignleft\"><a href=\"https:\/\/www.brenne-au-coeur.com\/wp-content\/uploads\/2022\/11\/soiree-jeu-de-societe-2.resized-rotated.jpg\" rel=\"lightbox[3408]\"><img loading=\"lazy\" decoding=\"async\" class=\"wp-image-3417 size-medium\" src=\"https:\/\/www.brenne-au-coeur.com\/wp-content\/uploads\/2022\/11\/soiree-jeu-de-societe-2.resized-225x300.jpg\" alt=\"Photographie d'une table de jeux de soci\u00e9t\u00e9 au cadrage serr\u00e9, dont seuls les bras des joueurs apparaissent.\" width=\"225\" height=\"300\" srcset=\"https:\/\/www.brenne-au-coeur.com\/wp-content\/uploads\/2022\/11\/soiree-jeu-de-societe-2.resized-225x300.jpg 225w, https:\/\/www.brenne-au-coeur.com\/wp-content\/uploads\/2022\/11\/soiree-jeu-de-societe-2.resized-rotated.jpg 310w\" sizes=\"auto, (max-width: 225px) 100vw, 225px\" \/><\/a><figcaption id=\"caption-attachment-3417\" class=\"wp-caption-text\">Joueurs attabl\u00e9s<\/figcaption><\/figure>\n<p>&nbsp;<\/p>\n<p>Un apr\u00e8s-midi jeux de soci\u00e9t\u00e9, pour les petits et les grands est organis\u00e9e \u00e0 la m\u00e9diath\u00e8que le samedi 17 d\u00e9cembre de 14h \u00e0 17h30.<\/p>\n<p>&nbsp;<\/p>\n<p>&nbsp;<\/p>\n<p>&nbsp;<\/p>\n<p>&nbsp;<\/p>\n<p><strong>Pour la plupart des ces animations, il est recommand\u00e9 de s\u2019inscrire.<\/strong><\/p>\n<ul>\n<li>Azay\u00a0: <strong>02 54 39 40 97 &#8211; <\/strong>bibliotheque-azayleferron@orange.fr<\/li>\n<li>Martizay&nbsp;: <strong>02 54 37 87 86<\/strong> &#8211; mediatheque@martizay.fr<\/li>\n<li>M\u00e9zi\u00e8res&nbsp;: <strong>02 54 38 12 67<\/strong> &#8211; bibliotheque@mezieres-en-brenne.fr<\/li>\n<\/ul>\n","protected":false},"excerpt":{"rendered":"<p>Au cours des semaines \u00e0 venir, qui nous m\u00e8neront au seuil de 2023, les m\u00e9diath\u00e8ques d\u2019Azay-le-Ferron, de Martizay et de M\u00e9zi\u00e8res-en-Brenne proposent de nombreuses animations. De quoi satisfaire grands et petits. Voici quelques rendez-vous, parmi le programme de novembre et d\u00e9cembre. Azay-le-Ferron ~ Cr\u00e9ations d\u2019Annie Houlet Une exposition de peintures et de miniatures r\u00e9alis\u00e9s par&hellip;&nbsp;<a href=\"https:\/\/www.brenne-au-coeur.com\/index.php\/2022\/11\/23\/animations-en-mediatheques\/communes\/azay-le-ferron-communes\/3408\/\" rel=\"bookmark\">Lire la suite&nbsp;&raquo;<span class=\"screen-reader-text\">Animations en M\u00e9diath\u00e8ques<\/span><\/a><\/p>\n","protected":false},"author":1,"featured_media":3410,"comment_status":"open","ping_status":"open","sticky":false,"template":"","format":"standard","meta":{"rop_custom_images_group":[],"rop_custom_messages_group":[],"rop_publish_now":"initial","rop_publish_now_accounts":[],"rop_publish_now_history":[],"rop_publish_now_status":"pending","_monsterinsights_skip_tracking":false,"_monsterinsights_sitenote_active":false,"_monsterinsights_sitenote_note":"","_monsterinsights_sitenote_category":0,"neve_meta_sidebar":"","neve_meta_container":"","neve_meta_enable_content_width":"off","neve_meta_content_width":70,"neve_meta_title_alignment":"","neve_meta_author_avatar":"","neve_post_elements_order":"","neve_meta_disable_header":"","neve_meta_disable_footer":"","neve_meta_disable_title":"","_jetpack_memberships_contains_paid_content":false,"footnotes":"","jetpack_publicize_message":"","jetpack_publicize_feature_enabled":true,"jetpack_social_post_already_shared":true,"jetpack_social_options":{"image_generator_settings":{"template":"highway","default_image_id":0,"font":"","enabled":false},"version":2}},"categories":[10,11,59,12],"tags":[71,79,52,36,55,39,46],"class_list":["post-3408","post","type-post","status-publish","format-standard","has-post-thumbnail","hentry","category-azay-le-ferron-communes","category-martizay","category-mediatheque","category-mezieres-en-brenne","tag-animation","tag-contes","tag-exposition","tag-jeunesse","tag-jeux","tag-litterature","tag-peinture"],"aioseo_notices":[],"jetpack_publicize_connections":[],"jetpack_featured_media_url":"https:\/\/www.brenne-au-coeur.com\/wp-content\/uploads\/2022\/11\/Soiree-Doudou-Pyjama-2.resized-e1669313780976.jpg","jetpack-related-posts":[],"jetpack_sharing_enabled":true,"_links":{"self":[{"href":"https:\/\/www.brenne-au-coeur.com\/index.php\/wp-json\/wp\/v2\/posts\/3408","targetHints":{"allow":["GET"]}}],"collection":[{"href":"https:\/\/www.brenne-au-coeur.com\/index.php\/wp-json\/wp\/v2\/posts"}],"about":[{"href":"https:\/\/www.brenne-au-coeur.com\/index.php\/wp-json\/wp\/v2\/types\/post"}],"author":[{"embeddable":true,"href":"https:\/\/www.brenne-au-coeur.com\/index.php\/wp-json\/wp\/v2\/users\/1"}],"replies":[{"embeddable":true,"href":"https:\/\/www.brenne-au-coeur.com\/index.php\/wp-json\/wp\/v2\/comments?post=3408"}],"version-history":[{"count":48,"href":"https:\/\/www.brenne-au-coeur.com\/index.php\/wp-json\/wp\/v2\/posts\/3408\/revisions"}],"predecessor-version":[{"id":3440,"href":"https:\/\/www.brenne-au-coeur.com\/index.php\/wp-json\/wp\/v2\/posts\/3408\/revisions\/3440"}],"wp:featuredmedia":[{"embeddable":true,"href":"https:\/\/www.brenne-au-coeur.com\/index.php\/wp-json\/wp\/v2\/media\/3410"}],"wp:attachment":[{"href":"https:\/\/www.brenne-au-coeur.com\/index.php\/wp-json\/wp\/v2\/media?parent=3408"}],"wp:term":[{"taxonomy":"category","embeddable":true,"href":"https:\/\/www.brenne-au-coeur.com\/index.php\/wp-json\/wp\/v2\/categories?post=3408"},{"taxonomy":"post_tag","embeddable":true,"href":"https:\/\/www.brenne-au-coeur.com\/index.php\/wp-json\/wp\/v2\/tags?post=3408"}],"curies":[{"name":"wp","href":"https:\/\/api.w.org\/{rel}","templated":true}]}}